{"id":31807,"date":"2026-01-26T07:02:59","date_gmt":"2026-01-26T07:02:59","guid":{"rendered":"https:\/\/www.euegeajans.com\/?p=31807"},"modified":"2026-01-26T07:03:01","modified_gmt":"2026-01-26T07:03:01","slug":"izmir-korfezinin-hem-deprem-gecmisi-hem-de-olasi-depremlerin-riskleri-analiz-edilecek","status":"publish","type":"post","link":"https:\/\/www.euegeajans.com\/index.php\/2026\/01\/26\/izmir-korfezinin-hem-deprem-gecmisi-hem-de-olasi-depremlerin-riskleri-analiz-edilecek\/","title":{"rendered":"\u0130zmir K\u00f6rfezi\u2019nin hem deprem ge\u00e7mi\u015fi hem de olas\u0131 depremlerin riskleri analiz edilecek"},"content":{"rendered":"<p style=\"font-weight: 400; text-align: justify;\"><strong>\u00a0Egeli bilim insanlar\u0131n\u0131n Ar-Ge projeleri T\u00dcB\u0130TAK\u2019tan destek almaya devam ediyor<\/strong><\/p>\n<p style=\"font-weight: 400; text-align: justify;\">Ege \u00dcniversitesi \u0130n\u015faat M\u00fchendisli\u011fi B\u00f6l\u00fcm\u00fc \u00d6\u011fretim \u00dcyesi Prof. Dr. Selim Altun\u2019nun y\u00fcr\u00fct\u00fcc\u00fcl\u00fc\u011f\u00fcn\u00fc yapt\u0131\u011f\u0131, \u201c\u0130zmir K\u00f6rfezi K\u0131y\u0131lar\u0131nda Paleos\u0131v\u0131la\u015fma \u0130zlerinin \u00c7ok Disiplinli Karakterizasyonu\u201d adl\u0131 proje T\u00dcB\u0130TAK-ARDEB 1001 Bilimsel ve Teknolojik Ara\u015ft\u0131rma Projeleri Destekleme Program\u0131 kapsam\u0131nda desteklenmeye hak kazand\u0131. Proje, \u0130zmir K\u00f6rfezi k\u0131y\u0131lar\u0131nda ge\u00e7mi\u015fte meydana gelen depremlerin zemin \u00fczerindeki etkilerini modern teknolojilerle analiz ederek, gelecekteki olas\u0131 risklere dair kritik veriler sunmay\u0131 hedefliyor.<\/p>\n<p style=\"font-weight: 400; text-align: justify;\">\u00a0Ege \u00dcniversitesi Rekt\u00f6r\u00fc Prof. Dr. Musa Alc\u0131, yapay zek\u00e2dan ileri geoteknik y\u00f6ntemlere kadar bir\u00e7ok modern teknolojiyi bulu\u015fturan bu \u00f6nc\u00fc projeleriyle T\u00dcB\u0130TAK deste\u011fi almaya hak kazanan Prof. Dr. Selim Altun ve disiplinleraras\u0131 ekibini tebrik ederek, \u00e7al\u0131\u015fmalar\u0131nda ba\u015far\u0131lar diledi.<\/p>\n<p style=\"font-weight: 400; text-align: justify;\"><strong>\u201cTarihsel deprem kataloglar\u0131ndaki eksikler tamamlanacak\u201d<\/strong><\/p>\n<p style=\"font-weight: 400; text-align: justify;\">Proje hakk\u0131nda bilgi veren Prof. Dr. Selim Altun, \u201cS\u0131v\u0131la\u015fma gibi ciddi zemin problemlerine yol a\u00e7abilecek deprem parametrelerinin ve bunlar\u0131n tekrarlanma periyotlar\u0131n\u0131n belirlenmesinde, mevcut tarihsel ve aletsel d\u00f6nem kataloglar\u0131 kimi zaman yetersiz kalabiliyor. Bu noktada devreye giren proje, \u2018paleo-s\u0131v\u0131la\u015fma\u2019 olarak adland\u0131r\u0131lan ge\u00e7mi\u015f d\u00f6nem deprem izlerini inceleyerek bu eksikli\u011fi gidermeyi ama\u00e7l\u0131yor. T\u00fcrkiye\u2019de ilk kez farkl\u0131 disiplinlerin b\u00fct\u00fcnc\u00fcl bir bak\u0131\u015f a\u00e7\u0131s\u0131yla paleo-s\u0131v\u0131la\u015fma \u00fczerine bir arada \u00e7al\u0131\u015faca\u011f\u0131 bu projede; Holosen ve Ge\u00e7 Pleyistosen d\u00f6nemlerine ait izler saha ve ya\u015fland\u0131rma \u00e7al\u0131\u015fmalar\u0131yla analiz edilecek\u201d diye konu\u015ftu<\/p>\n<p style=\"font-weight: 400; text-align: justify;\"><strong>\u201c\u00d6rselenmeyi en aza indiren y\u00f6ntemler kullan\u0131lacak\u201d<\/strong><\/p>\n<p style=\"font-weight: 400; text-align: justify;\">Prof. Dr. Selim Altun, \u201c\u0130zmir K\u00f6rfezi k\u0131y\u0131 \u015feridinde ger\u00e7ekle\u015ftirilecek \u00e7al\u0131\u015fmalarda olduk\u00e7a geni\u015f bir teknolojik imkan yelpazesi kullan\u0131lacak. Literat\u00fcrde deprem kaynakl\u0131 s\u0131v\u0131la\u015fmalar\u0131n ya\u015fand\u0131\u011f\u0131 bilinen sahalarda; drone g\u00f6r\u00fcnt\u00fclerinin yapay zeka ile entegrasyonundan elde edilen haritalar, sismik y\u00f6ntemler ve sondaj verileri birle\u015ftirilecek. Ara\u015ft\u0131rma kapsam\u0131nda a\u00e7\u0131lacak \u00e7ukurlardan al\u0131nacak numuneler, C14 ve optik l\u00fcminesas (OSL) y\u00f6ntemleriyle ya\u015fland\u0131r\u0131larak ge\u00e7mi\u015fteki b\u00fcy\u00fck sars\u0131nt\u0131lar\u0131n zaman \u00e7izelgesi \u00e7\u0131kar\u0131lacak. Proje kapsam\u0131nda zemin \u00f6rneklemesinde hassas y\u00f6ntemlere ba\u015fvurulacak. Piezokoni penetrasyon deneyi (CPTu) ile s\u0131v\u0131la\u015fma derinlikleri belirlenirken, numune al\u0131m\u0131nda ise \u00f6rselenmeyi en aza indirgeyen \u2018GEL-PUSH\u2019 ve \u2018Shelby t\u00fcp(UD)\u2019 y\u00f6ntemleri kullan\u0131lacak. Elde edilen numuneler \u00fczerinde yap\u0131lacak dinamik \u00fc\u00e7 eksenli deneyler ve geriye d\u00f6n\u00fck analizler sayesinde, b\u00f6lgeyi ge\u00e7mi\u015fte etkileyen paleo-depremlerin b\u00fcy\u00fckl\u00fckleri ve pik yer ivmeleri tahmin edilebilecek\u201d diye konu\u015ftu.<\/p>\n<p style=\"font-weight: 400; text-align: justify;\">Y\u00fcr\u00fct\u00fcc\u00fcl\u00fc\u011f\u00fcn\u00fc Prof. Dr. Selim Altun\u2019un yapt\u0131\u011f\u0131 projede; Ya\u015far \u00dcniversitesi \u0130n\u015faat M\u00fchendisli\u011fi B\u00f6l\u00fcm\u00fcnden Dr. \u00d6\u011fr. G\u00f6r. \u015e. \u00c7a\u011flar Tuna, Dokuz Eyl\u00fcl \u00dcniversitesi Jeofizik M\u00fchendisli\u011fi B\u00f6l\u00fcm\u00fcnden \u00d6\u011fr. G\u00f6r. Z\u00fclfikar Erhan ve \u00d6zkan C. \u00d6zda\u011f ara\u015ft\u0131rmac\u0131 olarak g\u00f6rev al\u0131rken; Dokuz Eyl\u00fcl \u00dcniversitesi Jeoloji M\u00fchendisli\u011fi B\u00f6l\u00fcm\u00fcnden Prof. Dr. Hasan S\u00f6zbilir ve Do\u00e7. Dr. Mustafa Softa ise dan\u0131\u015fman olarak katk\u0131 sa\u011fl\u0131yor.<\/p>\n","protected":false},"excerpt":{"rendered":"<p>\u00a0Egeli bilim insanlar\u0131n\u0131n Ar-Ge projeleri T\u00dcB\u0130TAK\u2019tan destek almaya devam ediyor Ege \u00dcniversitesi \u0130n\u015faat M\u00fchendisli\u011fi B\u00f6l\u00fcm\u00fc&#8230;<\/p>\n","protected":false},"author":2,"featured_media":31808,"comment_status":"open","ping_status":"open","sticky":false,"template":"","format":"standard","meta":{"footnotes":""},"categories":[69,99,1,70],"tags":[],"class_list":["post-31807","post","type-post","status-publish","format-standard","has-post-thumbnail","hentry","category-bilim","category-egitim","category-gncl","category-kampus"],"featured_image_urls":{"full":["https:\/\/www.euegeajans.com\/wp-content\/uploads\/2026\/01\/Prof.-Dr.-Selim-Altun.jpeg",1457,1600,false],"thumbnail":["https:\/\/www.euegeajans.com\/wp-content\/uploads\/2026\/01\/Prof.-Dr.-Selim-Altun.jpeg",137,150,false],"medium":["https:\/\/www.euegeajans.com\/wp-content\/uploads\/2026\/01\/Prof.-Dr.-Selim-Altun.jpeg",273,300,false],"medium_large":["https:\/\/www.euegeajans.com\/wp-content\/uploads\/2026\/01\/Prof.-Dr.-Selim-Altun.jpeg",640,703,false],"large":["https:\/\/www.euegeajans.com\/wp-content\/uploads\/2026\/01\/Prof.-Dr.-Selim-Altun.jpeg",640,703,false],"1536x1536":["https:\/\/www.euegeajans.com\/wp-content\/uploads\/2026\/01\/Prof.-Dr.-Selim-Altun.jpeg",1399,1536,false],"2048x2048":["https:\/\/www.euegeajans.com\/wp-content\/uploads\/2026\/01\/Prof.-Dr.-Selim-Altun.jpeg",1457,1600,false],"newsphere-slider-full":["https:\/\/www.euegeajans.com\/wp-content\/uploads\/2026\/01\/Prof.-Dr.-Selim-Altun.jpeg",656,720,false],"newsphere-featured":["https:\/\/www.euegeajans.com\/wp-content\/uploads\/2026\/01\/Prof.-Dr.-Selim-Altun.jpeg",1024,1125,false],"newsphere-medium":["https:\/\/www.euegeajans.com\/wp-content\/uploads\/2026\/01\/Prof.-Dr.-Selim-Altun.jpeg",346,380,false]},"author_info":{"display_name":"Editor","author_link":"https:\/\/www.euegeajans.com\/index.php\/author\/editor\/"},"category_info":"<a href=\"https:\/\/www.euegeajans.com\/index.php\/category\/bilim\/\" rel=\"category tag\">Bilim<\/a> <a href=\"https:\/\/www.euegeajans.com\/index.php\/category\/egitim\/\" rel=\"category tag\">E\u011fitim<\/a> <a href=\"https:\/\/www.euegeajans.com\/index.php\/category\/gncl\/\" rel=\"category tag\">G\u00fcncel<\/a> <a href=\"https:\/\/www.euegeajans.com\/index.php\/category\/kampus\/\" rel=\"category tag\">Kamp\u00fcs<\/a>","tag_info":"Kamp\u00fcs","comment_count":"0","_links":{"self":[{"href":"https:\/\/www.euegeajans.com\/index.php\/wp-json\/wp\/v2\/posts\/31807","targetHints":{"allow":["GET"]}}],"collection":[{"href":"https:\/\/www.euegeajans.com\/index.php\/wp-json\/wp\/v2\/posts"}],"about":[{"href":"https:\/\/www.euegeajans.com\/index.php\/wp-json\/wp\/v2\/types\/post"}],"author":[{"embeddable":true,"href":"https:\/\/www.euegeajans.com\/index.php\/wp-json\/wp\/v2\/users\/2"}],"replies":[{"embeddable":true,"href":"https:\/\/www.euegeajans.com\/index.php\/wp-json\/wp\/v2\/comments?post=31807"}],"version-history":[{"count":1,"href":"https:\/\/www.euegeajans.com\/index.php\/wp-json\/wp\/v2\/posts\/31807\/revisions"}],"predecessor-version":[{"id":31809,"href":"https:\/\/www.euegeajans.com\/index.php\/wp-json\/wp\/v2\/posts\/31807\/revisions\/31809"}],"wp:featuredmedia":[{"embeddable":true,"href":"https:\/\/www.euegeajans.com\/index.php\/wp-json\/wp\/v2\/media\/31808"}],"wp:attachment":[{"href":"https:\/\/www.euegeajans.com\/index.php\/wp-json\/wp\/v2\/media?parent=31807"}],"wp:term":[{"taxonomy":"category","embeddable":true,"href":"https:\/\/www.euegeajans.com\/index.php\/wp-json\/wp\/v2\/categories?post=31807"},{"taxonomy":"post_tag","embeddable":true,"href":"https:\/\/www.euegeajans.com\/index.php\/wp-json\/wp\/v2\/tags?post=31807"}],"curies":[{"name":"wp","href":"https:\/\/api.w.org\/{rel}","templated":true}]}}