{"id":31799,"date":"2026-01-23T06:49:28","date_gmt":"2026-01-23T06:49:28","guid":{"rendered":"https:\/\/www.euegeajans.com\/?p=31799"},"modified":"2026-01-23T06:49:29","modified_gmt":"2026-01-23T06:49:29","slug":"euden-zeytin-sinegiyle-mucadeleye-yonelik-tubitak-projesi","status":"publish","type":"post","link":"https:\/\/www.euegeajans.com\/index.php\/2026\/01\/23\/euden-zeytin-sinegiyle-mucadeleye-yonelik-tubitak-projesi\/","title":{"rendered":"E\u00dc\u2019den zeytin sine\u011fiyle m\u00fccadeleye y\u00f6nelik T\u00dcB\u0130TAK projesi"},"content":{"rendered":"<p style=\"text-align: justify;\">Ege \u00dcniversitesi (E\u00dc) tar\u0131msal \u00fcretimde s\u00fcrd\u00fcr\u00fclebilir ve \u00e7evre dostu m\u00fccadele y\u00f6ntemlerine katk\u0131 sunacak yeni bir projeye daha imza att\u0131. E\u00dc Ziraat Fak\u00fcltesi Entomoloji Anabilim Dal\u0131 Ba\u015fkan\u0131 Prof. Dr. Ferit Turanl\u0131\u2019n\u0131n y\u00fcr\u00fct\u00fcc\u00fcl\u00fc\u011f\u00fcn\u00fc \u00fcstlendi\u011fi \u201cZeytin Meyvesi U\u00e7ucu Organik Bile\u015fiklerinin Zeytin Sine\u011fiyle (<em>Bactrocera oleae<\/em>) M\u00fccadelede Kullan\u0131m Olanaklar\u0131n\u0131n Ara\u015ft\u0131r\u0131lmas\u0131\u201d ba\u015fl\u0131kl\u0131 proje, T\u00dcB\u0130TAK ARDEB 1001\u00a0 Bilimsel ve Teknolojik Ara\u015ft\u0131rma Projelerini Destekleme Program\u0131 kapsam\u0131nda desteklenmeye uygun bulundu.<\/p>\n<p style=\"text-align: justify;\">Ege \u00dcniversitesi Ziraat Fak\u00fcltesi Bitki Koruma B\u00f6l\u00fcm\u00fc ile Bornova Zirai M\u00fccadele Ara\u015ft\u0131rma Enstit\u00fcs\u00fc i\u015f birli\u011finde y\u00fcr\u00fct\u00fclecek olan proje, T\u00fcrkiye\u2019nin stratejik 2028 vizyonunda yer alan \u2018temiz \u00e7evre, sa\u011fl\u0131kl\u0131 birey, s\u00fcrd\u00fcr\u00fclebilir kalk\u0131nma ve s\u00fcrd\u00fcr\u00fclebilir tar\u0131m\u2019 hedefleriyle uyumlu \u00e7\u0131kt\u0131lar \u00fcretmeyi ama\u00e7l\u0131yor.<\/p>\n<p style=\"text-align: justify;\">Ege \u00dcniversitesi Rekt\u00f6r\u00fc Prof. Dr. Musa Alc\u0131, \u201c\u00dcniversitemizin tar\u0131m ve \u00e7evre odakl\u0131 bilimsel ara\u015ft\u0131rmalardaki g\u00fc\u00e7l\u00fc birikimini yans\u0131tan projeyi hayata ge\u00e7iren Prof. Dr. Ferit Turanl\u0131 hocam\u0131z\u0131 ve proje ekibinde yer alan ara\u015ft\u0131rmac\u0131lar\u0131 kutluyor, ba\u015far\u0131lar\u0131n\u0131n devam\u0131n\u0131 diliyorum\u201d dedi.<\/p>\n<p style=\"text-align: justify;\">Proje hakk\u0131nda bilgi veren Prof. Dr. Ferit Turanl\u0131, \u201cBu proje, zeytin meyvesi taraf\u0131ndan sal\u0131nd\u0131\u011f\u0131 belirlenen u\u00e7ucu organik bile\u015fiklerin zeytinin en \u00f6nemli zararl\u0131s\u0131 \u2018<em>Bactrocera oleae<\/em>\u2019 di\u015fi bireyleri \u00fczerinde g\u00f6sterdi\u011fi elektrofizyolojik, davran\u0131\u015fsal ve biyolojik etkinli\u011fin ortaya konulmas\u0131 amac\u0131yla haz\u0131rlanm\u0131\u015ft\u0131r. Proje ile Zeytin Sine\u011fi ile m\u00fccadelede kullan\u0131labilecek nitelikteki u\u00e7ucu organik bile\u015fikler d\u00fcnyada ilk defa tan\u0131mlanm\u0131\u015f olacakt\u0131r. Bu \u00e7al\u0131\u015fma ile tar\u0131m ila\u00e7lar\u0131na alternatif biyoteknik m\u00fccadele y\u00f6ntemlerinin geli\u015ftirilmesi i\u00e7in gerekli alet ve ekipman altyap\u0131s\u0131na katk\u0131 sunmay\u0131 ama\u00e7l\u0131yoruz. Ayn\u0131 zamanda bu alandaki bilgi birikiminin art\u0131r\u0131lmas\u0131n\u0131 ve bu konularda \u00e7al\u0131\u015facak gen\u00e7 ara\u015ft\u0131rmac\u0131lar\u0131n yeti\u015ftirilmesini hedefliyoruz. Elde edilecek \u00e7\u0131kt\u0131lar, di\u011fer tar\u0131msal zararl\u0131larla m\u00fccadelede kullan\u0131labilecek \u00e7evre dostu y\u00f6ntemlerin geli\u015ftirilmesi i\u00e7in de yeni bir ufuk a\u00e7acakt\u0131r. Projenin ba\u015far\u0131yla tamamlanmas\u0131 ve gerekli altyap\u0131n\u0131n olu\u015fturulmas\u0131yla birlikte \u00fclkemizin, b\u00f6ceklerin izlenmesi ve m\u00fccadelesinde kullan\u0131lan u\u00e7ucu organik bile\u015fiklerin \u00fcreticisi konumuna gelmesi m\u00fcmk\u00fcn olacakt\u0131r\u201d diye konu\u015ftu.<\/p>\n<p style=\"text-align: justify;\">Y\u00fcr\u00fct\u00fcc\u00fcl\u00fc\u011f\u00fcn\u00fc Prof. Dr. Ferit Turanl\u0131\u2019n\u0131n yapt\u0131\u011f\u0131 projede; Dr. Erkan Y\u0131lmaz, Do\u00e7. Dr. Firdevs Ersin T\u00fcrkelli, Dr. Tevfik Turanl\u0131 ve Zir. Y\u00fck. M\u00fchendisi Mustafa Hakan Balc\u0131 ara\u015ft\u0131rmac\u0131 olarak yer al\u0131yor.<\/p>\n<p style=\"text-align: justify;\">\n<p style=\"text-align: justify;\">\n","protected":false},"excerpt":{"rendered":"<p>Ege \u00dcniversitesi (E\u00dc) tar\u0131msal \u00fcretimde s\u00fcrd\u00fcr\u00fclebilir ve \u00e7evre dostu m\u00fccadele y\u00f6ntemlerine katk\u0131 sunacak yeni bir&#8230;<\/p>\n","protected":false},"author":2,"featured_media":31800,"comment_status":"open","ping_status":"open","sticky":false,"template":"","format":"standard","meta":{"footnotes":""},"categories":[69,99,1,11],"tags":[],"class_list":["post-31799","post","type-post","status-publish","format-standard","has-post-thumbnail","hentry","category-bilim","category-egitim","category-gncl","category-haber"],"featured_image_urls":{"full":["https:\/\/www.euegeajans.com\/wp-content\/uploads\/2026\/01\/Prof.-Dr.-Ferit-Turanli.jpeg",2000,1500,false],"thumbnail":["https:\/\/www.euegeajans.com\/wp-content\/uploads\/2026\/01\/Prof.-Dr.-Ferit-Turanli.jpeg",150,113,false],"medium":["https:\/\/www.euegeajans.com\/wp-content\/uploads\/2026\/01\/Prof.-Dr.-Ferit-Turanli.jpeg",300,225,false],"medium_large":["https:\/\/www.euegeajans.com\/wp-content\/uploads\/2026\/01\/Prof.-Dr.-Ferit-Turanli.jpeg",640,480,false],"large":["https:\/\/www.euegeajans.com\/wp-content\/uploads\/2026\/01\/Prof.-Dr.-Ferit-Turanli.jpeg",640,480,false],"1536x1536":["https:\/\/www.euegeajans.com\/wp-content\/uploads\/2026\/01\/Prof.-Dr.-Ferit-Turanli.jpeg",1536,1152,false],"2048x2048":["https:\/\/www.euegeajans.com\/wp-content\/uploads\/2026\/01\/Prof.-Dr.-Ferit-Turanli.jpeg",2000,1500,false],"newsphere-slider-full":["https:\/\/www.euegeajans.com\/wp-content\/uploads\/2026\/01\/Prof.-Dr.-Ferit-Turanli.jpeg",960,720,false],"newsphere-featured":["https:\/\/www.euegeajans.com\/wp-content\/uploads\/2026\/01\/Prof.-Dr.-Ferit-Turanli.jpeg",1024,768,false],"newsphere-medium":["https:\/\/www.euegeajans.com\/wp-content\/uploads\/2026\/01\/Prof.-Dr.-Ferit-Turanli.jpeg",507,380,false]},"author_info":{"display_name":"Editor","author_link":"https:\/\/www.euegeajans.com\/index.php\/author\/editor\/"},"category_info":"<a href=\"https:\/\/www.euegeajans.com\/index.php\/category\/bilim\/\" rel=\"category tag\">Bilim<\/a> <a href=\"https:\/\/www.euegeajans.com\/index.php\/category\/egitim\/\" rel=\"category tag\">E\u011fitim<\/a> <a href=\"https:\/\/www.euegeajans.com\/index.php\/category\/gncl\/\" rel=\"category tag\">G\u00fcncel<\/a> <a href=\"https:\/\/www.euegeajans.com\/index.php\/category\/haber\/\" rel=\"category tag\">Haber<\/a>","tag_info":"Haber","comment_count":"0","_links":{"self":[{"href":"https:\/\/www.euegeajans.com\/index.php\/wp-json\/wp\/v2\/posts\/31799","targetHints":{"allow":["GET"]}}],"collection":[{"href":"https:\/\/www.euegeajans.com\/index.php\/wp-json\/wp\/v2\/posts"}],"about":[{"href":"https:\/\/www.euegeajans.com\/index.php\/wp-json\/wp\/v2\/types\/post"}],"author":[{"embeddable":true,"href":"https:\/\/www.euegeajans.com\/index.php\/wp-json\/wp\/v2\/users\/2"}],"replies":[{"embeddable":true,"href":"https:\/\/www.euegeajans.com\/index.php\/wp-json\/wp\/v2\/comments?post=31799"}],"version-history":[{"count":1,"href":"https:\/\/www.euegeajans.com\/index.php\/wp-json\/wp\/v2\/posts\/31799\/revisions"}],"predecessor-version":[{"id":31801,"href":"https:\/\/www.euegeajans.com\/index.php\/wp-json\/wp\/v2\/posts\/31799\/revisions\/31801"}],"wp:featuredmedia":[{"embeddable":true,"href":"https:\/\/www.euegeajans.com\/index.php\/wp-json\/wp\/v2\/media\/31800"}],"wp:attachment":[{"href":"https:\/\/www.euegeajans.com\/index.php\/wp-json\/wp\/v2\/media?parent=31799"}],"wp:term":[{"taxonomy":"category","embeddable":true,"href":"https:\/\/www.euegeajans.com\/index.php\/wp-json\/wp\/v2\/categories?post=31799"},{"taxonomy":"post_tag","embeddable":true,"href":"https:\/\/www.euegeajans.com\/index.php\/wp-json\/wp\/v2\/tags?post=31799"}],"curies":[{"name":"wp","href":"https:\/\/api.w.org\/{rel}","templated":true}]}}