{"id":31393,"date":"2025-12-10T06:42:17","date_gmt":"2025-12-10T06:42:17","guid":{"rendered":"https:\/\/www.euegeajans.com\/?p=31393"},"modified":"2025-12-10T06:42:18","modified_gmt":"2025-12-10T06:42:18","slug":"ege-universitesinin-orhun-degisim-programi-liderligi-suruyor","status":"publish","type":"post","link":"https:\/\/www.euegeajans.com\/index.php\/2025\/12\/10\/ege-universitesinin-orhun-degisim-programi-liderligi-suruyor\/","title":{"rendered":"Ege \u00dcniversitesinin Orhun De\u011fi\u015fim Program\u0131 liderli\u011fi s\u00fcr\u00fcyor"},"content":{"rendered":"<p style=\"text-align: justify;\"><strong>Ege \u00dcniversitesi\u00a0T\u00fcrk D\u00fcnyas\u0131 \u00f6\u011frencilerinin bulu\u015fma \u00fcss\u00fc olmaya devam ediyor<\/strong><\/p>\n<p style=\"text-align: justify;\">Ege \u00dcniversitesi uluslararas\u0131la\u015fma vizyonu ile Orhun De\u011fi\u015fim Program\u0131 kapsam\u0131nda T\u00fcrk D\u00fcnyas\u0131\u2019ndaki y\u00fcksek\u00f6\u011fretim kurumlar\u0131yla akademik ba\u011flar\u0131n\u0131 g\u00fc\u00e7lendirmeye devam ediyor.<b><\/b><\/p>\n<p style=\"text-align: justify;\">T\u00fcrk D\u00fcnyas\u0131\u2019ndaki \u00fcniversiteler ile \u00f6\u011frenci ve akademik personel hareketlili\u011fini art\u0131rmaya, akademik i\u015f birliklerini g\u00fc\u00e7lendirmeye devam eden Ege \u00dcniversitesi, Orhun De\u011fi\u015fim Program\u0131 2025-2026 E\u011fitim \u00d6\u011fretim Y\u0131l\u0131 Bahar Yar\u0131y\u0131l\u0131 i\u00e7in al\u0131nan ek ba\u015fvurularda en fazla tercih edilen \u00fcniversite oldu.<\/p>\n<p style=\"text-align: justify;\">Ege \u00dcniversitesinin\u00a0Orhun De\u011fi\u015fim Program\u0131 kapsam\u0131nda \u00f6\u011frenci ve \u00f6\u011fretim \u00fcyesi hareketlili\u011fi ba\u015far\u0131s\u0131n\u0131 s\u00fcrd\u00fcrd\u00fc\u011f\u00fcn\u00fc s\u00f6yleyen Rekt\u00f6r Prof. Dr. Necdet Budak, \u201cUluslararas\u0131la\u015fma vizyonumuz do\u011frultusunda T\u00fcrk D\u00fcnyas\u0131 ile ili\u015fkilerimizi daha etkin, sistemli ve s\u00fcrd\u00fcr\u00fclebilir bir konsepte s\u00fcrd\u00fcr\u00fcyoruz. Bu kapsamda k\u0131sa s\u00fcre \u00f6nce daha kurumsal bir yap\u0131ya kavu\u015fturularak faaliyetlerine ba\u015flayan T\u00fcrk D\u00fcnyas\u0131 ile \u0130li\u015fkiler ve Orhun Koordinat\u00f6rl\u00fc\u011f\u00fcm\u00fcz \u00e7al\u0131\u015fmalar\u0131na daha nitelikli bir yap\u0131da devam ediyor. Koordinat\u00f6rl\u00fc\u011f\u00fcm\u00fcz bir yandan T\u00fcrk D\u00fcnyas\u0131\u2019ndaki \u00fcniversitelerle akademik, k\u00fclt\u00fcrel ve bilimsel ba\u011flar\u0131m\u0131z\u0131 g\u00fc\u00e7lendiren projeleri hayata ge\u00e7irirken di\u011fer yandan da \u00f6\u011frenci ve \u00f6\u011fretim eleman\u0131 de\u011fi\u015fimlerine azami \u00f6zen g\u00f6steriyor. Tam akredite, \u00f6\u011frenci odakl\u0131 bir ara\u015ft\u0131rma \u00fcniversitemizin Orhun De\u011fi\u015fim Program\u0131 liderli\u011fi devam ediyor. \u00dcniversitemiz son 3 y\u0131ld\u0131r oldu\u011fu gibi bu senede\u00a0Ekim ay\u0131nda yap\u0131lan T\u00fcrk Kene\u015fi T\u00fcrk \u00dcniversiteler Birli\u011fi (T\u00dcRK\u00dcN\u0130B) toplant\u0131s\u0131 sonras\u0131 programa yeni kat\u0131lan \u00fcyelerin talebi ile 2025-2026 e\u011fitim \u00f6\u011fretim y\u0131l\u0131 bahar yar\u0131y\u0131l\u0131 i\u00e7in al\u0131nan ek ba\u015fvurularda en fazla ba\u015fvuruyu alan \u00fcniversite oldu.\u00a0Ege \u00dcniversitesi olarak, T\u00fcrk D\u00fcnyas\u0131\u2019n\u0131n ortak gelece\u011fine katk\u0131 sa\u011flayan Orhun De\u011fi\u015fim Program\u0131&#8217;nda her ge\u00e7en y\u0131l daha fazla ilgi g\u00f6rmekten ve en \u00e7ok tercih edilen \u00fcniversite olmaktan b\u00fcy\u00fck gurur duyuyoruz.\u00a0Bu istikrarl\u0131 ba\u015far\u0131, \u00fcniversitemizin uluslararas\u0131la\u015fma stratejisinin ve k\u00f6kl\u00fc e\u011fitim anlay\u0131\u015f\u0131m\u0131z\u0131n somut bir yans\u0131mas\u0131d\u0131r. Yeni \u00fcyelerin de kat\u0131l\u0131m\u0131yla program\u0131n daha da geni\u015flemesi, T\u00fcrk D\u00fcnyas\u0131 \u00fcniversiteleri aras\u0131ndaki i\u015f birli\u011fini g\u00fc\u00e7lendirecek ve ortak de\u011ferlerimizi peki\u015ftirece\u011fine inan\u0131yorum. \u00a0Koordinat\u00f6rl\u00fc\u011f\u00fcm\u00fcze, akademik ve idari \u00e7al\u0131\u015fanlar\u0131m\u0131za, bizlere g\u00fcvenen \u00f6\u011frencilerimize te\u015fekk\u00fcr ediyorum. Uluslararas\u0131 e\u011fitimin ve ara\u015ft\u0131rman\u0131n \u00f6nc\u00fc y\u00fcksek\u00f6\u011fretim kurumu olarak bundan sonra da g\u00f6n\u00fcl co\u011frafyam\u0131z olan T\u00fcrk D\u00fcnyas\u0131 ile i\u015f birli\u011fimizi art\u0131rmaya devam edece\u011fiz.\u201d dedi.<\/p>\n<p style=\"text-align: justify;\"><b>\u201cOrhun De\u011fi\u015fim Program\u0131, yeni \u00fcye \u00fcniversitelerle 170\u2019e y\u00fckseldi\u201d<\/b><\/p>\n<p style=\"text-align: justify;\"><img loading=\"lazy\" decoding=\"async\" class=\"size-medium wp-image-31395 alignleft\" src=\"http:\/\/www.euegeajans.com\/wp-content\/uploads\/2025\/12\/Ege-Universitesinin-Orhun-Degisim-Programi-liderligi-suruyor-1-300x200.jpg\" alt=\"\" width=\"300\" height=\"200\" srcset=\"https:\/\/www.euegeajans.com\/wp-content\/uploads\/2025\/12\/Ege-Universitesinin-Orhun-Degisim-Programi-liderligi-suruyor-1-300x200.jpg 300w, https:\/\/www.euegeajans.com\/wp-content\/uploads\/2025\/12\/Ege-Universitesinin-Orhun-Degisim-Programi-liderligi-suruyor-1.jpg 640w\" sizes=\"auto, (max-width: 300px) 100vw, 300px\" \/>Ege \u00dcniversitesi T\u00fcrk D\u00fcnyas\u0131 ile \u0130li\u015fkiler ve Orhun Koordinat\u00f6r\u00fc Do\u00e7. Dr. Faz\u0131l \u00d6zdamar ise \u201cT\u00fcrk Kene\u015fi T\u00fcrk \u00dcniversiteler Birli\u011fi (T\u00dcRK\u00dcN\u0130B) b\u00fcnyesinde 2017 y\u0131l\u0131ndan bu yana ger\u00e7ekle\u015ftirilen Orhun De\u011fi\u015fim Program\u0131, yeni \u00fcyeleri ile b\u00fcy\u00fcmeye devam ediyor. Ekim ay\u0131nda yap\u0131lan T\u00dcRK\u00dcN\u0130B toplant\u0131s\u0131 sonras\u0131 programa yeni kat\u0131lan \u00fcyelerin talebi ile 2025-2026 e\u011fitim \u00f6\u011fretim y\u0131l\u0131 bahar yar\u0131y\u0131l\u0131 i\u00e7in al\u0131nan ek ba\u015fvurularda Ege \u00dcniversitesi yine en fazla ba\u015fvuruyu alan \u00fcniversite oldu. T\u00fcrkiye, Azerbaycan, Kazakistan, K\u0131rg\u0131zistan, \u00d6zbekistan, Macaristan ve KKTC\u2019den 109 \u00fcniversitenin \u00fcye oldu\u011fu Orhun De\u011fi\u015fim Program\u0131, 61 yeni \u00fcye \u00fcniversite ile 170 \u00fcyeye ula\u015ft\u0131. Her y\u0131l mart ay\u0131nda yap\u0131lan program hareketlili\u011fi ba\u015fvurular\u0131na kat\u0131lamayan \u00fcyelerin talepleri do\u011frultusunda bu y\u0131l bahar d\u00f6nemi i\u00e7in ek ba\u015fvuru ilan\u0131 yay\u0131mland\u0131. A\u00e7\u0131lan kontenjanlar b\u00fcnyesinde 43 \u00fcniversite ba\u015fvuru al\u0131rken toplam \u00f6\u011frenci ve \u00f6\u011fretim \u00fcyesi hareketlili\u011fi ba\u015fvuru say\u0131s\u0131 468 oldu. Ege \u00dcniversitesi ise 67 \u00f6\u011frenci 26 \u00f6\u011fretim \u00fcyesi ba\u015fvurusu ile en fazla ba\u015fvuru alan \u00fcniversite oldu.\u201d diye konu\u015ftu.<\/p>\n<p style=\"text-align: justify;\"><b>\u201cEge \u00dcniversitesi program\u0131n geli\u015fmesine b\u00fcy\u00fck katk\u0131 sunuyor\u201d<\/b><\/p>\n<p style=\"text-align: justify;\">Koordinat\u00f6r Do\u00e7. Dr. Faz\u0131l \u00d6zdamar, \u201cCOVID-19 pandemisi sonras\u0131 yeniden ba\u015flayan Orhun De\u011fi\u015fim Program\u0131 hareketliliklerinde Ege \u00dcniversitesi, her y\u0131l en \u00e7ok ba\u015fvuru alan ve en fazla kabul veren \u00fcniversite olarak program\u0131n b\u00fcy\u00fcyerek geli\u015fmesine katk\u0131 sa\u011flad\u0131. Ge\u00e7ti\u011fimiz e\u011fitim \u00f6\u011fretim y\u0131l\u0131nda 54 \u00f6\u011frenciye kaliteli ve akredite olmu\u015f e\u011fitim olana\u011f\u0131 sa\u011flayan Ege \u00dcniversitesi, i\u00e7inde bulundu\u011fumuz 2025-2026 e\u011fitim \u00f6\u011fretim y\u0131l\u0131nda 74 \u00f6\u011frenciye kucak a\u00e7t\u0131. Ge\u00e7ti\u011fimiz e\u011fitim \u00f6\u011fretim y\u0131l\u0131nda 25 \u00f6\u011fretim \u00fcyesi akademik \u00e7al\u0131\u015fma ve proje imk\u00e2nlar\u0131 hakk\u0131nda g\u00f6r\u00fc\u015fmeler yaparken bu e\u011fitim y\u0131l\u0131nda 36 \u00f6\u011fretim \u00fcyesi Ege \u00dcniversitesi e\u011fitim modelini deneyimleme imk\u00e2n\u0131 buluyor.\u201d dedi.<\/p>\n","protected":false},"excerpt":{"rendered":"<p>Ege \u00dcniversitesi\u00a0T\u00fcrk D\u00fcnyas\u0131 \u00f6\u011frencilerinin bulu\u015fma \u00fcss\u00fc olmaya devam ediyor Ege \u00dcniversitesi uluslararas\u0131la\u015fma vizyonu ile Orhun&#8230;<\/p>\n","protected":false},"author":2,"featured_media":31394,"comment_status":"open","ping_status":"open","sticky":false,"template":"","format":"standard","meta":{"footnotes":""},"categories":[69,99,1,70],"tags":[],"class_list":["post-31393","post","type-post","status-publish","format-standard","has-post-thumbnail","hentry","category-bilim","category-egitim","category-gncl","category-kampus"],"featured_image_urls":{"full":["https:\/\/www.euegeajans.com\/wp-content\/uploads\/2025\/12\/Ege-Universitesinin-Orhun-Degisim-Programi-liderligi-suruyor.jpg",1500,1000,false],"thumbnail":["https:\/\/www.euegeajans.com\/wp-content\/uploads\/2025\/12\/Ege-Universitesinin-Orhun-Degisim-Programi-liderligi-suruyor-150x150.jpg",150,150,true],"medium":["https:\/\/www.euegeajans.com\/wp-content\/uploads\/2025\/12\/Ege-Universitesinin-Orhun-Degisim-Programi-liderligi-suruyor-300x200.jpg",300,200,true],"medium_large":["https:\/\/www.euegeajans.com\/wp-content\/uploads\/2025\/12\/Ege-Universitesinin-Orhun-Degisim-Programi-liderligi-suruyor-768x512.jpg",640,427,true],"large":["https:\/\/www.euegeajans.com\/wp-content\/uploads\/2025\/12\/Ege-Universitesinin-Orhun-Degisim-Programi-liderligi-suruyor-1024x683.jpg",640,427,true],"1536x1536":["https:\/\/www.euegeajans.com\/wp-content\/uploads\/2025\/12\/Ege-Universitesinin-Orhun-Degisim-Programi-liderligi-suruyor.jpg",1500,1000,false],"2048x2048":["https:\/\/www.euegeajans.com\/wp-content\/uploads\/2025\/12\/Ege-Universitesinin-Orhun-Degisim-Programi-liderligi-suruyor.jpg",1500,1000,false],"newsphere-slider-full":["https:\/\/www.euegeajans.com\/wp-content\/uploads\/2025\/12\/Ege-Universitesinin-Orhun-Degisim-Programi-liderligi-suruyor-1280x720.jpg",1280,720,true],"newsphere-featured":["https:\/\/www.euegeajans.com\/wp-content\/uploads\/2025\/12\/Ege-Universitesinin-Orhun-Degisim-Programi-liderligi-suruyor-1024x683.jpg",1024,683,true],"newsphere-medium":["https:\/\/www.euegeajans.com\/wp-content\/uploads\/2025\/12\/Ege-Universitesinin-Orhun-Degisim-Programi-liderligi-suruyor-720x380.jpg",720,380,true]},"author_info":{"display_name":"Editor","author_link":"https:\/\/www.euegeajans.com\/index.php\/author\/editor\/"},"category_info":"<a href=\"https:\/\/www.euegeajans.com\/index.php\/category\/bilim\/\" rel=\"category tag\">Bilim<\/a> <a href=\"https:\/\/www.euegeajans.com\/index.php\/category\/egitim\/\" rel=\"category tag\">E\u011fitim<\/a> <a href=\"https:\/\/www.euegeajans.com\/index.php\/category\/gncl\/\" rel=\"category tag\">G\u00fcncel<\/a> <a href=\"https:\/\/www.euegeajans.com\/index.php\/category\/kampus\/\" rel=\"category tag\">Kamp\u00fcs<\/a>","tag_info":"Kamp\u00fcs","comment_count":"0","_links":{"self":[{"href":"https:\/\/www.euegeajans.com\/index.php\/wp-json\/wp\/v2\/posts\/31393","targetHints":{"allow":["GET"]}}],"collection":[{"href":"https:\/\/www.euegeajans.com\/index.php\/wp-json\/wp\/v2\/posts"}],"about":[{"href":"https:\/\/www.euegeajans.com\/index.php\/wp-json\/wp\/v2\/types\/post"}],"author":[{"embeddable":true,"href":"https:\/\/www.euegeajans.com\/index.php\/wp-json\/wp\/v2\/users\/2"}],"replies":[{"embeddable":true,"href":"https:\/\/www.euegeajans.com\/index.php\/wp-json\/wp\/v2\/comments?post=31393"}],"version-history":[{"count":1,"href":"https:\/\/www.euegeajans.com\/index.php\/wp-json\/wp\/v2\/posts\/31393\/revisions"}],"predecessor-version":[{"id":31396,"href":"https:\/\/www.euegeajans.com\/index.php\/wp-json\/wp\/v2\/posts\/31393\/revisions\/31396"}],"wp:featuredmedia":[{"embeddable":true,"href":"https:\/\/www.euegeajans.com\/index.php\/wp-json\/wp\/v2\/media\/31394"}],"wp:attachment":[{"href":"https:\/\/www.euegeajans.com\/index.php\/wp-json\/wp\/v2\/media?parent=31393"}],"wp:term":[{"taxonomy":"category","embeddable":true,"href":"https:\/\/www.euegeajans.com\/index.php\/wp-json\/wp\/v2\/categories?post=31393"},{"taxonomy":"post_tag","embeddable":true,"href":"https:\/\/www.euegeajans.com\/index.php\/wp-json\/wp\/v2\/tags?post=31393"}],"curies":[{"name":"wp","href":"https:\/\/api.w.org\/{rel}","templated":true}]}}