{"id":31383,"date":"2025-12-09T06:37:32","date_gmt":"2025-12-09T06:37:32","guid":{"rendered":"https:\/\/www.euegeajans.com\/?p=31383"},"modified":"2025-12-09T07:02:10","modified_gmt":"2025-12-09T07:02:10","slug":"rektor-prof-dr-budak-bu-basari-ege-universitesi-ailesinin-topyekun-gayretinin-urunudur","status":"publish","type":"post","link":"https:\/\/www.euegeajans.com\/index.php\/2025\/12\/09\/rektor-prof-dr-budak-bu-basari-ege-universitesi-ailesinin-topyekun-gayretinin-urunudur\/","title":{"rendered":"Rekt\u00f6r Prof. Dr. Budak, \u201cBu ba\u015far\u0131 Ege \u00dcniversitesi ailesinin topyek\u00fbn gayretinin \u00fcr\u00fcn\u00fcd\u00fcr\u201d"},"content":{"rendered":"<p style=\"text-align: justify;\"><strong>\u00a0E\u00dc Senatosunda gururland\u0131ran ba\u015far\u0131 kutland\u0131<\/strong><\/p>\n<p style=\"text-align: justify;\"><b><\/b>Ege \u00dcniversitesi Senato Toplant\u0131s\u0131nda, \u00fcniversitenin ara\u015ft\u0131rma \u00fcniversiteleri ligindeki ba\u015far\u0131l\u0131 y\u00fckseli\u015fi kutland\u0131. Y\u00fcksek\u00f6\u011fretim Kurulu (Y\u00d6K) Ba\u015fkan\u0131 Prof. Dr. Erol \u00d6zvar, Ara\u015ft\u0131rma \u00dcniversiteleri De\u011ferlendirme Toplant\u0131s\u0131nda, 2025 y\u0131l\u0131 Ara\u015ft\u0131rma \u00dcniversiteleri Performans S\u0131ralamalar\u0131n\u0131 a\u00e7\u0131klad\u0131. Ege \u00dcniversitesi, ge\u00e7en y\u0131la g\u00f6re bir basamak y\u00fckselerek 12\u2019nci s\u0131rada yer ald\u0131. E\u00dc Senatosunda Rekt\u00f6r Prof. Dr. Necdet Budak ba\u015fkanl\u0131\u011f\u0131nda bir araya gelen senato \u00fcyeleri, elde edilen ba\u015far\u0131y\u0131 pasta keserek kutlad\u0131lar.<b><\/b><\/p>\n<p style=\"text-align: justify;\"><img loading=\"lazy\" decoding=\"async\" class=\"size-medium wp-image-31385 alignleft\" src=\"http:\/\/www.euegeajans.com\/wp-content\/uploads\/2025\/12\/Rektor-Prof.-Dr.-Budak-Bu-basari-Ege-Universitesi-ailesinin-topyekun-gayretinin-urunudur-3-300x200.jpg\" alt=\"\" width=\"300\" height=\"200\" srcset=\"https:\/\/www.euegeajans.com\/wp-content\/uploads\/2025\/12\/Rektor-Prof.-Dr.-Budak-Bu-basari-Ege-Universitesi-ailesinin-topyekun-gayretinin-urunudur-3-300x200.jpg 300w, https:\/\/www.euegeajans.com\/wp-content\/uploads\/2025\/12\/Rektor-Prof.-Dr.-Budak-Bu-basari-Ege-Universitesi-ailesinin-topyekun-gayretinin-urunudur-3-1024x683.jpg 1024w, https:\/\/www.euegeajans.com\/wp-content\/uploads\/2025\/12\/Rektor-Prof.-Dr.-Budak-Bu-basari-Ege-Universitesi-ailesinin-topyekun-gayretinin-urunudur-3-768x512.jpg 768w, https:\/\/www.euegeajans.com\/wp-content\/uploads\/2025\/12\/Rektor-Prof.-Dr.-Budak-Bu-basari-Ege-Universitesi-ailesinin-topyekun-gayretinin-urunudur-3.jpg 1500w\" sizes=\"auto, (max-width: 300px) 100vw, 300px\" \/>Senato toplant\u0131s\u0131nda konu\u015fan Rekt\u00f6r Prof. Dr. Necdet Budak, \u201cBundan 9 y\u0131l \u00f6nce, T\u00fcrkiye\u2019nin y\u00fcksek\u00f6\u011fretim sisteminde \u00e7ok \u00f6nemli bir ad\u0131m at\u0131ld\u0131. 2016 y\u0131l\u0131nda Y\u00fcksek\u00f6\u011fretim Kurulu\u2019nun ilgili kurullar\u0131nda yap\u0131lan kapsaml\u0131 de\u011ferlendirmeler sonucunda; \u00fcniversitelerin ortak temel de\u011ferleri korurken birbirlerinden farkl\u0131la\u015fmas\u0131, kendi tematik alanlar\u0131nda \u00f6zg\u00fcn bir kimli\u011fe kavu\u015fmas\u0131, e\u011fitimden ara\u015ft\u0131rmaya, teknoloji \u00fcretiminden b\u00f6lgesel kalk\u0131nmaya kadar pek \u00e7ok alanda daha derinlikli bir misyon \u00fcstlenmesi anlay\u0131\u015f\u0131 benimsendi. \u0130\u015fte bu yakla\u015f\u0131m, y\u00fcksek\u00f6\u011fretim sistemimize yeni bir vizyon kazand\u0131rd\u0131. Bu vizyonun bir par\u00e7as\u0131 olarak ba\u015flat\u0131lan \u2018Misyon Farkl\u0131la\u015fmas\u0131 ve \u0130htisasla\u015fma\u2019 \u00e7al\u0131\u015fmas\u0131n\u0131n iki stratejik oda\u011f\u0131ndan biri Ara\u015ft\u0131rma \u00dcniversiteleri program\u0131yd\u0131. Bu programla, k\u00f6kl\u00fc \u00fcniversitelerimizi ara\u015ft\u0131rma ekseninde g\u00fc\u00e7lendirmek, onlar\u0131 k\u00fcresel \u00f6l\u00e7ekte daha rekabet\u00e7i bir noktaya ta\u015f\u0131mak, bilgi \u00fcretimini ve bilimsel etkiyi derinle\u015ftirmek ama\u00e7land\u0131. Bu do\u011frultuda 10 Ara\u015ft\u0131rma ve 5 Aday Ara\u015ft\u0131rma \u00dcniversitesi belirlenmesi hedeflendi. 2017\u2019de ger\u00e7ekle\u015ftirilen g\u00f6r\u00fc\u015fmeler sonucunda 10 Ara\u015ft\u0131rma \u00dcniversitesi ile 5 Aday Ara\u015ft\u0131rma \u00dcniversitesi belirlendi. \u00dcniversitemiz aday ara\u015ft\u0131rma \u00fcniversitesi i\u00e7erisinde yer ald\u0131\u201d dedi.<\/p>\n<p style=\"text-align: justify;\"><b>\u201cSorunlar\u0131 ve ihtiya\u00e7lar\u0131 hep birlikte belirledik\u201d<\/b><\/p>\n<p style=\"text-align: justify;\">Ege \u00dcniversitesini ara\u015ft\u0131rma \u00fcniversitesi yapmak i\u00e7in yo\u011fun \u00e7aba sarf ettiklerini belirten Prof. Dr. Budak, \u201cG\u00f6reve gelmemizle birlikte Ege \u00dcniversitesinde ara\u015ft\u0131rma \u00fcniversitesi olma hedefi do\u011frultusunda geni\u015f kapsaml\u0131, samimi ve kararl\u0131 bir seferberlik ba\u015flatt\u0131k. \u00dcniversitemizin b\u00fct\u00fcn akademik ve idari birimlerine tek tek yap\u0131lan ziyaretlerle yerinde tespitler ger\u00e7ekle\u015ftirdik. Sorunlar\u0131 de\u011ferlendirdik, ihtiya\u00e7lar\u0131 belirledik. Bu ziyaretler, sadece teknik bir \u00e7al\u0131\u015fma de\u011fil; ayn\u0131 zamanda \u00fcniversitemizde yeniden g\u00fc\u00e7l\u00fc bir aile k\u00fclt\u00fcr\u00fc olu\u015fturman\u0131n ilk ad\u0131mlar\u0131yd\u0131. \u0130leti\u015fimi yeniden canland\u0131rmak ve g\u00fc\u00e7lendirmek amac\u0131yla hayata ge\u00e7irilen \u2018Rekt\u00f6rle Ak\u015fam \u00c7ay\u0131\u2019 etkinlikleri, \u00fcniversitemizin t\u00fcm bile\u015fenlerini ayn\u0131 masa etraf\u0131nda bulu\u015fturdu. Yakla\u015f\u0131k 13 bini a\u015fk\u0131n ki\u015fiyle bire bir temas kurdum. Belki sadece bir \u00e7ay sohbeti gibi g\u00f6r\u00fcn\u00fcyordu; ancak asl\u0131nda o ak\u015famlar, \u00fcniversitemizin gelece\u011fini \u015fekillendirecek g\u00f6r\u00fc\u015flerin payla\u015f\u0131ld\u0131\u011f\u0131, samimiyetle ifade edilen beklentilerin kay\u0131t alt\u0131na al\u0131nd\u0131\u011f\u0131 \u00e7ok de\u011ferli bulu\u015fmalard\u0131. O g\u00f6r\u00fc\u015fmelerden al\u0131nan her not, bug\u00fcn y\u00fcr\u00fctt\u00fc\u011f\u00fcm\u00fcz d\u00f6n\u00fc\u015f\u00fcm \u00e7al\u0131\u015fmalar\u0131n\u0131n adeta pusulas\u0131 oldu\u201d diye konu\u015ftu.<\/p>\n<p style=\"text-align: justify;\"><img loading=\"lazy\" decoding=\"async\" class=\"size-medium wp-image-31386 alignright\" src=\"http:\/\/www.euegeajans.com\/wp-content\/uploads\/2025\/12\/Prof.-Dr.-Mehmet-Ersan-Prof.-Dr.-Necdet-Budak-Prof.-Dr.-Ilkin-Sengun-Prof.-Dr.-Devrim-Bozkurt-300x187.jpg\" alt=\"\" width=\"300\" height=\"187\" srcset=\"https:\/\/www.euegeajans.com\/wp-content\/uploads\/2025\/12\/Prof.-Dr.-Mehmet-Ersan-Prof.-Dr.-Necdet-Budak-Prof.-Dr.-Ilkin-Sengun-Prof.-Dr.-Devrim-Bozkurt-300x187.jpg 300w, https:\/\/www.euegeajans.com\/wp-content\/uploads\/2025\/12\/Prof.-Dr.-Mehmet-Ersan-Prof.-Dr.-Necdet-Budak-Prof.-Dr.-Ilkin-Sengun-Prof.-Dr.-Devrim-Bozkurt-1024x640.jpg 1024w, https:\/\/www.euegeajans.com\/wp-content\/uploads\/2025\/12\/Prof.-Dr.-Mehmet-Ersan-Prof.-Dr.-Necdet-Budak-Prof.-Dr.-Ilkin-Sengun-Prof.-Dr.-Devrim-Bozkurt-768x480.jpg 768w, https:\/\/www.euegeajans.com\/wp-content\/uploads\/2025\/12\/Prof.-Dr.-Mehmet-Ersan-Prof.-Dr.-Necdet-Budak-Prof.-Dr.-Ilkin-Sengun-Prof.-Dr.-Devrim-Bozkurt.jpg 1500w\" sizes=\"auto, (max-width: 300px) 100vw, 300px\" \/>Prof. Dr. Budak, \u201c\u00dcniversitemizi Ara\u015ft\u0131rma \u00dcniversiteleri ligine ta\u015f\u0131yacak yolculu\u011fun en g\u00fc\u00e7l\u00fc ad\u0131mlar\u0131ndan biri ise 2018\u2019de yakla\u015f\u0131k 1000 \u00f6\u011fretim \u00fcyemizin kat\u0131l\u0131m\u0131yla d\u00fczenlenen \u2018Ege \u00dcniversitesi Gelecek \u015euras\u0131\u2019 oldu. T\u00fcrkiye\u2019de devlet \u00fcniversiteleri aras\u0131nda bir ilk olan bu b\u00fcy\u00fck kapsaml\u0131 \u015fura, Ege \u00dcniversitesinin \u00f6nceliklerini, e\u011fitim-\u00f6\u011fretim anlay\u0131\u015f\u0131n\u0131, ara\u015ft\u0131rma kabiliyetini, uluslararas\u0131la\u015fma vizyonunu ve gelecek hedeflerini masaya yat\u0131rd\u0131. Kat\u0131l\u0131mc\u0131larla ger\u00e7ekle\u015ftirilen anketler daha sonra raporla\u015ft\u0131r\u0131ld\u0131 ve yay\u0131mland\u0131. Ortaya \u00e7\u0131kan g\u00f6r\u00fc\u015fler ve \u00f6neriler do\u011frultusunda pek \u00e7ok \u00f6nemli ad\u0131m at\u0131ld\u0131. Bu \u00e7al\u0131\u015fmalar, \u00fcniversitemizin gelece\u011fini \u015fekillendiren stratejik kararlar\u0131n temelini olu\u015fturdu. Atama kriterlerinden BAP y\u00f6nergesine, proje seferberli\u011finden patentlerin ticarile\u015ftirilmesine, ara\u015ft\u0131rma koordinat\u00f6rl\u00fc\u011f\u00fcn\u00fcn kurularak ara\u015ft\u0131rma ekosisteminin kurumsalla\u015fmas\u0131ndan multidisipliner ara\u015ft\u0131rma gruplar\u0131n\u0131n kurulmas\u0131na kadar pek \u00e7ok radikal de\u011fi\u015fim d\u00f6n\u00fc\u015f\u00fcm ger\u00e7ekle\u015ftirdik. T\u00fcm bu emeklerin kar\u015f\u0131l\u0131\u011f\u0131 k\u0131sa s\u00fcrede g\u00f6r\u00fcn\u00fcr h\u00e2le geldi\u201d dedi.<\/p>\n<p style=\"text-align: justify;\"><b>\u201cHer alanda g\u00f6zle g\u00f6r\u00fcl\u00fcr art\u0131\u015f ya\u015fand\u0131\u201d<\/b><\/p>\n<p style=\"text-align: justify;\">Say\u0131sal verilerle gelinen noktay\u0131 vurgulayan Prof. Dr. Budak, \u201c2017 y\u0131l\u0131nda 24,44 olan performans puan\u0131m\u0131z, bug\u00fcn itibariyle y\u00fczde142 art\u0131\u015fla 59,28\u2019e \u00e7\u0131kt\u0131. Ge\u00e7en seneye g\u00f6re ise toplam puan\u0131m\u0131zda y\u00fczde 18 art\u0131\u015f oldu. Ara\u015ft\u0131rma \u00dcniversitesi stat\u00fcs\u00fcn\u00fc kazand\u0131\u011f\u0131m\u0131z 13 Aral\u0131k 2021 tarihinden bug\u00fcne toplam puan\u0131m\u0131zda y\u00fczde 52 art\u0131\u015f oldu. Ara\u015ft\u0131rma kapasitesinde ise ge\u00e7en seneye g\u00f6re y\u00fczde 1 art\u0131\u015f ya\u015fan\u0131rken, 2019 y\u0131l\u0131ndan bu yana y\u00fczde 170, ara\u015ft\u0131rma \u00fcniversitesi stat\u00fcs\u00fc kazanmam\u0131zdan bu yana ise y\u00fczde 73 art\u0131\u015f ya\u015fand\u0131. Ara\u015ft\u0131rma kalitesinde de ge\u00e7en seneye g\u00f6re y\u00fczde 53 art\u0131\u015f oldu. 2019 y\u0131l\u0131ndan bu yana y\u00fczde 109, ara\u015ft\u0131rma \u00fcniversitesi stat\u00fcs\u00fc kazanmam\u0131zdan bu yana ise y\u00fczde 54 art\u0131\u015f sa\u011fland\u0131. \u0130\u015f birli\u011fi kategorisinde ge\u00e7en seneye g\u00f6re y\u00fczde 10, ara\u015ft\u0131rma \u00fcniversitesi stat\u00fcs\u00fcn\u00fc kazand\u0131\u011f\u0131m\u0131z 2021 tarihinden bu yana y\u00fczde 18 art\u0131\u015f sa\u011fland\u0131.\u00a0 2025 y\u0131l\u0131 sonu\u00e7lar\u0131na g\u00f6re 31 parametrenin 17\u2019sinde y\u00fckseli\u015f oldu\u201d diye konu\u015ftu.<\/p>\n<p style=\"text-align: justify;\"><b>\u201cBu ba\u015far\u0131, hepimizin ba\u015far\u0131s\u0131d\u0131r\u201d<\/b><\/p>\n<p style=\"text-align: justify;\">\nBa\u015far\u0131n\u0131n yaln\u0131zca rakamlarla s\u0131n\u0131rl\u0131 olmad\u0131\u011f\u0131n\u0131 ifade eden Prof. Dr. Budak, \u201cBu ba\u015far\u0131 hik\u00e2yesi, yaln\u0131zca rakamlardan ibaret de\u011fildir. Bu ba\u015far\u0131; inanc\u0131n, azmin, kurum k\u00fclt\u00fcr\u00fcne duydu\u011fumuz ba\u011fl\u0131l\u0131\u011f\u0131n, Ege \u00dcniversitesi ailesinin topyek\u00fbn gayretinin \u00fcr\u00fcn\u00fcd\u00fcr. Her ad\u0131mda birlikte d\u00fc\u015f\u00fcnd\u00fck, birlikte \u00e7al\u0131\u015ft\u0131k, birlikte emek verdik. \u00c7\u00fcnk\u00fc biliyorduk ki Ege \u00dcniversitesi sadece bir kurum de\u011fil; k\u00f6kl\u00fc bir gelenek, g\u00fc\u00e7l\u00fc bir haf\u0131za ve gelece\u011fe dair ortak bir umuttur. Bizler bu inan\u00e7la yolumuza devam ediyoruz. Bilimin \u0131\u015f\u0131\u011f\u0131nda, ortak akl\u0131n rehberli\u011finde, \u00f6\u011frencilerimiz, akademisyenlerimiz, \u00e7al\u0131\u015fanlar\u0131m\u0131z ve t\u00fcm payda\u015flar\u0131m\u0131zla birlikte daha g\u00fc\u00e7l\u00fc bir Ege \u00dcniversitesi i\u00e7in \u00e7al\u0131\u015fmay\u0131 s\u00fcrd\u00fcr\u00fcyoruz. Hep birlikte \u00e7\u0131kt\u0131\u011f\u0131m\u0131z bu yolculukta eme\u011fi ge\u00e7en herkese y\u00fcrekten te\u015fekk\u00fcr ediyorum. Bu ba\u015far\u0131 hepimizin ba\u015far\u0131s\u0131d\u0131r. Ege \u00dcniversitesi, ge\u00e7mi\u015finden ald\u0131\u011f\u0131 g\u00fc\u00e7le, gelece\u011fe daha kararl\u0131, daha iddial\u0131 ve daha umut dolu ad\u0131mlar atmaya devam edecektir\u201d diyerek s\u00f6zlerini noktalad\u0131.<\/p>\n<p style=\"text-align: justify;\">Toplant\u0131 sonunda Prof. Dr. Necdet Budak taraf\u0131ndan Rekt\u00f6r Yard\u0131mc\u0131s\u0131 ve\u00a0 Ara\u015ft\u0131rma Koordinat\u00f6r\u00fc Prof. Dr. \u0130lkin \u015eeng\u00fcn ve ekibine te\u015fekk\u00fcr belgeleri takdim edildi. Belge takdiminin ard\u0131ndan \u00fcniversite \u00fcst y\u00f6netimi ve senato \u00fcyeleri, elde edilen ba\u015far\u0131y\u0131 pasta keserek kutlad\u0131.<\/p>\n<div id='gallery-1' class='gallery galleryid-31383 gallery-columns-2 gallery-size-medium'><figure class='gallery-item'>\n\t\t\t<div class='gallery-icon landscape'>\n\t\t\t\t<a href='https:\/\/www.euegeajans.com\/wp-content\/uploads\/2025\/12\/Rektor-Prof.-Dr.-Budak-Bu-basari-Ege-Universitesi-ailesinin-topyekun-gayretinin-urunudur-1.jpg'><img loading=\"lazy\" decoding=\"async\" width=\"300\" height=\"193\" src=\"https:\/\/www.euegeajans.com\/wp-content\/uploads\/2025\/12\/Rektor-Prof.-Dr.-Budak-Bu-basari-Ege-Universitesi-ailesinin-topyekun-gayretinin-urunudur-1-300x193.jpg\" class=\"attachment-medium size-medium\" alt=\"\" srcset=\"https:\/\/www.euegeajans.com\/wp-content\/uploads\/2025\/12\/Rektor-Prof.-Dr.-Budak-Bu-basari-Ege-Universitesi-ailesinin-topyekun-gayretinin-urunudur-1-300x193.jpg 300w, https:\/\/www.euegeajans.com\/wp-content\/uploads\/2025\/12\/Rektor-Prof.-Dr.-Budak-Bu-basari-Ege-Universitesi-ailesinin-topyekun-gayretinin-urunudur-1-1024x660.jpg 1024w, https:\/\/www.euegeajans.com\/wp-content\/uploads\/2025\/12\/Rektor-Prof.-Dr.-Budak-Bu-basari-Ege-Universitesi-ailesinin-topyekun-gayretinin-urunudur-1-768x495.jpg 768w, https:\/\/www.euegeajans.com\/wp-content\/uploads\/2025\/12\/Rektor-Prof.-Dr.-Budak-Bu-basari-Ege-Universitesi-ailesinin-topyekun-gayretinin-urunudur-1.jpg 1389w\" sizes=\"auto, (max-width: 300px) 100vw, 300px\" \/><\/a>\n\t\t\t<\/div><\/figure><figure class='gallery-item'>\n\t\t\t<div class='gallery-icon landscape'>\n\t\t\t\t<a href='https:\/\/www.euegeajans.com\/wp-content\/uploads\/2025\/12\/Rektor-Prof.-Dr.-Budak-Bu-basari-Ege-Universitesi-ailesinin-topyekun-gayretinin-urunudur-5.jpg'><img loading=\"lazy\" decoding=\"async\" width=\"300\" height=\"198\" src=\"https:\/\/www.euegeajans.com\/wp-content\/uploads\/2025\/12\/Rektor-Prof.-Dr.-Budak-Bu-basari-Ege-Universitesi-ailesinin-topyekun-gayretinin-urunudur-5-300x198.jpg\" class=\"attachment-medium size-medium\" alt=\"\" srcset=\"https:\/\/www.euegeajans.com\/wp-content\/uploads\/2025\/12\/Rektor-Prof.-Dr.-Budak-Bu-basari-Ege-Universitesi-ailesinin-topyekun-gayretinin-urunudur-5-300x198.jpg 300w, https:\/\/www.euegeajans.com\/wp-content\/uploads\/2025\/12\/Rektor-Prof.-Dr.-Budak-Bu-basari-Ege-Universitesi-ailesinin-topyekun-gayretinin-urunudur-5-1024x677.jpg 1024w, https:\/\/www.euegeajans.com\/wp-content\/uploads\/2025\/12\/Rektor-Prof.-Dr.-Budak-Bu-basari-Ege-Universitesi-ailesinin-topyekun-gayretinin-urunudur-5-768x508.jpg 768w, https:\/\/www.euegeajans.com\/wp-content\/uploads\/2025\/12\/Rektor-Prof.-Dr.-Budak-Bu-basari-Ege-Universitesi-ailesinin-topyekun-gayretinin-urunudur-5.jpg 1476w\" sizes=\"auto, (max-width: 300px) 100vw, 300px\" \/><\/a>\n\t\t\t<\/div><\/figure>\n\t\t<\/div>\n\n","protected":false},"excerpt":{"rendered":"<p>\u00a0E\u00dc Senatosunda gururland\u0131ran ba\u015far\u0131 kutland\u0131 Ege \u00dcniversitesi Senato Toplant\u0131s\u0131nda, \u00fcniversitenin ara\u015ft\u0131rma \u00fcniversiteleri ligindeki ba\u015far\u0131l\u0131 y\u00fckseli\u015fi&#8230;<\/p>\n","protected":false},"author":2,"featured_media":31388,"comment_status":"open","ping_status":"open","sticky":false,"template":"","format":"standard","meta":{"footnotes":""},"categories":[69,99,1,70],"tags":[],"class_list":["post-31383","post","type-post","status-publish","format-standard","has-post-thumbnail","hentry","category-bilim","category-egitim","category-gncl","category-kampus"],"featured_image_urls":{"full":["https:\/\/www.euegeajans.com\/wp-content\/uploads\/2025\/12\/Rektor-Prof.-Dr.-Budak-Bu-basari-Ege-Universitesi-ailesinin-topyekun-gayretinin-urunudur-6.jpg",1419,970,false],"thumbnail":["https:\/\/www.euegeajans.com\/wp-content\/uploads\/2025\/12\/Rektor-Prof.-Dr.-Budak-Bu-basari-Ege-Universitesi-ailesinin-topyekun-gayretinin-urunudur-6-150x150.jpg",150,150,true],"medium":["https:\/\/www.euegeajans.com\/wp-content\/uploads\/2025\/12\/Rektor-Prof.-Dr.-Budak-Bu-basari-Ege-Universitesi-ailesinin-topyekun-gayretinin-urunudur-6-300x205.jpg",300,205,true],"medium_large":["https:\/\/www.euegeajans.com\/wp-content\/uploads\/2025\/12\/Rektor-Prof.-Dr.-Budak-Bu-basari-Ege-Universitesi-ailesinin-topyekun-gayretinin-urunudur-6-768x525.jpg",640,438,true],"large":["https:\/\/www.euegeajans.com\/wp-content\/uploads\/2025\/12\/Rektor-Prof.-Dr.-Budak-Bu-basari-Ege-Universitesi-ailesinin-topyekun-gayretinin-urunudur-6-1024x700.jpg",640,438,true],"1536x1536":["https:\/\/www.euegeajans.com\/wp-content\/uploads\/2025\/12\/Rektor-Prof.-Dr.-Budak-Bu-basari-Ege-Universitesi-ailesinin-topyekun-gayretinin-urunudur-6.jpg",1419,970,false],"2048x2048":["https:\/\/www.euegeajans.com\/wp-content\/uploads\/2025\/12\/Rektor-Prof.-Dr.-Budak-Bu-basari-Ege-Universitesi-ailesinin-topyekun-gayretinin-urunudur-6.jpg",1419,970,false],"newsphere-slider-full":["https:\/\/www.euegeajans.com\/wp-content\/uploads\/2025\/12\/Rektor-Prof.-Dr.-Budak-Bu-basari-Ege-Universitesi-ailesinin-topyekun-gayretinin-urunudur-6-1280x720.jpg",1280,720,true],"newsphere-featured":["https:\/\/www.euegeajans.com\/wp-content\/uploads\/2025\/12\/Rektor-Prof.-Dr.-Budak-Bu-basari-Ege-Universitesi-ailesinin-topyekun-gayretinin-urunudur-6-1024x700.jpg",1024,700,true],"newsphere-medium":["https:\/\/www.euegeajans.com\/wp-content\/uploads\/2025\/12\/Rektor-Prof.-Dr.-Budak-Bu-basari-Ege-Universitesi-ailesinin-topyekun-gayretinin-urunudur-6-720x380.jpg",720,380,true]},"author_info":{"display_name":"Editor","author_link":"https:\/\/www.euegeajans.com\/index.php\/author\/editor\/"},"category_info":"<a href=\"https:\/\/www.euegeajans.com\/index.php\/category\/bilim\/\" rel=\"category tag\">Bilim<\/a> <a href=\"https:\/\/www.euegeajans.com\/index.php\/category\/egitim\/\" rel=\"category tag\">E\u011fitim<\/a> <a href=\"https:\/\/www.euegeajans.com\/index.php\/category\/gncl\/\" rel=\"category tag\">G\u00fcncel<\/a> <a href=\"https:\/\/www.euegeajans.com\/index.php\/category\/kampus\/\" rel=\"category tag\">Kamp\u00fcs<\/a>","tag_info":"Kamp\u00fcs","comment_count":"0","_links":{"self":[{"href":"https:\/\/www.euegeajans.com\/index.php\/wp-json\/wp\/v2\/posts\/31383","targetHints":{"allow":["GET"]}}],"collection":[{"href":"https:\/\/www.euegeajans.com\/index.php\/wp-json\/wp\/v2\/posts"}],"about":[{"href":"https:\/\/www.euegeajans.com\/index.php\/wp-json\/wp\/v2\/types\/post"}],"author":[{"embeddable":true,"href":"https:\/\/www.euegeajans.com\/index.php\/wp-json\/wp\/v2\/users\/2"}],"replies":[{"embeddable":true,"href":"https:\/\/www.euegeajans.com\/index.php\/wp-json\/wp\/v2\/comments?post=31383"}],"version-history":[{"count":4,"href":"https:\/\/www.euegeajans.com\/index.php\/wp-json\/wp\/v2\/posts\/31383\/revisions"}],"predecessor-version":[{"id":31392,"href":"https:\/\/www.euegeajans.com\/index.php\/wp-json\/wp\/v2\/posts\/31383\/revisions\/31392"}],"wp:featuredmedia":[{"embeddable":true,"href":"https:\/\/www.euegeajans.com\/index.php\/wp-json\/wp\/v2\/media\/31388"}],"wp:attachment":[{"href":"https:\/\/www.euegeajans.com\/index.php\/wp-json\/wp\/v2\/media?parent=31383"}],"wp:term":[{"taxonomy":"category","embeddable":true,"href":"https:\/\/www.euegeajans.com\/index.php\/wp-json\/wp\/v2\/categories?post=31383"},{"taxonomy":"post_tag","embeddable":true,"href":"https:\/\/www.euegeajans.com\/index.php\/wp-json\/wp\/v2\/tags?post=31383"}],"curies":[{"name":"wp","href":"https:\/\/api.w.org\/{rel}","templated":true}]}}