{"id":31376,"date":"2025-12-08T06:40:19","date_gmt":"2025-12-08T06:40:19","guid":{"rendered":"https:\/\/www.euegeajans.com\/?p=31376"},"modified":"2025-12-08T06:40:20","modified_gmt":"2025-12-08T06:40:20","slug":"ege-universitesi-dunya-yesil-ve-surdurulebilir-kampus-endeksinde-yukselisini-surduruyor","status":"publish","type":"post","link":"https:\/\/www.euegeajans.com\/index.php\/2025\/12\/08\/ege-universitesi-dunya-yesil-ve-surdurulebilir-kampus-endeksinde-yukselisini-surduruyor\/","title":{"rendered":"Ege \u00dcniversitesi \u201cD\u00fcnya Ye\u015fil ve S\u00fcrd\u00fcr\u00fclebilir Kamp\u00fcs Endeksi\u201dnde y\u00fckseli\u015fini s\u00fcrd\u00fcr\u00fcyor"},"content":{"rendered":"<p style=\"text-align: justify;\"><strong>UI GreenMetric\u2019te son 8 y\u0131lda 260 basamak y\u00fckselen Ege \u00dcniversitesi d\u00fcnyada 83\u2019\u00fcnc\u00fc T\u00fcrkiye\u2019de 4\u2019\u00fcnc\u00fc Ege B\u00f6lgesinde birinci oldu<\/strong><\/p>\n<p style=\"text-align: justify;\">Ege \u00dcniversitesi, UI GreenMetric S\u00fcrd\u00fcr\u00fclebilir Kamp\u00fcsler Endeksi\u2019nde 5 basamak daha y\u00fckselerek d\u00fcnya genelinde 83\u2019\u00fcnc\u00fc s\u0131raya yerle\u015fti. Ege B\u00f6lgesi birincisi olan Ege \u00dcniversitesi T\u00fcrkiye\u2019deki \u00fcniversiteler aras\u0131nda ise d\u00f6rd\u00fcnc\u00fc s\u0131rada yer ald\u0131.<\/p>\n<p style=\"text-align: justify;\">UI GreenMetric taraf\u0131ndan haz\u0131rlanan \u00e7evreye duyarl\u0131 \u00fcniversiteler s\u0131ralamas\u0131 a\u00e7\u0131kland\u0131. Y\u00fcksek\u00f6\u011fretim kurumlar\u0131n\u0131; enerji ve iklim de\u011fi\u015fikli\u011fi, at\u0131k y\u00f6netimi, su kaynaklar\u0131, ula\u015f\u0131m ve bu hedeflere y\u00f6nelik e\u011fitim ve ara\u015ft\u0131rma kategorilerinde de\u011ferlendiren s\u0131ralamada Ege \u00dcniversitesi y\u00fckseli\u015fini s\u00fcrd\u00fcrd\u00fc. 105 \u00fclkeden 1.745 \u00fcniversitenin de\u011ferlendirildi\u011fi endekste Ege \u00dcniversitesi, d\u00fcnya genelinde 83\u2019\u00fcnc\u00fc s\u0131raya y\u00fckselirken T\u00fcrk \u00fcniversiteleri aras\u0131nda d\u00f6rd\u00fcnc\u00fc, Ege B\u00f6lgesinde ise birinci oldu.<\/p>\n<p style=\"text-align: justify;\"><img loading=\"lazy\" decoding=\"async\" class=\"size-medium wp-image-31378 alignleft\" src=\"http:\/\/www.euegeajans.com\/wp-content\/uploads\/2025\/12\/Ege-Universitesi-Dunya-Yesil-ve-Surdurulebilir-Kampus-Endeksinde-yukselisini-surduruyor-2-300x225.jpg\" alt=\"\" width=\"300\" height=\"225\" srcset=\"https:\/\/www.euegeajans.com\/wp-content\/uploads\/2025\/12\/Ege-Universitesi-Dunya-Yesil-ve-Surdurulebilir-Kampus-Endeksinde-yukselisini-surduruyor-2-300x225.jpg 300w, https:\/\/www.euegeajans.com\/wp-content\/uploads\/2025\/12\/Ege-Universitesi-Dunya-Yesil-ve-Surdurulebilir-Kampus-Endeksinde-yukselisini-surduruyor-2-1024x768.jpg 1024w, https:\/\/www.euegeajans.com\/wp-content\/uploads\/2025\/12\/Ege-Universitesi-Dunya-Yesil-ve-Surdurulebilir-Kampus-Endeksinde-yukselisini-surduruyor-2-768x576.jpg 768w, https:\/\/www.euegeajans.com\/wp-content\/uploads\/2025\/12\/Ege-Universitesi-Dunya-Yesil-ve-Surdurulebilir-Kampus-Endeksinde-yukselisini-surduruyor-2-1536x1152.jpg 1536w, https:\/\/www.euegeajans.com\/wp-content\/uploads\/2025\/12\/Ege-Universitesi-Dunya-Yesil-ve-Surdurulebilir-Kampus-Endeksinde-yukselisini-surduruyor-2.jpg 2048w\" sizes=\"auto, (max-width: 300px) 100vw, 300px\" \/>Ege \u00dcniversitesi Rekt\u00f6r\u00fc Prof. Dr. Necdet Budak, \u201cZiraat m\u00fchendisi bir rekt\u00f6r olarak 2017 y\u0131l\u0131nda g\u00f6revi devrald\u0131\u011f\u0131mda S\u00fcrd\u00fcr\u00fclebilir Kamp\u00fcs Endeksi i\u00e7in bir hedef belirlemi\u015ftik. Ege \u00dcniversitesinin 343 olan d\u00fcnya s\u0131rlamas\u0131n\u0131 ilk 100\u2019e ta\u015f\u0131mak ve \u00fclkemiz i\u00e7in ilk 5 i\u00e7erisine girmek. \u00dcniversitemizde bu hedefimiz do\u011frultusunda \u00f6nemli projeleri hayata ge\u00e7irdik. Her \u015feyden \u00f6nemlisi \u00f6\u011frencisinden \u00f6\u011fretim elemanlar\u0131na \u00e7evre bilincini bir k\u00fclt\u00fcr haline getirdik. \u00c7evre, \u015eehircilik ve \u0130klim De\u011fi\u015fikli\u011fi Bakanl\u0131\u011f\u0131 taraf\u0131ndan y\u00fcr\u00fct\u00fclen \u2018S\u0131f\u0131r At\u0131k Projesi\u2019 kapsam\u0131nda pilot \u00fcniversite se\u00e7ilen \u00fcniversitemizde s\u00fcrd\u00fcrd\u00fc\u011f\u00fcm\u00fcz \u00e7al\u0131\u015fmalar\u0131n sonucunda ilimizde \u2018S\u0131f\u0131r At\u0131k Belgesi\u2019 almaya hak kazanan ilk e\u011fitim kurumu olduk. Y\u00fcksek\u00f6\u011fretim Kurulu, \u00c7evre \u015eehircilik ve \u0130klim De\u011fi\u015fikli\u011fi Bakanl\u0131\u011f\u0131 ile Enerji ve Tabii Kaynaklar Bakanl\u0131\u011f\u0131 aras\u0131nda imzalanan \u2018S\u00fcrd\u00fcr\u00fclebilir ve \u0130klim Dostu Kamp\u00fcs Olu\u015fturulmas\u0131 Alan\u0131nda \u0130\u015f Birli\u011fi Protokol\u00fc\u2019 kapsam\u0131nda 10 pilot \u00fcniversiteden biri olarak se\u00e7ildik. S\u0131f\u0131r At\u0131k Eylem Plan\u0131m\u0131z\u0131 haz\u0131rlayarak s\u0131f\u0131r at\u0131k sisteminin sorunsuz i\u015flemesini sa\u011flad\u0131k. Eylem plan\u0131m\u0131z kapsam\u0131nda kamp\u00fcs\u00fcm\u00fcz\u00fcn farkl\u0131 noktalar\u0131na \u2018Mobil At\u0131k Getirme Merkezleri\u2019 yerle\u015ftirdik. Kamp\u00fcs\u00fcm\u00fcz genelinde ISO 9001 Kalite Belgesi ve ISO 14001: \u00c7evre Y\u00f6netim Sistemi sertifikas\u0131n\u0131 almaya hak kazand\u0131k. Kamp\u00fcs\u00fcm\u00fczde 110 bin metrekare olan ye\u015fil alan oran\u0131n\u0131 son 7 y\u0131lda 5 kat\u0131na \u00e7\u0131kard\u0131k. Hayata ge\u00e7irdi\u011fimiz \u00e7evre dostu uygulamalar\u0131m\u0131z ve s\u0131f\u0131r at\u0131k politikam\u0131z neticesinde istikrarl\u0131 bir ilerleme g\u00f6sterdik. S\u00fcrd\u00fcr\u00fclebilir \u00e7evre dostu uygulamalar\u0131m\u0131zla sadece \u00fclkemizde de\u011fil d\u00fcnyada da \u00f6rnek bir \u00fcniversite konumuna ula\u015ft\u0131k. Bu ba\u015far\u0131lar\u0131m\u0131z\u0131n sonucu olarak \u00dcniversitemiz, Uluslararas\u0131 GreenMetric Y\u00fcr\u00fctme Kurulu\u2019nda yer alarak GreenMetric T\u00fcrkiye Ulusal Koordinat\u00f6r\u00fc oldu\u201d diye konu\u015ftu.<\/p>\n<p style=\"text-align: justify;\"><b>\u201cS\u00fcrd\u00fcr\u00fclebilir kamp\u00fcs \u00e7al\u0131\u015fmalar\u0131m\u0131z\u0131 kararl\u0131l\u0131kla s\u00fcrd\u00fcrece\u011fiz\u201d<\/b><\/p>\n<p style=\"text-align: justify;\">Rekt\u00f6r Prof. Dr. Necdet Budak, \u201cTam akredite, \u00f6\u011frenci odakl\u0131, sa\u011fl\u0131k temal\u0131, ara\u015ft\u0131rma \u00fcniversitemiz,\u00a0 105 \u00fclkeden 1.745 \u00fcniversitenin de\u011ferlendirildi\u011fi UI GreenMetric S\u00fcrd\u00fcr\u00fclebilir Kamp\u00fcsler Endeksi\u2019nde T\u00fcrkiye\u2019deki devlet \u00fcniversiteleri aras\u0131nda 4\u2019\u00fcnc\u00fc, Ege B\u00f6lgesinde 1\u2019inci d\u00fcnyada ise 83\u2019\u00fcnc\u00fc s\u0131rada yer ald\u0131. Elde etti\u011fimiz bu ba\u015far\u0131 s\u00fcrd\u00fcr\u00fclebilir \u00e7evre dostu altyap\u0131 projelerimizin, \u00a0stratejik d\u00f6n\u00fc\u015f\u00fcm politikalar\u0131m\u0131z\u0131n, yaya \u00f6ncelikli d\u00f6rt mevsim ye\u015fil\u00a0 ekosistemimizin somut g\u00f6stergesi oldu.\u00a0 Ege \u00dcniversitesi ailesi olarak, bug\u00fcne kadar oldu\u011fu kadar bundan sonra da s\u00fcrd\u00fcr\u00fclebilir kamp\u00fcs \u00e7al\u0131\u015fmalar\u0131m\u0131z\u0131 kararl\u0131l\u0131kla s\u00fcrd\u00fcrece\u011fiz. Bu b\u00fcy\u00fck ba\u015far\u0131da eme\u011fi ge\u00e7en \u00a0akademisyenlerimize, \u00f6\u011frencilerimize, idari personelimize ve t\u00fcm payda\u015flar\u0131m\u0131za te\u015fekk\u00fcr ediyorum\u201d dedi.<\/p>\n<div id='gallery-1' class='gallery galleryid-31376 gallery-columns-3 gallery-size-medium'><figure class='gallery-item'>\n\t\t\t<div class='gallery-icon landscape'>\n\t\t\t\t<a href='https:\/\/www.euegeajans.com\/wp-content\/uploads\/2025\/12\/Ege-Universitesi-Dunya-Yesil-ve-Surdurulebilir-Kampus-Endeksinde-yukselisini-surduruyor-3.jpg'><img loading=\"lazy\" decoding=\"async\" width=\"300\" height=\"200\" src=\"https:\/\/www.euegeajans.com\/wp-content\/uploads\/2025\/12\/Ege-Universitesi-Dunya-Yesil-ve-Surdurulebilir-Kampus-Endeksinde-yukselisini-surduruyor-3-300x200.jpg\" class=\"attachment-medium size-medium\" alt=\"\" srcset=\"https:\/\/www.euegeajans.com\/wp-content\/uploads\/2025\/12\/Ege-Universitesi-Dunya-Yesil-ve-Surdurulebilir-Kampus-Endeksinde-yukselisini-surduruyor-3-300x200.jpg 300w, https:\/\/www.euegeajans.com\/wp-content\/uploads\/2025\/12\/Ege-Universitesi-Dunya-Yesil-ve-Surdurulebilir-Kampus-Endeksinde-yukselisini-surduruyor-3-1024x683.jpg 1024w, https:\/\/www.euegeajans.com\/wp-content\/uploads\/2025\/12\/Ege-Universitesi-Dunya-Yesil-ve-Surdurulebilir-Kampus-Endeksinde-yukselisini-surduruyor-3-768x512.jpg 768w, https:\/\/www.euegeajans.com\/wp-content\/uploads\/2025\/12\/Ege-Universitesi-Dunya-Yesil-ve-Surdurulebilir-Kampus-Endeksinde-yukselisini-surduruyor-3.jpg 1500w\" sizes=\"auto, (max-width: 300px) 100vw, 300px\" \/><\/a>\n\t\t\t<\/div><\/figure><figure class='gallery-item'>\n\t\t\t<div class='gallery-icon landscape'>\n\t\t\t\t<a href='https:\/\/www.euegeajans.com\/wp-content\/uploads\/2025\/12\/Ege-Universitesi-Dunya-Yesil-ve-Surdurulebilir-Kampus-Endeksinde-yukselisini-surduruyor-4.jpg'><img loading=\"lazy\" decoding=\"async\" width=\"300\" height=\"169\" src=\"https:\/\/www.euegeajans.com\/wp-content\/uploads\/2025\/12\/Ege-Universitesi-Dunya-Yesil-ve-Surdurulebilir-Kampus-Endeksinde-yukselisini-surduruyor-4-300x169.jpg\" class=\"attachment-medium size-medium\" alt=\"\" srcset=\"https:\/\/www.euegeajans.com\/wp-content\/uploads\/2025\/12\/Ege-Universitesi-Dunya-Yesil-ve-Surdurulebilir-Kampus-Endeksinde-yukselisini-surduruyor-4-300x169.jpg 300w, https:\/\/www.euegeajans.com\/wp-content\/uploads\/2025\/12\/Ege-Universitesi-Dunya-Yesil-ve-Surdurulebilir-Kampus-Endeksinde-yukselisini-surduruyor-4-1024x576.jpg 1024w, https:\/\/www.euegeajans.com\/wp-content\/uploads\/2025\/12\/Ege-Universitesi-Dunya-Yesil-ve-Surdurulebilir-Kampus-Endeksinde-yukselisini-surduruyor-4-768x432.jpg 768w, https:\/\/www.euegeajans.com\/wp-content\/uploads\/2025\/12\/Ege-Universitesi-Dunya-Yesil-ve-Surdurulebilir-Kampus-Endeksinde-yukselisini-surduruyor-4-1536x864.jpg 1536w, https:\/\/www.euegeajans.com\/wp-content\/uploads\/2025\/12\/Ege-Universitesi-Dunya-Yesil-ve-Surdurulebilir-Kampus-Endeksinde-yukselisini-surduruyor-4-1280x720.jpg 1280w, https:\/\/www.euegeajans.com\/wp-content\/uploads\/2025\/12\/Ege-Universitesi-Dunya-Yesil-ve-Surdurulebilir-Kampus-Endeksinde-yukselisini-surduruyor-4.jpg 1920w\" sizes=\"auto, (max-width: 300px) 100vw, 300px\" \/><\/a>\n\t\t\t<\/div><\/figure><figure class='gallery-item'>\n\t\t\t<div class='gallery-icon landscape'>\n\t\t\t\t<a href='https:\/\/www.euegeajans.com\/wp-content\/uploads\/2025\/12\/Ege-Universitesi-Dunya-Yesil-ve-Surdurulebilir-Kampus-Endeksinde-yukselisini-surduruyor-5.jpg'><img loading=\"lazy\" decoding=\"async\" width=\"300\" height=\"200\" src=\"https:\/\/www.euegeajans.com\/wp-content\/uploads\/2025\/12\/Ege-Universitesi-Dunya-Yesil-ve-Surdurulebilir-Kampus-Endeksinde-yukselisini-surduruyor-5-300x200.jpg\" class=\"attachment-medium size-medium\" alt=\"\" srcset=\"https:\/\/www.euegeajans.com\/wp-content\/uploads\/2025\/12\/Ege-Universitesi-Dunya-Yesil-ve-Surdurulebilir-Kampus-Endeksinde-yukselisini-surduruyor-5-300x200.jpg 300w, https:\/\/www.euegeajans.com\/wp-content\/uploads\/2025\/12\/Ege-Universitesi-Dunya-Yesil-ve-Surdurulebilir-Kampus-Endeksinde-yukselisini-surduruyor-5-1024x684.jpg 1024w, https:\/\/www.euegeajans.com\/wp-content\/uploads\/2025\/12\/Ege-Universitesi-Dunya-Yesil-ve-Surdurulebilir-Kampus-Endeksinde-yukselisini-surduruyor-5-768x513.jpg 768w, https:\/\/www.euegeajans.com\/wp-content\/uploads\/2025\/12\/Ege-Universitesi-Dunya-Yesil-ve-Surdurulebilir-Kampus-Endeksinde-yukselisini-surduruyor-5.jpg 1504w\" sizes=\"auto, (max-width: 300px) 100vw, 300px\" \/><\/a>\n\t\t\t<\/div><\/figure>\n\t\t<\/div>\n\n","protected":false},"excerpt":{"rendered":"<p>UI GreenMetric\u2019te son 8 y\u0131lda 260 basamak y\u00fckselen Ege \u00dcniversitesi d\u00fcnyada 83\u2019\u00fcnc\u00fc T\u00fcrkiye\u2019de 4\u2019\u00fcnc\u00fc Ege&#8230;<\/p>\n","protected":false},"author":2,"featured_media":31377,"comment_status":"open","ping_status":"open","sticky":false,"template":"","format":"standard","meta":{"footnotes":""},"categories":[69,99,1,70],"tags":[],"class_list":["post-31376","post","type-post","status-publish","format-standard","has-post-thumbnail","hentry","category-bilim","category-egitim","category-gncl","category-kampus"],"featured_image_urls":{"full":["https:\/\/www.euegeajans.com\/wp-content\/uploads\/2025\/12\/Ege-Universitesi-Dunya-Yesil-ve-Surdurulebilir-Kampus-Endeksinde-yukselisini-surduruyor-1.jpg",1600,900,false],"thumbnail":["https:\/\/www.euegeajans.com\/wp-content\/uploads\/2025\/12\/Ege-Universitesi-Dunya-Yesil-ve-Surdurulebilir-Kampus-Endeksinde-yukselisini-surduruyor-1-150x150.jpg",150,150,true],"medium":["https:\/\/www.euegeajans.com\/wp-content\/uploads\/2025\/12\/Ege-Universitesi-Dunya-Yesil-ve-Surdurulebilir-Kampus-Endeksinde-yukselisini-surduruyor-1-300x169.jpg",300,169,true],"medium_large":["https:\/\/www.euegeajans.com\/wp-content\/uploads\/2025\/12\/Ege-Universitesi-Dunya-Yesil-ve-Surdurulebilir-Kampus-Endeksinde-yukselisini-surduruyor-1-768x432.jpg",640,360,true],"large":["https:\/\/www.euegeajans.com\/wp-content\/uploads\/2025\/12\/Ege-Universitesi-Dunya-Yesil-ve-Surdurulebilir-Kampus-Endeksinde-yukselisini-surduruyor-1-1024x576.jpg",640,360,true],"1536x1536":["https:\/\/www.euegeajans.com\/wp-content\/uploads\/2025\/12\/Ege-Universitesi-Dunya-Yesil-ve-Surdurulebilir-Kampus-Endeksinde-yukselisini-surduruyor-1-1536x864.jpg",1536,864,true],"2048x2048":["https:\/\/www.euegeajans.com\/wp-content\/uploads\/2025\/12\/Ege-Universitesi-Dunya-Yesil-ve-Surdurulebilir-Kampus-Endeksinde-yukselisini-surduruyor-1.jpg",1600,900,false],"newsphere-slider-full":["https:\/\/www.euegeajans.com\/wp-content\/uploads\/2025\/12\/Ege-Universitesi-Dunya-Yesil-ve-Surdurulebilir-Kampus-Endeksinde-yukselisini-surduruyor-1-1280x720.jpg",1280,720,true],"newsphere-featured":["https:\/\/www.euegeajans.com\/wp-content\/uploads\/2025\/12\/Ege-Universitesi-Dunya-Yesil-ve-Surdurulebilir-Kampus-Endeksinde-yukselisini-surduruyor-1-1024x576.jpg",1024,576,true],"newsphere-medium":["https:\/\/www.euegeajans.com\/wp-content\/uploads\/2025\/12\/Ege-Universitesi-Dunya-Yesil-ve-Surdurulebilir-Kampus-Endeksinde-yukselisini-surduruyor-1-720x380.jpg",720,380,true]},"author_info":{"display_name":"Editor","author_link":"https:\/\/www.euegeajans.com\/index.php\/author\/editor\/"},"category_info":"<a href=\"https:\/\/www.euegeajans.com\/index.php\/category\/bilim\/\" rel=\"category tag\">Bilim<\/a> <a href=\"https:\/\/www.euegeajans.com\/index.php\/category\/egitim\/\" rel=\"category tag\">E\u011fitim<\/a> <a href=\"https:\/\/www.euegeajans.com\/index.php\/category\/gncl\/\" rel=\"category tag\">G\u00fcncel<\/a> <a href=\"https:\/\/www.euegeajans.com\/index.php\/category\/kampus\/\" rel=\"category tag\">Kamp\u00fcs<\/a>","tag_info":"Kamp\u00fcs","comment_count":"0","_links":{"self":[{"href":"https:\/\/www.euegeajans.com\/index.php\/wp-json\/wp\/v2\/posts\/31376","targetHints":{"allow":["GET"]}}],"collection":[{"href":"https:\/\/www.euegeajans.com\/index.php\/wp-json\/wp\/v2\/posts"}],"about":[{"href":"https:\/\/www.euegeajans.com\/index.php\/wp-json\/wp\/v2\/types\/post"}],"author":[{"embeddable":true,"href":"https:\/\/www.euegeajans.com\/index.php\/wp-json\/wp\/v2\/users\/2"}],"replies":[{"embeddable":true,"href":"https:\/\/www.euegeajans.com\/index.php\/wp-json\/wp\/v2\/comments?post=31376"}],"version-history":[{"count":1,"href":"https:\/\/www.euegeajans.com\/index.php\/wp-json\/wp\/v2\/posts\/31376\/revisions"}],"predecessor-version":[{"id":31382,"href":"https:\/\/www.euegeajans.com\/index.php\/wp-json\/wp\/v2\/posts\/31376\/revisions\/31382"}],"wp:featuredmedia":[{"embeddable":true,"href":"https:\/\/www.euegeajans.com\/index.php\/wp-json\/wp\/v2\/media\/31377"}],"wp:attachment":[{"href":"https:\/\/www.euegeajans.com\/index.php\/wp-json\/wp\/v2\/media?parent=31376"}],"wp:term":[{"taxonomy":"category","embeddable":true,"href":"https:\/\/www.euegeajans.com\/index.php\/wp-json\/wp\/v2\/categories?post=31376"},{"taxonomy":"post_tag","embeddable":true,"href":"https:\/\/www.euegeajans.com\/index.php\/wp-json\/wp\/v2\/tags?post=31376"}],"curies":[{"name":"wp","href":"https:\/\/api.w.org\/{rel}","templated":true}]}}