{"id":31263,"date":"2025-11-28T02:31:00","date_gmt":"2025-11-28T02:31:00","guid":{"rendered":"https:\/\/www.euegeajans.com\/?p=31263"},"modified":"2025-11-28T07:33:15","modified_gmt":"2025-11-28T07:33:15","slug":"eu-konservatuarinda-flamenko-gitar-esintisi-kulaklarin-pasini-sildi","status":"publish","type":"post","link":"https:\/\/www.euegeajans.com\/index.php\/2025\/11\/28\/eu-konservatuarinda-flamenko-gitar-esintisi-kulaklarin-pasini-sildi\/","title":{"rendered":"E\u00dc Konservatuar\u0131nda \u201cFlamenko Gitar\u201d Esintisi kulaklar\u0131n pas\u0131n\u0131 sildi"},"content":{"rendered":"<p style=\"font-weight: 400; text-align: justify;\">Ege \u00dcniversitesi (E\u00dc) Devlet T\u00fcrk Musikisi Konservatuar\u0131 (DTMK)\u00a0\u00d6\u011fr. G\u00f6r. Halil \u0130brahim Y\u00fcksel moderat\u00f6rl\u00fc\u011f\u00fcnde\u00a0<strong>\u201cFlamenko Gitar\u201d<\/strong>\u00a0dinletisi d\u00fczenlendi. E\u00dc Konservatuvar Etkinlik Salonunda ger\u00e7ekle\u015ftirilen dinleti \u00f6\u011frenciler ve sanatseverler taraf\u0131ndan b\u00fcy\u00fck ilgi g\u00f6rd\u00fc.\u00a0Flamenko gitar sanat\u00e7\u0131s\u0131 Mertan Altay&#8217;\u0131n sahne ald\u0131\u011f\u0131 dinletide, sanatseverler m\u00fczi\u011fin derinliklerine uzanan b\u00fcy\u00fcl\u00fc bir yolculu\u011fa \u00e7\u0131kt\u0131.<\/p>\n<p style=\"font-weight: 400; text-align: justify;\">Dinletide Flamenko gitar sanat\u00e7\u0131s\u0131 Mertan Altay, repertuvar\u0131nda yer alan \u00e7e\u015fitli klasik eserlerle dinleyicilere unutulmaz anlar ya\u015fatt\u0131. Zaman zaman \u00d6\u011fr. G\u00f6r. Halil \u0130brahim Y\u00fcksel de belirli par\u00e7alarda Altay\u2019a e\u015flik ederek performansa farkl\u0131 bir boyut katt\u0131.<\/p>\n<p style=\"font-weight: 400; text-align: justify;\"><img loading=\"lazy\" decoding=\"async\" class=\"size-medium wp-image-31265 alignleft\" src=\"http:\/\/www.euegeajans.com\/wp-content\/uploads\/2025\/11\/Mertan-Altay-Ogr.-Gor.-Halil-Ibrahim-Yuksel-2-300x200.jpg\" alt=\"\" width=\"300\" height=\"200\" srcset=\"https:\/\/www.euegeajans.com\/wp-content\/uploads\/2025\/11\/Mertan-Altay-Ogr.-Gor.-Halil-Ibrahim-Yuksel-2-300x200.jpg 300w, https:\/\/www.euegeajans.com\/wp-content\/uploads\/2025\/11\/Mertan-Altay-Ogr.-Gor.-Halil-Ibrahim-Yuksel-2-1024x683.jpg 1024w, https:\/\/www.euegeajans.com\/wp-content\/uploads\/2025\/11\/Mertan-Altay-Ogr.-Gor.-Halil-Ibrahim-Yuksel-2-768x512.jpg 768w, https:\/\/www.euegeajans.com\/wp-content\/uploads\/2025\/11\/Mertan-Altay-Ogr.-Gor.-Halil-Ibrahim-Yuksel-2.jpg 1500w\" sizes=\"auto, (max-width: 300px) 100vw, 300px\" \/>Dinletinin amac\u0131na dair bilgi veren \u00d6\u011fretim G\u00f6revlisi Halil \u0130brahim Y\u00fcksel, &#8220;T\u00fcrk Musiki Sanat\u0131 dersi, di\u011fer b\u00f6l\u00fcmlerden \u00f6\u011frencilerin de kat\u0131labildi\u011fi havuz derslerden biri. Bu dinletiyi; T\u00fcrk m\u00fczi\u011fi ve Bat\u0131 m\u00fczi\u011fi enstr\u00fcmanlar\u0131n\u0131 bir araya getirerek, evrenselli\u011fi kabul edilmi\u015f farkl\u0131 m\u00fczik t\u00fcrlerinden \u00f6rnekleri \u00f6\u011frencilerimize sunmak, onlar\u0131n m\u00fczikal estetiklerini geli\u015ftirmek ve perspektiflerini geni\u015fletmek amac\u0131yla d\u00fczenledik&#8221; diye konu\u015ftu.<\/p>\n<p style=\"font-weight: 400; text-align: justify;\">Yakla\u015f\u0131k 15 ya\u015f\u0131ndan beri gitarla ilgilendi\u011fini belirten sanat\u00e7\u0131 Mertan Altay ise flamenko ile tan\u0131\u015fma s\u00fcrecini \u015fu s\u00f6zlerle anlatt\u0131: &#8220;Gen\u00e7li\u011fimde kat\u0131ld\u0131\u011f\u0131m bir festivalde flamenkonun ne oldu\u011funu \u00f6\u011frendim. B\u00f6ylece bu yolculuk ba\u015flad\u0131 ve devam etti. Flamenko asl\u0131nda End\u00fcl\u00fcs \u00e7ingenelerinin m\u00fczi\u011fidir.&#8221; Altay, dinleyicilere flamenkonun k\u00f6kenleri, tarihsel geli\u015fimi ve sole\u00e1, buler\u00eda, taranta gibi \u00e7e\u015fitli formlar\u0131 hakk\u0131nda detayl\u0131 bilgiler aktard\u0131. Sanat\u00e7\u0131, e\u015fsiz performans\u0131 ve ak\u0131c\u0131 anlat\u0131m\u0131yla seyircilerden yo\u011fun alk\u0131\u015f ald\u0131. Programda Altay&#8217;\u0131n repertuvar\u0131nda ve sunumunda, Erol Sayan\u2019\u0131n \u201cGe\u00e7sin G\u00fcnler Haftalar\u201d (Rast) ve Cenap Muhittin Kozano\u011flu\u2019nun \u201cR\u00fczg\u00e2r Uyumu\u015f Ay Dal\u0131yor\u201d gibi eserlerden de bahsedilerek m\u00fczi\u011fin farkl\u0131 co\u011frafyalardaki zenginli\u011fi ve evrensel uyumu g\u00f6zler \u00f6n\u00fcne serildi.<\/p>\n<div id='gallery-1' class='gallery galleryid-31263 gallery-columns-3 gallery-size-medium'><figure class='gallery-item'>\n\t\t\t<div class='gallery-icon landscape'>\n\t\t\t\t<a href='https:\/\/www.euegeajans.com\/wp-content\/uploads\/2025\/11\/EU-Konservatuarinda-Flamenko-Gitar-Esintisi-kulaklarin-pasini-sildi-1.jpg'><img loading=\"lazy\" decoding=\"async\" width=\"300\" height=\"200\" src=\"https:\/\/www.euegeajans.com\/wp-content\/uploads\/2025\/11\/EU-Konservatuarinda-Flamenko-Gitar-Esintisi-kulaklarin-pasini-sildi-1-300x200.jpg\" class=\"attachment-medium size-medium\" alt=\"\" srcset=\"https:\/\/www.euegeajans.com\/wp-content\/uploads\/2025\/11\/EU-Konservatuarinda-Flamenko-Gitar-Esintisi-kulaklarin-pasini-sildi-1-300x200.jpg 300w, https:\/\/www.euegeajans.com\/wp-content\/uploads\/2025\/11\/EU-Konservatuarinda-Flamenko-Gitar-Esintisi-kulaklarin-pasini-sildi-1-1024x683.jpg 1024w, https:\/\/www.euegeajans.com\/wp-content\/uploads\/2025\/11\/EU-Konservatuarinda-Flamenko-Gitar-Esintisi-kulaklarin-pasini-sildi-1-768x512.jpg 768w, https:\/\/www.euegeajans.com\/wp-content\/uploads\/2025\/11\/EU-Konservatuarinda-Flamenko-Gitar-Esintisi-kulaklarin-pasini-sildi-1.jpg 1500w\" sizes=\"auto, (max-width: 300px) 100vw, 300px\" \/><\/a>\n\t\t\t<\/div><\/figure><figure class='gallery-item'>\n\t\t\t<div class='gallery-icon landscape'>\n\t\t\t\t<a href='https:\/\/www.euegeajans.com\/wp-content\/uploads\/2025\/11\/EU-Konservatuarinda-Flamenko-Gitar-Esintisi-kulaklarin-pasini-sildi-2.jpg'><img loading=\"lazy\" decoding=\"async\" width=\"300\" height=\"200\" src=\"https:\/\/www.euegeajans.com\/wp-content\/uploads\/2025\/11\/EU-Konservatuarinda-Flamenko-Gitar-Esintisi-kulaklarin-pasini-sildi-2-300x200.jpg\" class=\"attachment-medium size-medium\" alt=\"\" srcset=\"https:\/\/www.euegeajans.com\/wp-content\/uploads\/2025\/11\/EU-Konservatuarinda-Flamenko-Gitar-Esintisi-kulaklarin-pasini-sildi-2-300x200.jpg 300w, https:\/\/www.euegeajans.com\/wp-content\/uploads\/2025\/11\/EU-Konservatuarinda-Flamenko-Gitar-Esintisi-kulaklarin-pasini-sildi-2-1024x683.jpg 1024w, https:\/\/www.euegeajans.com\/wp-content\/uploads\/2025\/11\/EU-Konservatuarinda-Flamenko-Gitar-Esintisi-kulaklarin-pasini-sildi-2-768x512.jpg 768w, https:\/\/www.euegeajans.com\/wp-content\/uploads\/2025\/11\/EU-Konservatuarinda-Flamenko-Gitar-Esintisi-kulaklarin-pasini-sildi-2.jpg 1500w\" sizes=\"auto, (max-width: 300px) 100vw, 300px\" \/><\/a>\n\t\t\t<\/div><\/figure><figure class='gallery-item'>\n\t\t\t<div class='gallery-icon landscape'>\n\t\t\t\t<a href='https:\/\/www.euegeajans.com\/wp-content\/uploads\/2025\/11\/Mertan-Altay.jpg'><img loading=\"lazy\" decoding=\"async\" width=\"300\" height=\"200\" src=\"https:\/\/www.euegeajans.com\/wp-content\/uploads\/2025\/11\/Mertan-Altay-300x200.jpg\" class=\"attachment-medium size-medium\" alt=\"\" srcset=\"https:\/\/www.euegeajans.com\/wp-content\/uploads\/2025\/11\/Mertan-Altay-300x200.jpg 300w, https:\/\/www.euegeajans.com\/wp-content\/uploads\/2025\/11\/Mertan-Altay-1024x683.jpg 1024w, https:\/\/www.euegeajans.com\/wp-content\/uploads\/2025\/11\/Mertan-Altay-768x512.jpg 768w, https:\/\/www.euegeajans.com\/wp-content\/uploads\/2025\/11\/Mertan-Altay.jpg 1500w\" sizes=\"auto, (max-width: 300px) 100vw, 300px\" \/><\/a>\n\t\t\t<\/div><\/figure>\n\t\t<\/div>\n\n","protected":false},"excerpt":{"rendered":"<p>Ege \u00dcniversitesi (E\u00dc) Devlet T\u00fcrk Musikisi Konservatuar\u0131 (DTMK)\u00a0\u00d6\u011fr. G\u00f6r. Halil \u0130brahim Y\u00fcksel moderat\u00f6rl\u00fc\u011f\u00fcnde\u00a0\u201cFlamenko Gitar\u201d\u00a0dinletisi d\u00fczenlendi&#8230;.<\/p>\n","protected":false},"author":2,"featured_media":31264,"comment_status":"open","ping_status":"open","sticky":false,"template":"","format":"standard","meta":{"footnotes":""},"categories":[99,1,11,70],"tags":[],"class_list":["post-31263","post","type-post","status-publish","format-standard","has-post-thumbnail","hentry","category-egitim","category-gncl","category-haber","category-kampus"],"featured_image_urls":{"full":["https:\/\/www.euegeajans.com\/wp-content\/uploads\/2025\/11\/Mertan-Altay-Ogr.-Gor.-Halil-Ibrahim-Yuksel-3.jpg",1500,1000,false],"thumbnail":["https:\/\/www.euegeajans.com\/wp-content\/uploads\/2025\/11\/Mertan-Altay-Ogr.-Gor.-Halil-Ibrahim-Yuksel-3-150x150.jpg",150,150,true],"medium":["https:\/\/www.euegeajans.com\/wp-content\/uploads\/2025\/11\/Mertan-Altay-Ogr.-Gor.-Halil-Ibrahim-Yuksel-3-300x200.jpg",300,200,true],"medium_large":["https:\/\/www.euegeajans.com\/wp-content\/uploads\/2025\/11\/Mertan-Altay-Ogr.-Gor.-Halil-Ibrahim-Yuksel-3-768x512.jpg",640,427,true],"large":["https:\/\/www.euegeajans.com\/wp-content\/uploads\/2025\/11\/Mertan-Altay-Ogr.-Gor.-Halil-Ibrahim-Yuksel-3-1024x683.jpg",640,427,true],"1536x1536":["https:\/\/www.euegeajans.com\/wp-content\/uploads\/2025\/11\/Mertan-Altay-Ogr.-Gor.-Halil-Ibrahim-Yuksel-3.jpg",1500,1000,false],"2048x2048":["https:\/\/www.euegeajans.com\/wp-content\/uploads\/2025\/11\/Mertan-Altay-Ogr.-Gor.-Halil-Ibrahim-Yuksel-3.jpg",1500,1000,false],"newsphere-slider-full":["https:\/\/www.euegeajans.com\/wp-content\/uploads\/2025\/11\/Mertan-Altay-Ogr.-Gor.-Halil-Ibrahim-Yuksel-3-1280x720.jpg",1280,720,true],"newsphere-featured":["https:\/\/www.euegeajans.com\/wp-content\/uploads\/2025\/11\/Mertan-Altay-Ogr.-Gor.-Halil-Ibrahim-Yuksel-3-1024x683.jpg",1024,683,true],"newsphere-medium":["https:\/\/www.euegeajans.com\/wp-content\/uploads\/2025\/11\/Mertan-Altay-Ogr.-Gor.-Halil-Ibrahim-Yuksel-3-720x380.jpg",720,380,true]},"author_info":{"display_name":"Editor","author_link":"https:\/\/www.euegeajans.com\/index.php\/author\/editor\/"},"category_info":"<a href=\"https:\/\/www.euegeajans.com\/index.php\/category\/egitim\/\" rel=\"category tag\">E\u011fitim<\/a> <a href=\"https:\/\/www.euegeajans.com\/index.php\/category\/gncl\/\" rel=\"category tag\">G\u00fcncel<\/a> <a href=\"https:\/\/www.euegeajans.com\/index.php\/category\/haber\/\" rel=\"category tag\">Haber<\/a> <a href=\"https:\/\/www.euegeajans.com\/index.php\/category\/kampus\/\" rel=\"category tag\">Kamp\u00fcs<\/a>","tag_info":"Kamp\u00fcs","comment_count":"0","_links":{"self":[{"href":"https:\/\/www.euegeajans.com\/index.php\/wp-json\/wp\/v2\/posts\/31263","targetHints":{"allow":["GET"]}}],"collection":[{"href":"https:\/\/www.euegeajans.com\/index.php\/wp-json\/wp\/v2\/posts"}],"about":[{"href":"https:\/\/www.euegeajans.com\/index.php\/wp-json\/wp\/v2\/types\/post"}],"author":[{"embeddable":true,"href":"https:\/\/www.euegeajans.com\/index.php\/wp-json\/wp\/v2\/users\/2"}],"replies":[{"embeddable":true,"href":"https:\/\/www.euegeajans.com\/index.php\/wp-json\/wp\/v2\/comments?post=31263"}],"version-history":[{"count":1,"href":"https:\/\/www.euegeajans.com\/index.php\/wp-json\/wp\/v2\/posts\/31263\/revisions"}],"predecessor-version":[{"id":31269,"href":"https:\/\/www.euegeajans.com\/index.php\/wp-json\/wp\/v2\/posts\/31263\/revisions\/31269"}],"wp:featuredmedia":[{"embeddable":true,"href":"https:\/\/www.euegeajans.com\/index.php\/wp-json\/wp\/v2\/media\/31264"}],"wp:attachment":[{"href":"https:\/\/www.euegeajans.com\/index.php\/wp-json\/wp\/v2\/media?parent=31263"}],"wp:term":[{"taxonomy":"category","embeddable":true,"href":"https:\/\/www.euegeajans.com\/index.php\/wp-json\/wp\/v2\/categories?post=31263"},{"taxonomy":"post_tag","embeddable":true,"href":"https:\/\/www.euegeajans.com\/index.php\/wp-json\/wp\/v2\/tags?post=31263"}],"curies":[{"name":"wp","href":"https:\/\/api.w.org\/{rel}","templated":true}]}}