{"id":31258,"date":"2025-11-28T03:18:00","date_gmt":"2025-11-28T03:18:00","guid":{"rendered":"https:\/\/www.euegeajans.com\/?p=31258"},"modified":"2025-11-28T07:19:37","modified_gmt":"2025-11-28T07:19:37","slug":"yapimci-gungor-egeli-ogrencilere-program-yapim-surecini-anlatti","status":"publish","type":"post","link":"https:\/\/www.euegeajans.com\/index.php\/2025\/11\/28\/yapimci-gungor-egeli-ogrencilere-program-yapim-surecini-anlatti\/","title":{"rendered":"Yap\u0131mc\u0131 G\u00fcng\u00f6r, Egeli \u00f6\u011frencilere program yap\u0131m s\u00fcrecini anlatt\u0131"},"content":{"rendered":"<p style=\"text-align: justify;\" align=\"right\">Zeynep G\u00fcrcan -\u0130laha Haj\u0131zada<\/p>\n<p style=\"text-align: justify;\">Ege \u00dcniversitesi 70. Y\u0131l Kariyer Etkinlikleri kapsam\u0131nda \u0130leti\u015fim Fak\u00fcltesi Radyo Televizyon ve Sinema B\u00f6l\u00fcm\u00fc taraf\u0131ndan \u201cRadyo ve Radyoda Program Yap\u0131m\u0131\u201d ba\u015fl\u0131kl\u0131 s\u00f6yle\u015fi d\u00fczenlendi. S\u00f6yle\u015fide konu\u015fmac\u0131 olarak Radyo Yap\u0131mc\u0131s\u0131 Ali G\u00fcng\u00f6r yer ald\u0131. \u00d6\u011fr. G\u00f6r. Dr. Yi\u011fit A\u00e7\u0131k moderat\u00f6rl\u00fc\u011f\u00fcnde ger\u00e7ekle\u015ftirilen etkinli\u011fe \u00f6\u011frenciler yo\u011fun ilgi g\u00f6sterdi.<\/p>\n<p style=\"text-align: justify;\">\u00d6\u011fr. G\u00f6r. Dr. Yi\u011fit A\u00e7\u0131k, s\u00f6yle\u015finin \u00f6\u011frencilerin mesleki geli\u015fimlerine \u00f6nemli katk\u0131lar sa\u011flayaca\u011f\u0131n\u0131 belirterek b\u00f6l\u00fcm olarak uygulamal\u0131 e\u011fitime verdikleri \u00f6nemini dile getirdi.<\/p>\n<p style=\"text-align: justify;\"><img loading=\"lazy\" decoding=\"async\" class=\"size-medium wp-image-31260 alignleft\" src=\"http:\/\/www.euegeajans.com\/wp-content\/uploads\/2025\/11\/Ali-Gungor-9-300x200.jpg\" alt=\"\" width=\"300\" height=\"200\" srcset=\"https:\/\/www.euegeajans.com\/wp-content\/uploads\/2025\/11\/Ali-Gungor-9-300x200.jpg 300w, https:\/\/www.euegeajans.com\/wp-content\/uploads\/2025\/11\/Ali-Gungor-9-1024x683.jpg 1024w, https:\/\/www.euegeajans.com\/wp-content\/uploads\/2025\/11\/Ali-Gungor-9-768x512.jpg 768w, https:\/\/www.euegeajans.com\/wp-content\/uploads\/2025\/11\/Ali-Gungor-9.jpg 1296w\" sizes=\"auto, (max-width: 300px) 100vw, 300px\" \/>Radyo Yap\u0131mc\u0131s\u0131 Ali G\u00fcng\u00f6r, uzun y\u0131llard\u0131r Ege \u00dcniversitesi Radyosu\u2019nda haz\u0131rlay\u0131p sundu\u011fu programlardan \u00f6rnekler payla\u015farak radyo yay\u0131nc\u0131l\u0131\u011f\u0131na dair birikimlerini aktard\u0131. \u00a0Yap\u0131mc\u0131 Ali G\u00fcng\u00f6r \u201cRadyo, sadece m\u00fczik dinleyebildi\u011finiz internet uygulamalar\u0131ndan farkl\u0131 olarak yay\u0131n i\u00e7indeki r\u00f6portajlar, diyaloglar, anlat\u0131mlar, canl\u0131 yay\u0131nlar ile ya\u015fayan bir mekanizmad\u0131r. Radyo size bamba\u015fka \u015feyler veriyor. Yay\u0131nc\u0131l\u0131kla ilgili olan k\u0131s\u0131mda do\u011fru haber, do\u011fru bilgi ve keyif veren yay\u0131nlar i\u00e7in yap\u0131mc\u0131lar taraf\u0131ndan \u00e7ok emek harcanmas\u0131 gerekiyor. Radyo program\u0131 haz\u0131rl\u0131\u011f\u0131, yemek pi\u015firmek gibidir.\u00a0 Haz\u0131rlamas\u0131 uzun s\u00fcrer ama yeme\u011fi hemen yersiniz. Yay\u0131n s\u00fcresinin \u00e7ok daha \u00fczerinde zaman ve emek harcaman\u0131z gerekir. Haber, sanat, sa\u011fl\u0131k gibi her de\u011fi\u015fik tempodaki radyo program\u0131 farkl\u0131 haz\u0131rl\u0131k s\u00fcreci, farkl\u0131 veri toplama y\u00f6ntemine gereksinim duyar\u2019\u2019 dedi.<\/p>\n<p style=\"text-align: justify;\">\u201c<b>Yay\u0131nc\u0131l\u0131\u011f\u0131n temel kural\u0131 do\u011fru bilgiyi aktarmakt\u0131r\u201d<\/b><\/p>\n<p style=\"text-align: justify;\">Ali G\u00fcng\u00f6r, \u201cRadyo program\u0131 haz\u0131rlarken \u00f6zellikle m\u00fczik i\u00e7erikli yay\u0131nlarda do\u011fru bilgi \u00e7ok \u00f6nemlidir. Bunun i\u00e7in par\u00e7an\u0131n orijinal kayd\u0131, sanat\u00e7\u0131ya dair g\u00fcvenilir bilgiler ve biyografik detaylar mutlaka elde bulunmal\u0131d\u0131r. Sunum metni de bu bilgiler \u0131\u015f\u0131\u011f\u0131nda haz\u0131rlan\u0131r; sunum metni olmadan radyo program\u0131 yap\u0131lamaz. Dinleyiciyi \u00e7eken as\u0131l unsur, sanat\u00e7\u0131ya dair \u00f6zel ve ilgin\u00e7 bilgilerdir. Yay\u0131nc\u0131l\u0131\u011f\u0131n temel kural\u0131 do\u011fru bilgiyi aktarmakt\u0131r. Programlarda tek bir sanat\u00e7\u0131y\u0131 ya da bir m\u00fczik grubunu tan\u0131tmak m\u00fcmk\u00fcnd\u00fcr; \u00f6nemli olan bilgiyi do\u011fru ve etkili sunmakt\u0131r\u201d diye konu\u015ftu.<\/p>\n<p style=\"text-align: justify;\"><b>\u201cHaz\u0131rlanan metinlerde giri\u015f, geli\u015fme, sonu\u00e7 iskeletine uyulmal\u0131d\u0131r\u201d<\/b><\/p>\n<p style=\"text-align: justify;\"><img loading=\"lazy\" decoding=\"async\" class=\"size-medium wp-image-31261 alignright\" src=\"http:\/\/www.euegeajans.com\/wp-content\/uploads\/2025\/11\/Ogr.-Gor.-Dr.-Yigit-Acik-Ali-Gungor-1-300x200.jpg\" alt=\"\" width=\"300\" height=\"200\" srcset=\"https:\/\/www.euegeajans.com\/wp-content\/uploads\/2025\/11\/Ogr.-Gor.-Dr.-Yigit-Acik-Ali-Gungor-1-300x200.jpg 300w, https:\/\/www.euegeajans.com\/wp-content\/uploads\/2025\/11\/Ogr.-Gor.-Dr.-Yigit-Acik-Ali-Gungor-1-1024x683.jpg 1024w, https:\/\/www.euegeajans.com\/wp-content\/uploads\/2025\/11\/Ogr.-Gor.-Dr.-Yigit-Acik-Ali-Gungor-1-768x512.jpg 768w, https:\/\/www.euegeajans.com\/wp-content\/uploads\/2025\/11\/Ogr.-Gor.-Dr.-Yigit-Acik-Ali-Gungor-1.jpg 1296w\" sizes=\"auto, (max-width: 300px) 100vw, 300px\" \/>Program\u0131n olu\u015fum s\u00fcrecini anlatan G\u00fcng\u00f6r, m\u00fczik se\u00e7imi, program ak\u0131\u015f\u0131n\u0131n olu\u015fturulmas\u0131 ve dinleyiciyle ba\u011f kurman\u0131n incelikleri \u00fczerine \u00f6nemli bilgiler verdi. Yap\u0131mc\u0131 G\u00fcng\u00f6r, \u201cRadyo programlar\u0131nda \u00f6nce gerekli bilgileri vermek \u00f6nemlidir. Par\u00e7a k\u0131saysa k\u0131sa bir giri\u015f i\u015fe yarar, ancak uzun par\u00e7alarda dinleyici ne dinledi\u011fini unutabilir. Bu y\u00fczden eserle ilgili bilgiler besteci, icrac\u0131, par\u00e7a ad\u0131 genellikle par\u00e7an\u0131n hemen alt\u0131nda olmal\u0131d\u0131r. Program\u0131n zaman\u0131na uygun bir dil kullanmak \u00f6nemlidir. Haz\u0131rlanan metinlerde giri\u015f, geli\u015fme, sonu\u00e7 iskeletine uyulmal\u0131d\u0131r. Dinleyiciye ki\u015fisel bir selamlama ve iyi dileklerle ba\u015flamak, yine iyi dileklerle bitirmek yay\u0131nc\u0131l\u0131\u011f\u0131n yerle\u015fmi\u015f bir rit\u00fcelidir. Program kapan\u0131\u015f\u0131nda m\u00fczik se\u00e7imi de \u00f6nemlidir; bir sonraki yay\u0131nla uyumlu bir ge\u00e7i\u015f sa\u011flanmal\u0131d\u0131r\u201d dedi.<\/p>\n<p style=\"text-align: justify;\">S\u00f6yle\u015fi, \u00d6\u011fretim G\u00f6revlisi Dr. Yi\u011fit A\u00e7\u0131k, Radyo Yap\u0131mc\u0131s\u0131 Ali G\u00fcng\u00f6r\u2019e Te\u015fekk\u00fcr Plaketi ve hediye takdim etmesiyle sona erdi.<\/p>\n","protected":false},"excerpt":{"rendered":"<p>Zeynep G\u00fcrcan -\u0130laha Haj\u0131zada Ege \u00dcniversitesi 70. Y\u0131l Kariyer Etkinlikleri kapsam\u0131nda \u0130leti\u015fim Fak\u00fcltesi Radyo Televizyon&#8230;<\/p>\n","protected":false},"author":2,"featured_media":31259,"comment_status":"open","ping_status":"open","sticky":false,"template":"","format":"standard","meta":{"footnotes":""},"categories":[99,1,304,70],"tags":[],"class_list":["post-31258","post","type-post","status-publish","format-standard","has-post-thumbnail","hentry","category-egitim","category-gncl","category-iletisim","category-kampus"],"featured_image_urls":{"full":["https:\/\/www.euegeajans.com\/wp-content\/uploads\/2025\/11\/Yapimci-Gungor-Egeli-ogrencilere-program-yapim-surecini-anlatti.jpg",1296,864,false],"thumbnail":["https:\/\/www.euegeajans.com\/wp-content\/uploads\/2025\/11\/Yapimci-Gungor-Egeli-ogrencilere-program-yapim-surecini-anlatti-150x150.jpg",150,150,true],"medium":["https:\/\/www.euegeajans.com\/wp-content\/uploads\/2025\/11\/Yapimci-Gungor-Egeli-ogrencilere-program-yapim-surecini-anlatti-300x200.jpg",300,200,true],"medium_large":["https:\/\/www.euegeajans.com\/wp-content\/uploads\/2025\/11\/Yapimci-Gungor-Egeli-ogrencilere-program-yapim-surecini-anlatti-768x512.jpg",640,427,true],"large":["https:\/\/www.euegeajans.com\/wp-content\/uploads\/2025\/11\/Yapimci-Gungor-Egeli-ogrencilere-program-yapim-surecini-anlatti-1024x683.jpg",640,427,true],"1536x1536":["https:\/\/www.euegeajans.com\/wp-content\/uploads\/2025\/11\/Yapimci-Gungor-Egeli-ogrencilere-program-yapim-surecini-anlatti.jpg",1296,864,false],"2048x2048":["https:\/\/www.euegeajans.com\/wp-content\/uploads\/2025\/11\/Yapimci-Gungor-Egeli-ogrencilere-program-yapim-surecini-anlatti.jpg",1296,864,false],"newsphere-slider-full":["https:\/\/www.euegeajans.com\/wp-content\/uploads\/2025\/11\/Yapimci-Gungor-Egeli-ogrencilere-program-yapim-surecini-anlatti-1280x720.jpg",1280,720,true],"newsphere-featured":["https:\/\/www.euegeajans.com\/wp-content\/uploads\/2025\/11\/Yapimci-Gungor-Egeli-ogrencilere-program-yapim-surecini-anlatti-1024x683.jpg",1024,683,true],"newsphere-medium":["https:\/\/www.euegeajans.com\/wp-content\/uploads\/2025\/11\/Yapimci-Gungor-Egeli-ogrencilere-program-yapim-surecini-anlatti-720x380.jpg",720,380,true]},"author_info":{"display_name":"Editor","author_link":"https:\/\/www.euegeajans.com\/index.php\/author\/editor\/"},"category_info":"<a href=\"https:\/\/www.euegeajans.com\/index.php\/category\/egitim\/\" rel=\"category tag\">E\u011fitim<\/a> <a href=\"https:\/\/www.euegeajans.com\/index.php\/category\/gncl\/\" rel=\"category tag\">G\u00fcncel<\/a> <a href=\"https:\/\/www.euegeajans.com\/index.php\/category\/iletisim\/\" rel=\"category tag\">\u0130leti\u015fim<\/a> <a href=\"https:\/\/www.euegeajans.com\/index.php\/category\/kampus\/\" rel=\"category tag\">Kamp\u00fcs<\/a>","tag_info":"Kamp\u00fcs","comment_count":"0","_links":{"self":[{"href":"https:\/\/www.euegeajans.com\/index.php\/wp-json\/wp\/v2\/posts\/31258","targetHints":{"allow":["GET"]}}],"collection":[{"href":"https:\/\/www.euegeajans.com\/index.php\/wp-json\/wp\/v2\/posts"}],"about":[{"href":"https:\/\/www.euegeajans.com\/index.php\/wp-json\/wp\/v2\/types\/post"}],"author":[{"embeddable":true,"href":"https:\/\/www.euegeajans.com\/index.php\/wp-json\/wp\/v2\/users\/2"}],"replies":[{"embeddable":true,"href":"https:\/\/www.euegeajans.com\/index.php\/wp-json\/wp\/v2\/comments?post=31258"}],"version-history":[{"count":1,"href":"https:\/\/www.euegeajans.com\/index.php\/wp-json\/wp\/v2\/posts\/31258\/revisions"}],"predecessor-version":[{"id":31262,"href":"https:\/\/www.euegeajans.com\/index.php\/wp-json\/wp\/v2\/posts\/31258\/revisions\/31262"}],"wp:featuredmedia":[{"embeddable":true,"href":"https:\/\/www.euegeajans.com\/index.php\/wp-json\/wp\/v2\/media\/31259"}],"wp:attachment":[{"href":"https:\/\/www.euegeajans.com\/index.php\/wp-json\/wp\/v2\/media?parent=31258"}],"wp:term":[{"taxonomy":"category","embeddable":true,"href":"https:\/\/www.euegeajans.com\/index.php\/wp-json\/wp\/v2\/categories?post=31258"},{"taxonomy":"post_tag","embeddable":true,"href":"https:\/\/www.euegeajans.com\/index.php\/wp-json\/wp\/v2\/tags?post=31258"}],"curies":[{"name":"wp","href":"https:\/\/api.w.org\/{rel}","templated":true}]}}