{"id":31246,"date":"2025-11-28T05:56:00","date_gmt":"2025-11-28T05:56:00","guid":{"rendered":"https:\/\/www.euegeajans.com\/?p=31246"},"modified":"2025-11-28T07:11:04","modified_gmt":"2025-11-28T07:11:04","slug":"eu-iletisim-fakultesi-ogrencileri-cocuk-haklarina-dikkat-cekti","status":"publish","type":"post","link":"https:\/\/www.euegeajans.com\/index.php\/2025\/11\/28\/eu-iletisim-fakultesi-ogrencileri-cocuk-haklarina-dikkat-cekti\/","title":{"rendered":"E\u00dc \u0130leti\u015fim Fak\u00fcltesi \u00f6\u011frencileri \u201c\u00c7ocuk Haklar\u0131na\u201d dikkat \u00e7ekti"},"content":{"rendered":"<p style=\"text-align: justify;\">Ege \u00dcniversitesinde, D\u00fcnya \u00c7ocuk Haklar\u0131 G\u00fcn\u00fc kapsam\u0131nda anlaml\u0131 bir bilin\u00e7lendirme etkinli\u011fine imza at\u0131ld\u0131. E\u00dc \u0130leti\u015fim Fak\u00fcltesinin deste\u011fiyle, A\u00e7\u0131k Pencere Orkestra ve Korosu ile Ege \u00c7ocuk Haklar\u0131 G\u00f6n\u00fcll\u00fcleri i\u015f birli\u011finde Prof. Dr. Yusuf Vardar M\u00d6TBE K\u00fclt\u00fcr Merkezinde fark\u0131ndal\u0131k konseri d\u00fczenlendi.<\/p>\n<p style=\"text-align: justify;\">Program\u0131n koordinat\u00f6rl\u00fc\u011f\u00fcn\u00fc, E\u00dc \u0130leti\u015fim Fak\u00fcltesi Halkla \u0130li\u015fkiler ve Tan\u0131t\u0131m B\u00f6l\u00fcm\u00fc \u00f6\u011frencileri Gamze Dudu D\u00f6ner, Mevanur K\u0131lal\u0131, Elif Ada Helalpara, Ay\u00e7a Reyhan \u00d6zt\u00fcrk ve G\u00fclnida Su \u00fcstlendi.<\/p>\n<p style=\"text-align: justify;\"><img loading=\"lazy\" decoding=\"async\" class=\"size-medium wp-image-31248 alignright\" src=\"http:\/\/www.euegeajans.com\/wp-content\/uploads\/2025\/11\/EU-Iletisim-Fakultesi-ogrencileri-Cocuk-Haklarina-dikkat-cekti-4-300x200.jpg\" alt=\"\" width=\"300\" height=\"200\" srcset=\"https:\/\/www.euegeajans.com\/wp-content\/uploads\/2025\/11\/EU-Iletisim-Fakultesi-ogrencileri-Cocuk-Haklarina-dikkat-cekti-4-300x200.jpg 300w, https:\/\/www.euegeajans.com\/wp-content\/uploads\/2025\/11\/EU-Iletisim-Fakultesi-ogrencileri-Cocuk-Haklarina-dikkat-cekti-4-1024x683.jpg 1024w, https:\/\/www.euegeajans.com\/wp-content\/uploads\/2025\/11\/EU-Iletisim-Fakultesi-ogrencileri-Cocuk-Haklarina-dikkat-cekti-4-768x512.jpg 768w, https:\/\/www.euegeajans.com\/wp-content\/uploads\/2025\/11\/EU-Iletisim-Fakultesi-ogrencileri-Cocuk-Haklarina-dikkat-cekti-4.jpg 1500w\" sizes=\"auto, (max-width: 300px) 100vw, 300px\" \/>Program\u0131n a\u00e7\u0131l\u0131\u015f\u0131nda konu\u015fan Gamze Dudu D\u00f6ner, \u201cFiziksel ve psikolojik a\u00e7\u0131dan en savunmas\u0131z grup \u00e7ocuklard\u0131r. D\u00fcnyada milyonlarca \u00e7ocu\u011fun \u015fiddet, ihmal ve g\u00fcvensiz ortamlarda b\u00fcy\u00fcmek zorunda kal\u0131yor. Bug\u00fcn burada sadece bir konser i\u00e7in de\u011fil, \u00e7ocuklar\u0131n ger\u00e7e\u011fini g\u00f6rmek ve fark\u0131ndal\u0131k yaratmak i\u00e7in topland\u0131k. Bir \u00e7ocu\u011fun hayat\u0131nda k\u00fc\u00e7\u00fck bir ad\u0131m bile b\u00fcy\u00fck farklar yaratabilir\u201d dedi.<\/p>\n<p style=\"text-align: justify;\"><b>\u201c\u00c7ocuklar\u0131n haklar\u0131n\u0131 korumak hepimizin sorumlulu\u011fudur\u201d<\/b><\/p>\n<p style=\"text-align: justify;\">\u00c7ocuk haklar\u0131na y\u00f6nelik fark\u0131ndal\u0131k \u00e7al\u0131\u015fmalar\u0131n\u0131n artmas\u0131 gerekti\u011fini ifade eden Elif Ada Helalpara, \u201c\u00c7ocuklar\u0131n ya\u015fam ko\u015fullar\u0131n\u0131 iyile\u015ftirirken k\u00fc\u00e7\u00fck ad\u0131mlar\u0131n bile b\u00fcy\u00fck de\u011fi\u015fimler yaratabilece\u011fini unutmamal\u0131y\u0131z; onlara g\u00fcler y\u00fcz g\u00f6stermek, zaman ay\u0131rmak, bir etkinli\u011fe dahil etmek bile \u00e7ok de\u011ferlidir. Bu s\u00fcre\u00e7te eme\u011fi ge\u00e7en \u0130leti\u015fim Fak\u00fcltesi Dekan\u0131 Prof. Dr. Bilgehan G\u00fcltekin\u2019e, dan\u0131\u015fman hocam\u0131z Prof. Dr. Ebru G\u00fczelo\u011flu\u2019na, sahne \u00f6n\u00fc ve arkas\u0131 ekiplerine, A\u00e7\u0131k Pencere Korosu\u2019na ve etkinli\u011fimize kat\u0131lan t\u00fcm konuklara te\u015fekk\u00fcr ederim. \u00c7ocuklar\u0131n haklar\u0131n\u0131 korumak hepimizin sorumlulu\u011fudur. Bu fark\u0131ndal\u0131k \u00e7al\u0131\u015fmalar\u0131n\u0131n artmas\u0131 bir \u00e7ocu\u011fun hayat\u0131nda kal\u0131c\u0131 bir de\u011fi\u015fim yaratabilir\u201d dedi.<\/p>\n<p style=\"text-align: justify;\">\u00c7ocuklar\u0131n sesini duyurman\u0131n ve haklar\u0131n\u0131 savunman\u0131n herkesin ortak sorumlulu\u011fu oldu\u011funu belirten Mevanur K\u0131lal\u0131, \u201c\u00c7ocuklar\u0131n kar\u015f\u0131 kar\u015f\u0131ya kald\u0131\u011f\u0131 yoksulluk, a\u00e7l\u0131k, e\u011fitim engelleri ve \u00e7ocuk i\u015f\u00e7ili\u011fi gibi sorunlar\u0131n h\u00e2l\u00e2 s\u00fcrd\u00fc\u011f\u00fcn\u00fc g\u00f6r\u00fcyoruz; milyonlarca \u00e7ocuk temel ihtiya\u00e7lar\u0131na bile ula\u015fam\u0131yor. Okula gidemeyen her \u00e7ocuk, sadece kendi gelece\u011fini de\u011fil toplumun gelece\u011fini de kaybediyor. \u00c7ocuk i\u015f\u00e7ili\u011fi ve istismar\u0131n devam etti\u011fini unutmamal\u0131y\u0131z; bu y\u00fczden \u00e7ocuklar\u0131n sesini duyurmak ve haklar\u0131n\u0131 savunmak hepimizin ortak sorumlulu\u011fudur\u201d diye konu\u015ftu.<\/p>\n<p style=\"text-align: justify;\"><b>\u201cBireysel \u00e7abalar bile \u00e7ocuklar\u0131n hayat\u0131na dokunabilir\u201d<\/b><\/p>\n<p style=\"text-align: justify;\"><img loading=\"lazy\" decoding=\"async\" class=\"size-medium wp-image-31249 alignleft\" src=\"http:\/\/www.euegeajans.com\/wp-content\/uploads\/2025\/11\/EU-Iletisim-Fakultesi-ogrencileri-Cocuk-Haklarina-dikkat-cekti-5-300x200.jpg\" alt=\"\" width=\"300\" height=\"200\" srcset=\"https:\/\/www.euegeajans.com\/wp-content\/uploads\/2025\/11\/EU-Iletisim-Fakultesi-ogrencileri-Cocuk-Haklarina-dikkat-cekti-5-300x200.jpg 300w, https:\/\/www.euegeajans.com\/wp-content\/uploads\/2025\/11\/EU-Iletisim-Fakultesi-ogrencileri-Cocuk-Haklarina-dikkat-cekti-5-1024x683.jpg 1024w, https:\/\/www.euegeajans.com\/wp-content\/uploads\/2025\/11\/EU-Iletisim-Fakultesi-ogrencileri-Cocuk-Haklarina-dikkat-cekti-5-768x512.jpg 768w, https:\/\/www.euegeajans.com\/wp-content\/uploads\/2025\/11\/EU-Iletisim-Fakultesi-ogrencileri-Cocuk-Haklarina-dikkat-cekti-5.jpg 1500w\" sizes=\"auto, (max-width: 300px) 100vw, 300px\" \/>\u00c7ocuklar\u0131n \u00e7e\u015fitli haklara sahip oldu\u011funu s\u00f6yleyen G\u00fclnida Su, \u201cBirle\u015fmi\u015f Milletler taraf\u0131ndan kabul edilen \u00c7ocuk Haklar\u0131 S\u00f6zle\u015fmesi\u2019nin her \u00e7ocu\u011fa e\u011fitim, sa\u011fl\u0131k, oyun, korunma ve kat\u0131l\u0131m hakk\u0131 tan\u0131d\u0131\u011f\u0131n\u0131 hat\u0131rlatmak isterim. D\u00fcnya \u00c7ocuk Haklar\u0131 G\u00fcn\u00fc de bu haklar\u0131 yeniden d\u00fc\u015f\u00fcnmemiz i\u00e7in \u00f6nemli bir f\u0131rsat sunuyor. Bireysel \u00e7abalar\u0131n bile bir \u00e7ocu\u011fun hayat\u0131na dokunabilece\u011fini unutmamal\u0131y\u0131z. Nitekim fak\u00fcltemiz \u00f6\u011frencilerinin ge\u00e7en d\u00f6nem Sevgi Evlerinde ger\u00e7ekle\u015ftirdi\u011fi g\u00f6n\u00fcll\u00fc etkinlik bunun en somut \u00f6rneklerinden biridir. Dayan\u0131\u015fman\u0131n g\u00fcc\u00fc \u00e7ocuklar\u0131n y\u00fcz\u00fcndeki tebess\u00fcmde kendini g\u00f6steriyor\u201d dedi.<\/p>\n<p style=\"text-align: justify;\"><b>Etkinlik konserle \u015fenlendi<\/b><\/p>\n<p style=\"text-align: justify;\">Konu\u015fmalar\u0131n ard\u0131ndan A\u00e7\u0131k Pencere \u00c7ok Sesli Koro ve Orkestras\u0131, \u015fark\u0131lar ve dans g\u00f6sterileriyle sahne ald\u0131. \u015eef Mehmet Demirkesen y\u00f6netimindeki orkestrada, \u00e7elloda \u015e\u00fckr\u00fc G\u00f6rkem Gen\u00e7soy, basgitarda Halit A\u00e7\u0131kg\u00f6z, davulda Poyraz G\u00f6k, gitarda Turap Demir ve Erdil \u00d6lmez, saksafonda ise Alk\u0131n \u015eahin ve Arda Akku\u015f yer ald\u0131. Akapella tarz\u0131nda seslendirilen \u201cK\u0131z\u0131lc\u0131klar Oldu mu\u201d t\u00fcrk\u00fcs\u00fcn\u00fcn yan\u0131 s\u0131ra \u201cK\u00fc\u00e7\u00fc\u011f\u00fcm\u201d, \u201c\u0130ki Yabanc\u0131\u201d, \u201cDeli\u201d, \u201cTeni Tenime\u201d, \u201cBamba\u015fka Biri\u201d, \u201cBenden Sana\u201d ve \u201cDeniz \u00dcst\u00fc K\u00f6p\u00fcr\u00fcr\u201d gibi sevilen eserler dinleyicilere m\u00fczik dolu anlar sundu. M\u00fczik \u015f\u00f6leni, program\u0131n sonunda sergilenen etkileyici Michael Jackson dans performans\u0131yla etkinlik sona erdi.<\/p>\n<div id='gallery-1' class='gallery galleryid-31246 gallery-columns-4 gallery-size-medium'><figure class='gallery-item'>\n\t\t\t<div class='gallery-icon landscape'>\n\t\t\t\t<a href='https:\/\/www.euegeajans.com\/wp-content\/uploads\/2025\/11\/EU-Iletisim-Fakultesi-ogrencileri-Cocuk-Haklarina-dikkat-cekti-1.jpg'><img loading=\"lazy\" decoding=\"async\" width=\"300\" height=\"200\" src=\"https:\/\/www.euegeajans.com\/wp-content\/uploads\/2025\/11\/EU-Iletisim-Fakultesi-ogrencileri-Cocuk-Haklarina-dikkat-cekti-1-300x200.jpg\" class=\"attachment-medium size-medium\" alt=\"\" srcset=\"https:\/\/www.euegeajans.com\/wp-content\/uploads\/2025\/11\/EU-Iletisim-Fakultesi-ogrencileri-Cocuk-Haklarina-dikkat-cekti-1-300x200.jpg 300w, https:\/\/www.euegeajans.com\/wp-content\/uploads\/2025\/11\/EU-Iletisim-Fakultesi-ogrencileri-Cocuk-Haklarina-dikkat-cekti-1-1024x683.jpg 1024w, https:\/\/www.euegeajans.com\/wp-content\/uploads\/2025\/11\/EU-Iletisim-Fakultesi-ogrencileri-Cocuk-Haklarina-dikkat-cekti-1-768x512.jpg 768w, https:\/\/www.euegeajans.com\/wp-content\/uploads\/2025\/11\/EU-Iletisim-Fakultesi-ogrencileri-Cocuk-Haklarina-dikkat-cekti-1.jpg 1500w\" sizes=\"auto, (max-width: 300px) 100vw, 300px\" \/><\/a>\n\t\t\t<\/div><\/figure><figure class='gallery-item'>\n\t\t\t<div class='gallery-icon landscape'>\n\t\t\t\t<a href='https:\/\/www.euegeajans.com\/wp-content\/uploads\/2025\/11\/EU-Iletisim-Fakultesi-ogrencileri-Cocuk-Haklarina-dikkat-cekti-3.jpg'><img loading=\"lazy\" decoding=\"async\" width=\"300\" height=\"200\" src=\"https:\/\/www.euegeajans.com\/wp-content\/uploads\/2025\/11\/EU-Iletisim-Fakultesi-ogrencileri-Cocuk-Haklarina-dikkat-cekti-3-300x200.jpg\" class=\"attachment-medium size-medium\" alt=\"\" srcset=\"https:\/\/www.euegeajans.com\/wp-content\/uploads\/2025\/11\/EU-Iletisim-Fakultesi-ogrencileri-Cocuk-Haklarina-dikkat-cekti-3-300x200.jpg 300w, https:\/\/www.euegeajans.com\/wp-content\/uploads\/2025\/11\/EU-Iletisim-Fakultesi-ogrencileri-Cocuk-Haklarina-dikkat-cekti-3-1024x683.jpg 1024w, https:\/\/www.euegeajans.com\/wp-content\/uploads\/2025\/11\/EU-Iletisim-Fakultesi-ogrencileri-Cocuk-Haklarina-dikkat-cekti-3-768x512.jpg 768w, https:\/\/www.euegeajans.com\/wp-content\/uploads\/2025\/11\/EU-Iletisim-Fakultesi-ogrencileri-Cocuk-Haklarina-dikkat-cekti-3.jpg 1500w\" sizes=\"auto, (max-width: 300px) 100vw, 300px\" \/><\/a>\n\t\t\t<\/div><\/figure><figure class='gallery-item'>\n\t\t\t<div class='gallery-icon landscape'>\n\t\t\t\t<a href='https:\/\/www.euegeajans.com\/wp-content\/uploads\/2025\/11\/EU-Iletisim-Fakultesi-ogrencileri-Cocuk-Haklarina-dikkat-cekti-5-1.jpg'><img loading=\"lazy\" decoding=\"async\" width=\"300\" height=\"200\" src=\"https:\/\/www.euegeajans.com\/wp-content\/uploads\/2025\/11\/EU-Iletisim-Fakultesi-ogrencileri-Cocuk-Haklarina-dikkat-cekti-5-1-300x200.jpg\" class=\"attachment-medium size-medium\" alt=\"\" srcset=\"https:\/\/www.euegeajans.com\/wp-content\/uploads\/2025\/11\/EU-Iletisim-Fakultesi-ogrencileri-Cocuk-Haklarina-dikkat-cekti-5-1-300x200.jpg 300w, https:\/\/www.euegeajans.com\/wp-content\/uploads\/2025\/11\/EU-Iletisim-Fakultesi-ogrencileri-Cocuk-Haklarina-dikkat-cekti-5-1-1024x683.jpg 1024w, https:\/\/www.euegeajans.com\/wp-content\/uploads\/2025\/11\/EU-Iletisim-Fakultesi-ogrencileri-Cocuk-Haklarina-dikkat-cekti-5-1-768x512.jpg 768w, https:\/\/www.euegeajans.com\/wp-content\/uploads\/2025\/11\/EU-Iletisim-Fakultesi-ogrencileri-Cocuk-Haklarina-dikkat-cekti-5-1.jpg 1500w\" sizes=\"auto, (max-width: 300px) 100vw, 300px\" \/><\/a>\n\t\t\t<\/div><\/figure><figure class='gallery-item'>\n\t\t\t<div class='gallery-icon landscape'>\n\t\t\t\t<a href='https:\/\/www.euegeajans.com\/wp-content\/uploads\/2025\/11\/EU-Iletisim-Fakultesi-ogrencileri-Cocuk-Haklarina-dikkat-cekti-7.jpg'><img loading=\"lazy\" decoding=\"async\" width=\"300\" height=\"200\" src=\"https:\/\/www.euegeajans.com\/wp-content\/uploads\/2025\/11\/EU-Iletisim-Fakultesi-ogrencileri-Cocuk-Haklarina-dikkat-cekti-7-300x200.jpg\" class=\"attachment-medium size-medium\" alt=\"\" srcset=\"https:\/\/www.euegeajans.com\/wp-content\/uploads\/2025\/11\/EU-Iletisim-Fakultesi-ogrencileri-Cocuk-Haklarina-dikkat-cekti-7-300x200.jpg 300w, https:\/\/www.euegeajans.com\/wp-content\/uploads\/2025\/11\/EU-Iletisim-Fakultesi-ogrencileri-Cocuk-Haklarina-dikkat-cekti-7-1024x683.jpg 1024w, https:\/\/www.euegeajans.com\/wp-content\/uploads\/2025\/11\/EU-Iletisim-Fakultesi-ogrencileri-Cocuk-Haklarina-dikkat-cekti-7-768x512.jpg 768w, https:\/\/www.euegeajans.com\/wp-content\/uploads\/2025\/11\/EU-Iletisim-Fakultesi-ogrencileri-Cocuk-Haklarina-dikkat-cekti-7.jpg 1500w\" sizes=\"auto, (max-width: 300px) 100vw, 300px\" \/><\/a>\n\t\t\t<\/div><\/figure><figure class='gallery-item'>\n\t\t\t<div class='gallery-icon landscape'>\n\t\t\t\t<a href='https:\/\/www.euegeajans.com\/wp-content\/uploads\/2025\/11\/EU-Iletisim-Fakultesi-ogrencileri-Cocuk-Haklarina-dikkat-cekti-8.jpg'><img loading=\"lazy\" decoding=\"async\" width=\"300\" height=\"200\" src=\"https:\/\/www.euegeajans.com\/wp-content\/uploads\/2025\/11\/EU-Iletisim-Fakultesi-ogrencileri-Cocuk-Haklarina-dikkat-cekti-8-300x200.jpg\" class=\"attachment-medium size-medium\" alt=\"\" srcset=\"https:\/\/www.euegeajans.com\/wp-content\/uploads\/2025\/11\/EU-Iletisim-Fakultesi-ogrencileri-Cocuk-Haklarina-dikkat-cekti-8-300x200.jpg 300w, https:\/\/www.euegeajans.com\/wp-content\/uploads\/2025\/11\/EU-Iletisim-Fakultesi-ogrencileri-Cocuk-Haklarina-dikkat-cekti-8-1024x683.jpg 1024w, https:\/\/www.euegeajans.com\/wp-content\/uploads\/2025\/11\/EU-Iletisim-Fakultesi-ogrencileri-Cocuk-Haklarina-dikkat-cekti-8-768x512.jpg 768w, https:\/\/www.euegeajans.com\/wp-content\/uploads\/2025\/11\/EU-Iletisim-Fakultesi-ogrencileri-Cocuk-Haklarina-dikkat-cekti-8.jpg 1500w\" sizes=\"auto, (max-width: 300px) 100vw, 300px\" \/><\/a>\n\t\t\t<\/div><\/figure><figure class='gallery-item'>\n\t\t\t<div class='gallery-icon landscape'>\n\t\t\t\t<a href='https:\/\/www.euegeajans.com\/wp-content\/uploads\/2025\/11\/EU-Iletisim-Fakultesi-ogrencileri-Cocuk-Haklarina-dikkat-cekti-9.jpg'><img loading=\"lazy\" decoding=\"async\" width=\"300\" height=\"200\" src=\"https:\/\/www.euegeajans.com\/wp-content\/uploads\/2025\/11\/EU-Iletisim-Fakultesi-ogrencileri-Cocuk-Haklarina-dikkat-cekti-9-300x200.jpg\" class=\"attachment-medium size-medium\" alt=\"\" srcset=\"https:\/\/www.euegeajans.com\/wp-content\/uploads\/2025\/11\/EU-Iletisim-Fakultesi-ogrencileri-Cocuk-Haklarina-dikkat-cekti-9-300x200.jpg 300w, https:\/\/www.euegeajans.com\/wp-content\/uploads\/2025\/11\/EU-Iletisim-Fakultesi-ogrencileri-Cocuk-Haklarina-dikkat-cekti-9-1024x683.jpg 1024w, https:\/\/www.euegeajans.com\/wp-content\/uploads\/2025\/11\/EU-Iletisim-Fakultesi-ogrencileri-Cocuk-Haklarina-dikkat-cekti-9-768x512.jpg 768w, https:\/\/www.euegeajans.com\/wp-content\/uploads\/2025\/11\/EU-Iletisim-Fakultesi-ogrencileri-Cocuk-Haklarina-dikkat-cekti-9.jpg 1500w\" sizes=\"auto, (max-width: 300px) 100vw, 300px\" \/><\/a>\n\t\t\t<\/div><\/figure><figure class='gallery-item'>\n\t\t\t<div class='gallery-icon landscape'>\n\t\t\t\t<a href='https:\/\/www.euegeajans.com\/wp-content\/uploads\/2025\/11\/EU-Iletisim-Fakultesi-ogrencileri-Cocuk-Haklarina-dikkat-cekti-10.jpg'><img loading=\"lazy\" decoding=\"async\" width=\"300\" height=\"200\" src=\"https:\/\/www.euegeajans.com\/wp-content\/uploads\/2025\/11\/EU-Iletisim-Fakultesi-ogrencileri-Cocuk-Haklarina-dikkat-cekti-10-300x200.jpg\" class=\"attachment-medium size-medium\" alt=\"\" srcset=\"https:\/\/www.euegeajans.com\/wp-content\/uploads\/2025\/11\/EU-Iletisim-Fakultesi-ogrencileri-Cocuk-Haklarina-dikkat-cekti-10-300x200.jpg 300w, https:\/\/www.euegeajans.com\/wp-content\/uploads\/2025\/11\/EU-Iletisim-Fakultesi-ogrencileri-Cocuk-Haklarina-dikkat-cekti-10-1024x683.jpg 1024w, https:\/\/www.euegeajans.com\/wp-content\/uploads\/2025\/11\/EU-Iletisim-Fakultesi-ogrencileri-Cocuk-Haklarina-dikkat-cekti-10-768x512.jpg 768w, https:\/\/www.euegeajans.com\/wp-content\/uploads\/2025\/11\/EU-Iletisim-Fakultesi-ogrencileri-Cocuk-Haklarina-dikkat-cekti-10.jpg 1500w\" sizes=\"auto, (max-width: 300px) 100vw, 300px\" \/><\/a>\n\t\t\t<\/div><\/figure>\n\t\t<\/div>\n\n","protected":false},"excerpt":{"rendered":"<p>Ege \u00dcniversitesinde, D\u00fcnya \u00c7ocuk Haklar\u0131 G\u00fcn\u00fc kapsam\u0131nda anlaml\u0131 bir bilin\u00e7lendirme etkinli\u011fine imza at\u0131ld\u0131. E\u00dc \u0130leti\u015fim&#8230;<\/p>\n","protected":false},"author":2,"featured_media":31247,"comment_status":"open","ping_status":"open","sticky":false,"template":"","format":"standard","meta":{"footnotes":""},"categories":[99,1,70],"tags":[],"class_list":["post-31246","post","type-post","status-publish","format-standard","has-post-thumbnail","hentry","category-egitim","category-gncl","category-kampus"],"featured_image_urls":{"full":["https:\/\/www.euegeajans.com\/wp-content\/uploads\/2025\/11\/EU-Iletisim-Fakultesi-ogrencileri-Cocuk-Haklarina-dikkat-cekti-2_1.jpg",1500,1000,false],"thumbnail":["https:\/\/www.euegeajans.com\/wp-content\/uploads\/2025\/11\/EU-Iletisim-Fakultesi-ogrencileri-Cocuk-Haklarina-dikkat-cekti-2_1-150x150.jpg",150,150,true],"medium":["https:\/\/www.euegeajans.com\/wp-content\/uploads\/2025\/11\/EU-Iletisim-Fakultesi-ogrencileri-Cocuk-Haklarina-dikkat-cekti-2_1-300x200.jpg",300,200,true],"medium_large":["https:\/\/www.euegeajans.com\/wp-content\/uploads\/2025\/11\/EU-Iletisim-Fakultesi-ogrencileri-Cocuk-Haklarina-dikkat-cekti-2_1-768x512.jpg",640,427,true],"large":["https:\/\/www.euegeajans.com\/wp-content\/uploads\/2025\/11\/EU-Iletisim-Fakultesi-ogrencileri-Cocuk-Haklarina-dikkat-cekti-2_1-1024x683.jpg",640,427,true],"1536x1536":["https:\/\/www.euegeajans.com\/wp-content\/uploads\/2025\/11\/EU-Iletisim-Fakultesi-ogrencileri-Cocuk-Haklarina-dikkat-cekti-2_1.jpg",1500,1000,false],"2048x2048":["https:\/\/www.euegeajans.com\/wp-content\/uploads\/2025\/11\/EU-Iletisim-Fakultesi-ogrencileri-Cocuk-Haklarina-dikkat-cekti-2_1.jpg",1500,1000,false],"newsphere-slider-full":["https:\/\/www.euegeajans.com\/wp-content\/uploads\/2025\/11\/EU-Iletisim-Fakultesi-ogrencileri-Cocuk-Haklarina-dikkat-cekti-2_1-1280x720.jpg",1280,720,true],"newsphere-featured":["https:\/\/www.euegeajans.com\/wp-content\/uploads\/2025\/11\/EU-Iletisim-Fakultesi-ogrencileri-Cocuk-Haklarina-dikkat-cekti-2_1-1024x683.jpg",1024,683,true],"newsphere-medium":["https:\/\/www.euegeajans.com\/wp-content\/uploads\/2025\/11\/EU-Iletisim-Fakultesi-ogrencileri-Cocuk-Haklarina-dikkat-cekti-2_1-720x380.jpg",720,380,true]},"author_info":{"display_name":"Editor","author_link":"https:\/\/www.euegeajans.com\/index.php\/author\/editor\/"},"category_info":"<a href=\"https:\/\/www.euegeajans.com\/index.php\/category\/egitim\/\" rel=\"category tag\">E\u011fitim<\/a> <a href=\"https:\/\/www.euegeajans.com\/index.php\/category\/gncl\/\" rel=\"category tag\">G\u00fcncel<\/a> <a href=\"https:\/\/www.euegeajans.com\/index.php\/category\/kampus\/\" rel=\"category tag\">Kamp\u00fcs<\/a>","tag_info":"Kamp\u00fcs","comment_count":"0","_links":{"self":[{"href":"https:\/\/www.euegeajans.com\/index.php\/wp-json\/wp\/v2\/posts\/31246","targetHints":{"allow":["GET"]}}],"collection":[{"href":"https:\/\/www.euegeajans.com\/index.php\/wp-json\/wp\/v2\/posts"}],"about":[{"href":"https:\/\/www.euegeajans.com\/index.php\/wp-json\/wp\/v2\/types\/post"}],"author":[{"embeddable":true,"href":"https:\/\/www.euegeajans.com\/index.php\/wp-json\/wp\/v2\/users\/2"}],"replies":[{"embeddable":true,"href":"https:\/\/www.euegeajans.com\/index.php\/wp-json\/wp\/v2\/comments?post=31246"}],"version-history":[{"count":1,"href":"https:\/\/www.euegeajans.com\/index.php\/wp-json\/wp\/v2\/posts\/31246\/revisions"}],"predecessor-version":[{"id":31257,"href":"https:\/\/www.euegeajans.com\/index.php\/wp-json\/wp\/v2\/posts\/31246\/revisions\/31257"}],"wp:featuredmedia":[{"embeddable":true,"href":"https:\/\/www.euegeajans.com\/index.php\/wp-json\/wp\/v2\/media\/31247"}],"wp:attachment":[{"href":"https:\/\/www.euegeajans.com\/index.php\/wp-json\/wp\/v2\/media?parent=31246"}],"wp:term":[{"taxonomy":"category","embeddable":true,"href":"https:\/\/www.euegeajans.com\/index.php\/wp-json\/wp\/v2\/categories?post=31246"},{"taxonomy":"post_tag","embeddable":true,"href":"https:\/\/www.euegeajans.com\/index.php\/wp-json\/wp\/v2\/tags?post=31246"}],"curies":[{"name":"wp","href":"https:\/\/api.w.org\/{rel}","templated":true}]}}