{"id":31224,"date":"2025-11-27T06:48:53","date_gmt":"2025-11-27T06:48:53","guid":{"rendered":"https:\/\/www.euegeajans.com\/?p=31224"},"modified":"2025-11-27T06:48:55","modified_gmt":"2025-11-27T06:48:55","slug":"turkiyeden-destek-alan-4-projeden-2si-ege-universitesinin","status":"publish","type":"post","link":"https:\/\/www.euegeajans.com\/index.php\/2025\/11\/27\/turkiyeden-destek-alan-4-projeden-2si-ege-universitesinin\/","title":{"rendered":"T\u00fcrkiye\u2019den destek alan 4 projeden 2\u2019si Ege \u00dcniversitesinin"},"content":{"rendered":"<p style=\"text-align: justify;\"><strong>Egeli bilim insanlar\u0131n\u0131n uluslararas\u0131 projelerine T\u00dcB\u0130TAK ve \u00c7in Bilimler Akademisinden destek<\/strong><\/p>\n<p style=\"text-align: justify;\">T\u00dcB\u0130TAK ve \u00c7in Bilimler Akademisi (CAS) taraf\u0131ndan a\u00e7\u0131lan 2025 y\u0131l\u0131 \u00e7a\u011fr\u0131s\u0131 kapsam\u0131nda 4 ortak uluslararas\u0131 projenin desteklenmesine karar verildi. T\u00dcB\u0130TAK ve \u00c7in Bilimler Akademisi (CAS) taraf\u0131ndan a\u00e7\u0131lan 2025 y\u0131l\u0131 \u00e7a\u011fr\u0131s\u0131 kapsam\u0131nda desteklenen 4 ortak uluslararas\u0131 projenin 2\u2019si Ege \u00dcniversitesinin oldu. \u00c7a\u011fr\u0131 kapsam\u0131nda Ege \u00dcniversitesi G\u00fcne\u015f Enerjisi Enstit\u00fcs\u00fc \u00f6\u011fretim \u00fcyesi Prof. Dr. Ceylan Zafer\u2019in y\u00fcr\u00fct\u00fcc\u00fcl\u00fc\u011f\u00fcn\u00fc yapt\u0131\u011f\u0131 \u201cRadyasyona Dayan\u0131kl\u0131 Esnek Perovskit\/Organik Tandem G\u00fcne\u015f H\u00fccreleri i\u00e7in SAM-M\u00fchendislikli Aray\u00fczler\u201d ile G\u00fcne\u015f Enerjisi Enstit\u00fcs\u00fc M\u00fcd\u00fcr Yard\u0131mc\u0131s\u0131 Do\u00e7. Dr. Burak G\u00fcltekin\u2019in partneri oldu\u011fu \u00a0\u201cYenilik\u00e7i Aray\u00fcz Malzemeleri ile Perovskit\/Organik Tandem G\u00fcne\u015f H\u00fccrelerinde Verimlilik ve Kararl\u0131l\u0131\u011f\u0131n Art\u0131r\u0131lmas\u0131\u201d ba\u015fl\u0131kl\u0131 projeler destek almaya hak kazand\u0131.<\/p>\n<p style=\"text-align: justify;\"><img loading=\"lazy\" decoding=\"async\" class=\"size-medium wp-image-31226 alignright\" src=\"http:\/\/www.euegeajans.com\/wp-content\/uploads\/2025\/11\/Turkiyeden-destek-alan-4-projeden-2si-Ege-Universitesinin-1-300x193.jpeg\" alt=\"\" width=\"300\" height=\"193\" srcset=\"https:\/\/www.euegeajans.com\/wp-content\/uploads\/2025\/11\/Turkiyeden-destek-alan-4-projeden-2si-Ege-Universitesinin-1-300x193.jpeg 300w, https:\/\/www.euegeajans.com\/wp-content\/uploads\/2025\/11\/Turkiyeden-destek-alan-4-projeden-2si-Ege-Universitesinin-1-1024x658.jpeg 1024w, https:\/\/www.euegeajans.com\/wp-content\/uploads\/2025\/11\/Turkiyeden-destek-alan-4-projeden-2si-Ege-Universitesinin-1-768x493.jpeg 768w, https:\/\/www.euegeajans.com\/wp-content\/uploads\/2025\/11\/Turkiyeden-destek-alan-4-projeden-2si-Ege-Universitesinin-1-1536x987.jpeg 1536w, https:\/\/www.euegeajans.com\/wp-content\/uploads\/2025\/11\/Turkiyeden-destek-alan-4-projeden-2si-Ege-Universitesinin-1.jpeg 1600w\" sizes=\"auto, (max-width: 300px) 100vw, 300px\" \/>Ba\u015far\u0131l\u0131 ve \u00fcretken bilim insanlar\u0131n\u0131 tebrik eden Ege \u00dcniversitesi Rekt\u00f6r\u00fc Prof. Dr. Necdet Budak, \u201c\u00dcniversitemiz akademisyenlerinin uluslararas\u0131la\u015fma misyonumuz do\u011frultusunda y\u00fcr\u00fctt\u00fckleri bilimsel \u00e7al\u0131\u015fmalar k\u00fcresel d\u00fczeyde kabul g\u00f6rmeye devam ediyor.\u00a0T\u00dcB\u0130TAK ve CAS \u0130kili \u0130\u015fbirli\u011fi Program\u0131 2025 y\u0131l\u0131 \u00e7a\u011fr\u0131s\u0131 kapsam\u0131nda \u00fclkemizden desteklenmesine karar verilen 4 uluslararas\u0131 projeden ikisi \u00fcniversitemiz ara\u015ft\u0131rmac\u0131lar\u0131 taraf\u0131ndan haz\u0131rlanan projeler oldu. Nitelikli bilimsel \u00e7al\u0131\u015fmalar\u0131yla \u00fcniversitemizin ara\u015ft\u0131rma kapasitesine ve uluslararas\u0131 g\u00f6r\u00fcn\u00fcrl\u00fc\u011f\u00fcne katk\u0131 sa\u011flayan G\u00fcne\u015f Enerjisi Enstit\u00fcs\u00fc M\u00fcd\u00fcr\u00fcm\u00fcz Prof. Dr. Ceylan Zafer ve Enstit\u00fc M\u00fcd\u00fcr Yard\u0131mc\u0131s\u0131 Do\u00e7. Dr. Burak G\u00fcltekin hocalar\u0131m\u0131z\u0131 ekiplerini tebrik ediyor, bilimsel \u00fcretim yolculuklar\u0131nda ba\u015far\u0131lar\u0131n\u0131n artarak devam etmesini diliyorum\u201d dedi.<\/p>\n<p style=\"text-align: justify;\" align=\"center\"><b>\u201cBu proje ile uzayda ve d\u00fcnyada daha hafif, daha verimli ve daha dayan\u0131kl\u0131 enerji sistemleri geli\u015ftirilecek\u201d<\/b><\/p>\n<p style=\"text-align: justify;\">Ege \u00dcniversitesi G\u00fcne\u015f Enerjisi Enstit\u00fcs\u00fc M\u00fcd\u00fcr\u00fc Prof. Dr. Ceylan Zafer\u2019in y\u00fcr\u00fct\u00fcc\u00fc, Enerji Teknolojisi Anabilim Dal\u0131 Dr. \u00d6\u011fr. \u00dcyesi Adem Mutlu\u2019nun ara\u015ft\u0131rmac\u0131, Ar. G\u00f6r. G\u00fclay Zeynep G\u00fcnel\u2019in ise bursiyer olarak g\u00f6rev ald\u0131\u011f\u0131 \u201cRadyasyona Dayan\u0131kl\u0131 Esnek Perovskit\/Organik Tandem G\u00fcne\u015f H\u00fccreleri i\u00e7in SAM-M\u00fchendislikli Aray\u00fczler\u201d ba\u015fl\u0131kl\u0131 proje ile uzay ve havac\u0131l\u0131k uygulamalar\u0131na y\u00f6nelik, hafif, esnek, y\u00fcksek verimli ve radyasyona dayan\u0131kl\u0131 yeni nesil g\u00fcne\u015f h\u00fccreleri geli\u015ftirilmesi hedefleniyor.<\/p>\n<p style=\"text-align: justify;\"><b>\u201cUzay i\u00e7in yeni nesil esnek g\u00fcne\u015f h\u00fccreleri geli\u015ftirilecek\u201d<\/b><\/p>\n<p style=\"text-align: justify;\">Projenin i\u00e7eri\u011fi hakk\u0131nda bilgi veren Proje Y\u00fcr\u00fct\u00fcc\u00fcs\u00fc Prof. Dr. Ceylan Zafer, \u201cBu proje ile uzay ve havac\u0131l\u0131k uygulamalar\u0131nda kullan\u0131labilecek yeni nesil esnek tandem g\u00fcne\u015f h\u00fccreleri geli\u015ftirmeyi hedefliyoruz. \u00c7al\u0131\u015fmam\u0131zda, perovskit ve organik g\u00fcne\u015f h\u00fccrelerini tek bir mimaride birle\u015ftiren, hafif ve b\u00fck\u00fclebilir bir yap\u0131 \u00fczerinde \u00e7al\u0131\u015f\u0131yoruz. As\u0131l yenilik, bu yap\u0131n\u0131n aray\u00fczlerine entegre etti\u011fimiz self-assembled monolayer (SAM) ad\u0131 verilen fonksiyonel molek\u00fcl katmanlar\u0131nda yat\u0131yor. \u00d6zellikle triazatruksene (TAT) tabanl\u0131, UV ile aktive edilebilen SAM molek\u00fclleri kullanarak, katmanlar aras\u0131ndaki enerji seviyelerini hassas bi\u00e7imde ayarlamay\u0131, y\u00fczey kusurlar\u0131n\u0131 pasiflemeyi ve y\u00fck ta\u015f\u0131n\u0131m\u0131n\u0131 iyile\u015ftirmeyi ama\u00e7l\u0131yoruz\u201d dedi.<\/p>\n<p style=\"text-align: justify;\">\u00a0Prof. Dr. Zafer, \u201cUzay ortam\u0131nda malzemeler yaln\u0131zca verimli olmak zorunda de\u011fil, ayn\u0131 zamanda radyasyon, yo\u011fun UV \u0131\u015f\u0131n\u0131m\u0131 ve termal vakum d\u00f6ng\u00fclerine de dayan\u0131kl\u0131 olmal\u0131. Bu nedenle geli\u015ftirece\u011fimiz esnek tandem g\u00fcne\u015f h\u00fccrelerini, laboratuvar ortam\u0131nda uzay ko\u015fullar\u0131n\u0131 taklit eden testlere tabi tutaca\u011f\u0131z. Elektron ve proton \u0131\u015f\u0131nlamas\u0131, UV maruziyeti ve d\u00fc\u015f\u00fck-y\u00fcksek s\u0131cakl\u0131k d\u00f6ng\u00fclerinin bir arada uyguland\u0131\u011f\u0131 kapsaml\u0131 bir stabilite \u00e7al\u0131\u015fmas\u0131 planl\u0131yoruz\u201d diye konu\u015ftu.<\/p>\n<p style=\"text-align: justify;\"><b>\u201cUluslararas\u0131 i\u015f birli\u011fi ile uzaydan d\u00fcnyaya uzanan katma de\u011fer\u201d<\/b><\/p>\n<p style=\"text-align: justify;\"><img loading=\"lazy\" decoding=\"async\" class=\"size-medium wp-image-31227 alignleft\" src=\"http:\/\/www.euegeajans.com\/wp-content\/uploads\/2025\/11\/Turkiyeden-destek-alan-4-projeden-2si-Ege-Universitesinin-2-300x200.jpeg\" alt=\"\" width=\"300\" height=\"200\" srcset=\"https:\/\/www.euegeajans.com\/wp-content\/uploads\/2025\/11\/Turkiyeden-destek-alan-4-projeden-2si-Ege-Universitesinin-2-300x200.jpeg 300w, https:\/\/www.euegeajans.com\/wp-content\/uploads\/2025\/11\/Turkiyeden-destek-alan-4-projeden-2si-Ege-Universitesinin-2-1024x682.jpeg 1024w, https:\/\/www.euegeajans.com\/wp-content\/uploads\/2025\/11\/Turkiyeden-destek-alan-4-projeden-2si-Ege-Universitesinin-2-768x512.jpeg 768w, https:\/\/www.euegeajans.com\/wp-content\/uploads\/2025\/11\/Turkiyeden-destek-alan-4-projeden-2si-Ege-Universitesinin-2-1536x1023.jpeg 1536w, https:\/\/www.euegeajans.com\/wp-content\/uploads\/2025\/11\/Turkiyeden-destek-alan-4-projeden-2si-Ege-Universitesinin-2.jpeg 1600w\" sizes=\"auto, (max-width: 300px) 100vw, 300px\" \/>Projenin \u00f6nemli unsurlar\u0131ndan birinin de uluslararas\u0131 i\u015f birli\u011fi oldu\u011funu vurgulayan Prof. Dr. Ceylan Zafer, \u201c\u00c7al\u0131\u015fmam\u0131z, T\u00fcrkiye\u2019deki malzeme ve aray\u00fcz m\u00fchendisli\u011fi birikimini, yurt d\u0131\u015f\u0131ndaki geli\u015fmi\u015f cihaz entegrasyonu ve uzay test altyap\u0131lar\u0131 ile bir araya getiriyor. B\u00f6ylece zincirin t\u00fcm halkalar\u0131n\u0131 molek\u00fcl tasar\u0131m\u0131ndan esnek mod\u00fcle, oradan uzay ko\u015fullar\u0131na kadar ayn\u0131 proje i\u00e7inde b\u00fct\u00fcnc\u00fcl bi\u00e7imde de\u011ferlendirebiliyoruz. Bu, sadece bilimsel a\u00e7\u0131dan de\u011fil, \u00fclkemizin uzay teknolojileri alan\u0131ndaki vizyonu a\u00e7\u0131s\u0131ndan da \u00f6nemli bir ad\u0131m. Bu proje ile hem gelece\u011fin uzay g\u00f6revlerine y\u00f6nelik yerli ve rekabet\u00e7i enerji \u00e7\u00f6z\u00fcmleri geli\u015ftirmeyi hem de yeti\u015ftirece\u011fimiz gen\u00e7 ara\u015ft\u0131rmac\u0131larla bu alan\u0131n insan kayna\u011f\u0131na katk\u0131 sunmay\u0131 hedefliyoruz. Uzayda kullan\u0131labilecek d\u00fczeyde kararl\u0131, esnek ve hafif g\u00fcne\u015f h\u00fccreleri geli\u015ftirmek, yaln\u0131zca uzay teknolojilerine de\u011fil, D\u00fcnya\u2019daki temiz enerji d\u00f6n\u00fc\u015f\u00fcm\u00fcne de katk\u0131 sa\u011flayacak. Ege \u00dcniversitesi \u00e7at\u0131s\u0131 alt\u0131nda, gelece\u011fin daha s\u00fcrd\u00fcr\u00fclebilir, daha ak\u0131ll\u0131 ve daha verimli enerji d\u00fcnyas\u0131na bilimsel temel olu\u015fturmak i\u00e7in \u00e7al\u0131\u015fmaya devam edece\u011fiz\u201d dedi.<\/p>\n<p style=\"text-align: justify;\"><b>\u201cEsnek, hafif ve radyasyona dayan\u0131kl\u0131 enerji \u00e7\u00f6z\u00fcmleri\u201d<\/b><\/p>\n<p style=\"text-align: justify;\">Projenin teknik hedefleri \u00fczerine de\u011ferlendirmelerde bulunan Ara\u015ft\u0131rmac\u0131 Dr. \u00d6\u011fr. \u00dcyesi Adem Mutlu, \u201cGeli\u015ftirece\u011fimiz cihazlar, klasik cam tabanl\u0131 g\u00fcne\u015f panellerinden farkl\u0131 olarak esnek polimer altl\u0131klar \u00fczerinde \u00fcretilecek. Bu sayede hem a\u011f\u0131rl\u0131k \u00f6nemli \u00f6l\u00e7\u00fcde azalacak hem de uydu y\u00fczeylerine, katlanabilir yap\u0131lara veya e\u011fimli platformlara uyarlanabilir hale gelecek. SAM-m\u00fchendislikli aray\u00fczler sayesinde yaln\u0131zca verim art\u0131\u015f\u0131 de\u011fil, ayn\u0131 zamanda uzun s\u00fcreli kararl\u0131l\u0131kta da belirgin bir iyile\u015fme bekliyoruz. Hedefimiz, uzay g\u00f6revlerinde kullan\u0131labilecek, hafif, kompakt ve g\u00fcvenilir bir enerji \u00fcretim platformu ortaya koymak. Proje kapsam\u0131nda SAM sentezi ve y\u00fczey fonksiyonelle\u015ftirme \u00e7al\u0131\u015fmalar\u0131n\u0131n yan\u0131 s\u0131ra, perovskit ve organik alt h\u00fccrelerin optimizasyonu, tandem mimarinin tasar\u0131m\u0131 ve t\u00fcm bu yap\u0131lar\u0131n uzay benzeri ko\u015fullar alt\u0131nda denenmesi planlan\u0131yor. Elde edece\u011fimiz sonu\u00e7larla, esnek g\u00fcne\u015f h\u00fccrelerinin yaln\u0131zca uzayda de\u011fil, ayn\u0131 zamanda havac\u0131l\u0131k, insans\u0131z hava ara\u00e7lar\u0131, ta\u015f\u0131nabilir elektronikler ve y\u00fcksek katma de\u011ferli \u00f6zel uygulamalar i\u00e7in de kullan\u0131lmas\u0131n\u0131n \u00f6n\u00fcn\u00fc a\u00e7may\u0131 hedefliyoruz\u201d diye konu\u015ftu.<\/p>\n","protected":false},"excerpt":{"rendered":"<p>Egeli bilim insanlar\u0131n\u0131n uluslararas\u0131 projelerine T\u00dcB\u0130TAK ve \u00c7in Bilimler Akademisinden destek T\u00dcB\u0130TAK ve \u00c7in Bilimler&#8230;<\/p>\n","protected":false},"author":2,"featured_media":31225,"comment_status":"open","ping_status":"open","sticky":false,"template":"","format":"standard","meta":{"footnotes":""},"categories":[69,99,1,70],"tags":[],"class_list":["post-31224","post","type-post","status-publish","format-standard","has-post-thumbnail","hentry","category-bilim","category-egitim","category-gncl","category-kampus"],"featured_image_urls":{"full":["https:\/\/www.euegeajans.com\/wp-content\/uploads\/2025\/11\/Turkiyeden-destek-alan-4-projeden-2si-Ege-Universitesinin-3.jpeg",1600,1068,false],"thumbnail":["https:\/\/www.euegeajans.com\/wp-content\/uploads\/2025\/11\/Turkiyeden-destek-alan-4-projeden-2si-Ege-Universitesinin-3-150x150.jpeg",150,150,true],"medium":["https:\/\/www.euegeajans.com\/wp-content\/uploads\/2025\/11\/Turkiyeden-destek-alan-4-projeden-2si-Ege-Universitesinin-3-300x200.jpeg",300,200,true],"medium_large":["https:\/\/www.euegeajans.com\/wp-content\/uploads\/2025\/11\/Turkiyeden-destek-alan-4-projeden-2si-Ege-Universitesinin-3-768x513.jpeg",640,428,true],"large":["https:\/\/www.euegeajans.com\/wp-content\/uploads\/2025\/11\/Turkiyeden-destek-alan-4-projeden-2si-Ege-Universitesinin-3-1024x684.jpeg",640,428,true],"1536x1536":["https:\/\/www.euegeajans.com\/wp-content\/uploads\/2025\/11\/Turkiyeden-destek-alan-4-projeden-2si-Ege-Universitesinin-3-1536x1025.jpeg",1536,1025,true],"2048x2048":["https:\/\/www.euegeajans.com\/wp-content\/uploads\/2025\/11\/Turkiyeden-destek-alan-4-projeden-2si-Ege-Universitesinin-3.jpeg",1600,1068,false],"newsphere-slider-full":["https:\/\/www.euegeajans.com\/wp-content\/uploads\/2025\/11\/Turkiyeden-destek-alan-4-projeden-2si-Ege-Universitesinin-3-1280x720.jpeg",1280,720,true],"newsphere-featured":["https:\/\/www.euegeajans.com\/wp-content\/uploads\/2025\/11\/Turkiyeden-destek-alan-4-projeden-2si-Ege-Universitesinin-3-1024x684.jpeg",1024,684,true],"newsphere-medium":["https:\/\/www.euegeajans.com\/wp-content\/uploads\/2025\/11\/Turkiyeden-destek-alan-4-projeden-2si-Ege-Universitesinin-3-720x380.jpeg",720,380,true]},"author_info":{"display_name":"Editor","author_link":"https:\/\/www.euegeajans.com\/index.php\/author\/editor\/"},"category_info":"<a href=\"https:\/\/www.euegeajans.com\/index.php\/category\/bilim\/\" rel=\"category tag\">Bilim<\/a> <a href=\"https:\/\/www.euegeajans.com\/index.php\/category\/egitim\/\" rel=\"category tag\">E\u011fitim<\/a> <a href=\"https:\/\/www.euegeajans.com\/index.php\/category\/gncl\/\" rel=\"category tag\">G\u00fcncel<\/a> <a href=\"https:\/\/www.euegeajans.com\/index.php\/category\/kampus\/\" rel=\"category tag\">Kamp\u00fcs<\/a>","tag_info":"Kamp\u00fcs","comment_count":"0","_links":{"self":[{"href":"https:\/\/www.euegeajans.com\/index.php\/wp-json\/wp\/v2\/posts\/31224","targetHints":{"allow":["GET"]}}],"collection":[{"href":"https:\/\/www.euegeajans.com\/index.php\/wp-json\/wp\/v2\/posts"}],"about":[{"href":"https:\/\/www.euegeajans.com\/index.php\/wp-json\/wp\/v2\/types\/post"}],"author":[{"embeddable":true,"href":"https:\/\/www.euegeajans.com\/index.php\/wp-json\/wp\/v2\/users\/2"}],"replies":[{"embeddable":true,"href":"https:\/\/www.euegeajans.com\/index.php\/wp-json\/wp\/v2\/comments?post=31224"}],"version-history":[{"count":1,"href":"https:\/\/www.euegeajans.com\/index.php\/wp-json\/wp\/v2\/posts\/31224\/revisions"}],"predecessor-version":[{"id":31228,"href":"https:\/\/www.euegeajans.com\/index.php\/wp-json\/wp\/v2\/posts\/31224\/revisions\/31228"}],"wp:featuredmedia":[{"embeddable":true,"href":"https:\/\/www.euegeajans.com\/index.php\/wp-json\/wp\/v2\/media\/31225"}],"wp:attachment":[{"href":"https:\/\/www.euegeajans.com\/index.php\/wp-json\/wp\/v2\/media?parent=31224"}],"wp:term":[{"taxonomy":"category","embeddable":true,"href":"https:\/\/www.euegeajans.com\/index.php\/wp-json\/wp\/v2\/categories?post=31224"},{"taxonomy":"post_tag","embeddable":true,"href":"https:\/\/www.euegeajans.com\/index.php\/wp-json\/wp\/v2\/tags?post=31224"}],"curies":[{"name":"wp","href":"https:\/\/api.w.org\/{rel}","templated":true}]}}