{"id":31211,"date":"2025-11-26T02:43:00","date_gmt":"2025-11-26T02:43:00","guid":{"rendered":"https:\/\/www.euegeajans.com\/?p=31211"},"modified":"2025-11-26T07:47:37","modified_gmt":"2025-11-26T07:47:37","slug":"havacilik-sektoru-ege-universitesinde-bulustu","status":"publish","type":"post","link":"https:\/\/www.euegeajans.com\/index.php\/2025\/11\/26\/havacilik-sektoru-ege-universitesinde-bulustu\/","title":{"rendered":"Havac\u0131l\u0131k sekt\u00f6r\u00fc Ege \u00dcniversitesinde bulu\u015ftu"},"content":{"rendered":"<p style=\"text-align: justify;\"><strong>Havac\u0131l\u0131k Teknolojileri ve Uygulamalar\u0131 Konferans\u0131 AKM\u2019de d\u00fczenlendi<\/strong><\/p>\n<p style=\"text-align: justify;\" align=\"right\">Ceylin \u00c7akar<\/p>\n<p style=\"text-align: justify;\">T\u00fcrkiye\u2019nin havac\u0131l\u0131k ve uzay teknolojileri alan\u0131ndaki en \u00f6nemli akademik ve end\u00fcstriyel bulu\u015fmalar\u0131ndan biri olan Havac\u0131l\u0131k Teknolojileri ve Uygulamalar\u0131 Konferans\u0131\u2019n\u0131n (ATAConf\u201925) yedincisi, Ege \u00dcniversitesi Atat\u00fcrk K\u00fclt\u00fcr Merkezi\u2019nde ger\u00e7ekle\u015ftirildi. Milli Savunma \u00dcniversitesi Hava Astsubay Meslek Y\u00fcksekokulu ile Ege \u00dcniversitesi Havac\u0131l\u0131k Meslek Y\u00fcksekokulu i\u015f birli\u011finde d\u00fczenlenen konferans; alan\u0131nda uzman akademisyenleri, sekt\u00f6r profesyonellerini, ara\u015ft\u0131rmac\u0131lar\u0131 ve end\u00fcstriyel payda\u015flar\u0131 bir araya getirdi.<\/p>\n<p style=\"text-align: justify;\">Havac\u0131l\u0131k ve Uzay K\u00fcmelenmesi Derne\u011finin Ana Sponsor oldu\u011fu etkinlikte Kale Jet Motorlar\u0131 Alt\u0131n Sponsor, Aselsan, Roketsan, T\u00fcrk Havac\u0131l\u0131k ve Uzay Sanayi ve T\u00fcrk Hava Yollar\u0131 Teknik firmalar\u0131 da etkinlik sponsorlar\u0131 olarak yer ald\u0131lar. Etkinli\u011fe; Ege \u00dcniversitesi Rekt\u00f6r Yard\u0131mc\u0131s\u0131 Prof. Dr. Mehmet Ersan, Gaziemir Kaymakam\u0131 Kudret Kurnaz, Ege \u00dcniversitesi Havac\u0131l\u0131k Meslek Y\u00fcksekokulu M\u00fcd\u00fcr\u00fc Prof. Dr. R\u00fcstem Bar\u0131\u015f Ye\u015filay, Milli Savunma \u00dcniversitesi Hava Astsubay Meslek Y\u00fcksekokulu M\u00fcd\u00fcr\u00fc Prof. Dr. Hasan Mert, havac\u0131l\u0131k sekt\u00f6r\u00fcn\u00fcn \u00f6nde gelen kurum ve kurulu\u015flar\u0131n\u0131n temsilcileri ve \u00f6\u011frenciler kat\u0131ld\u0131.<\/p>\n<p style=\"text-align: justify;\"><img loading=\"lazy\" decoding=\"async\" class=\"size-medium wp-image-31213 alignleft\" src=\"http:\/\/www.euegeajans.com\/wp-content\/uploads\/2025\/11\/Prof-Dr-Mehmet-Ersan-4-300x168.jpg\" alt=\"\" width=\"300\" height=\"168\" srcset=\"https:\/\/www.euegeajans.com\/wp-content\/uploads\/2025\/11\/Prof-Dr-Mehmet-Ersan-4-300x168.jpg 300w, https:\/\/www.euegeajans.com\/wp-content\/uploads\/2025\/11\/Prof-Dr-Mehmet-Ersan-4-1024x575.jpg 1024w, https:\/\/www.euegeajans.com\/wp-content\/uploads\/2025\/11\/Prof-Dr-Mehmet-Ersan-4-768x431.jpg 768w, https:\/\/www.euegeajans.com\/wp-content\/uploads\/2025\/11\/Prof-Dr-Mehmet-Ersan-4-1280x720.jpg 1280w, https:\/\/www.euegeajans.com\/wp-content\/uploads\/2025\/11\/Prof-Dr-Mehmet-Ersan-4.jpg 1500w\" sizes=\"auto, (max-width: 300px) 100vw, 300px\" \/>Etkinli\u011fin a\u00e7\u0131l\u0131\u015f konu\u015fmas\u0131n\u0131 ger\u00e7ekle\u015ftiren E\u00dc Rekt\u00f6r Yard\u0131mc\u0131s\u0131 Prof. Dr. Mehmet Ersan, \u201cTeknoloji ve sekt\u00f6r i\u015f birli\u011finin b\u00f6ylesine g\u00fc\u00e7l\u00fc \u015fekilde ayn\u0131 \u00e7at\u0131 alt\u0131nda bulu\u015ftu\u011fu bu etkinlikte sizlerle birlikte olmaktan b\u00fcy\u00fck bir memnuniyet duyuyoruz. Ege \u00dcniversitesi olarak havac\u0131l\u0131k alan\u0131ndaki geli\u015fmeleri sadece takip eden de\u011fil, ayn\u0131 zamanda bu geli\u015fimi besleyen, y\u00f6nlendiren ve gelece\u011fe ta\u015f\u0131yan bir kurum olmay\u0131 s\u00fcrd\u00fcr\u00fcyoruz. Havac\u0131l\u0131k Meslek Y\u00fcksekokulumuz T\u00fcrkiye&#8217;de en \u00e7ok tercih edilen ve en y\u00fcksek puanla \u00f6\u011frenci kabul eden bir yap\u0131ya ula\u015fm\u0131\u015f durumda. Milli Savunma \u00dcniversitesi Hava Astsubay Meslek Y\u00fcksekokulu ile yap\u0131lan i\u015f birli\u011fi sayesinde akademisyenlerimizin bilimsel \u00e7al\u0131\u015fmalar\u0131n\u0131 payla\u015fabilece\u011fi, sekt\u00f6r temsilcilerinin ihtiya\u00e7lar\u0131n\u0131 aktarabilece\u011fi ve \u00f6\u011frencilerimizin ilham alabilece\u011fi bir ortam olu\u015fturduk. Kat\u0131l\u0131mlar\u0131yla bizlere g\u00fc\u00e7 veren t\u00fcm sekt\u00f6r temsilcilerimize, akademisyenlere ve gelece\u011fin havac\u0131lar\u0131 olacak olan \u00f6\u011frencilerimize te\u015fekk\u00fcr ederim. Bu organizasyonumuzu haz\u0131rlayarak destek veren sponsorlar\u0131m\u0131za, d\u00fczenleme kurulumuza ve akademik ve idari \u00e7al\u0131\u015fanlar\u0131m\u0131za te\u015fekk\u00fcrlerimi sunar\u0131m\u201d dedi.<\/p>\n<p style=\"text-align: justify;\"><b>\u201cSizler T\u00fcrkiye&#8217;nin g\u00f6ky\u00fcz\u00fcndeki gelece\u011fisiniz\u201d<\/b><\/p>\n<p style=\"text-align: justify;\"><img loading=\"lazy\" decoding=\"async\" class=\"size-medium wp-image-31214 alignright\" src=\"http:\/\/www.euegeajans.com\/wp-content\/uploads\/2025\/11\/Kudret-Kurnaz-1-300x168.jpg\" alt=\"\" width=\"300\" height=\"168\" srcset=\"https:\/\/www.euegeajans.com\/wp-content\/uploads\/2025\/11\/Kudret-Kurnaz-1-300x168.jpg 300w, https:\/\/www.euegeajans.com\/wp-content\/uploads\/2025\/11\/Kudret-Kurnaz-1-1024x575.jpg 1024w, https:\/\/www.euegeajans.com\/wp-content\/uploads\/2025\/11\/Kudret-Kurnaz-1-768x431.jpg 768w, https:\/\/www.euegeajans.com\/wp-content\/uploads\/2025\/11\/Kudret-Kurnaz-1-1280x720.jpg 1280w, https:\/\/www.euegeajans.com\/wp-content\/uploads\/2025\/11\/Kudret-Kurnaz-1.jpg 1500w\" sizes=\"auto, (max-width: 300px) 100vw, 300px\" \/>Gaziemir Kaymakam\u0131 Kudret Kurnaz, \u201cBug\u00fcn burada sadece bir konferansa tan\u0131kl\u0131k etmiyoruz, ayn\u0131 zamanda T\u00fcrkiye&#8217;nin havac\u0131l\u0131k ve savunma sanayi alan\u0131nda att\u0131\u011f\u0131 g\u00fc\u00e7l\u00fc ad\u0131mlar\u0131n, ortaya koydu\u011fu vizyonun ve gelece\u011fe y\u00f6nelik iddias\u0131n\u0131n somut bir yans\u0131mas\u0131 i\u00e7in bir araday\u0131z. Havac\u0131l\u0131k sadece bir ula\u015f\u0131m bi\u00e7imi de\u011fil, teknolojinin, m\u00fchendisli\u011fin, bilimin, savunma sanayini ve insan\u0131n hayal g\u00fcc\u00fcn\u00fcn birle\u015fti\u011fi en stratejik alanlardan biridir. Havac\u0131l\u0131k disipliniyle yeti\u015fmi\u015f, uluslararas\u0131 akreditasyona sahip, ara\u015ft\u0131ran, yenilik\u00e7i, nitelikli, bilgili, inisiyatif ve sorumluluk sahibi, kalifiye eleman yeti\u015ftirmek misyonuyla il\u00e7emizde e\u011fitime devam eden Ege \u00dcniversitesi Havac\u0131l\u0131k Meslek Y\u00fcksekokulumuzun ve \u015fanl\u0131 ordumuzda kahramanlar yeti\u015ftiren Milli Savunma \u00dcniversitesi Hava Astsubay Meslek Y\u00fcksekokulunun d\u00fczenledi\u011fi konferansta\u00a0 sekt\u00f6r\u00fcn \u00f6nde gelen uzmanlar\u0131 gen\u00e7lerimize ilham verecek. Sevgili gen\u00e7ler, sizler T\u00fcrkiye&#8217;nin g\u00f6ky\u00fcz\u00fcndeki gelece\u011fisiniz. Havac\u0131l\u0131k, disiplin, cesaret ve y\u00fcksek teknik bilgi gerekir. Ama unutmay\u0131n ki bu alan\u0131n en \u00f6nemli g\u00fcc\u00fc, sizlerin merak\u0131, motivasyonu ve \u00fcretme iste\u011fidir. Bu \u00f6nemli etkinlik d\u00fczenlenmesinde eme\u011fi ge\u00e7en herkese te\u015fekk\u00fcr ediyorum\u201d dedi.<\/p>\n<p style=\"text-align: justify;\"><b>\u201cYapay zeka havac\u0131l\u0131\u011f\u0131n gelece\u011fidir\u201d<\/b><\/p>\n<p style=\"text-align: justify;\"><img loading=\"lazy\" decoding=\"async\" class=\"size-medium wp-image-31215 alignleft\" src=\"http:\/\/www.euegeajans.com\/wp-content\/uploads\/2025\/11\/Prof-Dr-Rustem-Baris-Yesilay-1-300x168.jpg\" alt=\"\" width=\"300\" height=\"168\" srcset=\"https:\/\/www.euegeajans.com\/wp-content\/uploads\/2025\/11\/Prof-Dr-Rustem-Baris-Yesilay-1-300x168.jpg 300w, https:\/\/www.euegeajans.com\/wp-content\/uploads\/2025\/11\/Prof-Dr-Rustem-Baris-Yesilay-1-1024x575.jpg 1024w, https:\/\/www.euegeajans.com\/wp-content\/uploads\/2025\/11\/Prof-Dr-Rustem-Baris-Yesilay-1-768x431.jpg 768w, https:\/\/www.euegeajans.com\/wp-content\/uploads\/2025\/11\/Prof-Dr-Rustem-Baris-Yesilay-1-1280x720.jpg 1280w, https:\/\/www.euegeajans.com\/wp-content\/uploads\/2025\/11\/Prof-Dr-Rustem-Baris-Yesilay-1.jpg 1500w\" sizes=\"auto, (max-width: 300px) 100vw, 300px\" \/>Ege \u00dcniversitesi Havac\u0131l\u0131k Meslek Y\u00fcksekokulu M\u00fcd\u00fcr\u00fc Prof. Dr. R\u00fcstem Bar\u0131\u015f Ye\u015filay, \u201cBu anlaml\u0131 bulu\u015fmada T\u00fcrkiye Cumhuriyeti&#8217;nin kurucusu B\u00fcy\u00fck \u00d6nder Gazi Mustafa Kemal Atat\u00fcrk&#8217;\u00fc sayg\u0131, minnet ve rahmetle an\u0131yorum. Atat\u00fcrk&#8217;\u00fcn vizyonu, milletimizin gelece\u011fe olan inanc\u0131n\u0131n temelidir. O, gelece\u011fi \u00f6ng\u00f6rebilen bir liderdi ve havac\u0131l\u0131\u011f\u0131n \u00f6nemini \u00e7ok erken kavram\u0131\u015ft\u0131. Bizler, bu salonda toplanan t\u00fcm payda\u015flar, onun i\u015faret etti\u011fi g\u00f6klere ula\u015fma yolunda T\u00fcrkiye&#8217;yi havac\u0131l\u0131k ve uzay teknolojilerinde lider yapma sorumlulu\u011funu omuzlar\u0131m\u0131zda ta\u015f\u0131yoruz. Bu y\u0131lki konferans\u0131m\u0131za g\u00f6sterilen yo\u011fun ilgi, havac\u0131l\u0131k camias\u0131n\u0131n bilim ve teknolojiye olan yo\u011fun tutkusunun kan\u0131t\u0131d\u0131r. Konferans\u0131m\u0131z\u0131n ana temas\u0131 yapay zeka ve havac\u0131l\u0131kt\u0131r. \u0130\u00e7inde bulundu\u011fumuz \u00e7a\u011f yapay zekan\u0131n her sekt\u00f6r\u00fc d\u00f6n\u00fc\u015ft\u00fcrd\u00fc\u011f\u00fc bir d\u00f6nemdir. U\u00e7ak bak\u0131m onar\u0131m\u0131ndan u\u00e7u\u015f emniyetine, rota optimizasyonundan insans\u0131z hava ara\u00e7lar\u0131n\u0131n otonom sistemlerine kadar yapay zeka havac\u0131l\u0131\u011f\u0131n gelece\u011fidir. Bu b\u00fcy\u00fck organizasyonun hayata ge\u00e7mesinde bizlere g\u00fc\u00e7 veren t\u00fcm destek\u00e7ilerimize \u015f\u00fckranlar\u0131n\u0131 sunuyorum\u201d dedi.<\/p>\n<p style=\"text-align: justify;\"><b>\u201cT\u00fcrklerin havac\u0131l\u0131k ile olan ili\u015fkisi eskilere dayan\u0131r\u201d<\/b><\/p>\n<p style=\"text-align: justify;\"><img loading=\"lazy\" decoding=\"async\" class=\"size-medium wp-image-31216 alignright\" src=\"http:\/\/www.euegeajans.com\/wp-content\/uploads\/2025\/11\/Prof-Dr-Hasan-Mert-1-300x168.jpg\" alt=\"\" width=\"300\" height=\"168\" srcset=\"https:\/\/www.euegeajans.com\/wp-content\/uploads\/2025\/11\/Prof-Dr-Hasan-Mert-1-300x168.jpg 300w, https:\/\/www.euegeajans.com\/wp-content\/uploads\/2025\/11\/Prof-Dr-Hasan-Mert-1-1024x575.jpg 1024w, https:\/\/www.euegeajans.com\/wp-content\/uploads\/2025\/11\/Prof-Dr-Hasan-Mert-1-768x431.jpg 768w, https:\/\/www.euegeajans.com\/wp-content\/uploads\/2025\/11\/Prof-Dr-Hasan-Mert-1-1280x720.jpg 1280w, https:\/\/www.euegeajans.com\/wp-content\/uploads\/2025\/11\/Prof-Dr-Hasan-Mert-1.jpg 1500w\" sizes=\"auto, (max-width: 300px) 100vw, 300px\" \/>Milli Savunma \u00dcniversitesi Hava Astsubay Meslek Y\u00fcksekokulu M\u00fcd\u00fcr\u00fc Prof. Dr. Hasan Mert, \u201c\u0130nsanlar\u0131n g\u00f6ky\u00fcz\u00fcne uzanan en k\u00f6kl\u00fc hayallerinden biri olan havac\u0131l\u0131\u011f\u0131n g\u00fcn\u00fcm\u00fczdeki g\u00fcncel durumunu konu\u015fmak ve s\u00fcregelen geli\u015fimleri takip etmek i\u00e7in bir araday\u0131z. Havac\u0131l\u0131k sekt\u00f6r\u00fc; ge\u00e7mi\u015ften g\u00fcn\u00fcm\u00fcze yaln\u0131zca bir ula\u015f\u0131m arac\u0131 de\u011fil, teknolojiyi, stratejik vizyonu, ekonomik g\u00fcc\u00fc, bilimsel ilerlemeyi ve ba\u011f\u0131ms\u0131zl\u0131\u011f\u0131 temsil eden bir aland\u0131r. D\u00fcnyada oldu\u011fu gibi, havac\u0131l\u0131\u011f\u0131n T\u00fcrk milleti i\u00e7in de ayr\u0131 bir anlam\u0131 vard\u0131r. T\u00fcrklerle u\u00e7mak aras\u0131nda kurulan ilk ilgi, \u00e7ok eski d\u00f6nemlerde ba\u015flam\u0131\u015f olmakla birlikte, Cevheri&#8217;den Hezarfen\u00a0 Ahmet \u00c7elebi ve Lagari Hasan \u00c7elebi&#8217;ye kadar T\u00fcrk tarihinin \u00e7e\u015fitli d\u00f6nemlerinde u\u00e7u\u015f denemeleri yap\u0131lm\u0131\u015ft\u0131r ve havac\u0131l\u0131\u011fa olan ilgi canl\u0131 tutulmu\u015ftur. Bug\u00fcn ise g\u00f6ky\u00fcz\u00fcnde g\u00f6rd\u00fc\u011f\u00fcm\u00fcz her platform, T\u00fcrk m\u00fchendisli\u011finin zek\u00e2s\u0131n\u0131n, eme\u011finin, azminin ve bilime olan inanc\u0131n\u0131n bir yans\u0131mas\u0131d\u0131r. Bu konferans\u0131n amac\u0131, havac\u0131l\u0131k sekt\u00f6r\u00fcnde y\u00fcr\u00fct\u00fclen \u00e7al\u0131\u015fmalar\u0131 bir araya getirerek, bilimin \u0131\u015f\u0131\u011f\u0131nda yeni i\u015f birlikleri, yeni fikirler ve yeni ufuklar a\u00e7makt\u0131r. Bu noktada bizlere destek veren t\u00fcm kurumlara, t\u00fcm proje ortaklar\u0131m\u0131za, t\u00fcm de\u011ferli sponsorlar\u0131m\u0131za i\u00e7tenlikle te\u015fekk\u00fcr etmek isterim\u201d dedi.<\/p>\n<p style=\"text-align: justify;\">Konferansta 4 \u00f6zel panel ile havac\u0131l\u0131\u011f\u0131n gelece\u011fi masaya yat\u0131r\u0131ld\u0131. Aselsan, Roketsan ve Havelsan temsilcilerinin kat\u0131ld\u0131\u011f\u0131 \u201cYapay Zeka ile Savunma Havac\u0131l\u0131\u011f\u0131n\u0131n Yeni \u00c7a\u011f\u0131\u201d, \u0130GA \u0130stanbul Airport, Turkish Technic ve THY Teknoloji temsilcilerinin yer ald\u0131\u011f\u0131 \u201cYapay Zeka ile Sivil Havac\u0131l\u0131\u011f\u0131n Yeni \u00c7a\u011f\u0131\u201d panellerinde yapay zek\u00e2n\u0131n havac\u0131l\u0131\u011f\u0131n gelece\u011findeki rol\u00fc ele al\u0131nd\u0131. Ayr\u0131ca DB Tar\u0131msal Enerji \u00f6zel panelinde \u201cS\u00fcrd\u00fcr\u00fclebilir Havac\u0131l\u0131k Yak\u0131tlar\u0131 ve Karbonsuzla\u015fma\u201d konusu ele al\u0131nd\u0131. Son olarak Vecihi H\u00fcrku\u015f\u2019un ilk yerli u\u00e7a\u011f\u0131n\u0131n u\u00e7u\u015funun y\u0131l d\u00f6n\u00fcm\u00fc i\u00e7in d\u00fczenlenen panel, \u00f6ne \u00e7\u0131kan etkinlikler aras\u0131nda yer ald\u0131.<\/p>\n<p style=\"text-align: justify;\">Toplamda 193 kat\u0131l\u0131mc\u0131n\u0131n yer ald\u0131\u011f\u0131 konferansa, yakla\u015f\u0131k 200 \u00f6\u011frenci \u00fccretsiz olarak kat\u0131l\u0131m sa\u011flad\u0131. 11 oturumda 47 bildiri y\u00fcz y\u00fcze sunulurken, 4 \u00e7evrimi\u00e7i oturumda 16 sunum da uzaktan eri\u015fim ile payla\u015f\u0131ld\u0131. ATAConf\u201925, T\u00dcB\u0130TAK 2223-B Yurti\u00e7i Bilimsel Etkinlik Deste\u011fi kapsam\u0131nda destek alarak prestijli bir ulusal etkinlik niteli\u011fi ta\u015f\u0131d\u0131.<\/p>\n<div id='gallery-1' class='gallery galleryid-31211 gallery-columns-3 gallery-size-medium'><figure class='gallery-item'>\n\t\t\t<div class='gallery-icon landscape'>\n\t\t\t\t<a href='https:\/\/www.euegeajans.com\/wp-content\/uploads\/2025\/11\/Havacilik-sektoru-Ege-Universitesinde-bulustu-1.jpg'><img loading=\"lazy\" decoding=\"async\" width=\"300\" height=\"169\" src=\"https:\/\/www.euegeajans.com\/wp-content\/uploads\/2025\/11\/Havacilik-sektoru-Ege-Universitesinde-bulustu-1-300x169.jpg\" class=\"attachment-medium size-medium\" alt=\"\" srcset=\"https:\/\/www.euegeajans.com\/wp-content\/uploads\/2025\/11\/Havacilik-sektoru-Ege-Universitesinde-bulustu-1-300x169.jpg 300w, https:\/\/www.euegeajans.com\/wp-content\/uploads\/2025\/11\/Havacilik-sektoru-Ege-Universitesinde-bulustu-1-1024x576.jpg 1024w, https:\/\/www.euegeajans.com\/wp-content\/uploads\/2025\/11\/Havacilik-sektoru-Ege-Universitesinde-bulustu-1-768x432.jpg 768w, https:\/\/www.euegeajans.com\/wp-content\/uploads\/2025\/11\/Havacilik-sektoru-Ege-Universitesinde-bulustu-1-1536x864.jpg 1536w, https:\/\/www.euegeajans.com\/wp-content\/uploads\/2025\/11\/Havacilik-sektoru-Ege-Universitesinde-bulustu-1-2048x1152.jpg 2048w, https:\/\/www.euegeajans.com\/wp-content\/uploads\/2025\/11\/Havacilik-sektoru-Ege-Universitesinde-bulustu-1-1280x720.jpg 1280w\" sizes=\"auto, (max-width: 300px) 100vw, 300px\" \/><\/a>\n\t\t\t<\/div><\/figure><figure class='gallery-item'>\n\t\t\t<div class='gallery-icon landscape'>\n\t\t\t\t<a href='https:\/\/www.euegeajans.com\/wp-content\/uploads\/2025\/11\/Havacilik-sektoru-Ege-Universitesinde-bulustu-2.jpg'><img loading=\"lazy\" decoding=\"async\" width=\"300\" height=\"168\" src=\"https:\/\/www.euegeajans.com\/wp-content\/uploads\/2025\/11\/Havacilik-sektoru-Ege-Universitesinde-bulustu-2-300x168.jpg\" class=\"attachment-medium size-medium\" alt=\"\" srcset=\"https:\/\/www.euegeajans.com\/wp-content\/uploads\/2025\/11\/Havacilik-sektoru-Ege-Universitesinde-bulustu-2-300x168.jpg 300w, https:\/\/www.euegeajans.com\/wp-content\/uploads\/2025\/11\/Havacilik-sektoru-Ege-Universitesinde-bulustu-2-1024x575.jpg 1024w, https:\/\/www.euegeajans.com\/wp-content\/uploads\/2025\/11\/Havacilik-sektoru-Ege-Universitesinde-bulustu-2-768x431.jpg 768w, https:\/\/www.euegeajans.com\/wp-content\/uploads\/2025\/11\/Havacilik-sektoru-Ege-Universitesinde-bulustu-2-1280x720.jpg 1280w, https:\/\/www.euegeajans.com\/wp-content\/uploads\/2025\/11\/Havacilik-sektoru-Ege-Universitesinde-bulustu-2.jpg 1500w\" sizes=\"auto, (max-width: 300px) 100vw, 300px\" \/><\/a>\n\t\t\t<\/div><\/figure><figure class='gallery-item'>\n\t\t\t<div class='gallery-icon landscape'>\n\t\t\t\t<a href='https:\/\/www.euegeajans.com\/wp-content\/uploads\/2025\/11\/Havacilik-sektoru-Ege-Universitesinde-bulustu-3.jpg'><img loading=\"lazy\" decoding=\"async\" width=\"300\" height=\"168\" src=\"https:\/\/www.euegeajans.com\/wp-content\/uploads\/2025\/11\/Havacilik-sektoru-Ege-Universitesinde-bulustu-3-300x168.jpg\" class=\"attachment-medium size-medium\" alt=\"\" srcset=\"https:\/\/www.euegeajans.com\/wp-content\/uploads\/2025\/11\/Havacilik-sektoru-Ege-Universitesinde-bulustu-3-300x168.jpg 300w, https:\/\/www.euegeajans.com\/wp-content\/uploads\/2025\/11\/Havacilik-sektoru-Ege-Universitesinde-bulustu-3-1024x575.jpg 1024w, https:\/\/www.euegeajans.com\/wp-content\/uploads\/2025\/11\/Havacilik-sektoru-Ege-Universitesinde-bulustu-3-768x431.jpg 768w, https:\/\/www.euegeajans.com\/wp-content\/uploads\/2025\/11\/Havacilik-sektoru-Ege-Universitesinde-bulustu-3-1280x720.jpg 1280w, https:\/\/www.euegeajans.com\/wp-content\/uploads\/2025\/11\/Havacilik-sektoru-Ege-Universitesinde-bulustu-3.jpg 1500w\" sizes=\"auto, (max-width: 300px) 100vw, 300px\" \/><\/a>\n\t\t\t<\/div><\/figure><figure class='gallery-item'>\n\t\t\t<div class='gallery-icon landscape'>\n\t\t\t\t<a href='https:\/\/www.euegeajans.com\/wp-content\/uploads\/2025\/11\/Havacilik-sektoru-Ege-Universitesinde-bulustu-4.jpg'><img loading=\"lazy\" decoding=\"async\" width=\"300\" height=\"168\" src=\"https:\/\/www.euegeajans.com\/wp-content\/uploads\/2025\/11\/Havacilik-sektoru-Ege-Universitesinde-bulustu-4-300x168.jpg\" class=\"attachment-medium size-medium\" alt=\"\" srcset=\"https:\/\/www.euegeajans.com\/wp-content\/uploads\/2025\/11\/Havacilik-sektoru-Ege-Universitesinde-bulustu-4-300x168.jpg 300w, https:\/\/www.euegeajans.com\/wp-content\/uploads\/2025\/11\/Havacilik-sektoru-Ege-Universitesinde-bulustu-4-1024x575.jpg 1024w, https:\/\/www.euegeajans.com\/wp-content\/uploads\/2025\/11\/Havacilik-sektoru-Ege-Universitesinde-bulustu-4-768x431.jpg 768w, https:\/\/www.euegeajans.com\/wp-content\/uploads\/2025\/11\/Havacilik-sektoru-Ege-Universitesinde-bulustu-4-1280x720.jpg 1280w, https:\/\/www.euegeajans.com\/wp-content\/uploads\/2025\/11\/Havacilik-sektoru-Ege-Universitesinde-bulustu-4.jpg 1500w\" sizes=\"auto, (max-width: 300px) 100vw, 300px\" \/><\/a>\n\t\t\t<\/div><\/figure><figure class='gallery-item'>\n\t\t\t<div class='gallery-icon landscape'>\n\t\t\t\t<a href='https:\/\/www.euegeajans.com\/wp-content\/uploads\/2025\/11\/Havacilik-sektoru-Ege-Universitesinde-bulustu-6.jpg'><img loading=\"lazy\" decoding=\"async\" width=\"300\" height=\"168\" src=\"https:\/\/www.euegeajans.com\/wp-content\/uploads\/2025\/11\/Havacilik-sektoru-Ege-Universitesinde-bulustu-6-300x168.jpg\" class=\"attachment-medium size-medium\" alt=\"\" srcset=\"https:\/\/www.euegeajans.com\/wp-content\/uploads\/2025\/11\/Havacilik-sektoru-Ege-Universitesinde-bulustu-6-300x168.jpg 300w, https:\/\/www.euegeajans.com\/wp-content\/uploads\/2025\/11\/Havacilik-sektoru-Ege-Universitesinde-bulustu-6-1024x575.jpg 1024w, https:\/\/www.euegeajans.com\/wp-content\/uploads\/2025\/11\/Havacilik-sektoru-Ege-Universitesinde-bulustu-6-768x431.jpg 768w, https:\/\/www.euegeajans.com\/wp-content\/uploads\/2025\/11\/Havacilik-sektoru-Ege-Universitesinde-bulustu-6-1280x720.jpg 1280w, https:\/\/www.euegeajans.com\/wp-content\/uploads\/2025\/11\/Havacilik-sektoru-Ege-Universitesinde-bulustu-6.jpg 1500w\" sizes=\"auto, (max-width: 300px) 100vw, 300px\" \/><\/a>\n\t\t\t<\/div><\/figure><figure class='gallery-item'>\n\t\t\t<div class='gallery-icon landscape'>\n\t\t\t\t<a href='https:\/\/www.euegeajans.com\/wp-content\/uploads\/2025\/11\/Havacilik-sektoru-Ege-Universitesinde-bulustu-7.jpg'><img loading=\"lazy\" decoding=\"async\" width=\"300\" height=\"200\" src=\"https:\/\/www.euegeajans.com\/wp-content\/uploads\/2025\/11\/Havacilik-sektoru-Ege-Universitesinde-bulustu-7-300x200.jpg\" class=\"attachment-medium size-medium\" alt=\"\" srcset=\"https:\/\/www.euegeajans.com\/wp-content\/uploads\/2025\/11\/Havacilik-sektoru-Ege-Universitesinde-bulustu-7-300x200.jpg 300w, https:\/\/www.euegeajans.com\/wp-content\/uploads\/2025\/11\/Havacilik-sektoru-Ege-Universitesinde-bulustu-7-1024x683.jpg 1024w, https:\/\/www.euegeajans.com\/wp-content\/uploads\/2025\/11\/Havacilik-sektoru-Ege-Universitesinde-bulustu-7-768x512.jpg 768w, https:\/\/www.euegeajans.com\/wp-content\/uploads\/2025\/11\/Havacilik-sektoru-Ege-Universitesinde-bulustu-7.jpg 1500w\" sizes=\"auto, (max-width: 300px) 100vw, 300px\" \/><\/a>\n\t\t\t<\/div><\/figure>\n\t\t<\/div>\n\n","protected":false},"excerpt":{"rendered":"<p>Havac\u0131l\u0131k Teknolojileri ve Uygulamalar\u0131 Konferans\u0131 AKM\u2019de d\u00fczenlendi Ceylin \u00c7akar T\u00fcrkiye\u2019nin havac\u0131l\u0131k ve uzay teknolojileri alan\u0131ndaki&#8230;<\/p>\n","protected":false},"author":2,"featured_media":31212,"comment_status":"open","ping_status":"open","sticky":false,"template":"","format":"standard","meta":{"footnotes":""},"categories":[99,1,70],"tags":[],"class_list":["post-31211","post","type-post","status-publish","format-standard","has-post-thumbnail","hentry","category-egitim","category-gncl","category-kampus"],"featured_image_urls":{"full":["https:\/\/www.euegeajans.com\/wp-content\/uploads\/2025\/11\/Havacilik-sektoru-Ege-Universitesinde-bulustu-5.jpg",1500,842,false],"thumbnail":["https:\/\/www.euegeajans.com\/wp-content\/uploads\/2025\/11\/Havacilik-sektoru-Ege-Universitesinde-bulustu-5-150x150.jpg",150,150,true],"medium":["https:\/\/www.euegeajans.com\/wp-content\/uploads\/2025\/11\/Havacilik-sektoru-Ege-Universitesinde-bulustu-5-300x168.jpg",300,168,true],"medium_large":["https:\/\/www.euegeajans.com\/wp-content\/uploads\/2025\/11\/Havacilik-sektoru-Ege-Universitesinde-bulustu-5-768x431.jpg",640,359,true],"large":["https:\/\/www.euegeajans.com\/wp-content\/uploads\/2025\/11\/Havacilik-sektoru-Ege-Universitesinde-bulustu-5-1024x575.jpg",640,359,true],"1536x1536":["https:\/\/www.euegeajans.com\/wp-content\/uploads\/2025\/11\/Havacilik-sektoru-Ege-Universitesinde-bulustu-5.jpg",1500,842,false],"2048x2048":["https:\/\/www.euegeajans.com\/wp-content\/uploads\/2025\/11\/Havacilik-sektoru-Ege-Universitesinde-bulustu-5.jpg",1500,842,false],"newsphere-slider-full":["https:\/\/www.euegeajans.com\/wp-content\/uploads\/2025\/11\/Havacilik-sektoru-Ege-Universitesinde-bulustu-5-1280x720.jpg",1280,720,true],"newsphere-featured":["https:\/\/www.euegeajans.com\/wp-content\/uploads\/2025\/11\/Havacilik-sektoru-Ege-Universitesinde-bulustu-5-1024x575.jpg",1024,575,true],"newsphere-medium":["https:\/\/www.euegeajans.com\/wp-content\/uploads\/2025\/11\/Havacilik-sektoru-Ege-Universitesinde-bulustu-5-720x380.jpg",720,380,true]},"author_info":{"display_name":"Editor","author_link":"https:\/\/www.euegeajans.com\/index.php\/author\/editor\/"},"category_info":"<a href=\"https:\/\/www.euegeajans.com\/index.php\/category\/egitim\/\" rel=\"category tag\">E\u011fitim<\/a> <a href=\"https:\/\/www.euegeajans.com\/index.php\/category\/gncl\/\" rel=\"category tag\">G\u00fcncel<\/a> <a href=\"https:\/\/www.euegeajans.com\/index.php\/category\/kampus\/\" rel=\"category tag\">Kamp\u00fcs<\/a>","tag_info":"Kamp\u00fcs","comment_count":"0","_links":{"self":[{"href":"https:\/\/www.euegeajans.com\/index.php\/wp-json\/wp\/v2\/posts\/31211","targetHints":{"allow":["GET"]}}],"collection":[{"href":"https:\/\/www.euegeajans.com\/index.php\/wp-json\/wp\/v2\/posts"}],"about":[{"href":"https:\/\/www.euegeajans.com\/index.php\/wp-json\/wp\/v2\/types\/post"}],"author":[{"embeddable":true,"href":"https:\/\/www.euegeajans.com\/index.php\/wp-json\/wp\/v2\/users\/2"}],"replies":[{"embeddable":true,"href":"https:\/\/www.euegeajans.com\/index.php\/wp-json\/wp\/v2\/comments?post=31211"}],"version-history":[{"count":1,"href":"https:\/\/www.euegeajans.com\/index.php\/wp-json\/wp\/v2\/posts\/31211\/revisions"}],"predecessor-version":[{"id":31223,"href":"https:\/\/www.euegeajans.com\/index.php\/wp-json\/wp\/v2\/posts\/31211\/revisions\/31223"}],"wp:featuredmedia":[{"embeddable":true,"href":"https:\/\/www.euegeajans.com\/index.php\/wp-json\/wp\/v2\/media\/31212"}],"wp:attachment":[{"href":"https:\/\/www.euegeajans.com\/index.php\/wp-json\/wp\/v2\/media?parent=31211"}],"wp:term":[{"taxonomy":"category","embeddable":true,"href":"https:\/\/www.euegeajans.com\/index.php\/wp-json\/wp\/v2\/categories?post=31211"},{"taxonomy":"post_tag","embeddable":true,"href":"https:\/\/www.euegeajans.com\/index.php\/wp-json\/wp\/v2\/tags?post=31211"}],"curies":[{"name":"wp","href":"https:\/\/api.w.org\/{rel}","templated":true}]}}