{"id":31205,"date":"2025-11-26T05:18:00","date_gmt":"2025-11-26T05:18:00","guid":{"rendered":"https:\/\/www.euegeajans.com\/?p=31205"},"modified":"2025-11-26T07:20:47","modified_gmt":"2025-11-26T07:20:47","slug":"ege-universitesi-radyoterapide-avrupanin-egitim-ussu-oldu","status":"publish","type":"post","link":"https:\/\/www.euegeajans.com\/index.php\/2025\/11\/26\/ege-universitesi-radyoterapide-avrupanin-egitim-ussu-oldu\/","title":{"rendered":"Ege \u00dcniversitesi Radyoterapide Avrupa\u2019n\u0131n \u201cE\u011fitim \u00dcss\u00fc\u201d Oldu"},"content":{"rendered":"<p style=\"text-align: justify;\" align=\"right\">Melek\u015fah G\u00fczel- Alev Celep<\/p>\n<p style=\"text-align: justify;\">Uluslararas\u0131 Atom Enerjisi Ajans\u0131\u2019n\u0131n (IAEA) \u201cRays of Hope\u201d projesi kapsam\u0131nda \u201cAnchor Center\u201d (\u0130\u015fbirli\u011fi Merkezi) se\u00e7ilen Ege \u00dcniversitesi, \u00f6nemli bir organizasyona ev sahipli\u011fi yapt\u0131. IAEA\u2019n\u0131n Avrupa Radyoterapi ve Onkoloji Derne\u011fi (ESTRO) deste\u011fiyle d\u00fczenledi\u011fi Radyoterapi Teknikerleri E\u011fiticilerinin E\u011fitimi B\u00f6lgesel \u00c7al\u0131\u015ftay\u0131 \u0130zmir\u2019de yap\u0131ld\u0131.<\/p>\n<p style=\"text-align: justify;\">Toplant\u0131n\u0131n a\u00e7\u0131l\u0131\u015f\u0131nda konu\u015fan Ege \u00dcniversitesi T\u0131p Fak\u00fcltesi Dekan Yard\u0131mc\u0131s\u0131 Do\u00e7. Dr. G\u00fcne\u015f Ak, \u201cUzun y\u0131llard\u0131r IAEA ile e\u011fitim ve ara\u015ft\u0131rma alanlar\u0131nda i\u015fbirli\u011fi i\u00e7inde olan Ege \u00dcniversitesinin, 2023 y\u0131l\u0131nda IAEA\u2019n\u0131n \u00f6nemli \u2018Rays of Hope\u2019 projesinde yer almas\u0131n\u0131n bu i\u015fbirli\u011fini daha da ileriye ta\u015f\u0131d\u0131\u011f\u0131n\u0131 g\u00f6rmekten b\u00fcy\u00fck memnuniyet duyuyorum. Bu \u00e7er\u00e7evede \u00fcniversite olarak radyasyon onkolojisi, radyoloji ve n\u00fckleer t\u0131p alanlar\u0131nda hekim, sa\u011fl\u0131k fizik\u00e7isi ve teknikerlerin e\u011fitimine katk\u0131 sunmak, ortak bilimsel ara\u015ft\u0131rmalarda yer almak, IAEA projelerine uzman deste\u011fi vermek ve IAEA toplant\u0131lar\u0131na ev sahipli\u011fi yapmak bizim i\u00e7in gurur verici. Bug\u00fcn 24 \u00fclkeden 45 radyoterapi teknikerinin kat\u0131l\u0131m\u0131yla ger\u00e7ekle\u015ftirilen bu toplant\u0131n\u0131n, kanser tedavisinin en kritik a\u015famalar\u0131ndan biri olan radyoterapi uygulamalar\u0131ndaki e\u011fitim kalitesinin art\u0131r\u0131lmas\u0131 ve standartla\u015ft\u0131r\u0131lmas\u0131na \u00f6nemli katk\u0131lar sa\u011flayaca\u011f\u0131na inan\u0131yorum. Ayr\u0131ca bu bulu\u015fman\u0131n, Ege \u00dcniversitesi ile b\u00f6lgemizdeki di\u011fer merkezler aras\u0131nda bilgi al\u0131\u015fveri\u015fi ve i\u015fbirli\u011fini g\u00fc\u00e7lendirecek bir zemin olu\u015fturdu\u011funu da \u00f6zellikle vurgulamak isterim\u201d dedi.<\/p>\n<p style=\"text-align: justify;\"><b>\u00a0 \u201cRadyoterapi teknikerleri, tedavinin mutfa\u011f\u0131ndaki en kritik ki\u015filerdir\u201d<\/b><\/p>\n<p style=\"text-align: justify;\"><img loading=\"lazy\" decoding=\"async\" class=\"size-medium wp-image-31207 alignleft\" src=\"http:\/\/www.euegeajans.com\/wp-content\/uploads\/2025\/11\/Ege-Universitesi-Radyoterapide-Avrupanin-Egitim-Ussu-Oldu-4-300x225.jpg\" alt=\"\" width=\"300\" height=\"225\" srcset=\"https:\/\/www.euegeajans.com\/wp-content\/uploads\/2025\/11\/Ege-Universitesi-Radyoterapide-Avrupanin-Egitim-Ussu-Oldu-4-300x225.jpg 300w, https:\/\/www.euegeajans.com\/wp-content\/uploads\/2025\/11\/Ege-Universitesi-Radyoterapide-Avrupanin-Egitim-Ussu-Oldu-4-1024x768.jpg 1024w, https:\/\/www.euegeajans.com\/wp-content\/uploads\/2025\/11\/Ege-Universitesi-Radyoterapide-Avrupanin-Egitim-Ussu-Oldu-4-768x576.jpg 768w, https:\/\/www.euegeajans.com\/wp-content\/uploads\/2025\/11\/Ege-Universitesi-Radyoterapide-Avrupanin-Egitim-Ussu-Oldu-4-1536x1153.jpg 1536w, https:\/\/www.euegeajans.com\/wp-content\/uploads\/2025\/11\/Ege-Universitesi-Radyoterapide-Avrupanin-Egitim-Ussu-Oldu-4.jpg 1599w\" sizes=\"auto, (max-width: 300px) 100vw, 300px\" \/>Toplant\u0131n\u0131n ba\u015fkanl\u0131\u011f\u0131n\u0131 \u00fcstlenen Ege \u00dcniversitesi T\u0131p Fak\u00fcltesi Radyasyon Onkolojisi Anabilim Dal\u0131 \u00f6\u011fretim \u00fcyesi Prof. Dr. Yavuz Anacak, radyoterapinin bilimsel ve teknolojik geli\u015fmelere paralel olarak \u00e7ok h\u0131zl\u0131 ilerledi\u011fini, ancak radyoterapi teknikerlerinin kanser tedavisinde \u00e7ok \u00f6nemli rol oynamalar\u0131na ra\u011fmen \u00fclkemizin de yer ald\u0131\u011f\u0131 do\u011fu Avrupa ve Balkan \u00fclkelerinde yeterli e\u011fitici kadrolar\u0131n\u0131n olmad\u0131\u011f\u0131n\u0131 belirtti. Prof. Dr. Yavuz Anacak,\u00a0 \u201cRadyoterapi teknikerleri, tedavinin mutfa\u011f\u0131ndaki en kritik ki\u015filerdir. Cihaz\u0131n\u0131z ne kadar son teknoloji olursa olsun, onu kullanan el yetkin de\u011filse tedavide ba\u015far\u0131 \u015fans\u0131 d\u00fc\u015fer. B\u00f6lge \u00fclkelerinde cihaz kalitesi artmas\u0131na ra\u011fmen e\u011fitim standartlar\u0131nda farkl\u0131l\u0131klar g\u00f6zlemliyoruz. Biz bu \u00e7al\u0131\u015ftayda, Avrupa\u2019n\u0131n d\u00f6rt bir yan\u0131ndan gelen 45 e\u011fitmene, kendi \u00fclkelerine d\u00f6nd\u00fcklerinde meslekta\u015flar\u0131n\u0131 nas\u0131l daha iyi e\u011fiteceklerini, yani bal\u0131k tutmay\u0131 \u00f6\u011fretmeyi g\u00f6sterdik\u201d diye konu\u015ftu<\/p>\n<p style=\"text-align: justify;\"><b>\u201cSa\u011fl\u0131k diplomasisinde \u00fclkemizi gururla temsil edece\u011fiz\u201d<\/b><\/p>\n<p style=\"text-align: justify;\">Ege \u00dcniversitesinin IAEA ile y\u00fcr\u00fctt\u00fc\u011f\u00fc ortak projeler sayesinde teknikerlerin e\u011fitimine b\u00fcy\u00fck katk\u0131 sa\u011flad\u0131\u011f\u0131n\u0131 belirten Prof. Dr. Anacak, \u201c\u0130zmir&#8217;de olu\u015fturdu\u011fumuz bu e\u011fitim modelleri, yar\u0131n s\u0131n\u0131rlar\u0131m\u0131z\u0131n \u00f6tesindeki bir kanser merkezinde hayat bulacak. Ege \u00dcniversitesi T\u0131p Fak\u00fcltesi, k\u00f6kl\u00fc ge\u00e7mi\u015fi ve akademik birikimiyle \u2018Rays of Hope\u2019 projesinin en g\u00fc\u00e7l\u00fc halkalar\u0131ndan biri olmaya ve sa\u011fl\u0131k diplomasisinde \u00fclkemizi gururla temsil etmeye devam edecektir\u201d dedi.<\/p>\n<div id='gallery-1' class='gallery galleryid-31205 gallery-columns-2 gallery-size-medium'><figure class='gallery-item'>\n\t\t\t<div class='gallery-icon landscape'>\n\t\t\t\t<a href='https:\/\/www.euegeajans.com\/wp-content\/uploads\/2025\/11\/Ege-Universitesi-Radyoterapide-Avrupanin-Egitim-Ussu-Oldu-3.jpg'><img loading=\"lazy\" decoding=\"async\" width=\"300\" height=\"200\" src=\"https:\/\/www.euegeajans.com\/wp-content\/uploads\/2025\/11\/Ege-Universitesi-Radyoterapide-Avrupanin-Egitim-Ussu-Oldu-3-300x200.jpg\" class=\"attachment-medium size-medium\" alt=\"\" srcset=\"https:\/\/www.euegeajans.com\/wp-content\/uploads\/2025\/11\/Ege-Universitesi-Radyoterapide-Avrupanin-Egitim-Ussu-Oldu-3-300x200.jpg 300w, https:\/\/www.euegeajans.com\/wp-content\/uploads\/2025\/11\/Ege-Universitesi-Radyoterapide-Avrupanin-Egitim-Ussu-Oldu-3-1024x683.jpg 1024w, https:\/\/www.euegeajans.com\/wp-content\/uploads\/2025\/11\/Ege-Universitesi-Radyoterapide-Avrupanin-Egitim-Ussu-Oldu-3-768x512.jpg 768w, https:\/\/www.euegeajans.com\/wp-content\/uploads\/2025\/11\/Ege-Universitesi-Radyoterapide-Avrupanin-Egitim-Ussu-Oldu-3.jpg 1500w\" sizes=\"auto, (max-width: 300px) 100vw, 300px\" \/><\/a>\n\t\t\t<\/div><\/figure><figure class='gallery-item'>\n\t\t\t<div class='gallery-icon landscape'>\n\t\t\t\t<a href='https:\/\/www.euegeajans.com\/wp-content\/uploads\/2025\/11\/Ege-Universitesi-Radyoterapide-Avrupanin-Egitim-Ussu-Oldu-2.jpg'><img loading=\"lazy\" decoding=\"async\" width=\"300\" height=\"225\" src=\"https:\/\/www.euegeajans.com\/wp-content\/uploads\/2025\/11\/Ege-Universitesi-Radyoterapide-Avrupanin-Egitim-Ussu-Oldu-2-300x225.jpg\" class=\"attachment-medium size-medium\" alt=\"\" srcset=\"https:\/\/www.euegeajans.com\/wp-content\/uploads\/2025\/11\/Ege-Universitesi-Radyoterapide-Avrupanin-Egitim-Ussu-Oldu-2-300x225.jpg 300w, https:\/\/www.euegeajans.com\/wp-content\/uploads\/2025\/11\/Ege-Universitesi-Radyoterapide-Avrupanin-Egitim-Ussu-Oldu-2-1024x768.jpg 1024w, https:\/\/www.euegeajans.com\/wp-content\/uploads\/2025\/11\/Ege-Universitesi-Radyoterapide-Avrupanin-Egitim-Ussu-Oldu-2-768x576.jpg 768w, https:\/\/www.euegeajans.com\/wp-content\/uploads\/2025\/11\/Ege-Universitesi-Radyoterapide-Avrupanin-Egitim-Ussu-Oldu-2-1536x1153.jpg 1536w, https:\/\/www.euegeajans.com\/wp-content\/uploads\/2025\/11\/Ege-Universitesi-Radyoterapide-Avrupanin-Egitim-Ussu-Oldu-2.jpg 1599w\" sizes=\"auto, (max-width: 300px) 100vw, 300px\" \/><\/a>\n\t\t\t<\/div><\/figure>\n\t\t<\/div>\n\n","protected":false},"excerpt":{"rendered":"<p>Melek\u015fah G\u00fczel- Alev Celep Uluslararas\u0131 Atom Enerjisi Ajans\u0131\u2019n\u0131n (IAEA) \u201cRays of Hope\u201d projesi kapsam\u0131nda \u201cAnchor&#8230;<\/p>\n","protected":false},"author":2,"featured_media":31206,"comment_status":"open","ping_status":"open","sticky":false,"template":"","format":"standard","meta":{"footnotes":""},"categories":[69,99,1,70],"tags":[],"class_list":["post-31205","post","type-post","status-publish","format-standard","has-post-thumbnail","hentry","category-bilim","category-egitim","category-gncl","category-kampus"],"featured_image_urls":{"full":["https:\/\/www.euegeajans.com\/wp-content\/uploads\/2025\/11\/Ege-Universitesi-Radyoterapide-Avrupanin-Egitim-Ussu-Oldu-1.jpg",1599,1200,false],"thumbnail":["https:\/\/www.euegeajans.com\/wp-content\/uploads\/2025\/11\/Ege-Universitesi-Radyoterapide-Avrupanin-Egitim-Ussu-Oldu-1-150x150.jpg",150,150,true],"medium":["https:\/\/www.euegeajans.com\/wp-content\/uploads\/2025\/11\/Ege-Universitesi-Radyoterapide-Avrupanin-Egitim-Ussu-Oldu-1-300x225.jpg",300,225,true],"medium_large":["https:\/\/www.euegeajans.com\/wp-content\/uploads\/2025\/11\/Ege-Universitesi-Radyoterapide-Avrupanin-Egitim-Ussu-Oldu-1-768x576.jpg",640,480,true],"large":["https:\/\/www.euegeajans.com\/wp-content\/uploads\/2025\/11\/Ege-Universitesi-Radyoterapide-Avrupanin-Egitim-Ussu-Oldu-1-1024x768.jpg",640,480,true],"1536x1536":["https:\/\/www.euegeajans.com\/wp-content\/uploads\/2025\/11\/Ege-Universitesi-Radyoterapide-Avrupanin-Egitim-Ussu-Oldu-1-1536x1153.jpg",1536,1153,true],"2048x2048":["https:\/\/www.euegeajans.com\/wp-content\/uploads\/2025\/11\/Ege-Universitesi-Radyoterapide-Avrupanin-Egitim-Ussu-Oldu-1.jpg",1599,1200,false],"newsphere-slider-full":["https:\/\/www.euegeajans.com\/wp-content\/uploads\/2025\/11\/Ege-Universitesi-Radyoterapide-Avrupanin-Egitim-Ussu-Oldu-1-1280x720.jpg",1280,720,true],"newsphere-featured":["https:\/\/www.euegeajans.com\/wp-content\/uploads\/2025\/11\/Ege-Universitesi-Radyoterapide-Avrupanin-Egitim-Ussu-Oldu-1-1024x768.jpg",1024,768,true],"newsphere-medium":["https:\/\/www.euegeajans.com\/wp-content\/uploads\/2025\/11\/Ege-Universitesi-Radyoterapide-Avrupanin-Egitim-Ussu-Oldu-1-720x380.jpg",720,380,true]},"author_info":{"display_name":"Editor","author_link":"https:\/\/www.euegeajans.com\/index.php\/author\/editor\/"},"category_info":"<a href=\"https:\/\/www.euegeajans.com\/index.php\/category\/bilim\/\" rel=\"category tag\">Bilim<\/a> <a href=\"https:\/\/www.euegeajans.com\/index.php\/category\/egitim\/\" rel=\"category tag\">E\u011fitim<\/a> <a href=\"https:\/\/www.euegeajans.com\/index.php\/category\/gncl\/\" rel=\"category tag\">G\u00fcncel<\/a> <a href=\"https:\/\/www.euegeajans.com\/index.php\/category\/kampus\/\" rel=\"category tag\">Kamp\u00fcs<\/a>","tag_info":"Kamp\u00fcs","comment_count":"0","_links":{"self":[{"href":"https:\/\/www.euegeajans.com\/index.php\/wp-json\/wp\/v2\/posts\/31205","targetHints":{"allow":["GET"]}}],"collection":[{"href":"https:\/\/www.euegeajans.com\/index.php\/wp-json\/wp\/v2\/posts"}],"about":[{"href":"https:\/\/www.euegeajans.com\/index.php\/wp-json\/wp\/v2\/types\/post"}],"author":[{"embeddable":true,"href":"https:\/\/www.euegeajans.com\/index.php\/wp-json\/wp\/v2\/users\/2"}],"replies":[{"embeddable":true,"href":"https:\/\/www.euegeajans.com\/index.php\/wp-json\/wp\/v2\/comments?post=31205"}],"version-history":[{"count":1,"href":"https:\/\/www.euegeajans.com\/index.php\/wp-json\/wp\/v2\/posts\/31205\/revisions"}],"predecessor-version":[{"id":31210,"href":"https:\/\/www.euegeajans.com\/index.php\/wp-json\/wp\/v2\/posts\/31205\/revisions\/31210"}],"wp:featuredmedia":[{"embeddable":true,"href":"https:\/\/www.euegeajans.com\/index.php\/wp-json\/wp\/v2\/media\/31206"}],"wp:attachment":[{"href":"https:\/\/www.euegeajans.com\/index.php\/wp-json\/wp\/v2\/media?parent=31205"}],"wp:term":[{"taxonomy":"category","embeddable":true,"href":"https:\/\/www.euegeajans.com\/index.php\/wp-json\/wp\/v2\/categories?post=31205"},{"taxonomy":"post_tag","embeddable":true,"href":"https:\/\/www.euegeajans.com\/index.php\/wp-json\/wp\/v2\/tags?post=31205"}],"curies":[{"name":"wp","href":"https:\/\/api.w.org\/{rel}","templated":true}]}}