{"id":31173,"date":"2025-11-25T06:41:26","date_gmt":"2025-11-25T06:41:26","guid":{"rendered":"https:\/\/www.euegeajans.com\/?p=31173"},"modified":"2025-11-25T06:41:28","modified_gmt":"2025-11-25T06:41:28","slug":"prof-dr-ersan-ogretmenlik-sadece-bir-meslek-degil-bir-insan-yetistirme-sanatidir","status":"publish","type":"post","link":"https:\/\/www.euegeajans.com\/index.php\/2025\/11\/25\/prof-dr-ersan-ogretmenlik-sadece-bir-meslek-degil-bir-insan-yetistirme-sanatidir\/","title":{"rendered":"Prof. Dr. Ersan, \u201c\u00d6\u011fretmenlik sadece bir meslek de\u011fil, bir insan yeti\u015ftirme sanat\u0131d\u0131r\u201d"},"content":{"rendered":"<p style=\"text-align: justify;\"><strong>E\u00dc \u2018de \u201c24 Kas\u0131m \u00d6\u011fretmenler G\u00fcn\u00fc\u201d kutland\u0131<\/strong><\/p>\n<p style=\"text-align: justify;\" align=\"right\">Esin Sude \u00dcnal, Mine \u00c7apk\u0131n,<\/p>\n<p style=\"text-align: justify;\" align=\"right\">Berfin Teran, Nihat Ziya Y\u0131ld\u0131r\u0131m<\/p>\n<p style=\"text-align: justify;\">Ege \u00dcniversitesi(E\u00dc) E\u011fitim Fak\u00fcltesinde, 24 Kas\u0131m \u00d6\u011fretmenler G\u00fcn\u00fc dolay\u0131s\u0131yla bir etkinlik d\u00fczenlendi. E\u011fitim Fak\u00fcltesi Konferans Salonunda yap\u0131lan t\u00f6rene E\u00dc Rekt\u00f6r Yard\u0131mc\u0131s\u0131 Mehmet Ersan, \u0130zmir \u0130l Milli E\u011fitim M\u00fcd\u00fcr\u00fc Dr. \u00d6mer Yah\u015fi, E\u00dc E\u011fitim Fak\u00fcltesi Dekan\u0131 Prof. Dr. Osman Ferda Beytekin, akademisyenler, idari \u00e7al\u0131\u015fanlar ve \u00f6\u011frenciler kat\u0131ld\u0131. Etkinlikte, \u00f6\u011fretmenlik mesle\u011finin ya\u015fam boyu \u00f6\u011frenmeyi merkeze alan, geli\u015fen teknolojiyle toplumu d\u00f6n\u00fc\u015ft\u00fcren ve gelece\u011fi in\u015fa eden kutsal bir \u201cinsan yeti\u015ftirme sanat\u0131\u201d oldu\u011fu vurguland\u0131.<\/p>\n<p style=\"text-align: justify;\"><img loading=\"lazy\" decoding=\"async\" class=\"size-medium wp-image-31175 alignleft\" src=\"http:\/\/www.euegeajans.com\/wp-content\/uploads\/2025\/11\/Prof.-Dr.-Mehmet-Ersan-1-300x200.jpg\" alt=\"\" width=\"300\" height=\"200\" srcset=\"https:\/\/www.euegeajans.com\/wp-content\/uploads\/2025\/11\/Prof.-Dr.-Mehmet-Ersan-1-300x200.jpg 300w, https:\/\/www.euegeajans.com\/wp-content\/uploads\/2025\/11\/Prof.-Dr.-Mehmet-Ersan-1-1024x682.jpg 1024w, https:\/\/www.euegeajans.com\/wp-content\/uploads\/2025\/11\/Prof.-Dr.-Mehmet-Ersan-1-768x512.jpg 768w, https:\/\/www.euegeajans.com\/wp-content\/uploads\/2025\/11\/Prof.-Dr.-Mehmet-Ersan-1.jpg 1252w\" sizes=\"auto, (max-width: 300px) 100vw, 300px\" \/>\u00d6\u011fretmenin g\u00f6revlerinden biri, do\u011fru bilgiyi \u00f6\u011frenmeyi ya\u015fam boyu s\u00fcrd\u00fcr\u00fclebilir k\u0131lmay\u0131 \u00f6\u011fretmek oldu\u011funu s\u00f6yleyen Prof. Dr. Mehmet Ersan, \u201c\u00d6\u011fretmenlik sadece bir meslek de\u011fil, bir insan yeti\u015ftirme sanat\u0131d\u0131r. \u00dclkemizin d\u00fc\u015f\u00fcnce d\u00fcnyas\u0131n\u0131 \u015fekillendiren, toplumun geli\u015fimine y\u00f6n veren, \u00e7ocuklar\u0131m\u0131z\u0131n kalbine dokunan en kutsal g\u00f6revdir. De\u011ferli \u00f6\u011frenciler, sevgili \u00f6\u011fretmen adaylar\u0131m\u0131z, bir y\u0131l sonra, ya da belki birka\u00e7 y\u0131l sonra, s\u0131n\u0131flara ad\u0131m\u0131n\u0131z\u0131 att\u0131\u011f\u0131n\u0131zda, art\u0131k yaln\u0131zca ders anlatan de\u011fil; umut veren, yol g\u00f6steren, ilham olan bireyler olacaks\u0131n\u0131z. \u0130\u00e7inde bulundu\u011fumuz y\u00fczy\u0131l; de\u011fi\u015fimin, d\u00f6n\u00fc\u015f\u00fcm\u00fcn ve h\u0131zla de\u011fi\u015fen teknolojilerin ya\u015fand\u0131\u011f\u0131 bir d\u00f6nemdir. Bu nedenle \u00f6\u011fretmenlik, art\u0131k sadece bilgi aktarmak de\u011fil, do\u011fru bilgiye nas\u0131l ula\u015f\u0131laca\u011f\u0131n\u0131 \u00f6\u011fretmek, ele\u015ftirel d\u00fc\u015f\u00fcnceyi desteklemek, \u00f6\u011frencilerin potansiyelini ortaya \u00e7\u0131karmak ve \u00f6\u011frenmeyi ya\u015fam boyu s\u00fcrd\u00fcr\u00fclebilir k\u0131lmay\u0131 \u00f6\u011fretmek demektir\u201d dedi.<\/p>\n<p style=\"text-align: justify;\"><b>\u201c\u0130yi \u00f6\u011fretmen, \u00f6nce iyi bir \u00f6\u011frenendir\u201d<\/b><\/p>\n<p style=\"text-align: justify;\">\u00d6\u011frencilere, \u00a0Ba\u015f\u00f6\u011fretmen Mustafa Kemal Atat\u00fcrk\u2019\u00fcn \u201c\u00d6\u011fretmenler! Yeni nesil sizlerin eseri olacakt\u0131r\u201d s\u00f6z\u00fcn\u00fc hat\u0131rlatan Prof. Dr. Mehmet Ersan, \u201cSizlerden beklentimiz; yeniliklere a\u00e7\u0131k olman\u0131z, kendinizi s\u00fcrekli geli\u015ftirmeniz ve \u00e7a\u011f\u0131n gerektirdi\u011fi donan\u0131ma sahip nitelikli \u00f6\u011fretmenler olarak yeti\u015fmenizdir. \u015eunu unutmay\u0131n. \u00a0\u0130yi \u00f6\u011fretmen, \u00f6nce iyi bir \u00f6\u011frenendir. Sizin \u00f6\u011frenme tutkunuz, \u00f6\u011frencilerinize yans\u0131yacak, onlar\u0131n hayat\u0131na \u0131\u015f\u0131k olacakt\u0131r. Bug\u00fcn burada Ege \u00dcniversitesi olarak sizlere yaln\u0131zca bilgiyi de\u011fil, ayn\u0131 zamanda bir e\u011fitimci duru\u015fu kazand\u0131rmay\u0131 hedefliyoruz. \u00c7\u00fcnk\u00fc \u00f6\u011fretmenlik sab\u0131r ister, sevgi ister, vicdan ister. \u00d6\u011frencisi i\u00e7in d\u00fcnyay\u0131 g\u00fczelle\u015ftirmeye \u00e7al\u0131\u015fan \u00f6\u011fretmen, toplumun gelece\u011fini de g\u00fczelle\u015ftirir. Bug\u00fcn Ba\u015f\u00f6\u011fretmen Gazi Mustafa Kemal Atat\u00fcrk&#8217;\u00fcn \u2018\u00d6\u011fretmenler! Yeni nesil sizlerin eseri olacakt\u0131r\u2019 s\u00f6z\u00fcn\u00fc bir kez daha hat\u0131rl\u0131yor ve bu sorumlulu\u011fun ne kadar b\u00fcy\u00fck oldu\u011funu g\u00f6r\u00fcyoruz. Sizlerin yeti\u015ftirece\u011fi nesiller, \u00fclkemizin yar\u0131nlar\u0131n\u0131 belirleyecek. Bu vesileyle, ba\u015fta Ba\u015f\u00f6\u011fretmen Gazi Mustafa Kemal Atat\u00fcrk olmak \u00fczere, ebediyete intikal etmi\u015f t\u00fcm \u00f6\u011fretmenlerimizi sayg\u0131yla ve rahmetle an\u0131yorum. Halen g\u00f6rev yapan ve gelecekte g\u00f6rev yapacak olan t\u00fcm \u00f6\u011fretmenlerimizin \u00d6\u011fretmenler G\u00fcn\u00fc&#8217;n\u00fc y\u00fcrekten kutluyorum. Yolunuz a\u00e7\u0131k, g\u00f6nl\u00fcn\u00fcz ayd\u0131nl\u0131k olsun. 24 Kas\u0131m \u00d6\u011fretmenler G\u00fcn\u00fc&#8217;n\u00fcz kutlu olsun\u201d diye konu\u015ftu.<\/p>\n<p style=\"text-align: justify;\"><b>\u201cAs\u0131l mesele duyguyu, empatiyi ve insani de\u011ferleri merkeze almakt\u0131r\u201d<\/b><\/p>\n<p style=\"text-align: justify;\"><img loading=\"lazy\" decoding=\"async\" class=\"size-medium wp-image-31176 alignright\" src=\"http:\/\/www.euegeajans.com\/wp-content\/uploads\/2025\/11\/Dr.-Omer-Yahsi-4-300x200.jpg\" alt=\"\" width=\"300\" height=\"200\" srcset=\"https:\/\/www.euegeajans.com\/wp-content\/uploads\/2025\/11\/Dr.-Omer-Yahsi-4-300x200.jpg 300w, https:\/\/www.euegeajans.com\/wp-content\/uploads\/2025\/11\/Dr.-Omer-Yahsi-4-1024x682.jpg 1024w, https:\/\/www.euegeajans.com\/wp-content\/uploads\/2025\/11\/Dr.-Omer-Yahsi-4-768x512.jpg 768w, https:\/\/www.euegeajans.com\/wp-content\/uploads\/2025\/11\/Dr.-Omer-Yahsi-4.jpg 1252w\" sizes=\"auto, (max-width: 300px) 100vw, 300px\" \/>\u00d6\u011fretmenli\u011fin bir insan yeti\u015ftirme sanat\u0131 oldu\u011funu s\u00f6yleyen Dr. \u00d6mer Yah\u015fi, \u201c \u00d6\u011fretmenlik, \u00f6\u011frencisinin ba\u015far\u0131s\u0131n\u0131 k\u0131skanmayan, aksine t\u0131pk\u0131 bir anne-baba gibi onunla gurur duyanlar\u0131n icra etti\u011fi, manevi tatmini hi\u00e7bir maddi kar\u015f\u0131l\u0131kla \u00f6l\u00e7\u00fclemeyecek bir insan yeti\u015ftirme sanat\u0131d\u0131r. Ancak g\u00fcn\u00fcm\u00fczde yapay zeka ve veri ak\u0131\u015f\u0131n\u0131n getirdi\u011fi h\u0131zl\u0131 d\u00f6n\u00fc\u015f\u00fcmle birlikte \u00f6\u011fretmenlik tan\u0131m\u0131 da de\u011fi\u015fmektedir; art\u0131k bilgiye ula\u015fmak kolayla\u015fm\u0131\u015fken, as\u0131l mesele duyguyu, empatiyi ve insani de\u011ferleri merkeze alarak \u00f6\u011frencilere rehberlik etmek, s\u00fcrekli g\u00fcncellenmek ve mazeret \u00fcretmeden, atanma kayg\u0131s\u0131na d\u00fc\u015fmeden \u2018ba\u015far\u0131 benim hakk\u0131md\u0131r\u2019 inanc\u0131yla \u00e7al\u0131\u015farak giri\u015fimci bir ruhla gelece\u011fi in\u015fa etmektir. Bu duygularla, bu kutsal mesle\u011fi se\u00e7ti\u011finiz i\u00e7in sizleri tebrik ediyor; ba\u015fta Ba\u015f\u00f6\u011fretmen Gazi Mustafa Kemal Atat\u00fcrk olmak \u00fczere ebediyete irtihal eden t\u00fcm \u00f6\u011fretmenlerimizi rahmetle an\u0131yor, yolunuzun ve baht\u0131n\u0131z\u0131n a\u00e7\u0131k olmas\u0131n\u0131 diliyorum\u201d dedi.<\/p>\n<p style=\"text-align: justify;\"><b>\u201cBir \u00f6\u011fretmeni as\u0131l de\u011ferli k\u0131lan adalet, sayg\u0131 ve etik ilkeler\u201d<\/b><\/p>\n<p style=\"text-align: justify;\"><img loading=\"lazy\" decoding=\"async\" class=\"size-medium wp-image-31177 alignleft\" src=\"http:\/\/www.euegeajans.com\/wp-content\/uploads\/2025\/11\/Prof.-Dr.-Osman-Ferda-Beytekin-7-300x200.jpg\" alt=\"\" width=\"300\" height=\"200\" srcset=\"https:\/\/www.euegeajans.com\/wp-content\/uploads\/2025\/11\/Prof.-Dr.-Osman-Ferda-Beytekin-7-300x200.jpg 300w, https:\/\/www.euegeajans.com\/wp-content\/uploads\/2025\/11\/Prof.-Dr.-Osman-Ferda-Beytekin-7-1024x682.jpg 1024w, https:\/\/www.euegeajans.com\/wp-content\/uploads\/2025\/11\/Prof.-Dr.-Osman-Ferda-Beytekin-7-768x512.jpg 768w, https:\/\/www.euegeajans.com\/wp-content\/uploads\/2025\/11\/Prof.-Dr.-Osman-Ferda-Beytekin-7.jpg 1252w\" sizes=\"auto, (max-width: 300px) 100vw, 300px\" \/>Ama\u00e7lar\u0131n\u0131n nitelikli \u00f6\u011fretmenler yeti\u015ftirmek oldu\u011funu s\u00f6yleyen Dekan Prof. Dr. Osman Ferda Beytekin, \u201cBug\u00fcn 24 Kas\u0131m \u00d6\u011fretmenler G\u00fcn\u00fc&#8217;n\u00fc b\u00fcy\u00fck bir gururla kutlarken, mesle\u011fimizin de\u011ferini hat\u0131rl\u0131yor ve sizlere duydu\u011fumuz umutla gelece\u011fe bak\u0131yoruz. E\u011fitim Fak\u00fcltesi olarak temel \u00f6nceli\u011fimiz; sizleri alan\u0131nda derin bilgiye sahip, bilimsel d\u00fc\u015f\u00fcnceyi rehber edinen ve \u00e7a\u011f\u0131n gerektirdi\u011fi yeterliliklerle donanm\u0131\u015f bireyler olarak yeti\u015ftirmektir. G\u00fcn\u00fcm\u00fcz d\u00fcnyas\u0131nda e\u011fitim, ezberden uzak, deneyimsel \u00f6\u011frenmeyi ve teknoloji entegrasyonunu zorunlu k\u0131lmaktad\u0131r. Bizler size bu pedagojik donan\u0131m\u0131 kazand\u0131r\u0131rken, bir \u00f6\u011fretmeni as\u0131l de\u011ferli k\u0131lan adalet, sayg\u0131 ve etik ilkeler gibi karakter \u00f6zelliklerini de benimsetmeyi hedefliyoruz. Unutmay\u0131n ki \u00f6\u011fretmenlik, ya\u015fam boyu \u00f6\u011frenmeyi gerektiren dinamik bir s\u00fcre\u00e7tir. S\u0131n\u0131f\u0131n \u00f6tesinde topluma \u0131\u015f\u0131k tutan, ileti\u015fimi g\u00fc\u00e7l\u00fc ve s\u00fcrekli geli\u015fen e\u011fitimciler olarak \u00f6\u011frencilerinizin hayat\u0131n\u0131 de\u011fi\u015ftirece\u011finize inanc\u0131m tamd\u0131r. Bu vesileyle Ba\u015f\u00f6\u011fretmen Gazi Mustafa Kemal Atat\u00fcrk ve ebediyete intikal etmi\u015f t\u00fcm \u00f6\u011fretmenlerimizi rahmetle an\u0131yor; mesle\u011finizi sevgi ve sab\u0131rla icra etmeniz temennisiyle 24 Kas\u0131m \u00d6\u011fretmenler G\u00fcn\u00fc&#8217;n\u00fcz\u00fc kutluyorum\u201d diye konu\u015ftu.<\/p>\n<p style=\"text-align: justify;\">Etkinli\u011fin sonunda E\u00dc Rekt\u00f6r Yard\u0131mc\u0131s\u0131 Prof. Dr. Mehmet Ersan, \u0130l Milli E\u011fitim M\u00fcd\u00fcr\u00fc Dr. \u00d6mer Yah\u015fi\u2019ye \u201cTe\u015fekk\u00fcr Belgesi\u201d takdim etti.<\/p>\n<div id='gallery-1' class='gallery galleryid-31173 gallery-columns-3 gallery-size-medium'><figure class='gallery-item'>\n\t\t\t<div class='gallery-icon landscape'>\n\t\t\t\t<a href='https:\/\/www.euegeajans.com\/wp-content\/uploads\/2025\/11\/Dr.-Omer-Yahsi-Prof.-Dr.-Mehmet-Ersan-2.jpg'><img loading=\"lazy\" decoding=\"async\" width=\"300\" height=\"200\" src=\"https:\/\/www.euegeajans.com\/wp-content\/uploads\/2025\/11\/Dr.-Omer-Yahsi-Prof.-Dr.-Mehmet-Ersan-2-300x200.jpg\" class=\"attachment-medium size-medium\" alt=\"\" srcset=\"https:\/\/www.euegeajans.com\/wp-content\/uploads\/2025\/11\/Dr.-Omer-Yahsi-Prof.-Dr.-Mehmet-Ersan-2-300x200.jpg 300w, https:\/\/www.euegeajans.com\/wp-content\/uploads\/2025\/11\/Dr.-Omer-Yahsi-Prof.-Dr.-Mehmet-Ersan-2-1024x682.jpg 1024w, https:\/\/www.euegeajans.com\/wp-content\/uploads\/2025\/11\/Dr.-Omer-Yahsi-Prof.-Dr.-Mehmet-Ersan-2-768x512.jpg 768w, https:\/\/www.euegeajans.com\/wp-content\/uploads\/2025\/11\/Dr.-Omer-Yahsi-Prof.-Dr.-Mehmet-Ersan-2.jpg 1252w\" sizes=\"auto, (max-width: 300px) 100vw, 300px\" \/><\/a>\n\t\t\t<\/div><\/figure><figure class='gallery-item'>\n\t\t\t<div class='gallery-icon landscape'>\n\t\t\t\t<a href='https:\/\/www.euegeajans.com\/wp-content\/uploads\/2025\/11\/Prof.-Dr.-Ersan-Ogretmenlik-sadece-bir-meslek-degil-bir-insan-yetistirme-sanatidir-1.jpg'><img loading=\"lazy\" decoding=\"async\" width=\"300\" height=\"200\" src=\"https:\/\/www.euegeajans.com\/wp-content\/uploads\/2025\/11\/Prof.-Dr.-Ersan-Ogretmenlik-sadece-bir-meslek-degil-bir-insan-yetistirme-sanatidir-1-300x200.jpg\" class=\"attachment-medium size-medium\" alt=\"\" srcset=\"https:\/\/www.euegeajans.com\/wp-content\/uploads\/2025\/11\/Prof.-Dr.-Ersan-Ogretmenlik-sadece-bir-meslek-degil-bir-insan-yetistirme-sanatidir-1-300x200.jpg 300w, https:\/\/www.euegeajans.com\/wp-content\/uploads\/2025\/11\/Prof.-Dr.-Ersan-Ogretmenlik-sadece-bir-meslek-degil-bir-insan-yetistirme-sanatidir-1-1024x682.jpg 1024w, https:\/\/www.euegeajans.com\/wp-content\/uploads\/2025\/11\/Prof.-Dr.-Ersan-Ogretmenlik-sadece-bir-meslek-degil-bir-insan-yetistirme-sanatidir-1-768x512.jpg 768w, https:\/\/www.euegeajans.com\/wp-content\/uploads\/2025\/11\/Prof.-Dr.-Ersan-Ogretmenlik-sadece-bir-meslek-degil-bir-insan-yetistirme-sanatidir-1.jpg 1252w\" sizes=\"auto, (max-width: 300px) 100vw, 300px\" \/><\/a>\n\t\t\t<\/div><\/figure><figure class='gallery-item'>\n\t\t\t<div class='gallery-icon landscape'>\n\t\t\t\t<a href='https:\/\/www.euegeajans.com\/wp-content\/uploads\/2025\/11\/Prof.-Dr.-Ersan-Ogretmenlik-sadece-bir-meslek-degil-bir-insan-yetistirme-sanatidir-2.jpg'><img loading=\"lazy\" decoding=\"async\" width=\"300\" height=\"200\" src=\"https:\/\/www.euegeajans.com\/wp-content\/uploads\/2025\/11\/Prof.-Dr.-Ersan-Ogretmenlik-sadece-bir-meslek-degil-bir-insan-yetistirme-sanatidir-2-300x200.jpg\" class=\"attachment-medium size-medium\" alt=\"\" srcset=\"https:\/\/www.euegeajans.com\/wp-content\/uploads\/2025\/11\/Prof.-Dr.-Ersan-Ogretmenlik-sadece-bir-meslek-degil-bir-insan-yetistirme-sanatidir-2-300x200.jpg 300w, https:\/\/www.euegeajans.com\/wp-content\/uploads\/2025\/11\/Prof.-Dr.-Ersan-Ogretmenlik-sadece-bir-meslek-degil-bir-insan-yetistirme-sanatidir-2-1024x682.jpg 1024w, https:\/\/www.euegeajans.com\/wp-content\/uploads\/2025\/11\/Prof.-Dr.-Ersan-Ogretmenlik-sadece-bir-meslek-degil-bir-insan-yetistirme-sanatidir-2-768x512.jpg 768w, https:\/\/www.euegeajans.com\/wp-content\/uploads\/2025\/11\/Prof.-Dr.-Ersan-Ogretmenlik-sadece-bir-meslek-degil-bir-insan-yetistirme-sanatidir-2.jpg 1252w\" sizes=\"auto, (max-width: 300px) 100vw, 300px\" \/><\/a>\n\t\t\t<\/div><\/figure>\n\t\t<\/div>\n\n","protected":false},"excerpt":{"rendered":"<p>E\u00dc \u2018de \u201c24 Kas\u0131m \u00d6\u011fretmenler G\u00fcn\u00fc\u201d kutland\u0131 Esin Sude \u00dcnal, Mine \u00c7apk\u0131n, Berfin Teran, Nihat&#8230;<\/p>\n","protected":false},"author":2,"featured_media":31174,"comment_status":"open","ping_status":"open","sticky":false,"template":"","format":"standard","meta":{"footnotes":""},"categories":[99,1,11,70],"tags":[],"class_list":["post-31173","post","type-post","status-publish","format-standard","has-post-thumbnail","hentry","category-egitim","category-gncl","category-haber","category-kampus"],"featured_image_urls":{"full":["https:\/\/www.euegeajans.com\/wp-content\/uploads\/2025\/11\/Prof.-Dr.-Ersan-Ogretmenlik-sadece-bir-meslek-degil-bir-insan-yetistirme-sanatidir-3.jpg",1252,834,false],"thumbnail":["https:\/\/www.euegeajans.com\/wp-content\/uploads\/2025\/11\/Prof.-Dr.-Ersan-Ogretmenlik-sadece-bir-meslek-degil-bir-insan-yetistirme-sanatidir-3-150x150.jpg",150,150,true],"medium":["https:\/\/www.euegeajans.com\/wp-content\/uploads\/2025\/11\/Prof.-Dr.-Ersan-Ogretmenlik-sadece-bir-meslek-degil-bir-insan-yetistirme-sanatidir-3-300x200.jpg",300,200,true],"medium_large":["https:\/\/www.euegeajans.com\/wp-content\/uploads\/2025\/11\/Prof.-Dr.-Ersan-Ogretmenlik-sadece-bir-meslek-degil-bir-insan-yetistirme-sanatidir-3-768x512.jpg",640,427,true],"large":["https:\/\/www.euegeajans.com\/wp-content\/uploads\/2025\/11\/Prof.-Dr.-Ersan-Ogretmenlik-sadece-bir-meslek-degil-bir-insan-yetistirme-sanatidir-3-1024x682.jpg",640,426,true],"1536x1536":["https:\/\/www.euegeajans.com\/wp-content\/uploads\/2025\/11\/Prof.-Dr.-Ersan-Ogretmenlik-sadece-bir-meslek-degil-bir-insan-yetistirme-sanatidir-3.jpg",1252,834,false],"2048x2048":["https:\/\/www.euegeajans.com\/wp-content\/uploads\/2025\/11\/Prof.-Dr.-Ersan-Ogretmenlik-sadece-bir-meslek-degil-bir-insan-yetistirme-sanatidir-3.jpg",1252,834,false],"newsphere-slider-full":["https:\/\/www.euegeajans.com\/wp-content\/uploads\/2025\/11\/Prof.-Dr.-Ersan-Ogretmenlik-sadece-bir-meslek-degil-bir-insan-yetistirme-sanatidir-3-1252x720.jpg",1252,720,true],"newsphere-featured":["https:\/\/www.euegeajans.com\/wp-content\/uploads\/2025\/11\/Prof.-Dr.-Ersan-Ogretmenlik-sadece-bir-meslek-degil-bir-insan-yetistirme-sanatidir-3-1024x682.jpg",1024,682,true],"newsphere-medium":["https:\/\/www.euegeajans.com\/wp-content\/uploads\/2025\/11\/Prof.-Dr.-Ersan-Ogretmenlik-sadece-bir-meslek-degil-bir-insan-yetistirme-sanatidir-3-720x380.jpg",720,380,true]},"author_info":{"display_name":"Editor","author_link":"https:\/\/www.euegeajans.com\/index.php\/author\/editor\/"},"category_info":"<a href=\"https:\/\/www.euegeajans.com\/index.php\/category\/egitim\/\" rel=\"category tag\">E\u011fitim<\/a> <a href=\"https:\/\/www.euegeajans.com\/index.php\/category\/gncl\/\" rel=\"category tag\">G\u00fcncel<\/a> <a href=\"https:\/\/www.euegeajans.com\/index.php\/category\/haber\/\" rel=\"category tag\">Haber<\/a> <a href=\"https:\/\/www.euegeajans.com\/index.php\/category\/kampus\/\" rel=\"category tag\">Kamp\u00fcs<\/a>","tag_info":"Kamp\u00fcs","comment_count":"0","_links":{"self":[{"href":"https:\/\/www.euegeajans.com\/index.php\/wp-json\/wp\/v2\/posts\/31173","targetHints":{"allow":["GET"]}}],"collection":[{"href":"https:\/\/www.euegeajans.com\/index.php\/wp-json\/wp\/v2\/posts"}],"about":[{"href":"https:\/\/www.euegeajans.com\/index.php\/wp-json\/wp\/v2\/types\/post"}],"author":[{"embeddable":true,"href":"https:\/\/www.euegeajans.com\/index.php\/wp-json\/wp\/v2\/users\/2"}],"replies":[{"embeddable":true,"href":"https:\/\/www.euegeajans.com\/index.php\/wp-json\/wp\/v2\/comments?post=31173"}],"version-history":[{"count":1,"href":"https:\/\/www.euegeajans.com\/index.php\/wp-json\/wp\/v2\/posts\/31173\/revisions"}],"predecessor-version":[{"id":31181,"href":"https:\/\/www.euegeajans.com\/index.php\/wp-json\/wp\/v2\/posts\/31173\/revisions\/31181"}],"wp:featuredmedia":[{"embeddable":true,"href":"https:\/\/www.euegeajans.com\/index.php\/wp-json\/wp\/v2\/media\/31174"}],"wp:attachment":[{"href":"https:\/\/www.euegeajans.com\/index.php\/wp-json\/wp\/v2\/media?parent=31173"}],"wp:term":[{"taxonomy":"category","embeddable":true,"href":"https:\/\/www.euegeajans.com\/index.php\/wp-json\/wp\/v2\/categories?post=31173"},{"taxonomy":"post_tag","embeddable":true,"href":"https:\/\/www.euegeajans.com\/index.php\/wp-json\/wp\/v2\/tags?post=31173"}],"curies":[{"name":"wp","href":"https:\/\/api.w.org\/{rel}","templated":true}]}}