{"id":28874,"date":"2025-06-24T01:45:00","date_gmt":"2025-06-24T01:45:00","guid":{"rendered":"https:\/\/www.euegeajans.com\/?p=28874"},"modified":"2025-06-24T07:49:48","modified_gmt":"2025-06-24T07:49:48","slug":"eu-urla-denizcilik-meslek-yuksekokulu-2024-2025-mezunlarini-torenle-ugurladi","status":"publish","type":"post","link":"https:\/\/www.euegeajans.com\/index.php\/2025\/06\/24\/eu-urla-denizcilik-meslek-yuksekokulu-2024-2025-mezunlarini-torenle-ugurladi\/","title":{"rendered":"E\u00dc Urla Denizcilik Meslek Y\u00fcksekokulu 2024-2025 Mezunlar\u0131n\u0131 T\u00f6renle U\u011furlad\u0131"},"content":{"rendered":"<p style=\"text-align: justify;\" align=\"right\">Bahar \u00c7etin\u00a0-Duygu \u00c7al\u0131k-\u00a0Emirhan Bol<\/p>\n<p style=\"text-align: justify;\">Ege \u00dcniversitesi (E\u00dc) Urla Denizcilik Meslek Y\u00fcksekokulu, 2024-2025 E\u011fitim \u00d6\u011fretim Y\u0131l\u0131 mezuniyet t\u00f6reniyle gelece\u011fin denizcilerini u\u011furlad\u0131. Ege \u00dcniversitesi K\u00fclt\u00fcr Sanat Evinde d\u00fczenlenen t\u00f6rene; Urla Denizcilik Meslek Y\u00fcksekokul M\u00fcd\u00fcr\u00fc Prof. Dr. Faik Ozan D\u00fczbast\u0131lar,\u00a0 protokol \u00fcyeleri, sekt\u00f6r temsilcileri, akademisyenler, \u00f6\u011frenciler ve aileleri kat\u0131ld\u0131. Diplomalar\u0131n\u0131 alan mezunlar sevin\u00e7lerini aileleriyle payla\u015f\u0131rken, t\u00f6rende duygu dolu anlar ya\u015fand\u0131.<\/p>\n<p style=\"text-align: justify;\"><img loading=\"lazy\" decoding=\"async\" class=\"size-medium wp-image-28876 alignright\" src=\"http:\/\/www.euegeajans.com\/wp-content\/uploads\/2025\/06\/Prof.-Dr.-Faik-Ozan-Duzbastilar-2-200x300.jpg\" alt=\"\" width=\"200\" height=\"300\" srcset=\"https:\/\/www.euegeajans.com\/wp-content\/uploads\/2025\/06\/Prof.-Dr.-Faik-Ozan-Duzbastilar-2-200x300.jpg 200w, https:\/\/www.euegeajans.com\/wp-content\/uploads\/2025\/06\/Prof.-Dr.-Faik-Ozan-Duzbastilar-2-683x1024.jpg 683w, https:\/\/www.euegeajans.com\/wp-content\/uploads\/2025\/06\/Prof.-Dr.-Faik-Ozan-Duzbastilar-2-768x1152.jpg 768w, https:\/\/www.euegeajans.com\/wp-content\/uploads\/2025\/06\/Prof.-Dr.-Faik-Ozan-Duzbastilar-2-1024x1536.jpg 1024w, https:\/\/www.euegeajans.com\/wp-content\/uploads\/2025\/06\/Prof.-Dr.-Faik-Ozan-Duzbastilar-2-1365x2048.jpg 1365w, https:\/\/www.euegeajans.com\/wp-content\/uploads\/2025\/06\/Prof.-Dr.-Faik-Ozan-Duzbastilar-2-scaled.jpg 1707w\" sizes=\"auto, (max-width: 200px) 100vw, 200px\" \/>Sayg\u0131 duru\u015fu ve \u0130stiklal Mar\u015f\u0131\u2019n\u0131n ard\u0131ndan a\u00e7\u0131l\u0131\u015f konu\u015fmas\u0131n\u0131 yapan Urla Denizcilik Meslek Y\u00fcksekokul M\u00fcd\u00fcr\u00fc Prof. Dr. Faik Ozan D\u00fczbast\u0131lar, \u201cDenizcilik e\u011fitimi bildi\u011finiz gibi pahal\u0131 bir e\u011fitim, \u00e7ok ciddi para gerektirmektedir. Ancak bir \u00fclkenin var olabilmesi i\u00e7in denizlerde s\u00f6z sahibi olmas\u0131 gerekiyor. Urla Denizcilik Meslek Y\u00fcksekokulu&#8217;nun vizyonu, denizlerde ve i\u00e7 sularda sekt\u00f6r\u00fcn ihtiyac\u0131 olan deniz k\u00fclt\u00fcr\u00fcne ve disiplinine ba\u011fl\u0131 \u00fclkesi, milleti ve Atat\u00fcrk ilkelerine ba\u011fl\u0131 evrensel de\u011ferlerle donat\u0131lm\u0131\u015f nitelikli insan g\u00fcc\u00fcn\u00fc yeti\u015ftirmek olmu\u015ftur\u201d diye konu\u015ftu.<\/p>\n<p style=\"text-align: justify;\"><b>\u201cArt\u0131k sizler de denizcilik camias\u0131n\u0131n birer par\u00e7as\u0131s\u0131n\u0131z\u201d<\/b><\/p>\n<p style=\"text-align: justify;\">Denizcilik e\u011fitimlerinin hem ulusal hem de uluslararas\u0131 standartlara uygun olarak verildi\u011fini dile getiren Prof. Dr. Faik Ozan D\u00fczbast\u0131lar, mezunlara \u015fu s\u00f6zlerle seslendi: \u201cDenizcilik sab\u0131r, disiplin ve cesaret ister. Dalgalar\u0131n \u00fczerinde ya da su alt\u0131n\u0131n derinliklerinde \u00e7al\u0131\u015fmak sadece bir meslek de\u011fil, ayn\u0131 zamanda ya\u015fam bi\u00e7imidir. Sizlere sadece bilgi de\u011fil, tecr\u00fcbe, duru\u015f ve denize kar\u015f\u0131 bir sorumluluk bilinci a\u015f\u0131lad\u0131k. Art\u0131k sizler de denizcilik camias\u0131n\u0131n birer par\u00e7as\u0131s\u0131n\u0131z. Sadece bir diplomayla de\u011fil, zorluklarla ba\u015f etmeyi \u00f6\u011frenmi\u015f, ekip ruhunu benimsemi\u015f, denizi sevmi\u015f bireyler olarak aram\u0131za kat\u0131l\u0131yorsunuz. Unutmay\u0131n ki bu okul sizin yuvan\u0131zd\u0131r ve kap\u0131m\u0131z size her zaman a\u00e7\u0131k olacakt\u0131r\u201d dedi.<\/p>\n<p style=\"text-align: justify;\"><b>Birinciden duygu dolu veda konu\u015fmas\u0131<\/b><\/p>\n<p style=\"text-align: justify;\"><img loading=\"lazy\" decoding=\"async\" class=\"size-medium wp-image-28877 alignleft\" src=\"http:\/\/www.euegeajans.com\/wp-content\/uploads\/2025\/06\/Anilcan-Sener-1-200x300.jpg\" alt=\"\" width=\"200\" height=\"300\" srcset=\"https:\/\/www.euegeajans.com\/wp-content\/uploads\/2025\/06\/Anilcan-Sener-1-200x300.jpg 200w, https:\/\/www.euegeajans.com\/wp-content\/uploads\/2025\/06\/Anilcan-Sener-1-683x1024.jpg 683w, https:\/\/www.euegeajans.com\/wp-content\/uploads\/2025\/06\/Anilcan-Sener-1-768x1152.jpg 768w, https:\/\/www.euegeajans.com\/wp-content\/uploads\/2025\/06\/Anilcan-Sener-1-1024x1536.jpg 1024w, https:\/\/www.euegeajans.com\/wp-content\/uploads\/2025\/06\/Anilcan-Sener-1-1365x2048.jpg 1365w, https:\/\/www.euegeajans.com\/wp-content\/uploads\/2025\/06\/Anilcan-Sener-1-scaled.jpg 1707w\" sizes=\"auto, (max-width: 200px) 100vw, 200px\" \/>D\u00f6nem birincisi An\u0131lcan \u015eenel ise \u201cBug\u00fcn burada bir \u00f6mr\u00fcn hayali, y\u0131llar\u0131n eme\u011fi, dualar\u0131n, g\u00f6zya\u015flar\u0131n\u0131n ve sab\u0131rla \u00f6r\u00fclen umutlar\u0131n birle\u015fti\u011fi noktaday\u0131z. De\u011ferli hocalar\u0131m, bize sadece bilgiyi de\u011fil, ya\u015fam boyu ta\u015f\u0131yaca\u011f\u0131m\u0131z ahlak\u0131, karakteri, vicdan\u0131 ve vatan sevgisini \u00f6\u011frettiniz. Her derste, her c\u00fcmlede bir g\u00fcn bu an\u0131 ya\u015fayaca\u011f\u0131m\u0131z\u0131 bilerek emek verdiniz. Sizlerin sabr\u0131 olmasa, her dalgada sars\u0131l\u0131rd\u0131k. Sizlerin inanc\u0131 olmasa, her f\u0131rt\u0131nada y\u00f6n\u00fcm\u00fcz\u00fc kaybederdik. Bug\u00fcn birincilikle mezun olan ben olsam da perde arkas\u0131nda sizin g\u00f6z\u00fcn\u00fcz, sizin sesiniz ve eme\u011finiz vard\u0131r. Hepinizin \u00f6n\u00fcnde sayg\u0131yla e\u011filiyorum. Bu yolculu\u011fun en sessiz ama en g\u00fc\u00e7l\u00fc yol arkada\u015flar\u0131na aileme birka\u00e7 bir \u015fey s\u00f6ylemek istiyorum. Hayat\u0131m boyunca ne zaman yorulsam, d\u00f6n\u00fcp bakt\u0131\u011f\u0131mda hep sizi g\u00f6rd\u00fcm. Bazen bir mesajla onay verdiniz, bazen bir sessizlikle yan\u0131mda durdunuz. Ben hep bildim ki orada bir yerde arkamda bana inanan insanlar var. Biliyorum, ben o zaman bunu hi\u00e7 dile getiremedim ama bug\u00fcn bu ba\u015far\u0131da sizin \u00e7ok b\u00fcy\u00fck pay\u0131n\u0131z var. Allah sizden raz\u0131 olsun. Bug\u00fcn ba\u015f\u0131m dikse bu sizin sayenizde. K\u0131ymetli d\u00f6nem karde\u015flerim. \u0130ki y\u0131l boyunca ayn\u0131 ya\u011fmurda \u0131sland\u0131k, ayn\u0131 g\u00fcne\u015fte yand\u0131k. Yeri geldi, bir simiti yar\u0131ya b\u00f6ld\u00fck, beraber yedik. Ayn\u0131 sabahlara var\u0131p, ayn\u0131 yolda y\u00fcr\u00fcd\u00fck. Yolun nereye d\u00fc\u015ferse d\u00fc\u015fs\u00fcn karde\u015fim. Biz hep ayn\u0131 denizin \u00e7ocuklar\u0131y\u0131z. Yolunuz a\u00e7\u0131k olsun karde\u015flerim. Bug\u00fcn burada mezuniyetimizin \u015ferefine de\u011fil, T\u00fcrk milletinin emanetine sahip \u00e7\u0131kaca\u011f\u0131m\u0131za yemin ediyoruz. Gazi Mustafa Kemal Atat\u00fcrk&#8217;\u00fcn \u015fu vecih s\u00f6z\u00fcyle konu\u015fmam\u0131 tamamlamak istiyorum. \u2018Denizcili\u011fi T\u00fcrk&#8217;\u00fcn b\u00fcy\u00fck milli \u00fclk\u00fcs\u00fc olarak d\u00fc\u015f\u00fcnmeli ve onu en k\u0131sa zamanda ba\u015farmal\u0131y\u0131z.\u2019 T\u00fcm karde\u015flerim ad\u0131na hayk\u0131r\u0131yorum \u015fimdi. T\u00fcrk denizcisi yedi denizde \u015fanla ya\u015fas\u0131n. Ne mutlu T\u00fcrk&#8217;\u00fcm diyene\u201d \u015feklinde konu\u015ftu.<\/p>\n<p style=\"text-align: justify;\"><b>Dereceye giren mezunlara plaket verildi<\/b><\/p>\n<p style=\"text-align: justify;\"><img loading=\"lazy\" decoding=\"async\" class=\"size-medium wp-image-28887 alignright\" src=\"http:\/\/www.euegeajans.com\/wp-content\/uploads\/2025\/06\/Prof.-Dr.-Faik-Ozan-Duzbastilar-Ali-Tasyurek-4-200x300.jpg\" alt=\"\" width=\"200\" height=\"300\" srcset=\"https:\/\/www.euegeajans.com\/wp-content\/uploads\/2025\/06\/Prof.-Dr.-Faik-Ozan-Duzbastilar-Ali-Tasyurek-4-200x300.jpg 200w, https:\/\/www.euegeajans.com\/wp-content\/uploads\/2025\/06\/Prof.-Dr.-Faik-Ozan-Duzbastilar-Ali-Tasyurek-4-683x1024.jpg 683w, https:\/\/www.euegeajans.com\/wp-content\/uploads\/2025\/06\/Prof.-Dr.-Faik-Ozan-Duzbastilar-Ali-Tasyurek-4-768x1152.jpg 768w, https:\/\/www.euegeajans.com\/wp-content\/uploads\/2025\/06\/Prof.-Dr.-Faik-Ozan-Duzbastilar-Ali-Tasyurek-4-1024x1536.jpg 1024w, https:\/\/www.euegeajans.com\/wp-content\/uploads\/2025\/06\/Prof.-Dr.-Faik-Ozan-Duzbastilar-Ali-Tasyurek-4-1365x2048.jpg 1365w, https:\/\/www.euegeajans.com\/wp-content\/uploads\/2025\/06\/Prof.-Dr.-Faik-Ozan-Duzbastilar-Ali-Tasyurek-4-scaled.jpg 1707w\" sizes=\"auto, (max-width: 200px) 100vw, 200px\" \/>Ege \u00dcniversitesi Urla Denizcilik Meslek Y\u00fcksekokulu 2024-2025 E\u011fitim-\u00d6\u011fretim Y\u0131l\u0131 mezuniyet t\u00f6reninde, okul birincisi, ikincisi ve \u00fc\u00e7\u00fcnc\u00fcs\u00fcne plaket ve mezuniyet belgeleri takdim edildi. Okul birincisi An\u0131lcan \u015eenel, \u0130zmir B\u00f6lge Liman Ba\u015fkan\u0131 \u00dcnal Hakan Atalan taraf\u0131ndan plaketini ald\u0131. \u0130kincilik \u00f6d\u00fcl\u00fc ise, 9 Eyl\u00fcl \u00dcniversitesi Denizcilik Fak\u00fcltesi Dekan\u0131 Prof. Dr. \u015eermin A\u00e7\u0131k \u00c7\u0131nar taraf\u0131ndan Yasin \u00dc\u011f\u00fcd\u00fcc\u00fc\u2019ye takdim edildi. \u00dc\u00e7\u00fcnc\u00fc olan Ali Ta\u015fy\u00fcrek\u2019e plaketini ise Meslek Y\u00fcksekokulu M\u00fcd\u00fcr\u00fc Prof. Dr. Faik Ozan D\u00fczbast\u0131lar verdi. Ayr\u0131ca \u0130meak Deniz Ticaret Odas\u0131 Alia\u011fa ve \u0130zmir \u015eubesi, Dokuz Eyl\u00fcl \u00dcniversitesi Denizcilik Fak\u00fcltesi Mezunlar Derne\u011fi, T\u00fcrk Kaptanlar Derne\u011fi ve T\u00fcrk K\u0131lavuz Kaptanlar Derne\u011fi taraf\u0131ndan dereceye giren \u00f6\u011frencilere hediyeler verilmi\u015ftir. T\u00f6ren Ege \u00dcniversitesi Urla Denizcilik Meslek Y\u00fcksekokulu Sualt\u0131 Teknolojisi Program\u0131 ile Deniz Ula\u015ft\u0131rma ve \u0130\u015fletme Program\u0131ndan mezun olan \u00f6\u011frencilere protokol \u00fcyeleri ve akademisyenler taraf\u0131ndan diploma takdimi ile sona erdi.<\/p>\n<div id='gallery-1' class='gallery galleryid-28874 gallery-columns-3 gallery-size-medium'><figure class='gallery-item'>\n\t\t\t<div class='gallery-icon landscape'>\n\t\t\t\t<a href='https:\/\/www.euegeajans.com\/wp-content\/uploads\/2025\/06\/EU-Urla-Denizcilik-Meslek-Yuksekokulu-2024-2025-Mezunlarini-Torenle-Ugurladi-2.jpg'><img loading=\"lazy\" decoding=\"async\" width=\"300\" height=\"200\" src=\"https:\/\/www.euegeajans.com\/wp-content\/uploads\/2025\/06\/EU-Urla-Denizcilik-Meslek-Yuksekokulu-2024-2025-Mezunlarini-Torenle-Ugurladi-2-300x200.jpg\" class=\"attachment-medium size-medium\" alt=\"\" srcset=\"https:\/\/www.euegeajans.com\/wp-content\/uploads\/2025\/06\/EU-Urla-Denizcilik-Meslek-Yuksekokulu-2024-2025-Mezunlarini-Torenle-Ugurladi-2-300x200.jpg 300w, https:\/\/www.euegeajans.com\/wp-content\/uploads\/2025\/06\/EU-Urla-Denizcilik-Meslek-Yuksekokulu-2024-2025-Mezunlarini-Torenle-Ugurladi-2-1024x683.jpg 1024w, https:\/\/www.euegeajans.com\/wp-content\/uploads\/2025\/06\/EU-Urla-Denizcilik-Meslek-Yuksekokulu-2024-2025-Mezunlarini-Torenle-Ugurladi-2-768x512.jpg 768w, https:\/\/www.euegeajans.com\/wp-content\/uploads\/2025\/06\/EU-Urla-Denizcilik-Meslek-Yuksekokulu-2024-2025-Mezunlarini-Torenle-Ugurladi-2.jpg 1296w\" sizes=\"auto, (max-width: 300px) 100vw, 300px\" \/><\/a>\n\t\t\t<\/div><\/figure><figure class='gallery-item'>\n\t\t\t<div class='gallery-icon landscape'>\n\t\t\t\t<a href='https:\/\/www.euegeajans.com\/wp-content\/uploads\/2025\/06\/EU-Urla-Denizcilik-Meslek-Yuksekokulu-2024-2025-Mezunlarini-Torenle-Ugurladi-3.jpg'><img loading=\"lazy\" decoding=\"async\" width=\"300\" height=\"200\" src=\"https:\/\/www.euegeajans.com\/wp-content\/uploads\/2025\/06\/EU-Urla-Denizcilik-Meslek-Yuksekokulu-2024-2025-Mezunlarini-Torenle-Ugurladi-3-300x200.jpg\" class=\"attachment-medium size-medium\" alt=\"\" srcset=\"https:\/\/www.euegeajans.com\/wp-content\/uploads\/2025\/06\/EU-Urla-Denizcilik-Meslek-Yuksekokulu-2024-2025-Mezunlarini-Torenle-Ugurladi-3-300x200.jpg 300w, https:\/\/www.euegeajans.com\/wp-content\/uploads\/2025\/06\/EU-Urla-Denizcilik-Meslek-Yuksekokulu-2024-2025-Mezunlarini-Torenle-Ugurladi-3-1024x683.jpg 1024w, https:\/\/www.euegeajans.com\/wp-content\/uploads\/2025\/06\/EU-Urla-Denizcilik-Meslek-Yuksekokulu-2024-2025-Mezunlarini-Torenle-Ugurladi-3-768x512.jpg 768w, https:\/\/www.euegeajans.com\/wp-content\/uploads\/2025\/06\/EU-Urla-Denizcilik-Meslek-Yuksekokulu-2024-2025-Mezunlarini-Torenle-Ugurladi-3.jpg 1296w\" sizes=\"auto, (max-width: 300px) 100vw, 300px\" \/><\/a>\n\t\t\t<\/div><\/figure><figure class='gallery-item'>\n\t\t\t<div class='gallery-icon landscape'>\n\t\t\t\t<a href='https:\/\/www.euegeajans.com\/wp-content\/uploads\/2025\/06\/EU-Urla-Denizcilik-Meslek-Yuksekokulu-2024-2025-Mezunlarini-Torenle-Ugurladi-4.jpg'><img loading=\"lazy\" decoding=\"async\" width=\"300\" height=\"200\" src=\"https:\/\/www.euegeajans.com\/wp-content\/uploads\/2025\/06\/EU-Urla-Denizcilik-Meslek-Yuksekokulu-2024-2025-Mezunlarini-Torenle-Ugurladi-4-300x200.jpg\" class=\"attachment-medium size-medium\" alt=\"\" srcset=\"https:\/\/www.euegeajans.com\/wp-content\/uploads\/2025\/06\/EU-Urla-Denizcilik-Meslek-Yuksekokulu-2024-2025-Mezunlarini-Torenle-Ugurladi-4-300x200.jpg 300w, https:\/\/www.euegeajans.com\/wp-content\/uploads\/2025\/06\/EU-Urla-Denizcilik-Meslek-Yuksekokulu-2024-2025-Mezunlarini-Torenle-Ugurladi-4-1024x683.jpg 1024w, https:\/\/www.euegeajans.com\/wp-content\/uploads\/2025\/06\/EU-Urla-Denizcilik-Meslek-Yuksekokulu-2024-2025-Mezunlarini-Torenle-Ugurladi-4-768x512.jpg 768w, https:\/\/www.euegeajans.com\/wp-content\/uploads\/2025\/06\/EU-Urla-Denizcilik-Meslek-Yuksekokulu-2024-2025-Mezunlarini-Torenle-Ugurladi-4.jpg 1296w\" sizes=\"auto, (max-width: 300px) 100vw, 300px\" \/><\/a>\n\t\t\t<\/div><\/figure><figure class='gallery-item'>\n\t\t\t<div class='gallery-icon landscape'>\n\t\t\t\t<a href='https:\/\/www.euegeajans.com\/wp-content\/uploads\/2025\/06\/EU-Urla-Denizcilik-Meslek-Yuksekokulu-2024-2025-Mezunlarini-Torenle-Ugurladi-5.jpg'><img loading=\"lazy\" decoding=\"async\" width=\"300\" height=\"200\" src=\"https:\/\/www.euegeajans.com\/wp-content\/uploads\/2025\/06\/EU-Urla-Denizcilik-Meslek-Yuksekokulu-2024-2025-Mezunlarini-Torenle-Ugurladi-5-300x200.jpg\" class=\"attachment-medium size-medium\" alt=\"\" srcset=\"https:\/\/www.euegeajans.com\/wp-content\/uploads\/2025\/06\/EU-Urla-Denizcilik-Meslek-Yuksekokulu-2024-2025-Mezunlarini-Torenle-Ugurladi-5-300x200.jpg 300w, https:\/\/www.euegeajans.com\/wp-content\/uploads\/2025\/06\/EU-Urla-Denizcilik-Meslek-Yuksekokulu-2024-2025-Mezunlarini-Torenle-Ugurladi-5-1024x683.jpg 1024w, https:\/\/www.euegeajans.com\/wp-content\/uploads\/2025\/06\/EU-Urla-Denizcilik-Meslek-Yuksekokulu-2024-2025-Mezunlarini-Torenle-Ugurladi-5-768x512.jpg 768w, https:\/\/www.euegeajans.com\/wp-content\/uploads\/2025\/06\/EU-Urla-Denizcilik-Meslek-Yuksekokulu-2024-2025-Mezunlarini-Torenle-Ugurladi-5.jpg 1296w\" sizes=\"auto, (max-width: 300px) 100vw, 300px\" \/><\/a>\n\t\t\t<\/div><\/figure><figure class='gallery-item'>\n\t\t\t<div class='gallery-icon landscape'>\n\t\t\t\t<a href='https:\/\/www.euegeajans.com\/wp-content\/uploads\/2025\/06\/EU-Urla-Denizcilik-Meslek-Yuksekokulu-2024-2025-Mezunlarini-Torenle-Ugurladi-6.jpg'><img loading=\"lazy\" decoding=\"async\" width=\"300\" height=\"200\" src=\"https:\/\/www.euegeajans.com\/wp-content\/uploads\/2025\/06\/EU-Urla-Denizcilik-Meslek-Yuksekokulu-2024-2025-Mezunlarini-Torenle-Ugurladi-6-300x200.jpg\" class=\"attachment-medium size-medium\" alt=\"\" srcset=\"https:\/\/www.euegeajans.com\/wp-content\/uploads\/2025\/06\/EU-Urla-Denizcilik-Meslek-Yuksekokulu-2024-2025-Mezunlarini-Torenle-Ugurladi-6-300x200.jpg 300w, https:\/\/www.euegeajans.com\/wp-content\/uploads\/2025\/06\/EU-Urla-Denizcilik-Meslek-Yuksekokulu-2024-2025-Mezunlarini-Torenle-Ugurladi-6-1024x683.jpg 1024w, https:\/\/www.euegeajans.com\/wp-content\/uploads\/2025\/06\/EU-Urla-Denizcilik-Meslek-Yuksekokulu-2024-2025-Mezunlarini-Torenle-Ugurladi-6-768x512.jpg 768w, https:\/\/www.euegeajans.com\/wp-content\/uploads\/2025\/06\/EU-Urla-Denizcilik-Meslek-Yuksekokulu-2024-2025-Mezunlarini-Torenle-Ugurladi-6.jpg 1296w\" sizes=\"auto, (max-width: 300px) 100vw, 300px\" \/><\/a>\n\t\t\t<\/div><\/figure><figure class='gallery-item'>\n\t\t\t<div class='gallery-icon landscape'>\n\t\t\t\t<a href='https:\/\/www.euegeajans.com\/wp-content\/uploads\/2025\/06\/EU-Urla-Denizcilik-Meslek-Yuksekokulu-2024-2025-Mezunlarini-Torenle-Ugurladi-7.jpg'><img loading=\"lazy\" decoding=\"async\" width=\"300\" height=\"200\" src=\"https:\/\/www.euegeajans.com\/wp-content\/uploads\/2025\/06\/EU-Urla-Denizcilik-Meslek-Yuksekokulu-2024-2025-Mezunlarini-Torenle-Ugurladi-7-300x200.jpg\" class=\"attachment-medium size-medium\" alt=\"\" srcset=\"https:\/\/www.euegeajans.com\/wp-content\/uploads\/2025\/06\/EU-Urla-Denizcilik-Meslek-Yuksekokulu-2024-2025-Mezunlarini-Torenle-Ugurladi-7-300x200.jpg 300w, https:\/\/www.euegeajans.com\/wp-content\/uploads\/2025\/06\/EU-Urla-Denizcilik-Meslek-Yuksekokulu-2024-2025-Mezunlarini-Torenle-Ugurladi-7-1024x683.jpg 1024w, https:\/\/www.euegeajans.com\/wp-content\/uploads\/2025\/06\/EU-Urla-Denizcilik-Meslek-Yuksekokulu-2024-2025-Mezunlarini-Torenle-Ugurladi-7-768x512.jpg 768w, https:\/\/www.euegeajans.com\/wp-content\/uploads\/2025\/06\/EU-Urla-Denizcilik-Meslek-Yuksekokulu-2024-2025-Mezunlarini-Torenle-Ugurladi-7.jpg 1296w\" sizes=\"auto, (max-width: 300px) 100vw, 300px\" \/><\/a>\n\t\t\t<\/div><\/figure><figure class='gallery-item'>\n\t\t\t<div class='gallery-icon landscape'>\n\t\t\t\t<a href='https:\/\/www.euegeajans.com\/wp-content\/uploads\/2025\/06\/EU-Urla-Denizcilik-Meslek-Yuksekokulu-2024-2025-Mezunlarini-Torenle-Ugurladi-9.jpg'><img loading=\"lazy\" decoding=\"async\" width=\"300\" height=\"200\" src=\"https:\/\/www.euegeajans.com\/wp-content\/uploads\/2025\/06\/EU-Urla-Denizcilik-Meslek-Yuksekokulu-2024-2025-Mezunlarini-Torenle-Ugurladi-9-300x200.jpg\" class=\"attachment-medium size-medium\" alt=\"\" srcset=\"https:\/\/www.euegeajans.com\/wp-content\/uploads\/2025\/06\/EU-Urla-Denizcilik-Meslek-Yuksekokulu-2024-2025-Mezunlarini-Torenle-Ugurladi-9-300x200.jpg 300w, https:\/\/www.euegeajans.com\/wp-content\/uploads\/2025\/06\/EU-Urla-Denizcilik-Meslek-Yuksekokulu-2024-2025-Mezunlarini-Torenle-Ugurladi-9-1024x683.jpg 1024w, https:\/\/www.euegeajans.com\/wp-content\/uploads\/2025\/06\/EU-Urla-Denizcilik-Meslek-Yuksekokulu-2024-2025-Mezunlarini-Torenle-Ugurladi-9-768x512.jpg 768w, https:\/\/www.euegeajans.com\/wp-content\/uploads\/2025\/06\/EU-Urla-Denizcilik-Meslek-Yuksekokulu-2024-2025-Mezunlarini-Torenle-Ugurladi-9.jpg 1296w\" sizes=\"auto, (max-width: 300px) 100vw, 300px\" \/><\/a>\n\t\t\t<\/div><\/figure><figure class='gallery-item'>\n\t\t\t<div class='gallery-icon landscape'>\n\t\t\t\t<a href='https:\/\/www.euegeajans.com\/wp-content\/uploads\/2025\/06\/EU-Urla-Denizcilik-Meslek-Yuksekokulu-2024-2025-Mezunlarini-Torenle-Ugurladi-10.jpg'><img loading=\"lazy\" decoding=\"async\" width=\"300\" height=\"200\" src=\"https:\/\/www.euegeajans.com\/wp-content\/uploads\/2025\/06\/EU-Urla-Denizcilik-Meslek-Yuksekokulu-2024-2025-Mezunlarini-Torenle-Ugurladi-10-300x200.jpg\" class=\"attachment-medium size-medium\" alt=\"\" srcset=\"https:\/\/www.euegeajans.com\/wp-content\/uploads\/2025\/06\/EU-Urla-Denizcilik-Meslek-Yuksekokulu-2024-2025-Mezunlarini-Torenle-Ugurladi-10-300x200.jpg 300w, https:\/\/www.euegeajans.com\/wp-content\/uploads\/2025\/06\/EU-Urla-Denizcilik-Meslek-Yuksekokulu-2024-2025-Mezunlarini-Torenle-Ugurladi-10-1024x683.jpg 1024w, https:\/\/www.euegeajans.com\/wp-content\/uploads\/2025\/06\/EU-Urla-Denizcilik-Meslek-Yuksekokulu-2024-2025-Mezunlarini-Torenle-Ugurladi-10-768x512.jpg 768w, https:\/\/www.euegeajans.com\/wp-content\/uploads\/2025\/06\/EU-Urla-Denizcilik-Meslek-Yuksekokulu-2024-2025-Mezunlarini-Torenle-Ugurladi-10.jpg 1296w\" sizes=\"auto, (max-width: 300px) 100vw, 300px\" \/><\/a>\n\t\t\t<\/div><\/figure>\n\t\t<\/div>\n\n","protected":false},"excerpt":{"rendered":"<p>Bahar \u00c7etin\u00a0-Duygu \u00c7al\u0131k-\u00a0Emirhan Bol Ege \u00dcniversitesi (E\u00dc) Urla Denizcilik Meslek Y\u00fcksekokulu, 2024-2025 E\u011fitim \u00d6\u011fretim Y\u0131l\u0131&#8230;<\/p>\n","protected":false},"author":2,"featured_media":28875,"comment_status":"open","ping_status":"open","sticky":false,"template":"","format":"standard","meta":{"footnotes":""},"categories":[99,1,70],"tags":[],"class_list":["post-28874","post","type-post","status-publish","format-standard","has-post-thumbnail","hentry","category-egitim","category-gncl","category-kampus"],"featured_image_urls":{"full":["https:\/\/www.euegeajans.com\/wp-content\/uploads\/2025\/06\/EU-Urla-Denizcilik-Meslek-Yuksekokulu-2024-2025-Mezunlarini-Torenle-Ugurladi-1.jpg",1296,864,false],"thumbnail":["https:\/\/www.euegeajans.com\/wp-content\/uploads\/2025\/06\/EU-Urla-Denizcilik-Meslek-Yuksekokulu-2024-2025-Mezunlarini-Torenle-Ugurladi-1-150x150.jpg",150,150,true],"medium":["https:\/\/www.euegeajans.com\/wp-content\/uploads\/2025\/06\/EU-Urla-Denizcilik-Meslek-Yuksekokulu-2024-2025-Mezunlarini-Torenle-Ugurladi-1-300x200.jpg",300,200,true],"medium_large":["https:\/\/www.euegeajans.com\/wp-content\/uploads\/2025\/06\/EU-Urla-Denizcilik-Meslek-Yuksekokulu-2024-2025-Mezunlarini-Torenle-Ugurladi-1-768x512.jpg",640,427,true],"large":["https:\/\/www.euegeajans.com\/wp-content\/uploads\/2025\/06\/EU-Urla-Denizcilik-Meslek-Yuksekokulu-2024-2025-Mezunlarini-Torenle-Ugurladi-1-1024x683.jpg",640,427,true],"1536x1536":["https:\/\/www.euegeajans.com\/wp-content\/uploads\/2025\/06\/EU-Urla-Denizcilik-Meslek-Yuksekokulu-2024-2025-Mezunlarini-Torenle-Ugurladi-1.jpg",1296,864,false],"2048x2048":["https:\/\/www.euegeajans.com\/wp-content\/uploads\/2025\/06\/EU-Urla-Denizcilik-Meslek-Yuksekokulu-2024-2025-Mezunlarini-Torenle-Ugurladi-1.jpg",1296,864,false],"newsphere-slider-full":["https:\/\/www.euegeajans.com\/wp-content\/uploads\/2025\/06\/EU-Urla-Denizcilik-Meslek-Yuksekokulu-2024-2025-Mezunlarini-Torenle-Ugurladi-1-1280x720.jpg",1280,720,true],"newsphere-featured":["https:\/\/www.euegeajans.com\/wp-content\/uploads\/2025\/06\/EU-Urla-Denizcilik-Meslek-Yuksekokulu-2024-2025-Mezunlarini-Torenle-Ugurladi-1-1024x683.jpg",1024,683,true],"newsphere-medium":["https:\/\/www.euegeajans.com\/wp-content\/uploads\/2025\/06\/EU-Urla-Denizcilik-Meslek-Yuksekokulu-2024-2025-Mezunlarini-Torenle-Ugurladi-1-720x380.jpg",720,380,true]},"author_info":{"display_name":"Editor","author_link":"https:\/\/www.euegeajans.com\/index.php\/author\/editor\/"},"category_info":"<a href=\"https:\/\/www.euegeajans.com\/index.php\/category\/egitim\/\" rel=\"category tag\">E\u011fitim<\/a> <a href=\"https:\/\/www.euegeajans.com\/index.php\/category\/gncl\/\" rel=\"category tag\">G\u00fcncel<\/a> <a href=\"https:\/\/www.euegeajans.com\/index.php\/category\/kampus\/\" rel=\"category tag\">Kamp\u00fcs<\/a>","tag_info":"Kamp\u00fcs","comment_count":"0","_links":{"self":[{"href":"https:\/\/www.euegeajans.com\/index.php\/wp-json\/wp\/v2\/posts\/28874","targetHints":{"allow":["GET"]}}],"collection":[{"href":"https:\/\/www.euegeajans.com\/index.php\/wp-json\/wp\/v2\/posts"}],"about":[{"href":"https:\/\/www.euegeajans.com\/index.php\/wp-json\/wp\/v2\/types\/post"}],"author":[{"embeddable":true,"href":"https:\/\/www.euegeajans.com\/index.php\/wp-json\/wp\/v2\/users\/2"}],"replies":[{"embeddable":true,"href":"https:\/\/www.euegeajans.com\/index.php\/wp-json\/wp\/v2\/comments?post=28874"}],"version-history":[{"count":1,"href":"https:\/\/www.euegeajans.com\/index.php\/wp-json\/wp\/v2\/posts\/28874\/revisions"}],"predecessor-version":[{"id":28888,"href":"https:\/\/www.euegeajans.com\/index.php\/wp-json\/wp\/v2\/posts\/28874\/revisions\/28888"}],"wp:featuredmedia":[{"embeddable":true,"href":"https:\/\/www.euegeajans.com\/index.php\/wp-json\/wp\/v2\/media\/28875"}],"wp:attachment":[{"href":"https:\/\/www.euegeajans.com\/index.php\/wp-json\/wp\/v2\/media?parent=28874"}],"wp:term":[{"taxonomy":"category","embeddable":true,"href":"https:\/\/www.euegeajans.com\/index.php\/wp-json\/wp\/v2\/categories?post=28874"},{"taxonomy":"post_tag","embeddable":true,"href":"https:\/\/www.euegeajans.com\/index.php\/wp-json\/wp\/v2\/tags?post=28874"}],"curies":[{"name":"wp","href":"https:\/\/api.w.org\/{rel}","templated":true}]}}