{"id":28837,"date":"2025-06-23T02:09:00","date_gmt":"2025-06-23T02:09:00","guid":{"rendered":"https:\/\/www.euegeajans.com\/?p=28837"},"modified":"2025-06-26T05:56:33","modified_gmt":"2025-06-26T05:56:33","slug":"ege-universitesinde-kan-bagisi-projesi-egeye-kan-topluma-can","status":"publish","type":"post","link":"https:\/\/www.euegeajans.com\/index.php\/2025\/06\/23\/ege-universitesinde-kan-bagisi-projesi-egeye-kan-topluma-can\/","title":{"rendered":"Ege \u00dcniversitesinde Kan Ba\u011f\u0131\u015f\u0131 Projesi: &#8220;Ege&#8217;ye Kan, Topluma Can&#8221;"},"content":{"rendered":"<p style=\"text-align: justify;\">Ege \u00dcniversitesi \u0130leti\u015fim Fak\u00fcltesi Halkla \u0130li\u015fkiler ve Tan\u0131t\u0131m B\u00f6l\u00fcm\u00fc \u00a02. s\u0131n\u0131f \u00f6\u011frencisi Enes Ta\u015fk\u0131n&#8217;\u0131n proje y\u00fcr\u00fct\u00fcc\u00fcl\u00fc\u011f\u00fcn\u00fc \u00fcstlendi\u011fi &#8220;Ege&#8217;ye Kan, Topluma Can&#8221; adl\u0131 kan ba\u011f\u0131\u015f\u0131 kampanyas\u0131, Ege \u00dcniversitesi \u0130leti\u015fim Fak\u00fcltesi derslik binas\u0131nda ba\u015flad\u0131. K\u0131z\u0131lay i\u015fbirli\u011fiyle d\u00fczenlenen etkinlikte \u00f6\u011frenciler, K\u0131z\u0131lay Kan Arac\u0131&#8217;nda kan ba\u011f\u0131\u015f\u0131nda bulundu. Ba\u011f\u0131\u015f, Halkla \u0130li\u015fkiler ve Tan\u0131t\u0131m B\u00f6l\u00fcm\u00fc \u00f6\u011fretim \u00fcyesi Do\u00e7. Dr. Selin Bitirim Okmeydan\u2019\u0131n verdi\u011fi \u201cTopluma Hizmet Uygulamalar\u0131\u201d dersi kapsam\u0131nda ger\u00e7ekle\u015fti.<\/p>\n<p style=\"text-align: justify;\"><img loading=\"lazy\" decoding=\"async\" class=\"size-medium wp-image-28839 alignright\" src=\"http:\/\/www.euegeajans.com\/wp-content\/uploads\/2025\/06\/Ege-Universitesinde-Kan-Bagisi-Projesi-Egeye-Kan-Topluma-Can-3-300x200.jpg\" alt=\"\" width=\"300\" height=\"200\" srcset=\"https:\/\/www.euegeajans.com\/wp-content\/uploads\/2025\/06\/Ege-Universitesinde-Kan-Bagisi-Projesi-Egeye-Kan-Topluma-Can-3-300x200.jpg 300w, https:\/\/www.euegeajans.com\/wp-content\/uploads\/2025\/06\/Ege-Universitesinde-Kan-Bagisi-Projesi-Egeye-Kan-Topluma-Can-3-1024x683.jpg 1024w, https:\/\/www.euegeajans.com\/wp-content\/uploads\/2025\/06\/Ege-Universitesinde-Kan-Bagisi-Projesi-Egeye-Kan-Topluma-Can-3-768x512.jpg 768w, https:\/\/www.euegeajans.com\/wp-content\/uploads\/2025\/06\/Ege-Universitesinde-Kan-Bagisi-Projesi-Egeye-Kan-Topluma-Can-3.jpg 1500w\" sizes=\"auto, (max-width: 300px) 100vw, 300px\" \/>Bu t\u00fcr sosyal sorumluluk projelerinin \u00f6nemine dikkat \u00e7eken proje y\u00fcr\u00fct\u00fcc\u00fcs\u00fc Ege \u00dcniversitesi \u0130leti\u015fim Fak\u00fcltesi Halkla \u0130li\u015fkiler ve Tan\u0131t\u0131m B\u00f6l\u00fcm\u00fc 2. S\u0131n\u0131f \u00f6\u011frencisi Enes Ta\u015fk\u0131n, \u201cToplumda kan ba\u011f\u0131\u015f\u0131n\u0131n \u00f6nemi b\u00fcy\u00fck. Ben de bu projeyle, hem fark\u0131ndal\u0131k olu\u015fturmay\u0131 hem de ihtiya\u00e7 sahibi bireylere yard\u0131mc\u0131 olmay\u0131 hedefledim. B\u00f6ylesine \u00f6nemli bir projeye katk\u0131 sa\u011flamak benim i\u00e7in b\u00fcy\u00fck bir gurur. Projenin ba\u015flad\u0131\u011f\u0131 g\u00fcnden itibaren \u00f6\u011frencilerin ilgisi ve kat\u0131l\u0131m\u0131 beni ger\u00e7ekten mutlu etti. Bu projeyle sadece kan ba\u011f\u0131\u015f\u0131n\u0131 te\u015fvik etmek de\u011fil, ayn\u0131 zamanda toplumsal duyarl\u0131l\u0131\u011f\u0131 art\u0131rmay\u0131 da ama\u00e7lanacak. Her bir ba\u011f\u0131\u015f, hayat kurtarmak demek ve ben bu fark\u0131ndal\u0131\u011f\u0131 yaymaya devam etmek istiyorum. Hedefim, gelecekte bu projeyi daha geni\u015f kitlelere ula\u015ft\u0131rmak ve Ege \u00dcniversitesi \u0130leti\u015fim Fak\u00fcltesi \u00f6\u011frencisi olarak toplumumuza daha fazla katk\u0131 sa\u011flamak\u201d diye konu\u015ftu.<\/p>\n<p style=\"text-align: justify;\"><b>K\u0131z\u0131lay kan ba\u011f\u0131\u015f\u0131n\u0131n \u00f6nemi vurguland\u0131<\/b><\/p>\n<p style=\"text-align: justify;\">Kan ba\u011f\u0131\u015f\u0131n\u0131n hayati \u00f6nemine de de\u011finilen etkinlikte, K\u0131z\u0131lay yetkilileri, kan ba\u011f\u0131\u015f\u0131n\u0131n her birey i\u00e7in ne kadar \u00f6nemli bir ya\u015fam deste\u011fi oldu\u011funu ve d\u00fczenli ba\u011f\u0131\u015flarla kan ihtiyac\u0131n\u0131n nas\u0131l kar\u015f\u0131lanabilece\u011fini a\u00e7\u0131klad\u0131lar. Kan ba\u011f\u0131\u015f\u0131n\u0131n sadece bir bireyin hayat\u0131n\u0131 kurtarmakla kalmay\u0131p, toplumsal bir sorumluluk oldu\u011funu vurgulayan K\u0131z\u0131lay yetkilileri, her y\u0131l binlerce insan\u0131n kan ba\u011f\u0131\u015f\u0131 sayesinde hayatta kald\u0131\u011f\u0131n\u0131 ve ba\u011f\u0131\u015f\u00e7\u0131lar\u0131n bu s\u00fcre\u00e7te ne kadar de\u011ferli bir rol oynad\u0131\u011f\u0131n\u0131 ifade etti.<\/p>\n<p style=\"text-align: justify;\">Etkinli\u011fe, Ege \u00dcniversitesi \u0130leti\u015fim Fak\u00fcltesi Dekan\u0131 Prof. Dr. Bilgehan G\u00fcltekin de kat\u0131ld\u0131 ve projeye g\u00f6sterdi\u011fi destek i\u00e7in \u00f6\u011frencisi Enes Ta\u015fk\u0131n\u2019a ve K\u0131z\u0131lay personellerine te\u015fekk\u00fcr etti. Prof. Dr. G\u00fcltekin, projeyi tebrik ederek, bu t\u00fcr organizasyonlar\u0131n \u00fcniversite \u00f6\u011frencilerinde toplumsal duyarl\u0131l\u0131\u011f\u0131n artmas\u0131na b\u00fcy\u00fck katk\u0131 sa\u011flayaca\u011f\u0131n\u0131 belirtti.<\/p>\n<div id='gallery-1' class='gallery galleryid-28837 gallery-columns-4 gallery-size-medium'><figure class='gallery-item'>\n\t\t\t<div class='gallery-icon landscape'>\n\t\t\t\t<a href='https:\/\/www.euegeajans.com\/wp-content\/uploads\/2025\/06\/Ege-Universitesinde-Kan-Bagisi-Projesi-Egeye-Kan-Topluma-Can-1.jpg'><img loading=\"lazy\" decoding=\"async\" width=\"300\" height=\"200\" src=\"https:\/\/www.euegeajans.com\/wp-content\/uploads\/2025\/06\/Ege-Universitesinde-Kan-Bagisi-Projesi-Egeye-Kan-Topluma-Can-1-300x200.jpg\" class=\"attachment-medium size-medium\" alt=\"\" srcset=\"https:\/\/www.euegeajans.com\/wp-content\/uploads\/2025\/06\/Ege-Universitesinde-Kan-Bagisi-Projesi-Egeye-Kan-Topluma-Can-1-300x200.jpg 300w, https:\/\/www.euegeajans.com\/wp-content\/uploads\/2025\/06\/Ege-Universitesinde-Kan-Bagisi-Projesi-Egeye-Kan-Topluma-Can-1-1024x683.jpg 1024w, https:\/\/www.euegeajans.com\/wp-content\/uploads\/2025\/06\/Ege-Universitesinde-Kan-Bagisi-Projesi-Egeye-Kan-Topluma-Can-1-768x512.jpg 768w, https:\/\/www.euegeajans.com\/wp-content\/uploads\/2025\/06\/Ege-Universitesinde-Kan-Bagisi-Projesi-Egeye-Kan-Topluma-Can-1.jpg 1500w\" sizes=\"auto, (max-width: 300px) 100vw, 300px\" \/><\/a>\n\t\t\t<\/div><\/figure><figure class='gallery-item'>\n\t\t\t<div class='gallery-icon landscape'>\n\t\t\t\t<a href='https:\/\/www.euegeajans.com\/wp-content\/uploads\/2025\/06\/Ege-Universitesinde-Kan-Bagisi-Projesi-Egeye-Kan-Topluma-Can-2.jpg'><img loading=\"lazy\" decoding=\"async\" width=\"300\" height=\"200\" src=\"https:\/\/www.euegeajans.com\/wp-content\/uploads\/2025\/06\/Ege-Universitesinde-Kan-Bagisi-Projesi-Egeye-Kan-Topluma-Can-2-300x200.jpg\" class=\"attachment-medium size-medium\" alt=\"\" srcset=\"https:\/\/www.euegeajans.com\/wp-content\/uploads\/2025\/06\/Ege-Universitesinde-Kan-Bagisi-Projesi-Egeye-Kan-Topluma-Can-2-300x200.jpg 300w, https:\/\/www.euegeajans.com\/wp-content\/uploads\/2025\/06\/Ege-Universitesinde-Kan-Bagisi-Projesi-Egeye-Kan-Topluma-Can-2-1024x683.jpg 1024w, https:\/\/www.euegeajans.com\/wp-content\/uploads\/2025\/06\/Ege-Universitesinde-Kan-Bagisi-Projesi-Egeye-Kan-Topluma-Can-2-768x512.jpg 768w, https:\/\/www.euegeajans.com\/wp-content\/uploads\/2025\/06\/Ege-Universitesinde-Kan-Bagisi-Projesi-Egeye-Kan-Topluma-Can-2.jpg 1500w\" sizes=\"auto, (max-width: 300px) 100vw, 300px\" \/><\/a>\n\t\t\t<\/div><\/figure><figure class='gallery-item'>\n\t\t\t<div class='gallery-icon landscape'>\n\t\t\t\t<a href='https:\/\/www.euegeajans.com\/wp-content\/uploads\/2025\/06\/Ege-Universitesinde-Kan-Bagisi-Projesi-Egeye-Kan-Topluma-Can-4.jpg'><img loading=\"lazy\" decoding=\"async\" width=\"300\" height=\"200\" src=\"https:\/\/www.euegeajans.com\/wp-content\/uploads\/2025\/06\/Ege-Universitesinde-Kan-Bagisi-Projesi-Egeye-Kan-Topluma-Can-4-300x200.jpg\" class=\"attachment-medium size-medium\" alt=\"\" srcset=\"https:\/\/www.euegeajans.com\/wp-content\/uploads\/2025\/06\/Ege-Universitesinde-Kan-Bagisi-Projesi-Egeye-Kan-Topluma-Can-4-300x200.jpg 300w, https:\/\/www.euegeajans.com\/wp-content\/uploads\/2025\/06\/Ege-Universitesinde-Kan-Bagisi-Projesi-Egeye-Kan-Topluma-Can-4-1024x683.jpg 1024w, https:\/\/www.euegeajans.com\/wp-content\/uploads\/2025\/06\/Ege-Universitesinde-Kan-Bagisi-Projesi-Egeye-Kan-Topluma-Can-4-768x512.jpg 768w, https:\/\/www.euegeajans.com\/wp-content\/uploads\/2025\/06\/Ege-Universitesinde-Kan-Bagisi-Projesi-Egeye-Kan-Topluma-Can-4.jpg 1500w\" sizes=\"auto, (max-width: 300px) 100vw, 300px\" \/><\/a>\n\t\t\t<\/div><\/figure><figure class='gallery-item'>\n\t\t\t<div class='gallery-icon landscape'>\n\t\t\t\t<a href='https:\/\/www.euegeajans.com\/wp-content\/uploads\/2025\/06\/Ege-Universitesinde-Kan-Bagisi-Projesi-Egeye-Kan-Topluma-Can-5.jpg'><img loading=\"lazy\" decoding=\"async\" width=\"300\" height=\"200\" src=\"https:\/\/www.euegeajans.com\/wp-content\/uploads\/2025\/06\/Ege-Universitesinde-Kan-Bagisi-Projesi-Egeye-Kan-Topluma-Can-5-300x200.jpg\" class=\"attachment-medium size-medium\" alt=\"\" srcset=\"https:\/\/www.euegeajans.com\/wp-content\/uploads\/2025\/06\/Ege-Universitesinde-Kan-Bagisi-Projesi-Egeye-Kan-Topluma-Can-5-300x200.jpg 300w, https:\/\/www.euegeajans.com\/wp-content\/uploads\/2025\/06\/Ege-Universitesinde-Kan-Bagisi-Projesi-Egeye-Kan-Topluma-Can-5-1024x683.jpg 1024w, https:\/\/www.euegeajans.com\/wp-content\/uploads\/2025\/06\/Ege-Universitesinde-Kan-Bagisi-Projesi-Egeye-Kan-Topluma-Can-5-768x512.jpg 768w, https:\/\/www.euegeajans.com\/wp-content\/uploads\/2025\/06\/Ege-Universitesinde-Kan-Bagisi-Projesi-Egeye-Kan-Topluma-Can-5.jpg 1500w\" sizes=\"auto, (max-width: 300px) 100vw, 300px\" \/><\/a>\n\t\t\t<\/div><\/figure>\n\t\t<\/div>\n\n","protected":false},"excerpt":{"rendered":"<p>Ege \u00dcniversitesi \u0130leti\u015fim Fak\u00fcltesi Halkla \u0130li\u015fkiler ve Tan\u0131t\u0131m B\u00f6l\u00fcm\u00fc \u00a02. s\u0131n\u0131f \u00f6\u011frencisi Enes Ta\u015fk\u0131n&#8217;\u0131n proje&#8230;<\/p>\n","protected":false},"author":2,"featured_media":28838,"comment_status":"open","ping_status":"open","sticky":false,"template":"","format":"standard","meta":{"footnotes":""},"categories":[99,1,304,70,68],"tags":[],"class_list":["post-28837","post","type-post","status-publish","format-standard","has-post-thumbnail","hentry","category-egitim","category-gncl","category-iletisim","category-kampus","category-saglik"],"featured_image_urls":{"full":["https:\/\/www.euegeajans.com\/wp-content\/uploads\/2025\/06\/Ege-Universitesinde-Kan-Bagisi-Projesi-Egeye-Kan-Topluma-Can-6.jpg",1500,1000,false],"thumbnail":["https:\/\/www.euegeajans.com\/wp-content\/uploads\/2025\/06\/Ege-Universitesinde-Kan-Bagisi-Projesi-Egeye-Kan-Topluma-Can-6-150x150.jpg",150,150,true],"medium":["https:\/\/www.euegeajans.com\/wp-content\/uploads\/2025\/06\/Ege-Universitesinde-Kan-Bagisi-Projesi-Egeye-Kan-Topluma-Can-6-300x200.jpg",300,200,true],"medium_large":["https:\/\/www.euegeajans.com\/wp-content\/uploads\/2025\/06\/Ege-Universitesinde-Kan-Bagisi-Projesi-Egeye-Kan-Topluma-Can-6-768x512.jpg",640,427,true],"large":["https:\/\/www.euegeajans.com\/wp-content\/uploads\/2025\/06\/Ege-Universitesinde-Kan-Bagisi-Projesi-Egeye-Kan-Topluma-Can-6-1024x683.jpg",640,427,true],"1536x1536":["https:\/\/www.euegeajans.com\/wp-content\/uploads\/2025\/06\/Ege-Universitesinde-Kan-Bagisi-Projesi-Egeye-Kan-Topluma-Can-6.jpg",1500,1000,false],"2048x2048":["https:\/\/www.euegeajans.com\/wp-content\/uploads\/2025\/06\/Ege-Universitesinde-Kan-Bagisi-Projesi-Egeye-Kan-Topluma-Can-6.jpg",1500,1000,false],"newsphere-slider-full":["https:\/\/www.euegeajans.com\/wp-content\/uploads\/2025\/06\/Ege-Universitesinde-Kan-Bagisi-Projesi-Egeye-Kan-Topluma-Can-6-1280x720.jpg",1280,720,true],"newsphere-featured":["https:\/\/www.euegeajans.com\/wp-content\/uploads\/2025\/06\/Ege-Universitesinde-Kan-Bagisi-Projesi-Egeye-Kan-Topluma-Can-6-1024x683.jpg",1024,683,true],"newsphere-medium":["https:\/\/www.euegeajans.com\/wp-content\/uploads\/2025\/06\/Ege-Universitesinde-Kan-Bagisi-Projesi-Egeye-Kan-Topluma-Can-6-720x380.jpg",720,380,true]},"author_info":{"display_name":"Editor","author_link":"https:\/\/www.euegeajans.com\/index.php\/author\/editor\/"},"category_info":"<a href=\"https:\/\/www.euegeajans.com\/index.php\/category\/egitim\/\" rel=\"category tag\">E\u011fitim<\/a> <a href=\"https:\/\/www.euegeajans.com\/index.php\/category\/gncl\/\" rel=\"category tag\">G\u00fcncel<\/a> <a href=\"https:\/\/www.euegeajans.com\/index.php\/category\/iletisim\/\" rel=\"category tag\">\u0130leti\u015fim<\/a> <a href=\"https:\/\/www.euegeajans.com\/index.php\/category\/kampus\/\" rel=\"category tag\">Kamp\u00fcs<\/a> <a href=\"https:\/\/www.euegeajans.com\/index.php\/category\/saglik\/\" rel=\"category tag\">Sa\u011fl\u0131k<\/a>","tag_info":"Sa\u011fl\u0131k","comment_count":"0","_links":{"self":[{"href":"https:\/\/www.euegeajans.com\/index.php\/wp-json\/wp\/v2\/posts\/28837","targetHints":{"allow":["GET"]}}],"collection":[{"href":"https:\/\/www.euegeajans.com\/index.php\/wp-json\/wp\/v2\/posts"}],"about":[{"href":"https:\/\/www.euegeajans.com\/index.php\/wp-json\/wp\/v2\/types\/post"}],"author":[{"embeddable":true,"href":"https:\/\/www.euegeajans.com\/index.php\/wp-json\/wp\/v2\/users\/2"}],"replies":[{"embeddable":true,"href":"https:\/\/www.euegeajans.com\/index.php\/wp-json\/wp\/v2\/comments?post=28837"}],"version-history":[{"count":2,"href":"https:\/\/www.euegeajans.com\/index.php\/wp-json\/wp\/v2\/posts\/28837\/revisions"}],"predecessor-version":[{"id":28919,"href":"https:\/\/www.euegeajans.com\/index.php\/wp-json\/wp\/v2\/posts\/28837\/revisions\/28919"}],"wp:featuredmedia":[{"embeddable":true,"href":"https:\/\/www.euegeajans.com\/index.php\/wp-json\/wp\/v2\/media\/28838"}],"wp:attachment":[{"href":"https:\/\/www.euegeajans.com\/index.php\/wp-json\/wp\/v2\/media?parent=28837"}],"wp:term":[{"taxonomy":"category","embeddable":true,"href":"https:\/\/www.euegeajans.com\/index.php\/wp-json\/wp\/v2\/categories?post=28837"},{"taxonomy":"post_tag","embeddable":true,"href":"https:\/\/www.euegeajans.com\/index.php\/wp-json\/wp\/v2\/tags?post=28837"}],"curies":[{"name":"wp","href":"https:\/\/api.w.org\/{rel}","templated":true}]}}