{"id":28736,"date":"2025-06-19T06:48:21","date_gmt":"2025-06-19T06:48:21","guid":{"rendered":"https:\/\/www.euegeajans.com\/?p=28736"},"modified":"2025-06-19T06:48:23","modified_gmt":"2025-06-19T06:48:23","slug":"kalca-kiriklarinin-onlenmesine-yonelik-sandvic-kumaslardan-kalca-koruyucular-gelistirildi","status":"publish","type":"post","link":"https:\/\/www.euegeajans.com\/index.php\/2025\/06\/19\/kalca-kiriklarinin-onlenmesine-yonelik-sandvic-kumaslardan-kalca-koruyucular-gelistirildi\/","title":{"rendered":"Kal\u00e7a k\u0131r\u0131klar\u0131n\u0131n \u00f6nlenmesine y\u00f6nelik sandvi\u00e7 kuma\u015flardan kal\u00e7a koruyucular geli\u015ftirildi"},"content":{"rendered":"<p style=\"text-align: justify;\">T\u00dcB\u0130TAK\u2019tan Do\u00e7. Dr. G\u00f6zde Ertekin\u2019in bir projesine daha destek\u2026<\/p>\n<p style=\"text-align: justify;\">*Do\u00e7. Dr. G\u00f6zde Ertekin\u2019in T\u00dcB\u0130TAK destekli projesinde kal\u00e7a k\u0131r\u0131klar\u0131n\u0131n \u00f6nlenmesine y\u00f6nelik sandvi\u00e7 kuma\u015flardan kal\u00e7a koruyucular geli\u015ftirildi<\/p>\n<p style=\"text-align: justify;\"><strong>\u00a0<\/strong>Ya\u015fl\u0131larda s\u0131k g\u00f6r\u00fclen ve ciddi sa\u011fl\u0131k sorunlar\u0131na yol a\u00e7an kal\u00e7a k\u0131r\u0131klar\u0131, uzun s\u00fcreli a\u011fr\u0131lar, hareket k\u0131s\u0131tl\u0131l\u0131\u011f\u0131, sakatl\u0131k ve hatta \u00f6l\u00fcmle sonu\u00e7lanabiliyor. Ege \u00dcniversitesi M\u00fchendislik Fak\u00fcltesi Tekstil M\u00fchendisli\u011fi B\u00f6l\u00fcm\u00fc \u00f6\u011fretim \u00fcyesi Do\u00e7. Dr. G\u00f6zde Ertekin\u2019in y\u00fcr\u00fct\u00fcc\u00fcs\u00fc oldu\u011fu ve Prof. Dr. Arzu Marmaral\u0131\u2019n\u0131n ara\u015ft\u0131rmac\u0131 olarak yer ald\u0131\u011f\u0131 \u201c\u00c7\u00f6zg\u00fcl\u00fc \u00d6rme Sandvi\u00e7 Kuma\u015flardan Mekanik Darbeye Dayan\u0131kl\u0131 Kal\u00e7a Koruyucular\u0131n Geli\u015ftirilmesi\u201d ba\u015fl\u0131kl\u0131 T\u00dcB\u0130TAK destekli proje kapsam\u0131nda, bu soruna \u00e7\u00f6z\u00fcm olacak sandvi\u00e7 kuma\u015flardan \u00fcretilen kal\u00e7a koruyucular geli\u015ftirildi.<\/p>\n<p style=\"text-align: justify;\">Proje y\u00fcr\u00fct\u00fcc\u00fcs\u00fc Do\u00e7. Dr. G\u00f6zde Ertekin\u2019i makam\u0131nda a\u011f\u0131rlayan Ege \u00dcniversitesi Rekt\u00f6r\u00fc Prof. Dr. Necdet Budak, \u201cTam kurumsal akreditasyona sahip, \u00f6\u011frenci odakl\u0131l\u0131kta \u00f6d\u00fcll\u00fc, sa\u011fl\u0131k temal\u0131 ara\u015ft\u0131rma \u00fcniversitemizde olu\u015fturdu\u011fumuz \u00f6rnek bilim \u00fcretme ekosistemimiz meyvelerini vermeye devam ediyor.\u00a0 \u00dcniversitemizde bir k\u00fclt\u00fcre d\u00f6n\u00fc\u015ft\u00fcrerek s\u00fcrd\u00fcr\u00fclebilir bir konuma kavu\u015fturdu\u011fumuz; ara\u015ft\u0131rma geli\u015ftirme, inovasyon, proje ve yay\u0131n say\u0131lar\u0131m\u0131z her ge\u00e7en g\u00fcn daha ileri seviyeye ula\u015f\u0131yor. Bilim insanlar\u0131m\u0131z, ara\u015ft\u0131rma \u00fcniversitesi etiketi ile daha nitelikli ara\u015ft\u0131rmalar\u0131 ve projeleri bilim d\u00fcnyas\u0131na ve literat\u00fcre kazand\u0131r\u0131yorlar. M\u00fchendislik Fak\u00fcltesi\u00a0\u00f6\u011fretim \u00fcyesi Do\u00e7. Dr. G\u00f6zde Ertekin\u2019in y\u00fcr\u00fctt\u00fc\u011f\u00fc bu proje de ya\u015fl\u0131lar\u0131n kar\u015f\u0131la\u015ft\u0131\u011f\u0131 \u00f6nemli bir soruna \u00e7\u00f6z\u00fcm getiriyor. Hocam\u0131z\u0131 tebrik ediyor, \u00e7al\u0131\u015fmalar\u0131nda ba\u015far\u0131lar diliyorum\u201d diye konu\u015ftu.<\/p>\n<p style=\"text-align: justify;\"><strong>\u201cKal\u00e7a k\u0131r\u0131\u011f\u0131 ki\u015filerin ya\u015fam kalitelerini olumsuz etkiliyor\u201d<\/strong><\/p>\n<p style=\"text-align: justify;\">Proje hakk\u0131nda bilgi veren Do\u00e7. Dr. G\u00f6zde Ertekin, kal\u00e7a k\u0131r\u0131klar\u0131n\u0131n ya\u015fl\u0131lar i\u00e7in ciddi fiziksel ve psikolojik sorunlara yol a\u00e7t\u0131\u011f\u0131n\u0131 belirtti. Ertekin, \u201cKal\u00e7a k\u0131r\u0131klar\u0131, ki\u015filerin hareket kabiliyetini k\u0131s\u0131tl\u0131yor, toplumsal ya\u015fant\u0131dan izole olmalar\u0131na neden oluyor ve ya\u015fam kalitelerini \u00f6nemli \u00f6l\u00e7\u00fcde d\u00fc\u015f\u00fcr\u00fcyor. Ayr\u0131ca tedavi ve rehabilitasyon s\u00fcre\u00e7leri de ciddi bir sosyoekonomik y\u00fck olu\u015fturuyor. Ara\u015ft\u0131rmalar, kal\u00e7a k\u0131r\u0131klar\u0131n\u0131n y\u00fczde 90\u2019\u0131ndan fazlas\u0131n\u0131n d\u00fc\u015fme sonucu kal\u00e7aya do\u011frudan darbe al\u0131nmas\u0131yla meydana geldi\u011fini g\u00f6steriyor\u201d dedi.<\/p>\n<p style=\"text-align: justify;\">Do\u00e7. Dr. Ertekin, geli\u015ftirdikleri kal\u00e7a koruyucular\u0131n y\u00fcksek d\u00fc\u015fme riski ta\u015f\u0131yan ya\u015fl\u0131lar i\u00e7in \u00f6nemli bir koruma sa\u011flad\u0131\u011f\u0131n\u0131 vurgulad\u0131. \u201cKal\u00e7a koruyucular, i\u00e7 \u00e7ama\u015f\u0131rlar\u0131na yerle\u015ftirilen pedler veya kemer \u015feklinde kullan\u0131lan modellerle sunuluyor. Sandvi\u00e7 kuma\u015flardan \u00fcretilen bu koruyucular hem y\u00fcksek \u0131s\u0131l konfor sa\u011fl\u0131yor hem de d\u00fc\u015fme s\u0131ras\u0131nda kal\u00e7ay\u0131 koruyarak k\u0131r\u0131k olu\u015fma riskini azalt\u0131yor\u201d diye konu\u015ftu.<\/p>\n<p style=\"text-align: justify;\">\n","protected":false},"excerpt":{"rendered":"<p>T\u00dcB\u0130TAK\u2019tan Do\u00e7. Dr. G\u00f6zde Ertekin\u2019in bir projesine daha destek\u2026 *Do\u00e7. Dr. G\u00f6zde Ertekin\u2019in T\u00dcB\u0130TAK destekli&#8230;<\/p>\n","protected":false},"author":2,"featured_media":28737,"comment_status":"open","ping_status":"open","sticky":false,"template":"","format":"standard","meta":{"footnotes":""},"categories":[538,69,99,11,70,68],"tags":[],"class_list":["post-28736","post","type-post","status-publish","format-standard","has-post-thumbnail","hentry","category-70-yil","category-bilim","category-egitim","category-haber","category-kampus","category-saglik"],"featured_image_urls":{"full":["https:\/\/www.euegeajans.com\/wp-content\/uploads\/2025\/06\/Doc.Dr_.Gozde-Ertekin-Prof.-Dr.-Necdet-Budak.jpg",1500,1000,false],"thumbnail":["https:\/\/www.euegeajans.com\/wp-content\/uploads\/2025\/06\/Doc.Dr_.Gozde-Ertekin-Prof.-Dr.-Necdet-Budak-150x150.jpg",150,150,true],"medium":["https:\/\/www.euegeajans.com\/wp-content\/uploads\/2025\/06\/Doc.Dr_.Gozde-Ertekin-Prof.-Dr.-Necdet-Budak-300x200.jpg",300,200,true],"medium_large":["https:\/\/www.euegeajans.com\/wp-content\/uploads\/2025\/06\/Doc.Dr_.Gozde-Ertekin-Prof.-Dr.-Necdet-Budak-768x512.jpg",640,427,true],"large":["https:\/\/www.euegeajans.com\/wp-content\/uploads\/2025\/06\/Doc.Dr_.Gozde-Ertekin-Prof.-Dr.-Necdet-Budak-1024x683.jpg",640,427,true],"1536x1536":["https:\/\/www.euegeajans.com\/wp-content\/uploads\/2025\/06\/Doc.Dr_.Gozde-Ertekin-Prof.-Dr.-Necdet-Budak.jpg",1500,1000,false],"2048x2048":["https:\/\/www.euegeajans.com\/wp-content\/uploads\/2025\/06\/Doc.Dr_.Gozde-Ertekin-Prof.-Dr.-Necdet-Budak.jpg",1500,1000,false],"newsphere-slider-full":["https:\/\/www.euegeajans.com\/wp-content\/uploads\/2025\/06\/Doc.Dr_.Gozde-Ertekin-Prof.-Dr.-Necdet-Budak-1280x720.jpg",1280,720,true],"newsphere-featured":["https:\/\/www.euegeajans.com\/wp-content\/uploads\/2025\/06\/Doc.Dr_.Gozde-Ertekin-Prof.-Dr.-Necdet-Budak-1024x683.jpg",1024,683,true],"newsphere-medium":["https:\/\/www.euegeajans.com\/wp-content\/uploads\/2025\/06\/Doc.Dr_.Gozde-Ertekin-Prof.-Dr.-Necdet-Budak-720x380.jpg",720,380,true]},"author_info":{"display_name":"Editor","author_link":"https:\/\/www.euegeajans.com\/index.php\/author\/editor\/"},"category_info":"<a href=\"https:\/\/www.euegeajans.com\/index.php\/category\/70-yil\/\" rel=\"category tag\">70. Y\u0131l<\/a> <a href=\"https:\/\/www.euegeajans.com\/index.php\/category\/bilim\/\" rel=\"category tag\">Bilim<\/a> <a href=\"https:\/\/www.euegeajans.com\/index.php\/category\/egitim\/\" rel=\"category tag\">E\u011fitim<\/a> <a href=\"https:\/\/www.euegeajans.com\/index.php\/category\/haber\/\" rel=\"category tag\">Haber<\/a> <a href=\"https:\/\/www.euegeajans.com\/index.php\/category\/kampus\/\" rel=\"category tag\">Kamp\u00fcs<\/a> <a href=\"https:\/\/www.euegeajans.com\/index.php\/category\/saglik\/\" rel=\"category tag\">Sa\u011fl\u0131k<\/a>","tag_info":"Sa\u011fl\u0131k","comment_count":"0","_links":{"self":[{"href":"https:\/\/www.euegeajans.com\/index.php\/wp-json\/wp\/v2\/posts\/28736","targetHints":{"allow":["GET"]}}],"collection":[{"href":"https:\/\/www.euegeajans.com\/index.php\/wp-json\/wp\/v2\/posts"}],"about":[{"href":"https:\/\/www.euegeajans.com\/index.php\/wp-json\/wp\/v2\/types\/post"}],"author":[{"embeddable":true,"href":"https:\/\/www.euegeajans.com\/index.php\/wp-json\/wp\/v2\/users\/2"}],"replies":[{"embeddable":true,"href":"https:\/\/www.euegeajans.com\/index.php\/wp-json\/wp\/v2\/comments?post=28736"}],"version-history":[{"count":1,"href":"https:\/\/www.euegeajans.com\/index.php\/wp-json\/wp\/v2\/posts\/28736\/revisions"}],"predecessor-version":[{"id":28738,"href":"https:\/\/www.euegeajans.com\/index.php\/wp-json\/wp\/v2\/posts\/28736\/revisions\/28738"}],"wp:featuredmedia":[{"embeddable":true,"href":"https:\/\/www.euegeajans.com\/index.php\/wp-json\/wp\/v2\/media\/28737"}],"wp:attachment":[{"href":"https:\/\/www.euegeajans.com\/index.php\/wp-json\/wp\/v2\/media?parent=28736"}],"wp:term":[{"taxonomy":"category","embeddable":true,"href":"https:\/\/www.euegeajans.com\/index.php\/wp-json\/wp\/v2\/categories?post=28736"},{"taxonomy":"post_tag","embeddable":true,"href":"https:\/\/www.euegeajans.com\/index.php\/wp-json\/wp\/v2\/tags?post=28736"}],"curies":[{"name":"wp","href":"https:\/\/api.w.org\/{rel}","templated":true}]}}