{"id":28732,"date":"2025-06-18T09:54:01","date_gmt":"2025-06-18T09:54:01","guid":{"rendered":"https:\/\/www.euegeajans.com\/?p=28732"},"modified":"2025-06-18T09:54:03","modified_gmt":"2025-06-18T09:54:03","slug":"ege-universitesi-nitelikli-egitimi-ile-dunyanin-en-iyi-40-universitesinden-birisi-oldu","status":"publish","type":"post","link":"https:\/\/www.euegeajans.com\/index.php\/2025\/06\/18\/ege-universitesi-nitelikli-egitimi-ile-dunyanin-en-iyi-40-universitesinden-birisi-oldu\/","title":{"rendered":"Ege \u00dcniversitesi \u2018Nitelikli E\u011fitimi\u2019 ile d\u00fcnyan\u0131n en iyi 40 \u00fcniversitesinden birisi oldu"},"content":{"rendered":"<p style=\"text-align: justify;\">E\u00dc, \u201cTHE Etki S\u0131ralamas\u0131nda\u201d y\u00fckseli\u015fini s\u00fcrd\u00fcr\u00fcyor<\/p>\n<p style=\"text-align: justify;\"><img loading=\"lazy\" decoding=\"async\" class=\"size-medium wp-image-28733 alignleft\" src=\"http:\/\/www.euegeajans.com\/wp-content\/uploads\/2025\/06\/EGE-1-300x200.jpg\" alt=\"\" width=\"300\" height=\"200\" srcset=\"https:\/\/www.euegeajans.com\/wp-content\/uploads\/2025\/06\/EGE-1-300x200.jpg 300w, https:\/\/www.euegeajans.com\/wp-content\/uploads\/2025\/06\/EGE-1-1024x683.jpg 1024w, https:\/\/www.euegeajans.com\/wp-content\/uploads\/2025\/06\/EGE-1-768x512.jpg 768w, https:\/\/www.euegeajans.com\/wp-content\/uploads\/2025\/06\/EGE-1-1536x1024.jpg 1536w, https:\/\/www.euegeajans.com\/wp-content\/uploads\/2025\/06\/EGE-1-2048x1365.jpg 2048w\" sizes=\"auto, (max-width: 300px) 100vw, 300px\" \/>D\u00fcnyan\u0131n \u00f6nde gelen \u00fcniversite s\u0131ralama kurulu\u015flar\u0131ndan biri olan Times Higher Education (THE), Etki S\u0131ralamas\u0131 (Impact Ranking- 2025) sonu\u00e7lar\u0131 a\u00e7\u0131kland\u0131. Ege \u00dcniversitesi d\u00fcnya s\u0131ralamas\u0131nda \u00f6nceki y\u0131la g\u00f6re 100 basamak y\u00fckselerek 201-300 band\u0131nda, T\u00fcrkiye devlet \u00fcniversiteleri aras\u0131nda \u00f6nceki y\u0131la g\u00f6re 2 basamak y\u00fckselerek 5\u2019inci s\u0131rada yer alarak y\u00fckseli\u015fini s\u00fcrd\u00fcrd\u00fc. Ege \u00dcniversitesi d\u00fcnyada bir alanda ilk 50\u2019de, alt\u0131 alanda ilk 200\u2019de, d\u00f6rt alanda ilk 300\u2019de, iki alanda ilk 400\u2019de, bir alanda ilk 600\u2019de, \u00fc\u00e7 alanda ilk 800\u2019de yer alarak \u00f6nemli bir ba\u015far\u0131ya imza att\u0131.<\/p>\n<p style=\"text-align: justify;\">S\u0131ralamay\u0131 de\u011ferlendiren Ege \u00dcniversitesi Rekt\u00f6r\u00fc Prof. Dr. Necdet Budak, \u201cEge \u00dcniversitesi olarak Birle\u015fmi\u015f Milletler taraf\u0131ndan belirlenen 17 s\u00fcrd\u00fcr\u00fclebilir kalk\u0131nma hedefi do\u011frultusunda \u00f6nemli \u00e7al\u0131\u015fmalar y\u00fcr\u00fct\u00fcyoruz. S\u00fcrd\u00fcr\u00fclebilirlik hedefiyle nitelikli bilimsel \u00e7al\u0131\u015fmalar\u0131 bilim d\u00fcnyas\u0131na kazand\u0131r\u0131yoruz. Ortaya koydu\u011fumuz politikalar ve stratejiler neticesinde her ge\u00e7en g\u00fcn yeni ba\u015far\u0131lara imza at\u0131yoruz. THE,\u00a0 Birle\u015fmi\u015f Milletlerin Su\u0308rdu\u0308ru\u0308lebilir Kalk\u0131nma Hedeflerini temel alan etki s\u0131ralamas\u0131n\u0131n bu seneki sonu\u00e7lar\u0131na g\u00f6re \u00fcniversitemiz, d\u00fcnya s\u0131ralamas\u0131nda \u00f6nceki y\u0131la g\u00f6re 100 basamak y\u00fckselerek 201-300 band\u0131nda, T\u00fcrkiye devlet \u00fcniversiteleri aras\u0131nda \u00f6nceki y\u0131la g\u00f6re 2 basamak y\u00fckselerek 5\u2019inci s\u0131rada yer ald\u0131. Bu vesile ile ba\u015far\u0131lar\u0131m\u0131za katk\u0131 sunan bilim insanlar\u0131m\u0131za, idari ve akademik \u00e7al\u0131\u015fanlar\u0131m\u0131za, \u00f6\u011frencilerimize, mezunlar\u0131m\u0131z ve t\u00fcm payda\u015flar\u0131m\u0131za te\u015fekk\u00fcr ediyorum\u201d diye konu\u015ftu.<\/p>\n<p style=\"text-align: justify;\"><strong>\u201cBa\u015far\u0131lar\u0131m\u0131z tesad\u00fcf de\u011fil\u201d<\/strong><\/p>\n<p style=\"text-align: justify;\">Rekt\u00f6r\u00fc Prof. Dr. Necdet Budak, \u201cUluslararas\u0131 bilinir, tam akredite, \u00f6\u011frenci odakl\u0131, milli yenilik \u00f6d\u00fcll\u00fc bir ara\u015ft\u0131rma \u00fcniversitesi olarak; nitelikli insan kayna\u011f\u0131m\u0131z, kaliteli e\u011fitim-\u00f6\u011fretim anlay\u0131\u015f\u0131m\u0131z, ara\u015ft\u0131rma ve geli\u015ftirme ekosistemimiz ile ba\u015far\u0131m\u0131z\u0131 bir kez daha ortaya koyman\u0131n gururunu ya\u015f\u0131yoruz. Hi\u00e7 ku\u015fkusuz ki bu ve benzer ba\u015far\u0131lar\u0131m\u0131z tesad\u00fcf de\u011fildir. 70\u2019inci y\u0131l\u0131n\u0131 kutlad\u0131\u011f\u0131m\u0131z bilim \u00e7\u0131nar\u0131m\u0131z\u0131n k\u00f6kl\u00fc bir m\u00fcktesebat\u0131 ve bilimsel birikimi bulunuyor. Son sekiz y\u0131lda hayata ge\u00e7irdi\u011fimiz \u00f6rnek uygulamalar, elde etti\u011fimiz ba\u015far\u0131lar \u00fcniversitemizi hem ulusal hem de k\u00fcresel arenada daha g\u00fc\u00e7l\u00fc bir konuma y\u00fckseltti. THE Etki S\u0131ralamas\u0131n\u0131n sonu\u00e7lar\u0131n\u0131n \u00fcniversitemizin uluslararas\u0131 arenadaki konumunun daha da per\u00e7inlendi\u011finin kan\u0131t\u0131 niteli\u011findedir. Her ge\u00e7en g\u00fcn zirvede yer alma hedefimiz do\u011frultusunda durmadan duraksamadan \u00e7al\u0131\u015fmalar\u0131m\u0131z\u0131 s\u00fcrd\u00fcrece\u011fiz. T\u00fcrkiye Y\u00fczy\u0131l\u0131n\u0131, T\u00fcrk bilim y\u00fczy\u0131l\u0131 yapmaya; kalite odakl\u0131 yakla\u015f\u0131m\u0131m\u0131z\u0131 s\u00fcrd\u00fcrerek, e\u011fitimde yenilik\u00e7i ve topluma katk\u0131 sunan, bilimi toplumla bulu\u015fturan bir vizyonla yolumuza devam edece\u011fiz\u201d dedi.<\/p>\n<p style=\"text-align: justify;\">Ege \u00dcniversitesi \u201cYoksullu\u011fa Son\u201d kategorisinde d\u00fcnya s\u0131ralamas\u0131nda 200 basamak y\u00fckselerek 101-200 band\u0131nda yer al\u0131rken T\u00fcrkiye devlet \u00fcniversiteleri aras\u0131nda ise 3 basamak y\u00fckselerek 4\u2019\u00fcnc\u00fc olmay\u0131 ba\u015fard\u0131.<\/p>\n<p style=\"text-align: justify;\">Ege \u00dcniversitesi \u201cNitelikli E\u011fitim\u201d kategorisinde d\u00fcnya s\u0131ralamas\u0131nda 80 basamak y\u00fckselerek d\u00fcnya s\u0131ralamas\u0131nda 40\u2019\u0131nc\u0131 s\u0131rada yer al\u0131rken T\u00fcrkiye devlet \u00fcniversiteleri aras\u0131nda ise 1 basamak y\u00fckselerek 6\u2019nc\u0131 oldu. E\u00dc ayr\u0131ca; \u201cCinsiyet E\u015fitli\u011fi\u201d kategorisinde d\u00fcnya s\u0131ralamas\u0131nda 100 basamak y\u00fckselerek 101-200 band\u0131nda yer al\u0131rken T\u00fcrkiye devlet \u00fcniversiteleri aras\u0131nda ise 2 basamak y\u00fckselerek 2\u2019nci, \u00a0\u201cTemiz Su ve Sanitasyon\u201d kategorisinde d\u00fcnya s\u0131ralamas\u0131nda 100 basamak y\u00fckselerek 101-200 band\u0131nda yer al\u0131rken T\u00fcrkiye devlet \u00fcniversiteleri aras\u0131nda ise 1 basamak y\u00fckselerek d\u00f6rd\u00fcnc\u00fc; \u201c\u0130nsana Yak\u0131\u015f\u0131r \u0130\u015f ve Ekonomik B\u00fcy\u00fcme\u201d kategorisinde d\u00fcnya s\u0131ralamas\u0131nda 200 basamak y\u00fckselerek 201-300 band\u0131nda yer al\u0131rken T\u00fcrkiye devlet \u00fcniversiteleri aras\u0131nda ise 2 basamak y\u00fckselerek d\u00f6rd\u00fcnc\u00fc, \u201cE\u015fitsizliklerin Azalt\u0131lmas\u0131\u201d kategorisinde d\u00fcnya s\u0131ralamas\u0131nda 100 basamak y\u00fckselerek 301-400 band\u0131nda yer al\u0131rken T\u00fcrkiye devlet \u00fcniversiteleri aras\u0131nda ise 5 basamak y\u00fckselerek alt\u0131nc\u0131, \u00a0\u201cS\u00fcrd\u00fcr\u00fclebilir \u015eehirler ve Topluluklar\u201d kategorisinde d\u00fcnya s\u0131ralamas\u0131nda 100 basamak y\u00fckselerek 201-300 band\u0131nda yer al\u0131rken T\u00fcrkiye devlet \u00fcniversiteleri aras\u0131nda ise 2 basamak y\u00fckselerek yedinci, \u201cKarasal Ya\u015fam\u201d kategorisinde d\u00fcnya s\u0131ralamas\u0131nda 100 basamak y\u00fckselerek 101-200 band\u0131nda yer al\u0131rken T\u00fcrkiye devlet \u00fcniversiteleri aras\u0131nda ise 3 basamak y\u00fckselerek be\u015finci olmay\u0131 ba\u015fard\u0131.<\/p>\n","protected":false},"excerpt":{"rendered":"<p>E\u00dc, \u201cTHE Etki S\u0131ralamas\u0131nda\u201d y\u00fckseli\u015fini s\u00fcrd\u00fcr\u00fcyor D\u00fcnyan\u0131n \u00f6nde gelen \u00fcniversite s\u0131ralama kurulu\u015flar\u0131ndan biri olan Times&#8230;<\/p>\n","protected":false},"author":2,"featured_media":28734,"comment_status":"open","ping_status":"open","sticky":false,"template":"","format":"standard","meta":{"footnotes":""},"categories":[538,69,99,1,11,70,68],"tags":[],"class_list":["post-28732","post","type-post","status-publish","format-standard","has-post-thumbnail","hentry","category-70-yil","category-bilim","category-egitim","category-gncl","category-haber","category-kampus","category-saglik"],"featured_image_urls":{"full":["https:\/\/www.euegeajans.com\/wp-content\/uploads\/2025\/06\/Prof-Dr-Necdet-Budak-1-1.jpg",2064,1376,false],"thumbnail":["https:\/\/www.euegeajans.com\/wp-content\/uploads\/2025\/06\/Prof-Dr-Necdet-Budak-1-1-150x150.jpg",150,150,true],"medium":["https:\/\/www.euegeajans.com\/wp-content\/uploads\/2025\/06\/Prof-Dr-Necdet-Budak-1-1-300x200.jpg",300,200,true],"medium_large":["https:\/\/www.euegeajans.com\/wp-content\/uploads\/2025\/06\/Prof-Dr-Necdet-Budak-1-1-768x512.jpg",640,427,true],"large":["https:\/\/www.euegeajans.com\/wp-content\/uploads\/2025\/06\/Prof-Dr-Necdet-Budak-1-1-1024x683.jpg",640,427,true],"1536x1536":["https:\/\/www.euegeajans.com\/wp-content\/uploads\/2025\/06\/Prof-Dr-Necdet-Budak-1-1-1536x1024.jpg",1536,1024,true],"2048x2048":["https:\/\/www.euegeajans.com\/wp-content\/uploads\/2025\/06\/Prof-Dr-Necdet-Budak-1-1-2048x1365.jpg",2048,1365,true],"newsphere-slider-full":["https:\/\/www.euegeajans.com\/wp-content\/uploads\/2025\/06\/Prof-Dr-Necdet-Budak-1-1-1280x720.jpg",1280,720,true],"newsphere-featured":["https:\/\/www.euegeajans.com\/wp-content\/uploads\/2025\/06\/Prof-Dr-Necdet-Budak-1-1-1024x683.jpg",1024,683,true],"newsphere-medium":["https:\/\/www.euegeajans.com\/wp-content\/uploads\/2025\/06\/Prof-Dr-Necdet-Budak-1-1-720x380.jpg",720,380,true]},"author_info":{"display_name":"Editor","author_link":"https:\/\/www.euegeajans.com\/index.php\/author\/editor\/"},"category_info":"<a href=\"https:\/\/www.euegeajans.com\/index.php\/category\/70-yil\/\" rel=\"category tag\">70. Y\u0131l<\/a> <a href=\"https:\/\/www.euegeajans.com\/index.php\/category\/bilim\/\" rel=\"category tag\">Bilim<\/a> <a href=\"https:\/\/www.euegeajans.com\/index.php\/category\/egitim\/\" rel=\"category tag\">E\u011fitim<\/a> <a href=\"https:\/\/www.euegeajans.com\/index.php\/category\/gncl\/\" rel=\"category tag\">G\u00fcncel<\/a> <a href=\"https:\/\/www.euegeajans.com\/index.php\/category\/haber\/\" rel=\"category tag\">Haber<\/a> <a href=\"https:\/\/www.euegeajans.com\/index.php\/category\/kampus\/\" rel=\"category tag\">Kamp\u00fcs<\/a> <a href=\"https:\/\/www.euegeajans.com\/index.php\/category\/saglik\/\" rel=\"category tag\">Sa\u011fl\u0131k<\/a>","tag_info":"Sa\u011fl\u0131k","comment_count":"0","_links":{"self":[{"href":"https:\/\/www.euegeajans.com\/index.php\/wp-json\/wp\/v2\/posts\/28732","targetHints":{"allow":["GET"]}}],"collection":[{"href":"https:\/\/www.euegeajans.com\/index.php\/wp-json\/wp\/v2\/posts"}],"about":[{"href":"https:\/\/www.euegeajans.com\/index.php\/wp-json\/wp\/v2\/types\/post"}],"author":[{"embeddable":true,"href":"https:\/\/www.euegeajans.com\/index.php\/wp-json\/wp\/v2\/users\/2"}],"replies":[{"embeddable":true,"href":"https:\/\/www.euegeajans.com\/index.php\/wp-json\/wp\/v2\/comments?post=28732"}],"version-history":[{"count":1,"href":"https:\/\/www.euegeajans.com\/index.php\/wp-json\/wp\/v2\/posts\/28732\/revisions"}],"predecessor-version":[{"id":28735,"href":"https:\/\/www.euegeajans.com\/index.php\/wp-json\/wp\/v2\/posts\/28732\/revisions\/28735"}],"wp:featuredmedia":[{"embeddable":true,"href":"https:\/\/www.euegeajans.com\/index.php\/wp-json\/wp\/v2\/media\/28734"}],"wp:attachment":[{"href":"https:\/\/www.euegeajans.com\/index.php\/wp-json\/wp\/v2\/media?parent=28732"}],"wp:term":[{"taxonomy":"category","embeddable":true,"href":"https:\/\/www.euegeajans.com\/index.php\/wp-json\/wp\/v2\/categories?post=28732"},{"taxonomy":"post_tag","embeddable":true,"href":"https:\/\/www.euegeajans.com\/index.php\/wp-json\/wp\/v2\/tags?post=28732"}],"curies":[{"name":"wp","href":"https:\/\/api.w.org\/{rel}","templated":true}]}}