{"id":2795,"date":"2021-03-15T05:33:00","date_gmt":"2021-03-15T05:33:00","guid":{"rendered":"http:\/\/www.euegeajans.com\/?p=2795"},"modified":"2021-03-15T07:39:05","modified_gmt":"2021-03-15T07:39:05","slug":"egede-onkolojik-tedavi-goren-cocuklara-egitim-destegi","status":"publish","type":"post","link":"https:\/\/www.euegeajans.com\/index.php\/2021\/03\/15\/egede-onkolojik-tedavi-goren-cocuklara-egitim-destegi\/","title":{"rendered":"Ege\u2019de onkolojik tedavi g\u00f6ren \u00e7ocuklara e\u011fitim deste\u011fi"},"content":{"rendered":"<p style=\"text-align: justify;\"><img loading=\"lazy\" decoding=\"async\" class=\"size-medium wp-image-2797 alignright\" src=\"http:\/\/www.euegeajans.com\/wp-content\/uploads\/2021\/03\/Egede-onkolojik-tedavi-go\u0308ren-c\u0327ocuklara-eg\u0306itim-desteg\u0306i3-300x198.jpg\" alt=\"\" width=\"300\" height=\"198\" srcset=\"https:\/\/www.euegeajans.com\/wp-content\/uploads\/2021\/03\/Egede-onkolojik-tedavi-go\u0308ren-c\u0327ocuklara-eg\u0306itim-desteg\u0306i3-300x198.jpg 300w, https:\/\/www.euegeajans.com\/wp-content\/uploads\/2021\/03\/Egede-onkolojik-tedavi-go\u0308ren-c\u0327ocuklara-eg\u0306itim-desteg\u0306i3-1024x677.jpg 1024w, https:\/\/www.euegeajans.com\/wp-content\/uploads\/2021\/03\/Egede-onkolojik-tedavi-go\u0308ren-c\u0327ocuklara-eg\u0306itim-desteg\u0306i3-768x508.jpg 768w, https:\/\/www.euegeajans.com\/wp-content\/uploads\/2021\/03\/Egede-onkolojik-tedavi-go\u0308ren-c\u0327ocuklara-eg\u0306itim-desteg\u0306i3-1536x1015.jpg 1536w, https:\/\/www.euegeajans.com\/wp-content\/uploads\/2021\/03\/Egede-onkolojik-tedavi-go\u0308ren-c\u0327ocuklara-eg\u0306itim-desteg\u0306i3-2048x1353.jpg 2048w\" sizes=\"auto, (max-width: 300px) 100vw, 300px\" \/>Ege \u00dcniversitesi T\u0131p Fak\u00fcltesi (E\u00dcTF) Hastanesi \u00c7ocuk Onkoloji ve Hematoloji Klini\u011finde onkoloji tedavisi g\u00f6ren \u00e7ocuklar\u0131n, e\u011fitimlerine tedavi s\u0131ras\u0131nda da devam edebilmelerini sa\u011flamak i\u00e7in geli\u015ftirilen sosyal sorumluluk projesi kapsam\u0131nda, klini\u011fe 14 tablet bilgisayar ba\u011f\u0131\u015f\u0131 yap\u0131ld\u0131. E\u00dcTF Dekan\u0131 Prof. Dr. Cemil G\u00fcrg\u00fcn, \u00e7ocuklar\u0131n hem e\u011fitimlerinin devam\u0131n\u0131 sa\u011flayacak hem de moral olarak iyile\u015fme s\u00fcre\u00e7lerine de katk\u0131da bulunacak ba\u011f\u0131\u015f\u00e7\u0131lara te\u015fekk\u00fcr etti.<\/p>\n<p style=\"text-align: justify;\">E\u00dcTF Hastanesi \u00c7ocuk Onkoloji ve Hematoloji Klini\u011finde onkoloji tedavisi g\u00f6ren \u00e7ocuklar\u0131n, e\u011fitimlerine tedavi s\u0131ras\u0131nda da devam edebilmelerini sa\u011flamak i\u00e7in geli\u015ftirilen sosyal sorumluluk projesi kapsam\u0131nda, bir firma taraf\u0131ndan klini\u011fe 14 tablet bilgisayar ba\u011f\u0131\u015f\u0131 yap\u0131ld\u0131. Ba\u011f\u0131\u015f\u00e7\u0131 firma temsilcisi Esra K\u0131l\u0131\u00e7\u2019a te\u015fekk\u00fcr belgesini takdim eden E\u00dcTF Dekan\u0131 Prof. Dr. Cemil G\u00fcrg\u00fcn, \u201cPandemi nedeniyle online sistemde verilen e\u011fitimler halen devam ediyor ancak hastanemizde tedavi g\u00f6ren \u00e7ocuklar, e\u011fitimden uzak kal\u0131yordu. Devletimiz ihtiya\u00e7 sahibi \u00e7ocuklara e\u011fitim d\u00f6nemi ba\u015f\u0131nda tablet bilgisayar sa\u011flam\u0131\u015ft\u0131. E\u011fitim s\u00fcre\u00e7lerine daha fazla say\u0131da tablet bilgisayar ile devam edilebilmeleri amac\u0131yla, Rekt\u00f6r\u00fcm\u00fcz Prof. Dr. Necdet Budak\u2019\u0131n da yak\u0131n deste\u011fi ile sosyal sorumluluk projemiz hayata ge\u00e7ti. Tedavi g\u00f6ren \u00e7ocuklar\u0131m\u0131z\u0131n b\u00fcy\u00fck ba\u015far\u0131lara imza atmas\u0131 dileklerimizle katk\u0131 sa\u011flayan herkese te\u015fekk\u00fcrlerimizi sunuyoruz\u201d diye konu\u015ftu.<\/p>\n<p style=\"text-align: justify;\"><b>DONANIMLI KADRO, G\u00dc\u00c7L\u00dc ALTYAPI\u00a0<\/b><\/p>\n<p style=\"text-align: justify;\"><img loading=\"lazy\" decoding=\"async\" class=\"size-medium wp-image-2798 alignleft\" src=\"http:\/\/www.euegeajans.com\/wp-content\/uploads\/2021\/03\/Egede-onkolojik-tedavi-go\u0308ren-c\u0327ocuklara-eg\u0306itim-desteg\u0306i2-300x207.jpg\" alt=\"\" width=\"300\" height=\"207\" srcset=\"https:\/\/www.euegeajans.com\/wp-content\/uploads\/2021\/03\/Egede-onkolojik-tedavi-go\u0308ren-c\u0327ocuklara-eg\u0306itim-desteg\u0306i2-300x207.jpg 300w, https:\/\/www.euegeajans.com\/wp-content\/uploads\/2021\/03\/Egede-onkolojik-tedavi-go\u0308ren-c\u0327ocuklara-eg\u0306itim-desteg\u0306i2-1024x707.jpg 1024w, https:\/\/www.euegeajans.com\/wp-content\/uploads\/2021\/03\/Egede-onkolojik-tedavi-go\u0308ren-c\u0327ocuklara-eg\u0306itim-desteg\u0306i2-768x530.jpg 768w, https:\/\/www.euegeajans.com\/wp-content\/uploads\/2021\/03\/Egede-onkolojik-tedavi-go\u0308ren-c\u0327ocuklara-eg\u0306itim-desteg\u0306i2-1536x1061.jpg 1536w, https:\/\/www.euegeajans.com\/wp-content\/uploads\/2021\/03\/Egede-onkolojik-tedavi-go\u0308ren-c\u0327ocuklara-eg\u0306itim-desteg\u0306i2-2048x1414.jpg 2048w\" sizes=\"auto, (max-width: 300px) 100vw, 300px\" \/>E\u00dcTF \u00c7ocuk Onkoloji ve Hematoloji Bilim Dal\u0131 Ba\u015fkan\u0131 Prof. Dr. Mehmet Kantar, donan\u0131ml\u0131 bir akademik kadro ve g\u00fc\u00e7l\u00fc bir altyap\u0131ya sahip olduklar\u0131n\u0131 dile getirip, \u201cT\u00fcrkiye\u2019nin bir\u00e7ok noktas\u0131ndan hastalar tedavi i\u00e7in klini\u011fimize ba\u015fvuruyor. Tedavi g\u00f6ren \u00e7ocuklar\u0131n e\u011fitimlerinin aksamamas\u0131 i\u00e7in b\u00f6yle bir proje geli\u015ftirdik ve ba\u011f\u0131\u015f\u00e7\u0131lar\u0131m\u0131z da klini\u011fimize 14 tablet kazand\u0131rd\u0131\u201d dedi.<\/p>\n<p style=\"text-align: justify;\">\u201c<b>DESTE\u011e\u0130M\u0130Z S\u00dcRECEK\u201d<\/b><\/p>\n<p style=\"text-align: justify;\">Ege \u00dcniversitesinin sa\u011fl\u0131k alan\u0131nda \u00f6nemli hizmetler verdi\u011fini kaydeden firma temsilcisi K\u0131l\u0131\u00e7, \u201cB\u00f6yle bir projede yer almaktan ve \u00e7ocuklar\u0131n tedavileri s\u0131ras\u0131nda e\u011fitimlerine devam edecek olmalar\u0131ndan mutluluk duyuyoruz. \u00d6n\u00fcm\u00fczdeki s\u00fcre\u00e7lerde de \u00fcniversite hastanemize desteklerimiz s\u00fcrecek\u201d diye konu\u015ftu.<\/p>\n","protected":false},"excerpt":{"rendered":"<p>Ege \u00dcniversitesi T\u0131p Fak\u00fcltesi (E\u00dcTF) Hastanesi \u00c7ocuk Onkoloji ve Hematoloji Klini\u011finde onkoloji tedavisi g\u00f6ren \u00e7ocuklar\u0131n,&#8230;<\/p>\n","protected":false},"author":2,"featured_media":2796,"comment_status":"open","ping_status":"open","sticky":false,"template":"","format":"standard","meta":{"footnotes":""},"categories":[1],"tags":[],"class_list":["post-2795","post","type-post","status-publish","format-standard","has-post-thumbnail","hentry","category-gncl"],"featured_image_urls":{"full":["https:\/\/www.euegeajans.com\/wp-content\/uploads\/2021\/03\/Egede-onkolojik-tedavi-go\u0308ren-c\u0327ocuklara-eg\u0306itim-desteg\u0306i4-scaled.jpg",2560,1837,false],"thumbnail":["https:\/\/www.euegeajans.com\/wp-content\/uploads\/2021\/03\/Egede-onkolojik-tedavi-go\u0308ren-c\u0327ocuklara-eg\u0306itim-desteg\u0306i4-150x150.jpg",150,150,true],"medium":["https:\/\/www.euegeajans.com\/wp-content\/uploads\/2021\/03\/Egede-onkolojik-tedavi-go\u0308ren-c\u0327ocuklara-eg\u0306itim-desteg\u0306i4-300x215.jpg",300,215,true],"medium_large":["https:\/\/www.euegeajans.com\/wp-content\/uploads\/2021\/03\/Egede-onkolojik-tedavi-go\u0308ren-c\u0327ocuklara-eg\u0306itim-desteg\u0306i4-768x551.jpg",640,459,true],"large":["https:\/\/www.euegeajans.com\/wp-content\/uploads\/2021\/03\/Egede-onkolojik-tedavi-go\u0308ren-c\u0327ocuklara-eg\u0306itim-desteg\u0306i4-1024x735.jpg",640,459,true],"1536x1536":["https:\/\/www.euegeajans.com\/wp-content\/uploads\/2021\/03\/Egede-onkolojik-tedavi-go\u0308ren-c\u0327ocuklara-eg\u0306itim-desteg\u0306i4-1536x1102.jpg",1536,1102,true],"2048x2048":["https:\/\/www.euegeajans.com\/wp-content\/uploads\/2021\/03\/Egede-onkolojik-tedavi-go\u0308ren-c\u0327ocuklara-eg\u0306itim-desteg\u0306i4-2048x1470.jpg",2048,1470,true],"newsphere-slider-full":["https:\/\/www.euegeajans.com\/wp-content\/uploads\/2021\/03\/Egede-onkolojik-tedavi-go\u0308ren-c\u0327ocuklara-eg\u0306itim-desteg\u0306i4-1280x720.jpg",1280,720,true],"newsphere-featured":["https:\/\/www.euegeajans.com\/wp-content\/uploads\/2021\/03\/Egede-onkolojik-tedavi-go\u0308ren-c\u0327ocuklara-eg\u0306itim-desteg\u0306i4-1024x735.jpg",1024,735,true],"newsphere-medium":["https:\/\/www.euegeajans.com\/wp-content\/uploads\/2021\/03\/Egede-onkolojik-tedavi-go\u0308ren-c\u0327ocuklara-eg\u0306itim-desteg\u0306i4-720x380.jpg",720,380,true]},"author_info":{"display_name":"Editor","author_link":"https:\/\/www.euegeajans.com\/index.php\/author\/editor\/"},"category_info":"<a href=\"https:\/\/www.euegeajans.com\/index.php\/category\/gncl\/\" rel=\"category tag\">G\u00fcncel<\/a>","tag_info":"G\u00fcncel","comment_count":"0","_links":{"self":[{"href":"https:\/\/www.euegeajans.com\/index.php\/wp-json\/wp\/v2\/posts\/2795","targetHints":{"allow":["GET"]}}],"collection":[{"href":"https:\/\/www.euegeajans.com\/index.php\/wp-json\/wp\/v2\/posts"}],"about":[{"href":"https:\/\/www.euegeajans.com\/index.php\/wp-json\/wp\/v2\/types\/post"}],"author":[{"embeddable":true,"href":"https:\/\/www.euegeajans.com\/index.php\/wp-json\/wp\/v2\/users\/2"}],"replies":[{"embeddable":true,"href":"https:\/\/www.euegeajans.com\/index.php\/wp-json\/wp\/v2\/comments?post=2795"}],"version-history":[{"count":2,"href":"https:\/\/www.euegeajans.com\/index.php\/wp-json\/wp\/v2\/posts\/2795\/revisions"}],"predecessor-version":[{"id":2800,"href":"https:\/\/www.euegeajans.com\/index.php\/wp-json\/wp\/v2\/posts\/2795\/revisions\/2800"}],"wp:featuredmedia":[{"embeddable":true,"href":"https:\/\/www.euegeajans.com\/index.php\/wp-json\/wp\/v2\/media\/2796"}],"wp:attachment":[{"href":"https:\/\/www.euegeajans.com\/index.php\/wp-json\/wp\/v2\/media?parent=2795"}],"wp:term":[{"taxonomy":"category","embeddable":true,"href":"https:\/\/www.euegeajans.com\/index.php\/wp-json\/wp\/v2\/categories?post=2795"},{"taxonomy":"post_tag","embeddable":true,"href":"https:\/\/www.euegeajans.com\/index.php\/wp-json\/wp\/v2\/tags?post=2795"}],"curies":[{"name":"wp","href":"https:\/\/api.w.org\/{rel}","templated":true}]}}