{"id":27239,"date":"2025-04-29T02:41:00","date_gmt":"2025-04-29T02:41:00","guid":{"rendered":"https:\/\/www.euegeajans.com\/?p=27239"},"modified":"2025-04-29T07:49:25","modified_gmt":"2025-04-29T07:49:25","slug":"eude-70-yil-ilk-ders-etkinlikleri-ile-mezunlar-ogrencilerle-bulusuyor","status":"publish","type":"post","link":"https:\/\/www.euegeajans.com\/index.php\/2025\/04\/29\/eude-70-yil-ilk-ders-etkinlikleri-ile-mezunlar-ogrencilerle-bulusuyor\/","title":{"rendered":"E\u00dc\u2019de \u201c70. Y\u0131l \u0130lk Ders\u201d etkinlikleri ile mezunlar \u00f6\u011frencilerle bulu\u015fuyor"},"content":{"rendered":"<p style=\"text-align: justify;\">Kurulu\u015funun 70. y\u0131l d\u00f6n\u00fcm\u00fcn\u00fc kutlayan Ege \u00dcniversitesinde bu \u00f6zel y\u0131l \u00e7e\u015fitli etkinliklerle daha anlaml\u0131 hale gelmeye devam ediyor. E\u00dc Rekt\u00f6r\u00fc Prof. Dr. Necdet Budak taraf\u0131ndan \u201cSevgi Y\u0131l\u0131\u201d ilan edilen 70. Y\u0131l kapsam\u0131nda, Kariyer Planlama ve Ba\u015far\u0131 Koordinat\u00f6rl\u00fc\u011f\u00fc ile Mezunlarla \u0130li\u015fkiler Ofisi i\u015f birli\u011finde \u201c70. Y\u0131l \u0130lk Ders\u201d etkinlikleri d\u00fczenleniyor. 70. Y\u0131l Derslerine davet edilen mezunlar, \u00f6\u011frencilerle bir araya gelip deneyimlerini payla\u015f\u0131yor.<\/p>\n<p style=\"text-align: justify;\">Ege \u00dcniversitesi Rekt\u00f6r\u00fc Prof. Dr. Necdet Budak, \u201c1986 y\u0131l\u0131 Ege \u00dcniversitesi Ziraat Fak\u00fcltesi Tarla Bitkileri B\u00f6l\u00fcm\u00fc mezunuyum. Y\u0131llar sonra mezun oldu\u011fum \u00fcniversitenin rekt\u00f6rl\u00fc\u011f\u00fcn\u00fc yapmak benim i\u00e7in ayr\u0131ca gurur verici. 70. Y\u0131l\u0131n\u0131 kutlad\u0131\u011f\u0131m\u0131z ulu \u00e7\u0131nar\u0131m\u0131z, Ege \u00dcniversitemiz ba\u015far\u0131lar\u0131yla bilim d\u00fcnyas\u0131na y\u00f6n vermeye, bilimi toplumun her kesimiyle bulu\u015fturmaya devam ediyor. Sevgi Y\u0131l\u0131 olarak da ilan etti\u011fimiz 2025 y\u0131l\u0131nda birlikte daha nice ba\u015far\u0131lar elde edece\u011fimize inanc\u0131m tamd\u0131r. 70. Y\u0131l Dersleri kapsam\u0131nda \u00fcniversitemize konuk olan mezunlar\u0131m\u0131z, deneyimleri ve birikimleriyle \u00f6\u011frencilerimize \u0131\u015f\u0131k tutuyor\u201d dedi.<\/p>\n<p style=\"text-align: justify;\"><b>\u201c\u0130yi ki Egeliyiz\u201d<\/b><\/p>\n<p style=\"text-align: justify;\"><img loading=\"lazy\" decoding=\"async\" class=\"size-medium wp-image-27241 alignleft\" src=\"http:\/\/www.euegeajans.com\/wp-content\/uploads\/2025\/04\/EUde-70.-Yil-Ilk-Ders-etkinlikleri-ile-mezunlar-ogrencilerle-bulusuyor-2-300x247.jpeg\" alt=\"\" width=\"300\" height=\"247\" \/>Kariyer Planlama ve Ba\u015far\u0131 Koordinat\u00f6r\u00fc \u00d6\u011fr. G\u00f6r. Ebru Kalyoncu, \u201cRekt\u00f6r\u00fcm\u00fcz Prof. Dr. Necdet Budak Hocam\u0131z\u0131n da Ege \u00dcniversitesi mezunu olmas\u0131 bizim i\u00e7in b\u00fcy\u00fck bir \u015fans. Bu konuda en b\u00fcy\u00fck deste\u011fi Rekt\u00f6r Hocam\u0131zdan al\u0131yoruz. Mezunlar\u0131m\u0131z\u0131n kamp\u00fcs\u00fcm\u00fczde ve projelerimizde en \u00e7ok yer ald\u0131\u011f\u0131 y\u0131llar\u0131 ya\u015f\u0131yoruz. Son 5 y\u0131lda mezunlar\u0131m\u0131z\u0131n \u00f6\u011frencilerimiz ile bir araya geldi\u011fi 3 binden fazla etkinlik ger\u00e7ekle\u015ftirdik. Bu y\u0131l\u0131n ise bizim i\u00e7in anlam\u0131 \u00e7ok b\u00fcy\u00fck. 70. kurulu\u015f y\u0131l\u0131m\u0131z\u0131 Rekt\u00f6r Hocam\u0131z\u0131n \u2018sevgi y\u0131l\u0131\u2019 ilan etmesiyle birlikte Ege \u00dcniversitesi ile g\u00f6n\u00fcl ba\u011f\u0131n\u0131 d\u00fcnyan\u0131n her yerinde devam ettiren mezunlar\u0131m\u0131z ile bir araya geliyoruz. 70. y\u0131l dersi etkinli\u011fi ile t\u00fcm akademik birimlerimizde de\u011ferli mezunlar\u0131m\u0131zla sevgili \u00f6\u011frencilerimizi bir araya getirerek Ege \u00dcniversitesini ve Ege y\u0131llar\u0131n\u0131 konu\u015ftuklar\u0131 \u00e7ok \u00f6zel bir etkinli\u011fe ev sahipli\u011fi yapt\u0131k. Ne mutlu ki b\u00f6ylesi b\u00fcy\u00fck ve k\u00f6kl\u00fc Ege \u00fcniversitesi ailesinin bir par\u00e7as\u0131y\u0131z. \u2018\u0130yi ki Egeliyiz\u2019 dedi.<\/p>\n<p style=\"text-align: justify;\">Etkinliklere kat\u0131lan mezunlara ayr\u0131ca, Mezunlarla \u0130li\u015fkiler Ofisi taraf\u0131ndan &#8220;mezun \u015fans bileklikleri&#8221; veriliyor.<\/p>\n<div id='gallery-1' class='gallery galleryid-27239 gallery-columns-3 gallery-size-medium'><figure class='gallery-item'>\n\t\t\t<div class='gallery-icon landscape'>\n\t\t\t\t<a href='https:\/\/www.euegeajans.com\/wp-content\/uploads\/2025\/04\/EUde-70.-Yil-Ilk-Ders-etkinlikleri-ile-mezunlar-ogrencilerle-bulusuyor-4.jpg'><img loading=\"lazy\" decoding=\"async\" width=\"300\" height=\"122\" src=\"https:\/\/www.euegeajans.com\/wp-content\/uploads\/2025\/04\/EUde-70.-Yil-Ilk-Ders-etkinlikleri-ile-mezunlar-ogrencilerle-bulusuyor-4-300x122.jpg\" class=\"attachment-medium size-medium\" alt=\"\" srcset=\"https:\/\/www.euegeajans.com\/wp-content\/uploads\/2025\/04\/EUde-70.-Yil-Ilk-Ders-etkinlikleri-ile-mezunlar-ogrencilerle-bulusuyor-4-300x122.jpg 300w, https:\/\/www.euegeajans.com\/wp-content\/uploads\/2025\/04\/EUde-70.-Yil-Ilk-Ders-etkinlikleri-ile-mezunlar-ogrencilerle-bulusuyor-4-768x312.jpg 768w, https:\/\/www.euegeajans.com\/wp-content\/uploads\/2025\/04\/EUde-70.-Yil-Ilk-Ders-etkinlikleri-ile-mezunlar-ogrencilerle-bulusuyor-4.jpg 872w\" sizes=\"auto, (max-width: 300px) 100vw, 300px\" \/><\/a>\n\t\t\t<\/div><\/figure><figure class='gallery-item'>\n\t\t\t<div class='gallery-icon landscape'>\n\t\t\t\t<a href='https:\/\/www.euegeajans.com\/wp-content\/uploads\/2025\/04\/EUde-70.-Yil-Ilk-Ders-etkinlikleri-ile-mezunlar-ogrencilerle-bulusuyor-5.jpg'><img loading=\"lazy\" decoding=\"async\" width=\"300\" height=\"184\" src=\"https:\/\/www.euegeajans.com\/wp-content\/uploads\/2025\/04\/EUde-70.-Yil-Ilk-Ders-etkinlikleri-ile-mezunlar-ogrencilerle-bulusuyor-5-300x184.jpg\" class=\"attachment-medium size-medium\" alt=\"\" srcset=\"https:\/\/www.euegeajans.com\/wp-content\/uploads\/2025\/04\/EUde-70.-Yil-Ilk-Ders-etkinlikleri-ile-mezunlar-ogrencilerle-bulusuyor-5-300x184.jpg 300w, https:\/\/www.euegeajans.com\/wp-content\/uploads\/2025\/04\/EUde-70.-Yil-Ilk-Ders-etkinlikleri-ile-mezunlar-ogrencilerle-bulusuyor-5.jpg 495w\" sizes=\"auto, (max-width: 300px) 100vw, 300px\" \/><\/a>\n\t\t\t<\/div><\/figure><figure class='gallery-item'>\n\t\t\t<div class='gallery-icon landscape'>\n\t\t\t\t<a href='https:\/\/www.euegeajans.com\/wp-content\/uploads\/2025\/04\/EUde-70.-Yil-Ilk-Ders-etkinlikleri-ile-mezunlar-ogrencilerle-bulusuyor-6.jpg'><img loading=\"lazy\" decoding=\"async\" width=\"300\" height=\"211\" src=\"https:\/\/www.euegeajans.com\/wp-content\/uploads\/2025\/04\/EUde-70.-Yil-Ilk-Ders-etkinlikleri-ile-mezunlar-ogrencilerle-bulusuyor-6-300x211.jpg\" class=\"attachment-medium size-medium\" alt=\"\" srcset=\"https:\/\/www.euegeajans.com\/wp-content\/uploads\/2025\/04\/EUde-70.-Yil-Ilk-Ders-etkinlikleri-ile-mezunlar-ogrencilerle-bulusuyor-6-300x211.jpg 300w, https:\/\/www.euegeajans.com\/wp-content\/uploads\/2025\/04\/EUde-70.-Yil-Ilk-Ders-etkinlikleri-ile-mezunlar-ogrencilerle-bulusuyor-6.jpg 381w\" sizes=\"auto, (max-width: 300px) 100vw, 300px\" \/><\/a>\n\t\t\t<\/div><\/figure>\n\t\t<\/div>\n\n","protected":false},"excerpt":{"rendered":"<p>Kurulu\u015funun 70. y\u0131l d\u00f6n\u00fcm\u00fcn\u00fc kutlayan Ege \u00dcniversitesinde bu \u00f6zel y\u0131l \u00e7e\u015fitli etkinliklerle daha anlaml\u0131 hale&#8230;<\/p>\n","protected":false},"author":2,"featured_media":27240,"comment_status":"open","ping_status":"open","sticky":false,"template":"","format":"standard","meta":{"footnotes":""},"categories":[538,99,70],"tags":[],"class_list":["post-27239","post","type-post","status-publish","format-standard","has-post-thumbnail","hentry","category-70-yil","category-egitim","category-kampus"],"featured_image_urls":{"full":["https:\/\/www.euegeajans.com\/wp-content\/uploads\/2025\/04\/EUde-70.-Yil-Ilk-Ders-etkinlikleri-ile-mezunlar-ogrencilerle-bulusuyor-1.jpeg",1440,960,false],"thumbnail":["https:\/\/www.euegeajans.com\/wp-content\/uploads\/2025\/04\/EUde-70.-Yil-Ilk-Ders-etkinlikleri-ile-mezunlar-ogrencilerle-bulusuyor-1-150x150.jpeg",150,150,true],"medium":["https:\/\/www.euegeajans.com\/wp-content\/uploads\/2025\/04\/EUde-70.-Yil-Ilk-Ders-etkinlikleri-ile-mezunlar-ogrencilerle-bulusuyor-1-300x200.jpeg",300,200,true],"medium_large":["https:\/\/www.euegeajans.com\/wp-content\/uploads\/2025\/04\/EUde-70.-Yil-Ilk-Ders-etkinlikleri-ile-mezunlar-ogrencilerle-bulusuyor-1-768x512.jpeg",640,427,true],"large":["https:\/\/www.euegeajans.com\/wp-content\/uploads\/2025\/04\/EUde-70.-Yil-Ilk-Ders-etkinlikleri-ile-mezunlar-ogrencilerle-bulusuyor-1-1024x683.jpeg",640,427,true],"1536x1536":["https:\/\/www.euegeajans.com\/wp-content\/uploads\/2025\/04\/EUde-70.-Yil-Ilk-Ders-etkinlikleri-ile-mezunlar-ogrencilerle-bulusuyor-1.jpeg",1440,960,false],"2048x2048":["https:\/\/www.euegeajans.com\/wp-content\/uploads\/2025\/04\/EUde-70.-Yil-Ilk-Ders-etkinlikleri-ile-mezunlar-ogrencilerle-bulusuyor-1.jpeg",1440,960,false],"newsphere-slider-full":["https:\/\/www.euegeajans.com\/wp-content\/uploads\/2025\/04\/EUde-70.-Yil-Ilk-Ders-etkinlikleri-ile-mezunlar-ogrencilerle-bulusuyor-1-1280x720.jpeg",1280,720,true],"newsphere-featured":["https:\/\/www.euegeajans.com\/wp-content\/uploads\/2025\/04\/EUde-70.-Yil-Ilk-Ders-etkinlikleri-ile-mezunlar-ogrencilerle-bulusuyor-1-1024x683.jpeg",1024,683,true],"newsphere-medium":["https:\/\/www.euegeajans.com\/wp-content\/uploads\/2025\/04\/EUde-70.-Yil-Ilk-Ders-etkinlikleri-ile-mezunlar-ogrencilerle-bulusuyor-1-720x380.jpeg",720,380,true]},"author_info":{"display_name":"Editor","author_link":"https:\/\/www.euegeajans.com\/index.php\/author\/editor\/"},"category_info":"<a href=\"https:\/\/www.euegeajans.com\/index.php\/category\/70-yil\/\" rel=\"category tag\">70. Y\u0131l<\/a> <a href=\"https:\/\/www.euegeajans.com\/index.php\/category\/egitim\/\" rel=\"category tag\">E\u011fitim<\/a> <a href=\"https:\/\/www.euegeajans.com\/index.php\/category\/kampus\/\" rel=\"category tag\">Kamp\u00fcs<\/a>","tag_info":"Kamp\u00fcs","comment_count":"0","_links":{"self":[{"href":"https:\/\/www.euegeajans.com\/index.php\/wp-json\/wp\/v2\/posts\/27239","targetHints":{"allow":["GET"]}}],"collection":[{"href":"https:\/\/www.euegeajans.com\/index.php\/wp-json\/wp\/v2\/posts"}],"about":[{"href":"https:\/\/www.euegeajans.com\/index.php\/wp-json\/wp\/v2\/types\/post"}],"author":[{"embeddable":true,"href":"https:\/\/www.euegeajans.com\/index.php\/wp-json\/wp\/v2\/users\/2"}],"replies":[{"embeddable":true,"href":"https:\/\/www.euegeajans.com\/index.php\/wp-json\/wp\/v2\/comments?post=27239"}],"version-history":[{"count":1,"href":"https:\/\/www.euegeajans.com\/index.php\/wp-json\/wp\/v2\/posts\/27239\/revisions"}],"predecessor-version":[{"id":27245,"href":"https:\/\/www.euegeajans.com\/index.php\/wp-json\/wp\/v2\/posts\/27239\/revisions\/27245"}],"wp:featuredmedia":[{"embeddable":true,"href":"https:\/\/www.euegeajans.com\/index.php\/wp-json\/wp\/v2\/media\/27240"}],"wp:attachment":[{"href":"https:\/\/www.euegeajans.com\/index.php\/wp-json\/wp\/v2\/media?parent=27239"}],"wp:term":[{"taxonomy":"category","embeddable":true,"href":"https:\/\/www.euegeajans.com\/index.php\/wp-json\/wp\/v2\/categories?post=27239"},{"taxonomy":"post_tag","embeddable":true,"href":"https:\/\/www.euegeajans.com\/index.php\/wp-json\/wp\/v2\/tags?post=27239"}],"curies":[{"name":"wp","href":"https:\/\/api.w.org\/{rel}","templated":true}]}}