{"id":26586,"date":"2025-03-19T06:41:25","date_gmt":"2025-03-19T06:41:25","guid":{"rendered":"https:\/\/www.euegeajans.com\/?p=26586"},"modified":"2025-03-19T06:41:27","modified_gmt":"2025-03-19T06:41:27","slug":"egeli-bilim-ekibi-romatizmal-hastaliklarin-tedavi-surecini-destekleyen-termal-eldiven-gelistirdi","status":"publish","type":"post","link":"https:\/\/www.euegeajans.com\/index.php\/2025\/03\/19\/egeli-bilim-ekibi-romatizmal-hastaliklarin-tedavi-surecini-destekleyen-termal-eldiven-gelistirdi\/","title":{"rendered":"Egeli bilim ekibi romatizmal hastal\u0131klar\u0131n tedavi s\u00fcrecini destekleyen termal eldiven geli\u015ftirdi"},"content":{"rendered":"<p style=\"text-align: justify;\">Ege \u00dcniversitesi M\u00fchendislik Fak\u00fcltesi Tekstil M\u00fchendisli\u011fi B\u00f6l\u00fcm\u00fc \u00f6\u011fretim \u00fcyesi Do\u00e7. Dr. Mustafa Ertekin\u2019in y\u00fcr\u00fct\u00fcc\u00fcs\u00fc oldu\u011fu ve Prof. Dr. Arzu Marmaral\u0131, Prof. Dr. H\u00fcseyin Kado\u011flu ve Do\u00e7. Dr. G\u00f6zde Ertekin\u2019in ara\u015ft\u0131rmac\u0131 olarak yer ald\u0131\u011f\u0131 \u201cRomatizmal Hastal\u0131klarda So\u011fuktan Koruyacak Termal Medikal Eldiven Geli\u015ftirilmesi\u201d projesi kapsam\u0131nda termal medikal eldiven geli\u015ftirildi. \u00a0\u00d6zellikle so\u011fu\u011fa maruz kal\u0131nd\u0131\u011f\u0131nda ataklar\u0131n ve a\u011fr\u0131lar\u0131n \u015fiddetlendi\u011fi romatizmal hastal\u0131klarda, hastalar\u0131n ellerini so\u011fuktan koruyan, s\u0131cak tutma, nem iletme, nefes alabilme \u00f6zeli\u011fine sahip geli\u015ftirilen termal medikal eldivenler, ki\u015filerin ya\u015fam konforunu olumlu y\u00f6nde destekleyecek.<\/p>\n<p style=\"text-align: justify;\">Proje ekibini makam\u0131nda a\u011f\u0131rlayan Ege \u00dcniversitesi Prof. Dr. Necdet Budak, \u201cTam akredite, \u00f6\u011frenci odakl\u0131, sa\u011fl\u0131k temal\u0131 bir ara\u015ft\u0131rma \u00fcniversitesi olarak, bilim ve teknoloji alan\u0131nda yenilik\u00e7i \u00e7al\u0131\u015fmalar\u0131m\u0131z\u0131 s\u00fcrd\u00fcr\u00fcyoruz.\u00a0 Y\u00fcr\u00fct\u00fcc\u00fcl\u00fc\u011f\u00fcn\u00fc Do\u00e7. Dr. Mustafa Ertekin\u2019in yapt\u0131\u011f\u0131 proje kapsam\u0131nda romatizmal hastal\u0131klar\u0131n tedavi s\u00fcrecini destekleyen termal eldiven geli\u015ftirildi. Yenilik\u00e7i \u00fcr\u00fcn i\u00e7in de\u011ferli hocam\u0131z\u0131 ve ekibini tebrik ediyor, ba\u015far\u0131lar\u0131n\u0131n devam\u0131n\u0131 diliyorum\u201d diye konu\u015ftu.<\/p>\n<p style=\"text-align: justify;\">Proje hakk\u0131nda bilgi veren Do\u00e7. Dr. Mustafa Ertekin, \u201cReyno ve skleroderma hastal\u0131klar\u0131, el ve ayak parmaklar\u0131nda deri sertle\u015fmesiyle karakterize edilen ve \u00f6zellikle so\u011fu\u011fa maruz kal\u0131nd\u0131\u011f\u0131nda ataklar\u0131n \u015fiddetlendi\u011fi romatizmal hastal\u0131klardand\u0131r. Bu hastal\u0131klar i\u00e7in kesin bir tedavi y\u00f6ntemi bulunmamaktad\u0131r. Bu nedenle ellerin s\u0131cak tutulmas\u0131 b\u00fcy\u00fck bir \u00f6neme sahiptir. Hastalar\u0131n ellerini so\u011fuktan koruyacak, \u0131s\u0131y\u0131 muhafaza etme, nem iletme, nefes alabilme ve antibakteriyel \u00f6zelliklere sahip teknik ipliklerden veya bu ipliklerin kombinasyonundan \u00fcretilen hibrit ipliklerle termal medikal eldivenler tasarlanm\u0131\u015f ve \u00fcretilmi\u015ftir. Geli\u015ftirilen eldivenlerde ayr\u0131ca uzak k\u0131z\u0131l\u00f6tesi (FIR &#8211; Far Infrared Rays) \u0131\u015f\u0131n yayma \u00f6zelli\u011fine sahip iplikler kullan\u0131lm\u0131\u015ft\u0131r. FIR \u00f6zellikli iplikler, v\u00fccut taraf\u0131ndan yay\u0131lan \u0131s\u0131y\u0131 absorbe ederek geri yans\u0131t\u0131r ve mikro dola\u015f\u0131m\u0131 art\u0131rmaya yard\u0131mc\u0131 olur. Bu sayede kan ak\u0131\u015f\u0131n\u0131 destekleyerek so\u011fu\u011fa kar\u015f\u0131 koruma sa\u011flar ve \u00f6zellikle Reyno ve skleroderma hastalar\u0131nda g\u00f6r\u00fclen el ve ayak parmaklar\u0131ndaki so\u011fuk hassasiyetini azaltabilir. Ayr\u0131ca, FIR ipliklerinin kas gev\u015fetici ve a\u011fr\u0131 hafifletici etkileri oldu\u011fu bilinmektedir. Bu \u00f6zellikler, hastalar\u0131n konforunu art\u0131rmay\u0131 ve semptomlar\u0131n\u0131 hafifletmeyi ama\u00e7layan termal medikal eldivenlerin etkinli\u011fini desteklemektedir\u201d dedi.<\/p>\n","protected":false},"excerpt":{"rendered":"<p>Ege \u00dcniversitesi M\u00fchendislik Fak\u00fcltesi Tekstil M\u00fchendisli\u011fi B\u00f6l\u00fcm\u00fc \u00f6\u011fretim \u00fcyesi Do\u00e7. Dr. Mustafa Ertekin\u2019in y\u00fcr\u00fct\u00fcc\u00fcs\u00fc oldu\u011fu&#8230;<\/p>\n","protected":false},"author":2,"featured_media":26587,"comment_status":"open","ping_status":"open","sticky":false,"template":"","format":"standard","meta":{"footnotes":""},"categories":[69,99,1,70,68],"tags":[],"class_list":["post-26586","post","type-post","status-publish","format-standard","has-post-thumbnail","hentry","category-bilim","category-egitim","category-gncl","category-kampus","category-saglik"],"featured_image_urls":{"full":["https:\/\/www.euegeajans.com\/wp-content\/uploads\/2025\/03\/Doc.Dr_.Mustafa-Ertekin-Prof.-Dr.-Necdet-Budak-Doc.Dr_.Gozde-Ertekin.jpg",1500,1000,false],"thumbnail":["https:\/\/www.euegeajans.com\/wp-content\/uploads\/2025\/03\/Doc.Dr_.Mustafa-Ertekin-Prof.-Dr.-Necdet-Budak-Doc.Dr_.Gozde-Ertekin-150x150.jpg",150,150,true],"medium":["https:\/\/www.euegeajans.com\/wp-content\/uploads\/2025\/03\/Doc.Dr_.Mustafa-Ertekin-Prof.-Dr.-Necdet-Budak-Doc.Dr_.Gozde-Ertekin-300x200.jpg",300,200,true],"medium_large":["https:\/\/www.euegeajans.com\/wp-content\/uploads\/2025\/03\/Doc.Dr_.Mustafa-Ertekin-Prof.-Dr.-Necdet-Budak-Doc.Dr_.Gozde-Ertekin-768x512.jpg",640,427,true],"large":["https:\/\/www.euegeajans.com\/wp-content\/uploads\/2025\/03\/Doc.Dr_.Mustafa-Ertekin-Prof.-Dr.-Necdet-Budak-Doc.Dr_.Gozde-Ertekin-1024x683.jpg",640,427,true],"1536x1536":["https:\/\/www.euegeajans.com\/wp-content\/uploads\/2025\/03\/Doc.Dr_.Mustafa-Ertekin-Prof.-Dr.-Necdet-Budak-Doc.Dr_.Gozde-Ertekin.jpg",1500,1000,false],"2048x2048":["https:\/\/www.euegeajans.com\/wp-content\/uploads\/2025\/03\/Doc.Dr_.Mustafa-Ertekin-Prof.-Dr.-Necdet-Budak-Doc.Dr_.Gozde-Ertekin.jpg",1500,1000,false],"newsphere-slider-full":["https:\/\/www.euegeajans.com\/wp-content\/uploads\/2025\/03\/Doc.Dr_.Mustafa-Ertekin-Prof.-Dr.-Necdet-Budak-Doc.Dr_.Gozde-Ertekin-1280x720.jpg",1280,720,true],"newsphere-featured":["https:\/\/www.euegeajans.com\/wp-content\/uploads\/2025\/03\/Doc.Dr_.Mustafa-Ertekin-Prof.-Dr.-Necdet-Budak-Doc.Dr_.Gozde-Ertekin-1024x683.jpg",1024,683,true],"newsphere-medium":["https:\/\/www.euegeajans.com\/wp-content\/uploads\/2025\/03\/Doc.Dr_.Mustafa-Ertekin-Prof.-Dr.-Necdet-Budak-Doc.Dr_.Gozde-Ertekin-720x380.jpg",720,380,true]},"author_info":{"display_name":"Editor","author_link":"https:\/\/www.euegeajans.com\/index.php\/author\/editor\/"},"category_info":"<a href=\"https:\/\/www.euegeajans.com\/index.php\/category\/bilim\/\" rel=\"category tag\">Bilim<\/a> <a href=\"https:\/\/www.euegeajans.com\/index.php\/category\/egitim\/\" rel=\"category tag\">E\u011fitim<\/a> <a href=\"https:\/\/www.euegeajans.com\/index.php\/category\/gncl\/\" rel=\"category tag\">G\u00fcncel<\/a> <a href=\"https:\/\/www.euegeajans.com\/index.php\/category\/kampus\/\" rel=\"category tag\">Kamp\u00fcs<\/a> <a href=\"https:\/\/www.euegeajans.com\/index.php\/category\/saglik\/\" rel=\"category tag\">Sa\u011fl\u0131k<\/a>","tag_info":"Sa\u011fl\u0131k","comment_count":"0","_links":{"self":[{"href":"https:\/\/www.euegeajans.com\/index.php\/wp-json\/wp\/v2\/posts\/26586","targetHints":{"allow":["GET"]}}],"collection":[{"href":"https:\/\/www.euegeajans.com\/index.php\/wp-json\/wp\/v2\/posts"}],"about":[{"href":"https:\/\/www.euegeajans.com\/index.php\/wp-json\/wp\/v2\/types\/post"}],"author":[{"embeddable":true,"href":"https:\/\/www.euegeajans.com\/index.php\/wp-json\/wp\/v2\/users\/2"}],"replies":[{"embeddable":true,"href":"https:\/\/www.euegeajans.com\/index.php\/wp-json\/wp\/v2\/comments?post=26586"}],"version-history":[{"count":1,"href":"https:\/\/www.euegeajans.com\/index.php\/wp-json\/wp\/v2\/posts\/26586\/revisions"}],"predecessor-version":[{"id":26588,"href":"https:\/\/www.euegeajans.com\/index.php\/wp-json\/wp\/v2\/posts\/26586\/revisions\/26588"}],"wp:featuredmedia":[{"embeddable":true,"href":"https:\/\/www.euegeajans.com\/index.php\/wp-json\/wp\/v2\/media\/26587"}],"wp:attachment":[{"href":"https:\/\/www.euegeajans.com\/index.php\/wp-json\/wp\/v2\/media?parent=26586"}],"wp:term":[{"taxonomy":"category","embeddable":true,"href":"https:\/\/www.euegeajans.com\/index.php\/wp-json\/wp\/v2\/categories?post=26586"},{"taxonomy":"post_tag","embeddable":true,"href":"https:\/\/www.euegeajans.com\/index.php\/wp-json\/wp\/v2\/tags?post=26586"}],"curies":[{"name":"wp","href":"https:\/\/api.w.org\/{rel}","templated":true}]}}