{"id":26131,"date":"2025-02-27T07:22:43","date_gmt":"2025-02-27T07:22:43","guid":{"rendered":"https:\/\/www.euegeajans.com\/?p=26131"},"modified":"2025-02-27T07:22:45","modified_gmt":"2025-02-27T07:22:45","slug":"ege-universitesi-egekaf-2025teki-yerini-aldi","status":"publish","type":"post","link":"https:\/\/www.euegeajans.com\/index.php\/2025\/02\/27\/ege-universitesi-egekaf-2025teki-yerini-aldi\/","title":{"rendered":"Ege \u00dcniversitesi EGEKAF 2025\u2019teki yerini ald\u0131"},"content":{"rendered":"<p style=\"text-align: justify;\"><strong>Rekt\u00f6r Prof. Dr. Budak, E\u00dc stand\u0131nda gen\u00e7lerle bulu\u015ftu<\/strong><\/p>\n<p style=\"text-align: justify;\">Cumhurba\u015fkanl\u0131\u011f\u0131 \u0130nsan Kaynaklar\u0131 Ofisi himayesinde, \u00f6\u011frenci ve mezunlar\u0131n i\u015f hayat\u0131n\u0131 tan\u0131malar\u0131 ve istihdam edilebilirliklerinin art\u0131r\u0131lmas\u0131 amac\u0131yla ger\u00e7ekle\u015ftirilen Ege Kariyer Fuar\u0131 (EGEKAF) 2025, Manisa Celal Bayar \u00dcniversitesi ev sahipli\u011finde \u015eehzadeler Yerle\u015fkesinde kap\u0131lar\u0131n\u0131 ziyaret\u00e7ilerine a\u00e7t\u0131. A\u00e7\u0131l\u0131\u015f t\u00f6renine Cumhurba\u015fkanl\u0131\u011f\u0131 \u0130nsan Kaynaklar\u0131 Ofisi Ba\u015fkan\u0131 Do\u00e7. Dr. Salim Atay\u2019\u0131n yan\u0131 s\u0131ra il protokol\u00fc, \u00fcniversite rekt\u00f6rleri ve \u00e7ok say\u0131da \u00f6\u011frenci kat\u0131ld\u0131. Etkinli\u011fin 15 payda\u015f \u00fcniversitesinden biri olan Ege \u00dcniversitesi de a\u00e7t\u0131\u011f\u0131 stantla g\u00fc\u00e7l\u00fc bir \u015fekilde fuar alan\u0131ndaki yerini ald\u0131.<\/p>\n<p style=\"text-align: justify;\"><img loading=\"lazy\" decoding=\"async\" class=\"size-medium wp-image-26133 alignleft\" src=\"http:\/\/www.euegeajans.com\/wp-content\/uploads\/2025\/02\/Prof.Dr_.Necdet-Budak-300x200.jpeg\" alt=\"\" width=\"300\" height=\"200\" \/>Ger\u00e7ekle\u015ftirilen a\u00e7\u0131l\u0131\u015f t\u00f6reninin ard\u0131ndan yo\u011fun ilgi g\u00f6ren Ege \u00dcniversitesi stand\u0131nda \u00f6\u011frencilerle bir araya gelen Rekt\u00f6r Prof. Dr. Necdet Budak, \u201cB\u00f6lgede ilkini rekor kat\u0131l\u0131mla 2022 y\u0131l\u0131nda ger\u00e7ekle\u015ftirdi\u011fimiz EGEKAF kapsam\u0131nda bu y\u0131l Manisa Celal Bayar \u00dcniversitesi ev sahipli\u011finde \u00f6\u011frenciler ve sekt\u00f6r temsilcileriyle bulu\u015ftuk. \u00dcniversitemizin stand\u0131na yo\u011fun ilgi g\u00f6steren \u00f6\u011frencilerimizle kariyer hedefleri ve gelecek planlar\u0131 ile ilgili fikir al\u0131\u015fveri\u015finde bulunduk. Gen\u00e7lerimizin i\u015f hayat\u0131na at\u0131lmalar\u0131 i\u00e7in \u00f6nemli bir ad\u0131m olarak g\u00f6rd\u00fc\u011f\u00fcm bu etkinli\u011fin payda\u015f\u0131 olmaktan biz de ziyadesiyle mutluyuz. Eme\u011fi ge\u00e7en herkese te\u015fekk\u00fcr ediyorum\u201d dedi.<\/p>\n<p style=\"text-align: justify;\">EGEKAF\u2019\u0131n i\u015f d\u00fcnyas\u0131 ile \u00f6\u011frencileri bir araya getirdi\u011fini dile getiren Prof. Dr. Budak, \u201cEGEKAF kapsam\u0131nda m\u00fclakat sim\u00fclasyonlar\u0131, tan\u0131t\u0131m ve \u00f6zge\u00e7mi\u015f de\u011ferlendirme oturumlar\u0131, at\u00f6lye \u00e7al\u0131\u015fmalar\u0131 gibi etkinlikler ger\u00e7ekle\u015ftiriliyor. Fuar, gen\u00e7lerimize f\u0131rsat e\u015fitli\u011fi sunarak istihdam edilmelerine de destek sa\u011fl\u0131yor. Gen\u00e7ler ile i\u015fverenler ayn\u0131 platformda bulu\u015farak kar\u015f\u0131l\u0131kl\u0131 beklentilerini iletiyorlar. \u00d6\u011frenciler ve mezunlar i\u015f f\u0131rsat\u0131 yakalarken kurum ve kurulu\u015flar da nitelikli i\u015f g\u00fcc\u00fcne eri\u015fiyorlar. Bu bak\u0131mdan bir kez daha t\u00fcm gen\u00e7lerimizi EGEKAF\u2019a kariyer f\u0131rsatlar\u0131n\u0131 yakalamaya davet ediyorum\u201d diye konu\u015ftu.<\/p>\n<div id='gallery-1' class='gallery galleryid-26131 gallery-columns-5 gallery-size-medium'><figure class='gallery-item'>\n\t\t\t<div class='gallery-icon landscape'>\n\t\t\t\t<a href='https:\/\/www.euegeajans.com\/wp-content\/uploads\/2025\/02\/Ege-Universitesi-EGEKAF-2025teki-yerini-aldi-10.jpeg'><img loading=\"lazy\" decoding=\"async\" width=\"300\" height=\"200\" src=\"https:\/\/www.euegeajans.com\/wp-content\/uploads\/2025\/02\/Ege-Universitesi-EGEKAF-2025teki-yerini-aldi-10-300x200.jpeg\" class=\"attachment-medium size-medium\" alt=\"\" srcset=\"https:\/\/www.euegeajans.com\/wp-content\/uploads\/2025\/02\/Ege-Universitesi-EGEKAF-2025teki-yerini-aldi-10-300x200.jpeg 300w, https:\/\/www.euegeajans.com\/wp-content\/uploads\/2025\/02\/Ege-Universitesi-EGEKAF-2025teki-yerini-aldi-10-1024x683.jpeg 1024w, https:\/\/www.euegeajans.com\/wp-content\/uploads\/2025\/02\/Ege-Universitesi-EGEKAF-2025teki-yerini-aldi-10-768x512.jpeg 768w, https:\/\/www.euegeajans.com\/wp-content\/uploads\/2025\/02\/Ege-Universitesi-EGEKAF-2025teki-yerini-aldi-10.jpeg 1500w\" sizes=\"auto, (max-width: 300px) 100vw, 300px\" \/><\/a>\n\t\t\t<\/div><\/figure><figure class='gallery-item'>\n\t\t\t<div class='gallery-icon landscape'>\n\t\t\t\t<a href='https:\/\/www.euegeajans.com\/wp-content\/uploads\/2025\/02\/Ege-Universitesi-EGEKAF-2025teki-yerini-aldi-12.jpeg'><img loading=\"lazy\" decoding=\"async\" width=\"300\" height=\"200\" src=\"https:\/\/www.euegeajans.com\/wp-content\/uploads\/2025\/02\/Ege-Universitesi-EGEKAF-2025teki-yerini-aldi-12-300x200.jpeg\" class=\"attachment-medium size-medium\" alt=\"\" srcset=\"https:\/\/www.euegeajans.com\/wp-content\/uploads\/2025\/02\/Ege-Universitesi-EGEKAF-2025teki-yerini-aldi-12-300x200.jpeg 300w, https:\/\/www.euegeajans.com\/wp-content\/uploads\/2025\/02\/Ege-Universitesi-EGEKAF-2025teki-yerini-aldi-12-1024x683.jpeg 1024w, https:\/\/www.euegeajans.com\/wp-content\/uploads\/2025\/02\/Ege-Universitesi-EGEKAF-2025teki-yerini-aldi-12-768x512.jpeg 768w, https:\/\/www.euegeajans.com\/wp-content\/uploads\/2025\/02\/Ege-Universitesi-EGEKAF-2025teki-yerini-aldi-12.jpeg 1500w\" sizes=\"auto, (max-width: 300px) 100vw, 300px\" \/><\/a>\n\t\t\t<\/div><\/figure><figure class='gallery-item'>\n\t\t\t<div class='gallery-icon landscape'>\n\t\t\t\t<a href='https:\/\/www.euegeajans.com\/wp-content\/uploads\/2025\/02\/Ege-Universitesi-EGEKAF-2025teki-yerini-aldi-14.jpeg'><img loading=\"lazy\" decoding=\"async\" width=\"300\" height=\"200\" src=\"https:\/\/www.euegeajans.com\/wp-content\/uploads\/2025\/02\/Ege-Universitesi-EGEKAF-2025teki-yerini-aldi-14-300x200.jpeg\" class=\"attachment-medium size-medium\" alt=\"\" srcset=\"https:\/\/www.euegeajans.com\/wp-content\/uploads\/2025\/02\/Ege-Universitesi-EGEKAF-2025teki-yerini-aldi-14-300x200.jpeg 300w, https:\/\/www.euegeajans.com\/wp-content\/uploads\/2025\/02\/Ege-Universitesi-EGEKAF-2025teki-yerini-aldi-14-1024x683.jpeg 1024w, https:\/\/www.euegeajans.com\/wp-content\/uploads\/2025\/02\/Ege-Universitesi-EGEKAF-2025teki-yerini-aldi-14-768x512.jpeg 768w, https:\/\/www.euegeajans.com\/wp-content\/uploads\/2025\/02\/Ege-Universitesi-EGEKAF-2025teki-yerini-aldi-14.jpeg 1500w\" sizes=\"auto, (max-width: 300px) 100vw, 300px\" \/><\/a>\n\t\t\t<\/div><\/figure>\n\t\t<\/div>\n\n","protected":false},"excerpt":{"rendered":"<p>Rekt\u00f6r Prof. Dr. Budak, E\u00dc stand\u0131nda gen\u00e7lerle bulu\u015ftu Cumhurba\u015fkanl\u0131\u011f\u0131 \u0130nsan Kaynaklar\u0131 Ofisi himayesinde, \u00f6\u011frenci ve&#8230;<\/p>\n","protected":false},"author":2,"featured_media":0,"comment_status":"open","ping_status":"open","sticky":false,"template":"","format":"standard","meta":{"footnotes":""},"categories":[69,99,1],"tags":[],"class_list":["post-26131","post","type-post","status-publish","format-standard","hentry","category-bilim","category-egitim","category-gncl"],"featured_image_urls":{"full":"","thumbnail":"","medium":"","medium_large":"","large":"","1536x1536":"","2048x2048":"","newsphere-slider-full":"","newsphere-featured":"","newsphere-medium":""},"author_info":{"display_name":"Editor","author_link":"https:\/\/www.euegeajans.com\/index.php\/author\/editor\/"},"category_info":"<a href=\"https:\/\/www.euegeajans.com\/index.php\/category\/bilim\/\" rel=\"category tag\">Bilim<\/a> <a href=\"https:\/\/www.euegeajans.com\/index.php\/category\/egitim\/\" rel=\"category tag\">E\u011fitim<\/a> <a href=\"https:\/\/www.euegeajans.com\/index.php\/category\/gncl\/\" rel=\"category tag\">G\u00fcncel<\/a>","tag_info":"G\u00fcncel","comment_count":"0","_links":{"self":[{"href":"https:\/\/www.euegeajans.com\/index.php\/wp-json\/wp\/v2\/posts\/26131","targetHints":{"allow":["GET"]}}],"collection":[{"href":"https:\/\/www.euegeajans.com\/index.php\/wp-json\/wp\/v2\/posts"}],"about":[{"href":"https:\/\/www.euegeajans.com\/index.php\/wp-json\/wp\/v2\/types\/post"}],"author":[{"embeddable":true,"href":"https:\/\/www.euegeajans.com\/index.php\/wp-json\/wp\/v2\/users\/2"}],"replies":[{"embeddable":true,"href":"https:\/\/www.euegeajans.com\/index.php\/wp-json\/wp\/v2\/comments?post=26131"}],"version-history":[{"count":1,"href":"https:\/\/www.euegeajans.com\/index.php\/wp-json\/wp\/v2\/posts\/26131\/revisions"}],"predecessor-version":[{"id":26139,"href":"https:\/\/www.euegeajans.com\/index.php\/wp-json\/wp\/v2\/posts\/26131\/revisions\/26139"}],"wp:attachment":[{"href":"https:\/\/www.euegeajans.com\/index.php\/wp-json\/wp\/v2\/media?parent=26131"}],"wp:term":[{"taxonomy":"category","embeddable":true,"href":"https:\/\/www.euegeajans.com\/index.php\/wp-json\/wp\/v2\/categories?post=26131"},{"taxonomy":"post_tag","embeddable":true,"href":"https:\/\/www.euegeajans.com\/index.php\/wp-json\/wp\/v2\/tags?post=26131"}],"curies":[{"name":"wp","href":"https:\/\/api.w.org\/{rel}","templated":true}]}}