{"id":25741,"date":"2025-01-30T06:50:11","date_gmt":"2025-01-30T06:50:11","guid":{"rendered":"https:\/\/www.euegeajans.com\/?p=25741"},"modified":"2025-01-30T06:50:12","modified_gmt":"2025-01-30T06:50:12","slug":"eutfde-hem-lisans-programinin-hem-de-25-anabilim-dalinin-uzmanlik-egitiminin-kalitesi-tescillendi","status":"publish","type":"post","link":"https:\/\/www.euegeajans.com\/index.php\/2025\/01\/30\/eutfde-hem-lisans-programinin-hem-de-25-anabilim-dalinin-uzmanlik-egitiminin-kalitesi-tescillendi\/","title":{"rendered":"E\u00dcTF\u2019de hem lisans program\u0131n\u0131n hem de 25 anabilim dal\u0131n\u0131n uzmanl\u0131k e\u011fitiminin kalitesi tescillendi"},"content":{"rendered":"<p style=\"text-align: justify;\" align=\"center\"><b>Rekt\u00f6r Budak, \u201cT\u0131p Fak\u00fcltemiz,<\/b>\u00a0<b>global standartlarda kaliteli e\u011fitimi ile referans oluyor\u201d<\/b><\/p>\n<p style=\"text-align: justify;\">Ege \u00dcniversitesi T\u0131p Fak\u00fcltesinde hem lisans e\u011fitiminin hem de uzmanl\u0131k e\u011fitiminin kalitesi art\u0131r\u0131lmaya devam ediyor. T\u0131p E\u011fitimi Programlar\u0131n\u0131 De\u011ferlendirme ve Akreditasyon Derne\u011fi (TEPDAD) taraf\u0131ndan 2026 y\u0131l\u0131na kadar akredite edilen T\u00fcrkiye\u2019nin 8 t\u0131p fak\u00fcltesinden birisi olan Ege \u00dcniversitesi T\u0131p Fak\u00fcltesinde, 25 anabilim dal\u0131n\u0131n uzmanl\u0131k e\u011fitimi kaliteleri de kendi alanlar\u0131yla ilgili ulusal ve uluslararas\u0131 d\u00fczeyde, uzmanl\u0131k e\u011fitimi yeterlilik belgesi ile akreditasyon belgesi veren kurum ve\u00a0 kurulu\u015flar taraf\u0131ndan tescil edildi.<\/p>\n<p style=\"text-align: justify;\"><img loading=\"lazy\" decoding=\"async\" class=\"size-medium wp-image-25743 alignleft\" src=\"http:\/\/www.euegeajans.com\/wp-content\/uploads\/2025\/01\/Rektor-Budak-Tip-Fakultemiz-global-standartlarda-egitim-2-300x200.jpg\" alt=\"\" width=\"300\" height=\"200\" srcset=\"https:\/\/www.euegeajans.com\/wp-content\/uploads\/2025\/01\/Rektor-Budak-Tip-Fakultemiz-global-standartlarda-egitim-2-300x200.jpg 300w, https:\/\/www.euegeajans.com\/wp-content\/uploads\/2025\/01\/Rektor-Budak-Tip-Fakultemiz-global-standartlarda-egitim-2-1024x681.jpg 1024w, https:\/\/www.euegeajans.com\/wp-content\/uploads\/2025\/01\/Rektor-Budak-Tip-Fakultemiz-global-standartlarda-egitim-2-768x511.jpg 768w, https:\/\/www.euegeajans.com\/wp-content\/uploads\/2025\/01\/Rektor-Budak-Tip-Fakultemiz-global-standartlarda-egitim-2-1536x1021.jpg 1536w, https:\/\/www.euegeajans.com\/wp-content\/uploads\/2025\/01\/Rektor-Budak-Tip-Fakultemiz-global-standartlarda-egitim-2.jpg 1600w\" sizes=\"auto, (max-width: 300px) 100vw, 300px\" \/>Ege \u00dcniversitesi T\u0131p Fak\u00fcltesinde (E\u00dcTF); Anesteziyoloji ve Reanimasyon, \u00c7ocuk Cerrahisi, Genel Cerrahi, G\u00f6z Hastal\u0131klar\u0131, Kad\u0131n Hastal\u0131klar\u0131 ve Do\u011fum, Kalp ve Damar Cerrahisi, Kulak Burun ve Bo\u011faz Hastal\u0131klar\u0131, T\u0131bbi Patoloji, \u00c7ocuk Sa\u011fl\u0131\u011f\u0131 ve Hastal\u0131klar\u0131, Deri ve Z\u00fchrevi Hastal\u0131klar, Fizik Tedavi ve Rehabilitasyon, G\u00f6\u011f\u00fcs Hastal\u0131klar\u0131, Kardiyoloji, Radyasyon Onkolojisi, Histoloji ve Embriyoloji, \u00a0G\u00f6\u011f\u00fcs Cerrahisi Anabilim Dallar\u0131 ile \u00c7ocuk \u00dcrolojisi, Jinekolojik Onkoloji, Perinatoloji, \u00c7ocuk Endokrinoloji, \u00c7ocuk Hematolojisi ve Onkolojisi, \u0130\u00e7 Hastal\u0131klar Anabilim Dal\u0131 Endokrinoloji ve Metabolizma Hastal\u0131klar\u0131 bilim dallar\u0131n\u0131n uzmanl\u0131k e\u011fitimleri akreditasyon almaya hak kazand\u0131.<\/p>\n<p style=\"text-align: justify;\">Ege \u00dcniversitesi T\u0131p Fak\u00fcltesinin, t\u0131p e\u011fitiminde ve klinik ara\u015ft\u0131rmalarda\u00a0k\u00fcresel d\u00fczeyde referans g\u00f6sterilen bir e\u011fitim kurumu oldu\u011funu belirten Rekt\u00f6r Prof. Dr. Necdet Budak, \u201cT\u0131p Fak\u00fcltemiz,\u00a0 sundu\u011fu sa\u011fl\u0131k hizmetleriyle, donan\u0131ml\u0131 ve yetkin akademik kadrosuyla d\u00fcnyada referans g\u00f6sterilen akademik sa\u011fl\u0131k kurumlar\u0131 aras\u0131nda ilk s\u0131ralarda yer al\u0131yor. Bug\u00fcne kadar 15 binin \u00fczerinde t\u0131p doktoru mezun veren Fak\u00fcltemiz; t\u0131bbi geli\u015fmeleri ve teknolojileri yak\u0131ndan takip ederek,\u00a0hekim olmak isteyen gen\u00e7leri,\u00a0 \u00a0modern t\u0131bb\u0131n tecr\u00fcbeli ve donan\u0131ml\u0131 hekimlerinin \u00f6nc\u00fcl\u00fc\u011f\u00fcnde yeti\u015ftiriyor. Fak\u00fcltemiz, T\u00fcrkiye\u2019nin sa\u011fl\u0131k alan\u0131ndaki en \u00f6nemli markalar\u0131ndan birisi konumunda bulunuyor\u201d diye konu\u015ftu.<\/p>\n<p style=\"text-align: justify;\"><b>\u201cE\u011fitim programlar\u0131 uluslararas\u0131 standartlara uyumlu hale getirildi\u201d<\/b><\/p>\n<p style=\"text-align: justify;\"><img loading=\"lazy\" decoding=\"async\" class=\"size-medium wp-image-25744 alignright\" src=\"http:\/\/www.euegeajans.com\/wp-content\/uploads\/2025\/01\/Rektor-Budak-Tip-Fakultemiz-global-standartlarda-egitim-3-300x193.jpg\" alt=\"\" width=\"300\" height=\"193\" srcset=\"https:\/\/www.euegeajans.com\/wp-content\/uploads\/2025\/01\/Rektor-Budak-Tip-Fakultemiz-global-standartlarda-egitim-3-300x193.jpg 300w, https:\/\/www.euegeajans.com\/wp-content\/uploads\/2025\/01\/Rektor-Budak-Tip-Fakultemiz-global-standartlarda-egitim-3-1024x658.jpg 1024w, https:\/\/www.euegeajans.com\/wp-content\/uploads\/2025\/01\/Rektor-Budak-Tip-Fakultemiz-global-standartlarda-egitim-3-768x493.jpg 768w, https:\/\/www.euegeajans.com\/wp-content\/uploads\/2025\/01\/Rektor-Budak-Tip-Fakultemiz-global-standartlarda-egitim-3-1536x987.jpg 1536w, https:\/\/www.euegeajans.com\/wp-content\/uploads\/2025\/01\/Rektor-Budak-Tip-Fakultemiz-global-standartlarda-egitim-3.jpg 1600w\" sizes=\"auto, (max-width: 300px) 100vw, 300px\" \/>Akreditasyon s\u00fcrecinin bir ekip \u00e7al\u0131\u015fmas\u0131 oldu\u011funu ifade eden Rekt\u00f6r Prof. Dr. Necdet Budak, \u201cAkreditasyon, \u00fcniversitemizin sadece bug\u00fcn\u00fc i\u00e7in de\u011fil, gelece\u011fi i\u00e7in de kritik bir \u00f6neme sahip.\u00a0Akreditasyon, fak\u00fcltemizin uluslararas\u0131 alanda tan\u0131nd\u0131\u011f\u0131 ve g\u00fcvenilir bir e\u011fitim sundu\u011funun en \u00f6nemli g\u00f6stergelerinden biri. Akreditasyon s\u00fcreci, hem akademisyenlerimizin hem idari \u00e7al\u0131\u015fanlar\u0131m\u0131z\u0131n hem de \u00f6\u011frencilerimizin katk\u0131lar\u0131yla \u015fekillenen bir ekip \u00e7al\u0131\u015fmas\u0131. E\u011fitim \u00f6\u011fretimden ara\u015ft\u0131rma geli\u015ftirme, topluma hizmetten uluslararas\u0131la\u015fma ve dijitalle\u015fmeye, s\u00fcrd\u00fcr\u00fclebilirlikten kalite ve akreditasyona geni\u015f bir yelpazede \u00f6nemli \u00e7al\u0131\u015fmalara imza att\u0131k. Hem lisans hem de uzmanl\u0131k e\u011fitim programlar\u0131m\u0131z\u0131 uluslararas\u0131 standartlara uyumlu hale getirdik. Tam akredite, \u00f6\u011frenci odakl\u0131, sa\u011fl\u0131k temal\u0131, milli yenilik \u00f6d\u00fcll\u00fc \u00f6nc\u00fc ara\u015ft\u0131rma \u00fcniversitemizin en k\u00f6kl\u00fc akademik birimi olan T\u0131p Fak\u00fcltemiz TEPDAD taraf\u0131ndan 2026 y\u0131l\u0131na kadar 3 y\u0131ll\u0131\u011f\u0131na akredite edilen \u00fclkemizin 8 t\u0131p fak\u00fcltesi i\u00e7erisinde yer al\u0131yor. 2018 y\u0131l\u0131nda 5 anabilim dal\u0131m\u0131z\u0131n uzmanl\u0131k e\u011fitimi akreditasyonu bulunuyordu.\u00a0 Bug\u00fcn itibariyle 25 anabilim dal\u0131m\u0131z\u0131n uzmanl\u0131k e\u011fitimi akreditasyonu bulunuyor. Son d\u00f6nmede altyap\u0131 yat\u0131r\u0131mlar\u0131m\u0131z\u0131 art\u0131rd\u0131k.\u00a0 T\u0131p Fak\u00fcltesi Hastanemizin 30 y\u0131ld\u0131r yenilenmeyen cihaz altyap\u0131s\u0131n\u0131 son 7 y\u0131lda yakla\u015f\u0131k 868 Milyon TL\u2019lik cihaz yat\u0131r\u0131m\u0131 yaparak yeniledik. Hastanemizin b\u00fcy\u00fck bak\u0131m onar\u0131m\u0131na ise yakla\u015f\u0131k 352 Milyon TL\u2019lik yat\u0131r\u0131m yapt\u0131k. Sa\u011fl\u0131k Bakanl\u0131\u011f\u0131 Verimlilik ve Kalite Daire Ba\u015fkanl\u0131\u011f\u0131 taraf\u0131ndan yap\u0131lan de\u011ferlendirmelerde son 5 y\u0131lda puan\u0131n\u0131 56\u2019dan 96\u2019ya \u00e7\u0131kararak A plus Hastane oldu.\u00a0Akreditasyon ve kalite s\u00fcre\u00e7lerinde eme\u011fi ge\u00e7en t\u00fcm personelimize te\u015fekk\u00fcr ediyorum\u201d dedi.<\/p>\n","protected":false},"excerpt":{"rendered":"<p>Rekt\u00f6r Budak, \u201cT\u0131p Fak\u00fcltemiz,\u00a0global standartlarda kaliteli e\u011fitimi ile referans oluyor\u201d Ege \u00dcniversitesi T\u0131p Fak\u00fcltesinde hem&#8230;<\/p>\n","protected":false},"author":2,"featured_media":25742,"comment_status":"open","ping_status":"open","sticky":false,"template":"","format":"standard","meta":{"footnotes":""},"categories":[69,99,1,70,68],"tags":[],"class_list":["post-25741","post","type-post","status-publish","format-standard","has-post-thumbnail","hentry","category-bilim","category-egitim","category-gncl","category-kampus","category-saglik"],"featured_image_urls":{"full":["https:\/\/www.euegeajans.com\/wp-content\/uploads\/2025\/01\/Prof.-Dr.-Necdet-Budak-3.jpg",1600,1132,false],"thumbnail":["https:\/\/www.euegeajans.com\/wp-content\/uploads\/2025\/01\/Prof.-Dr.-Necdet-Budak-3-150x150.jpg",150,150,true],"medium":["https:\/\/www.euegeajans.com\/wp-content\/uploads\/2025\/01\/Prof.-Dr.-Necdet-Budak-3-300x212.jpg",300,212,true],"medium_large":["https:\/\/www.euegeajans.com\/wp-content\/uploads\/2025\/01\/Prof.-Dr.-Necdet-Budak-3-768x543.jpg",640,453,true],"large":["https:\/\/www.euegeajans.com\/wp-content\/uploads\/2025\/01\/Prof.-Dr.-Necdet-Budak-3-1024x724.jpg",640,453,true],"1536x1536":["https:\/\/www.euegeajans.com\/wp-content\/uploads\/2025\/01\/Prof.-Dr.-Necdet-Budak-3-1536x1087.jpg",1536,1087,true],"2048x2048":["https:\/\/www.euegeajans.com\/wp-content\/uploads\/2025\/01\/Prof.-Dr.-Necdet-Budak-3.jpg",1600,1132,false],"newsphere-slider-full":["https:\/\/www.euegeajans.com\/wp-content\/uploads\/2025\/01\/Prof.-Dr.-Necdet-Budak-3-1280x720.jpg",1280,720,true],"newsphere-featured":["https:\/\/www.euegeajans.com\/wp-content\/uploads\/2025\/01\/Prof.-Dr.-Necdet-Budak-3-1024x724.jpg",1024,724,true],"newsphere-medium":["https:\/\/www.euegeajans.com\/wp-content\/uploads\/2025\/01\/Prof.-Dr.-Necdet-Budak-3-720x380.jpg",720,380,true]},"author_info":{"display_name":"Editor","author_link":"https:\/\/www.euegeajans.com\/index.php\/author\/editor\/"},"category_info":"<a href=\"https:\/\/www.euegeajans.com\/index.php\/category\/bilim\/\" rel=\"category tag\">Bilim<\/a> <a href=\"https:\/\/www.euegeajans.com\/index.php\/category\/egitim\/\" rel=\"category tag\">E\u011fitim<\/a> <a href=\"https:\/\/www.euegeajans.com\/index.php\/category\/gncl\/\" rel=\"category tag\">G\u00fcncel<\/a> <a href=\"https:\/\/www.euegeajans.com\/index.php\/category\/kampus\/\" rel=\"category tag\">Kamp\u00fcs<\/a> <a href=\"https:\/\/www.euegeajans.com\/index.php\/category\/saglik\/\" rel=\"category tag\">Sa\u011fl\u0131k<\/a>","tag_info":"Sa\u011fl\u0131k","comment_count":"0","_links":{"self":[{"href":"https:\/\/www.euegeajans.com\/index.php\/wp-json\/wp\/v2\/posts\/25741","targetHints":{"allow":["GET"]}}],"collection":[{"href":"https:\/\/www.euegeajans.com\/index.php\/wp-json\/wp\/v2\/posts"}],"about":[{"href":"https:\/\/www.euegeajans.com\/index.php\/wp-json\/wp\/v2\/types\/post"}],"author":[{"embeddable":true,"href":"https:\/\/www.euegeajans.com\/index.php\/wp-json\/wp\/v2\/users\/2"}],"replies":[{"embeddable":true,"href":"https:\/\/www.euegeajans.com\/index.php\/wp-json\/wp\/v2\/comments?post=25741"}],"version-history":[{"count":1,"href":"https:\/\/www.euegeajans.com\/index.php\/wp-json\/wp\/v2\/posts\/25741\/revisions"}],"predecessor-version":[{"id":25745,"href":"https:\/\/www.euegeajans.com\/index.php\/wp-json\/wp\/v2\/posts\/25741\/revisions\/25745"}],"wp:featuredmedia":[{"embeddable":true,"href":"https:\/\/www.euegeajans.com\/index.php\/wp-json\/wp\/v2\/media\/25742"}],"wp:attachment":[{"href":"https:\/\/www.euegeajans.com\/index.php\/wp-json\/wp\/v2\/media?parent=25741"}],"wp:term":[{"taxonomy":"category","embeddable":true,"href":"https:\/\/www.euegeajans.com\/index.php\/wp-json\/wp\/v2\/categories?post=25741"},{"taxonomy":"post_tag","embeddable":true,"href":"https:\/\/www.euegeajans.com\/index.php\/wp-json\/wp\/v2\/tags?post=25741"}],"curies":[{"name":"wp","href":"https:\/\/api.w.org\/{rel}","templated":true}]}}