{"id":25693,"date":"2025-01-24T05:00:00","date_gmt":"2025-01-24T05:00:00","guid":{"rendered":"https:\/\/www.euegeajans.com\/?p=25693"},"modified":"2025-01-24T06:49:12","modified_gmt":"2025-01-24T06:49:12","slug":"ege-universitesinde-gemi-adami-istihdam-edilecek","status":"publish","type":"post","link":"https:\/\/www.euegeajans.com\/index.php\/2025\/01\/24\/ege-universitesinde-gemi-adami-istihdam-edilecek\/","title":{"rendered":"Ege \u00dcniversitesinde \u201cGemi Adam\u0131\u201d istihdam edilecek"},"content":{"rendered":"<p style=\"text-align: justify;\">Ege \u00dcniversitesinin, Resmi Gazete \u2019de yay\u0131mlanan Gemi Adam\u0131 Al\u0131m ilan\u0131na Kariyer Kap\u0131s\u0131 \u00fczerinden yap\u0131lan ba\u015fvurular mevzuat kapsam\u0131nda incelenerek, ba\u015fvurusu ge\u00e7erli say\u0131lan adaylara y\u00f6nelik yaz\u0131l\u0131, s\u00f6zl\u00fc ve uygulamal\u0131 s\u0131nav ger\u00e7ekle\u015ftirildi.<\/p>\n<p style=\"text-align: justify;\"><img loading=\"lazy\" decoding=\"async\" class=\"size-medium wp-image-25695 alignleft\" src=\"http:\/\/www.euegeajans.com\/wp-content\/uploads\/2025\/01\/Ege-Universitesi-Sozlesmeli-Gemi-Adami-Istihdami-2-300x222.jpeg\" alt=\"\" width=\"300\" height=\"222\" \/>Ege \u00dcniversitesi Rekt\u00f6r Yard\u0131mc\u0131s\u0131 Prof. Dr. Mehmet Ersan ba\u015fkanl\u0131\u011f\u0131nda olu\u015fturulan komisyon \u00fcyeleri taraf\u0131ndan ba\u015fvurusu ge\u00e7erli olan adaylara Personel Daire Ba\u015fkanl\u0131\u011f\u0131 ve \u00d6l\u00e7me De\u011ferlendirme Uygulama ve Ara\u015ft\u0131rma Merkezi i\u015f birli\u011fi ile Edebiyat Fak\u00fcltesinde yaz\u0131l\u0131, s\u00f6zl\u00fc ve uygulamal\u0131 s\u0131nav yap\u0131ld\u0131.<\/p>\n<p style=\"text-align: justify;\">S\u0131navlar sonucunda ba\u015far\u0131l\u0131 olan asil listede yer alan adaylar hakk\u0131nda g\u00fcvenlik soru\u015fturmas\u0131 ve ar\u015fiv ara\u015ft\u0131rmas\u0131 yap\u0131lacak. G\u00fcvenlik soru\u015fturmas\u0131 ve ar\u015fiv ara\u015ft\u0131rmas\u0131 sonucuna g\u00f6re atama i\u015flemi tesis edilecek.<\/p>\n<p style=\"text-align: justify;\">Ege \u00dcniversitesi Rekt\u00f6r\u00fc Prof. Dr. Necdet Budak, s\u0131nav\u0131n ba\u015far\u0131yla tamamlanmas\u0131nda eme\u011fi ge\u00e7enlere g\u00f6sterdikleri \u00f6zverili \u00e7al\u0131\u015fmalar\u0131ndan dolay\u0131 te\u015fekk\u00fcr etti.<\/p>\n<p style=\"text-align: justify;\">\n","protected":false},"excerpt":{"rendered":"<p>Ege \u00dcniversitesinin, Resmi Gazete \u2019de yay\u0131mlanan Gemi Adam\u0131 Al\u0131m ilan\u0131na Kariyer Kap\u0131s\u0131 \u00fczerinden yap\u0131lan ba\u015fvurular&#8230;<\/p>\n","protected":false},"author":2,"featured_media":25694,"comment_status":"open","ping_status":"open","sticky":false,"template":"","format":"standard","meta":{"footnotes":""},"categories":[69,99,1,70],"tags":[],"class_list":["post-25693","post","type-post","status-publish","format-standard","has-post-thumbnail","hentry","category-bilim","category-egitim","category-gncl","category-kampus"],"featured_image_urls":{"full":["https:\/\/www.euegeajans.com\/wp-content\/uploads\/2025\/01\/Ege-Universitesi-Sozlesmeli-Gemi-Adami-Istihdami-1.jpeg",1536,1237,false],"thumbnail":["https:\/\/www.euegeajans.com\/wp-content\/uploads\/2025\/01\/Ege-Universitesi-Sozlesmeli-Gemi-Adami-Istihdami-1-150x150.jpeg",150,150,true],"medium":["https:\/\/www.euegeajans.com\/wp-content\/uploads\/2025\/01\/Ege-Universitesi-Sozlesmeli-Gemi-Adami-Istihdami-1-300x242.jpeg",300,242,true],"medium_large":["https:\/\/www.euegeajans.com\/wp-content\/uploads\/2025\/01\/Ege-Universitesi-Sozlesmeli-Gemi-Adami-Istihdami-1-768x619.jpeg",640,516,true],"large":["https:\/\/www.euegeajans.com\/wp-content\/uploads\/2025\/01\/Ege-Universitesi-Sozlesmeli-Gemi-Adami-Istihdami-1-1024x825.jpeg",640,516,true],"1536x1536":["https:\/\/www.euegeajans.com\/wp-content\/uploads\/2025\/01\/Ege-Universitesi-Sozlesmeli-Gemi-Adami-Istihdami-1.jpeg",1536,1237,false],"2048x2048":["https:\/\/www.euegeajans.com\/wp-content\/uploads\/2025\/01\/Ege-Universitesi-Sozlesmeli-Gemi-Adami-Istihdami-1.jpeg",1536,1237,false],"newsphere-slider-full":["https:\/\/www.euegeajans.com\/wp-content\/uploads\/2025\/01\/Ege-Universitesi-Sozlesmeli-Gemi-Adami-Istihdami-1-1280x720.jpeg",1280,720,true],"newsphere-featured":["https:\/\/www.euegeajans.com\/wp-content\/uploads\/2025\/01\/Ege-Universitesi-Sozlesmeli-Gemi-Adami-Istihdami-1-1024x825.jpeg",1024,825,true],"newsphere-medium":["https:\/\/www.euegeajans.com\/wp-content\/uploads\/2025\/01\/Ege-Universitesi-Sozlesmeli-Gemi-Adami-Istihdami-1-720x380.jpeg",720,380,true]},"author_info":{"display_name":"Editor","author_link":"https:\/\/www.euegeajans.com\/index.php\/author\/editor\/"},"category_info":"<a href=\"https:\/\/www.euegeajans.com\/index.php\/category\/bilim\/\" rel=\"category tag\">Bilim<\/a> <a href=\"https:\/\/www.euegeajans.com\/index.php\/category\/egitim\/\" rel=\"category tag\">E\u011fitim<\/a> <a href=\"https:\/\/www.euegeajans.com\/index.php\/category\/gncl\/\" rel=\"category tag\">G\u00fcncel<\/a> <a href=\"https:\/\/www.euegeajans.com\/index.php\/category\/kampus\/\" rel=\"category tag\">Kamp\u00fcs<\/a>","tag_info":"Kamp\u00fcs","comment_count":"0","_links":{"self":[{"href":"https:\/\/www.euegeajans.com\/index.php\/wp-json\/wp\/v2\/posts\/25693","targetHints":{"allow":["GET"]}}],"collection":[{"href":"https:\/\/www.euegeajans.com\/index.php\/wp-json\/wp\/v2\/posts"}],"about":[{"href":"https:\/\/www.euegeajans.com\/index.php\/wp-json\/wp\/v2\/types\/post"}],"author":[{"embeddable":true,"href":"https:\/\/www.euegeajans.com\/index.php\/wp-json\/wp\/v2\/users\/2"}],"replies":[{"embeddable":true,"href":"https:\/\/www.euegeajans.com\/index.php\/wp-json\/wp\/v2\/comments?post=25693"}],"version-history":[{"count":1,"href":"https:\/\/www.euegeajans.com\/index.php\/wp-json\/wp\/v2\/posts\/25693\/revisions"}],"predecessor-version":[{"id":25696,"href":"https:\/\/www.euegeajans.com\/index.php\/wp-json\/wp\/v2\/posts\/25693\/revisions\/25696"}],"wp:featuredmedia":[{"embeddable":true,"href":"https:\/\/www.euegeajans.com\/index.php\/wp-json\/wp\/v2\/media\/25694"}],"wp:attachment":[{"href":"https:\/\/www.euegeajans.com\/index.php\/wp-json\/wp\/v2\/media?parent=25693"}],"wp:term":[{"taxonomy":"category","embeddable":true,"href":"https:\/\/www.euegeajans.com\/index.php\/wp-json\/wp\/v2\/categories?post=25693"},{"taxonomy":"post_tag","embeddable":true,"href":"https:\/\/www.euegeajans.com\/index.php\/wp-json\/wp\/v2\/tags?post=25693"}],"curies":[{"name":"wp","href":"https:\/\/api.w.org\/{rel}","templated":true}]}}