{"id":25532,"date":"2025-01-14T04:12:00","date_gmt":"2025-01-14T04:12:00","guid":{"rendered":"https:\/\/www.euegeajans.com\/?p=25532"},"modified":"2025-01-14T07:13:59","modified_gmt":"2025-01-14T07:13:59","slug":"ege-universitesi-karbon-ayak-izinin-azaltilmasinda-ornek-universite-olacak","status":"publish","type":"post","link":"https:\/\/www.euegeajans.com\/index.php\/2025\/01\/14\/ege-universitesi-karbon-ayak-izinin-azaltilmasinda-ornek-universite-olacak\/","title":{"rendered":"Ege \u00dcniversitesi \u2018Karbon Ayak \u0130zi\u2019nin azalt\u0131lmas\u0131nda \u00f6rnek \u00fcniversite olacak"},"content":{"rendered":"<p style=\"text-align: justify;\" align=\"right\">Eslem T\u00fcrko\u011flu \u2013 Elif Su G\u00f6ksu \u2013 Ahmet \u015eat<\/p>\n<p style=\"text-align: justify;\">K\u00fcresel iklim krizinde pay sahibi olan karbon ayak izini azaltmak i\u00e7in d\u00fcnya genelinde \u00e7al\u0131\u015fmalar yap\u0131l\u0131yor. Ege \u00dcniversitesi \u00c7evre Sorunlar\u0131 Uygulama ve Ara\u015ft\u0131rma Merkezi (\u00c7EVMER) de \u00fcniversite b\u00fcnyesinde karbon ayak izi hakk\u0131nda fark\u0131ndal\u0131k olu\u015fturmay\u0131 s\u00fcrd\u00fcr\u00fcyor. Karbon ayak izi ile ilgili \u00e7al\u0131\u015fmalar y\u00fcr\u00fcten \u00c7EVMER Ar\u015f. G\u00f6r. Dr. S. Tu\u011f\u00e7e Kalkan, konu hakk\u0131nda bilgiler verdi.<\/p>\n<p style=\"text-align: justify;\"><img loading=\"lazy\" decoding=\"async\" class=\"size-medium wp-image-25534 alignleft\" src=\"http:\/\/www.euegeajans.com\/wp-content\/uploads\/2025\/01\/Ars-Gor-Dr-Tugce-Kalkan-1-300x200.jpg\" alt=\"\" width=\"300\" height=\"200\" srcset=\"https:\/\/www.euegeajans.com\/wp-content\/uploads\/2025\/01\/Ars-Gor-Dr-Tugce-Kalkan-1-300x200.jpg 300w, https:\/\/www.euegeajans.com\/wp-content\/uploads\/2025\/01\/Ars-Gor-Dr-Tugce-Kalkan-1-1024x683.jpg 1024w, https:\/\/www.euegeajans.com\/wp-content\/uploads\/2025\/01\/Ars-Gor-Dr-Tugce-Kalkan-1-768x512.jpg 768w, https:\/\/www.euegeajans.com\/wp-content\/uploads\/2025\/01\/Ars-Gor-Dr-Tugce-Kalkan-1.jpg 1500w\" sizes=\"auto, (max-width: 300px) 100vw, 300px\" \/>Karbon ayak izi kavram\u0131n\u0131 a\u00e7\u0131klayan Ar\u015f. G\u00f6r. Dr. S. Tu\u011f\u00e7e Kalkan, \u201cGer\u00e7ekle\u015ftirmi\u015f oldu\u011fumuz t\u00fcm faaliyetler sonucunda ortaya \u00e7\u0131kan sera gazlar\u0131 vard\u0131r. Bu sera gazlar\u0131n\u0131n en \u00f6nemlisi karbondioksittir. Bunun d\u0131\u015f\u0131nda metan, azotoksitler ve di\u011fer zararl\u0131 gazlar da mevcuttur. Karbon ayak izi dememizdeki neden, yapt\u0131\u011f\u0131m\u0131z bir faaliyet sonucunda ortaya \u00e7\u0131kard\u0131\u011f\u0131m\u0131z sera gazlar\u0131n\u0131n asl\u0131nda karbondioksit e\u015f de\u011feri cinsinden a\u00e7\u0131klamakt\u0131r. \u00d6rne\u011fin, araba kullan\u0131rken ya da u\u00e7a\u011fa bindi\u011fimizde ortaya sera gazlar\u0131 \u00e7\u0131k\u0131yor. Bu sera gazlar\u0131n\u0131n k\u00fcresel \u0131s\u0131nmaya olan etkilerinin karbondioksit e\u015fde\u011ferine d\u00f6n\u00fc\u015ft\u00fcr\u00fclm\u00fc\u015f hallerini topluyoruz ve toplamda karbon ayak izini hesaplam\u0131\u015f oluyoruz\u201d dedi.<\/p>\n<p style=\"text-align: justify;\"><b>\u201cKarbon ayak izini hesaplayan testler var\u201d<\/b><\/p>\n<p style=\"text-align: justify;\">Karbon ayak izini azaltmak i\u00e7in bireysel olarak insanlar\u0131n yapabileceklerine de\u011finen Ar\u015f. G\u00f6r. Dr. Kalkan, \u201cKarbon ayak izini azaltabilmemiz i\u00e7in \u00f6nce ne kadar ayak izimiz oldu\u011funu bilmemiz gerekir. Bunu bilebilmek i\u00e7in de \u00f6l\u00e7mek gerekir. Bireysel olarak insanlar\u0131n karbon ayak izini hesaplayabilece\u011fi testler mevcut. Bu testler, sizin ya\u015fam bi\u00e7iminize g\u00f6re verdi\u011finiz cevaplarla karbon ayak izinizi \u00f6l\u00e7\u00fcyor ve karbon ayak izinizi azaltmak i\u00e7in sizin ya\u015fam tarz\u0131n\u0131z\u0131 de\u011fi\u015ftirecek \u015fekilde size \u00f6zel \u00f6nerilerde bulunuyor.\u00a0 \u00d6rne\u011fin; \u00e7ok fazla et t\u00fcketiyorsan\u0131z, bu t\u00fcketimi azaltman\u0131z\u0131 \u00f6neriyor\u201d diye konu\u015ftu.<\/p>\n<p style=\"text-align: justify;\">D\u00fcnyada \u00fcniversitelerin de karbon ayak izini azaltmak i\u00e7in faaliyetler y\u00fcr\u00fctt\u00fc\u011f\u00fcn\u00fc belirten Ar\u015f. G\u00f6r. Dr. Kalkan, \u201c\u00dcniversitemizin de 8 y\u0131ld\u0131r kat\u0131l\u0131m sa\u011flad\u0131\u011f\u0131 GreenMetric \u2018Ye\u015fil \u00dcniversiteler S\u0131ralamas\u0131\u2019 var. 6 ba\u015fl\u0131kta \u00fcniversiteler de\u011ferlendiriliyor. \u00dcniversitemiz, 1477 \u00fcniversite aras\u0131ndan 88\u2019inci s\u0131rada yer ald\u0131.\u00a0 Bu s\u0131ralama kapsam\u0131nda de\u011ferlendirmeler yap\u0131p her y\u0131l \u00f6n\u00fcm\u00fcze bir yol haritas\u0131 \u00e7\u0131kart\u0131yoruz. Bu harita sonucunda eksikliklerimize y\u00f6nelik faaliyetler yaparak kendimizi geli\u015ftirmeye ve karbon ayak izimizi azaltmaya \u00e7al\u0131\u015f\u0131yoruz\u201d dedi.<\/p>\n<p style=\"text-align: justify;\"><b>\u201c\u00d6rnek kamp\u00fcs olma yolunda ilerliyoruz\u201d<\/b><\/p>\n<p style=\"text-align: justify;\"><img loading=\"lazy\" decoding=\"async\" class=\"size-medium wp-image-25535 alignright\" src=\"http:\/\/www.euegeajans.com\/wp-content\/uploads\/2025\/01\/EU-Greenmetricte-88inci-siraya-yukselerek-Turkiye-ve-Ege-3-300x200.jpg\" alt=\"\" width=\"300\" height=\"200\" srcset=\"https:\/\/www.euegeajans.com\/wp-content\/uploads\/2025\/01\/EU-Greenmetricte-88inci-siraya-yukselerek-Turkiye-ve-Ege-3-300x200.jpg 300w, https:\/\/www.euegeajans.com\/wp-content\/uploads\/2025\/01\/EU-Greenmetricte-88inci-siraya-yukselerek-Turkiye-ve-Ege-3-1024x684.jpg 1024w, https:\/\/www.euegeajans.com\/wp-content\/uploads\/2025\/01\/EU-Greenmetricte-88inci-siraya-yukselerek-Turkiye-ve-Ege-3-768x513.jpg 768w, https:\/\/www.euegeajans.com\/wp-content\/uploads\/2025\/01\/EU-Greenmetricte-88inci-siraya-yukselerek-Turkiye-ve-Ege-3-1536x1027.jpg 1536w, https:\/\/www.euegeajans.com\/wp-content\/uploads\/2025\/01\/EU-Greenmetricte-88inci-siraya-yukselerek-Turkiye-ve-Ege-3.jpg 1616w\" sizes=\"auto, (max-width: 300px) 100vw, 300px\" \/>Ege \u00dcniversitesinin karbon ayak izi azaltmaya y\u00f6nelik faaliyetlerinden bahseden Ar\u015f. G\u00f6r. Dr. Kalkan, \u201cEge \u00dcniversitesinin kamp\u00fcs\u00fcnde yenilenebilir enerji \u00e7al\u0131\u015fmas\u0131 yap\u0131lacak ve kamp\u00fcs\u00fcm\u00fcz bu konuda \u00f6rnek kamp\u00fcs olacak. Ayr\u0131ca ya\u011fmur suyu hasad\u0131n\u0131 yayg\u0131nla\u015ft\u0131rmaya, at\u0131klar\u0131m\u0131z\u0131 ay\u0131r\u0131p bunlar\u0131 d\u00fczenli \u015fekilde y\u00f6netmeye \u00e7al\u0131\u015f\u0131yoruz. \u00d6\u011frencilerin fark\u0131ndal\u0131\u011f\u0131n\u0131 art\u0131rmak i\u00e7in s\u0131f\u0131r at\u0131k seminerleri, sertifika programlar\u0131 yap\u0131yoruz. \u00d6\u011frenci Konseyi, Biyoloji Toplulu\u011fu gibi topluluklarla da i\u015f birli\u011fi yap\u0131p faaliyetler ve etkinlikler y\u00fcr\u00fct\u00fcyoruz\u201d diye konu\u015ftu.<\/p>\n<p style=\"text-align: justify;\">Karbon ayak izinin \u00fclkelerin ekonomik geli\u015fmi\u015flik seviyesiyle alakal\u0131 oldu\u011funa dikkat \u00e7eken Ar\u015f. G\u00f6r. Dr. Kalkan, \u201cEkonomik geli\u015fmi\u015flikle alakal\u0131 olarak Amerika ve \u00c7in, karbon ayak izinin en y\u00fcksek oldu\u011fu \u00fclkelerin ba\u015f\u0131ndayken T\u00fcrkiye 13\u2019\u00fcnc\u00fc s\u0131rada bulunuyor. \u00dclkelerin karbon ayak izinin y\u00fcksek olmas\u0131, t\u00fcketimle ilgili ve bununla alakal\u0131 \u00e7al\u0131\u015fmalar y\u00fcr\u00fct\u00fcl\u00fcyor. D\u00fcnyada da iklim de\u011fi\u015fikli\u011fi ile ilgili \u00e7al\u0131\u015f\u0131l\u0131yor. T\u00fcrkiye\u2019de \u00c7evre, \u015eehircilik ve \u0130klim Bakanl\u0131\u011f\u0131\u2019n\u0131n \u2018\u0130klim De\u011fi\u015fikli\u011fine Uyum Stratejisi Ve Eylem Plan\u0131\u2019 var.\u00a0 Paris \u0130klim Anla\u015fmas\u0131\u2019nda yer verildi\u011fi gibi d\u00fcnyan\u0131n ortalama s\u0131cakl\u0131k art\u0131\u015f\u0131n\u0131 2 santigrat dereceye ula\u015ft\u0131r\u0131lmamas\u0131 i\u00e7in \u00e7aba harcan\u0131yor ancak \u015fimdiden 1,5 dereceyi a\u015ft\u0131k. Bu nedenle bizler sorumlu bireyler olarak k\u00fc\u00e7\u00fck ya\u015fam tarz\u0131 de\u011fi\u015fiklikleriyle elimizden gelenin en iyisini yapmaya \u00e7al\u0131\u015fmal\u0131y\u0131z\u201d dedi.<\/p>\n","protected":false},"excerpt":{"rendered":"<p>Eslem T\u00fcrko\u011flu \u2013 Elif Su G\u00f6ksu \u2013 Ahmet \u015eat K\u00fcresel iklim krizinde pay sahibi olan&#8230;<\/p>\n","protected":false},"author":2,"featured_media":25533,"comment_status":"open","ping_status":"open","sticky":false,"template":"","format":"standard","meta":{"footnotes":""},"categories":[99,1,11,70],"tags":[],"class_list":["post-25532","post","type-post","status-publish","format-standard","has-post-thumbnail","hentry","category-egitim","category-gncl","category-haber","category-kampus"],"featured_image_urls":{"full":["https:\/\/www.euegeajans.com\/wp-content\/uploads\/2025\/01\/EGE-Greenmetric.jpeg",1600,888,false],"thumbnail":["https:\/\/www.euegeajans.com\/wp-content\/uploads\/2025\/01\/EGE-Greenmetric-150x150.jpeg",150,150,true],"medium":["https:\/\/www.euegeajans.com\/wp-content\/uploads\/2025\/01\/EGE-Greenmetric-300x167.jpeg",300,167,true],"medium_large":["https:\/\/www.euegeajans.com\/wp-content\/uploads\/2025\/01\/EGE-Greenmetric-768x426.jpeg",640,355,true],"large":["https:\/\/www.euegeajans.com\/wp-content\/uploads\/2025\/01\/EGE-Greenmetric-1024x568.jpeg",640,355,true],"1536x1536":["https:\/\/www.euegeajans.com\/wp-content\/uploads\/2025\/01\/EGE-Greenmetric-1536x852.jpeg",1536,852,true],"2048x2048":["https:\/\/www.euegeajans.com\/wp-content\/uploads\/2025\/01\/EGE-Greenmetric.jpeg",1600,888,false],"newsphere-slider-full":["https:\/\/www.euegeajans.com\/wp-content\/uploads\/2025\/01\/EGE-Greenmetric-1280x720.jpeg",1280,720,true],"newsphere-featured":["https:\/\/www.euegeajans.com\/wp-content\/uploads\/2025\/01\/EGE-Greenmetric-1024x568.jpeg",1024,568,true],"newsphere-medium":["https:\/\/www.euegeajans.com\/wp-content\/uploads\/2025\/01\/EGE-Greenmetric-720x380.jpeg",720,380,true]},"author_info":{"display_name":"Editor","author_link":"https:\/\/www.euegeajans.com\/index.php\/author\/editor\/"},"category_info":"<a href=\"https:\/\/www.euegeajans.com\/index.php\/category\/egitim\/\" rel=\"category tag\">E\u011fitim<\/a> <a href=\"https:\/\/www.euegeajans.com\/index.php\/category\/gncl\/\" rel=\"category tag\">G\u00fcncel<\/a> <a href=\"https:\/\/www.euegeajans.com\/index.php\/category\/haber\/\" rel=\"category tag\">Haber<\/a> <a href=\"https:\/\/www.euegeajans.com\/index.php\/category\/kampus\/\" rel=\"category tag\">Kamp\u00fcs<\/a>","tag_info":"Kamp\u00fcs","comment_count":"0","_links":{"self":[{"href":"https:\/\/www.euegeajans.com\/index.php\/wp-json\/wp\/v2\/posts\/25532","targetHints":{"allow":["GET"]}}],"collection":[{"href":"https:\/\/www.euegeajans.com\/index.php\/wp-json\/wp\/v2\/posts"}],"about":[{"href":"https:\/\/www.euegeajans.com\/index.php\/wp-json\/wp\/v2\/types\/post"}],"author":[{"embeddable":true,"href":"https:\/\/www.euegeajans.com\/index.php\/wp-json\/wp\/v2\/users\/2"}],"replies":[{"embeddable":true,"href":"https:\/\/www.euegeajans.com\/index.php\/wp-json\/wp\/v2\/comments?post=25532"}],"version-history":[{"count":1,"href":"https:\/\/www.euegeajans.com\/index.php\/wp-json\/wp\/v2\/posts\/25532\/revisions"}],"predecessor-version":[{"id":25536,"href":"https:\/\/www.euegeajans.com\/index.php\/wp-json\/wp\/v2\/posts\/25532\/revisions\/25536"}],"wp:featuredmedia":[{"embeddable":true,"href":"https:\/\/www.euegeajans.com\/index.php\/wp-json\/wp\/v2\/media\/25533"}],"wp:attachment":[{"href":"https:\/\/www.euegeajans.com\/index.php\/wp-json\/wp\/v2\/media?parent=25532"}],"wp:term":[{"taxonomy":"category","embeddable":true,"href":"https:\/\/www.euegeajans.com\/index.php\/wp-json\/wp\/v2\/categories?post=25532"},{"taxonomy":"post_tag","embeddable":true,"href":"https:\/\/www.euegeajans.com\/index.php\/wp-json\/wp\/v2\/tags?post=25532"}],"curies":[{"name":"wp","href":"https:\/\/api.w.org\/{rel}","templated":true}]}}