{"id":25188,"date":"2024-12-26T04:26:00","date_gmt":"2024-12-26T04:26:00","guid":{"rendered":"https:\/\/www.euegeajans.com\/?p=25188"},"modified":"2024-12-26T07:29:01","modified_gmt":"2024-12-26T07:29:01","slug":"eude-siir-seruveni-turk-bitigi-siir-dinletisi","status":"publish","type":"post","link":"https:\/\/www.euegeajans.com\/index.php\/2024\/12\/26\/eude-siir-seruveni-turk-bitigi-siir-dinletisi\/","title":{"rendered":"E\u00dc\u2019de \u015eiir Ser\u00fcveni: \u201cT\u00fcrk Biti\u011fi \u015eiir Dinletisi\u201d"},"content":{"rendered":"<p style=\"text-align: justify;\" align=\"right\">Zeynep G\u00fcrb\u00fcz-Kardelen Hepsabuncular<\/p>\n<p style=\"text-align: justify;\">Ege \u00dcniversitesi (E\u00dc) Edebiyat Fak\u00fcltesi ile E\u00dc T\u00fcrk Biti\u011fi Toplulu\u011fu i\u015f birli\u011finde \u201c\u015eiirin Ser\u00fcveni: T\u00fcrk Biti\u011fi \u015eiir Dinletisi\u201d ba\u015fl\u0131kl\u0131 etkinlik d\u00fczenlendi. \u00a0\u00a0Etkinlik Edebiyat Fak\u00fcltesi Dekan Yard\u0131mc\u0131s\u0131 Dr. \u00d6\u011fretim \u00dcyesi Semih \u00c7\u0131nar, Edebiyat Fak\u00fcltesi T\u00fcrk Dili ve Edebiyat\u0131 B\u00f6l\u00fcm Ba\u015fkan\u0131 Prof. Dr. Selami Fedak\u00e2r, T\u00fcrk Dili ve Edebiyat\u0131 \u00f6\u011fretim \u00fcyeleri Prof. Dr. \u015eerife \u00c7a\u011f\u0131n, Prof. Dr. Faz\u0131l G\u00f6k\u00e7ek, Dr. \u00d6\u011fr. \u00dcyesi M\u00fcberra Ba\u011fc\u0131, T\u00fcrk D\u00fcnyas\u0131 Enstit\u00fcs\u00fc T\u00fcrk Halk Bilimi ABD \u00f6\u011fretim \u00fcyelerinden Prof. Dr. P\u0131nar Fedakar, T\u00fcrk Biti\u011fi Toplulu\u011fu akademik dan\u0131\u015fmanlar\u0131 Do\u00e7. Dr. Y\u0131lmaz \u00d6zkaya ve Ar\u015f. G\u00f6r. Arzu Acar, akademisyenler ve \u00f6\u011frencilerin kat\u0131l\u0131mlar\u0131yla ger\u00e7ekle\u015fti. T\u00fcrk Biti\u011fi Toplulu\u011fu \u00fcyeleri, etkinlikte T\u00fcrk \u015fiir tarihinin ge\u00e7i\u015f a\u015famalar\u0131na dikkat ederek seslendirdi; kimi eserler ise icra edildi.<\/p>\n<p style=\"text-align: justify;\"><img loading=\"lazy\" decoding=\"async\" class=\"size-medium wp-image-25190 alignright\" src=\"http:\/\/www.euegeajans.com\/wp-content\/uploads\/2024\/12\/EGE_7408-300x200.jpg\" alt=\"\" width=\"300\" height=\"200\" \/>Etkinli\u011fin d\u00fczenlenmesinden duydu\u011fu memnuniyeti dile getiren Prof. Dr. Faz\u0131l G\u00f6k\u00e7ek,\u00a0Bahattin Karako\u00e7\u2019un bir \u015fiirini okuyup okudu\u011fu m\u0131sralara istinaden \u201c\u0130htilal de\u011fi\u015fim demektir. Sizler bu etkinlikle benim ruh halimi de\u011fi\u015ftirdiniz. Bir ihtilal yapt\u0131n\u0131z. Hepinize te\u015fekk\u00fcr ediyorum\u201d diye konu\u015ftu.<\/p>\n<p style=\"text-align: justify;\">T\u00fcrk Biti\u011fi Toplulu\u011fu Ba\u015fkan\u0131 \u0130rem Demir, \u201cBug\u00fcn sizi \u015fiir tarihinde bir ser\u00fcvene \u00e7\u0131karmak istedik. T\u00fcrk Biti\u011fi Toplulu\u011fu her g\u00fcn b\u00fcy\u00fcyor. Bu etkinlik i\u00e7in destek veren hocalar\u0131ma ve \u00f6zveriyle \u00e7al\u0131\u015fan arkada\u015flar\u0131ma te\u015fekk\u00fcr ediyorum. Daha g\u00fczel etkinliklerle sanatseverlerle bulu\u015fmaya devam edece\u011fiz\u201d dedi.<\/p>\n<p style=\"text-align: justify;\">Etkinlik kapsam\u0131nda E\u00dc T\u00fcrk Dili ve Edebiyat\u0131 B\u00f6l\u00fcm\u00fc \u00f6\u011frencileri Elif Do\u011fan ve Lerzan Dilara Soyg\u00fcder, Apr\u0131n\u00e7ur Tigin\u2019in \u2018A\u015fk\u2019 \u015fiirini \u00f6nce yaz\u0131ld\u0131\u011f\u0131 haliyle, sonra da g\u00fcn\u00fcm\u00fcz T\u00fcrk\u00e7esi ile seslendirdiler. T\u00fcrk Biti\u011fi Toplulu\u011fu Korosu, Fuzuli\u2019nin Kantatas\u0131\u2019na ses verdi. E\u00dc Eczac\u0131l\u0131k B\u00f6l\u00fcm\u00fc mezunu Armin Moshfeghifar ise \u015eehriyar\u2019\u0131n \u2018Fani\u2019 adl\u0131 \u015fiirini anadilinde okudu.<\/p>\n<p style=\"text-align: justify;\">\u00a0Her biri, \u015fiirin ser\u00fcveninin d\u00f6nemlerinden bir par\u00e7ay\u0131 dinleyicilerle bulu\u015fturan \u00f6\u011frenciler ve koro \u00fcyeleri; Sevgili At\u0131\u015fmas\u0131, Devlet T\u00fcrk Musikisi Konservatuar Fak\u00fcltesi \u00f6\u011frencilerinden Ali Turan G\u00fcltekin ve \u00d6ndercan Duran\u2019\u0131n Karacao\u011flan eserini ba\u011flama ile icras\u0131, Hem\u015firelik B\u00f6l\u00fcm\u00fc son s\u0131n\u0131f \u00f6\u011frencisi Burak Kara\u2019n\u0131n g\u00fcftesi \u015fair Nefi\u2019ye ait olan Esti Nesim-i Nev-bahar icras\u0131 ile etkinli\u011fi s\u00fcrd\u00fcrd\u00fc. Tevfik Fikret\u2019in Ya\u011fmur adl\u0131 \u015fiiri T\u00fcrk Dili ve Edebiyat\u0131 B\u00f6l\u00fcm\u00fc doktora \u00f6\u011frencilerinden Orkun \u00d6za\u015f\u0131k taraf\u0131ndan seslendirildi. Bunun devam\u0131nda Ahmet Ha\u015fim, Mehmet Akif Ersoy, Cahit S\u0131tk\u0131 Taranc\u0131, H\u00fcseyin Nihal Ats\u0131z, Attila \u0130lhan, Cemal S\u00fcreya ve Birhan Keskin \u015fiirlerine \u015fiir tarihindeki s\u0131ralamas\u0131yla yer verildi.<\/p>\n<p style=\"text-align: justify;\">Etkinlik sonunda kat\u0131l\u0131mc\u0131lara te\u015fekk\u00fcr belgelerini E\u00dc Edebiyat Fak\u00fcltesi Dekan Yard\u0131mc\u0131s\u0131 Dr. \u00d6\u011fr. \u00dcye. Semih \u00c7\u0131nar, Prof. Dr. Faz\u0131l G\u00f6k\u00e7ek, Prof. Dr. \u015eerife \u00c7a\u011f\u0131n ve Do\u00e7. Dr. Y\u0131lmaz \u00d6zkaya takdim etti.<\/p>\n<div id='gallery-1' class='gallery galleryid-25188 gallery-columns-6 gallery-size-medium'><figure class='gallery-item'>\n\t\t\t<div class='gallery-icon landscape'>\n\t\t\t\t<a href='https:\/\/www.euegeajans.com\/index.php\/2024\/12\/26\/eude-siir-seruveni-turk-bitigi-siir-dinletisi\/ege_7342\/'><img loading=\"lazy\" decoding=\"async\" width=\"300\" height=\"200\" src=\"https:\/\/www.euegeajans.com\/wp-content\/uploads\/2024\/12\/EGE_7342-300x200.jpg\" class=\"attachment-medium size-medium\" alt=\"\" srcset=\"https:\/\/www.euegeajans.com\/wp-content\/uploads\/2024\/12\/EGE_7342-300x200.jpg 300w, https:\/\/www.euegeajans.com\/wp-content\/uploads\/2024\/12\/EGE_7342-1024x683.jpg 1024w, https:\/\/www.euegeajans.com\/wp-content\/uploads\/2024\/12\/EGE_7342-768x512.jpg 768w, https:\/\/www.euegeajans.com\/wp-content\/uploads\/2024\/12\/EGE_7342.jpg 1500w\" sizes=\"auto, (max-width: 300px) 100vw, 300px\" \/><\/a>\n\t\t\t<\/div><\/figure><figure class='gallery-item'>\n\t\t\t<div class='gallery-icon landscape'>\n\t\t\t\t<a href='https:\/\/www.euegeajans.com\/index.php\/2024\/12\/26\/eude-siir-seruveni-turk-bitigi-siir-dinletisi\/ege_7346\/'><img loading=\"lazy\" decoding=\"async\" width=\"300\" height=\"200\" src=\"https:\/\/www.euegeajans.com\/wp-content\/uploads\/2024\/12\/EGE_7346-300x200.jpg\" class=\"attachment-medium size-medium\" alt=\"\" srcset=\"https:\/\/www.euegeajans.com\/wp-content\/uploads\/2024\/12\/EGE_7346-300x200.jpg 300w, https:\/\/www.euegeajans.com\/wp-content\/uploads\/2024\/12\/EGE_7346-1024x683.jpg 1024w, https:\/\/www.euegeajans.com\/wp-content\/uploads\/2024\/12\/EGE_7346-768x512.jpg 768w, https:\/\/www.euegeajans.com\/wp-content\/uploads\/2024\/12\/EGE_7346.jpg 1500w\" sizes=\"auto, (max-width: 300px) 100vw, 300px\" \/><\/a>\n\t\t\t<\/div><\/figure><figure class='gallery-item'>\n\t\t\t<div class='gallery-icon landscape'>\n\t\t\t\t<a href='https:\/\/www.euegeajans.com\/index.php\/2024\/12\/26\/eude-siir-seruveni-turk-bitigi-siir-dinletisi\/ege_7361\/'><img loading=\"lazy\" decoding=\"async\" width=\"300\" height=\"200\" src=\"https:\/\/www.euegeajans.com\/wp-content\/uploads\/2024\/12\/EGE_7361-300x200.jpg\" class=\"attachment-medium size-medium\" alt=\"\" srcset=\"https:\/\/www.euegeajans.com\/wp-content\/uploads\/2024\/12\/EGE_7361-300x200.jpg 300w, https:\/\/www.euegeajans.com\/wp-content\/uploads\/2024\/12\/EGE_7361-1024x683.jpg 1024w, https:\/\/www.euegeajans.com\/wp-content\/uploads\/2024\/12\/EGE_7361-768x512.jpg 768w, https:\/\/www.euegeajans.com\/wp-content\/uploads\/2024\/12\/EGE_7361.jpg 1500w\" sizes=\"auto, (max-width: 300px) 100vw, 300px\" \/><\/a>\n\t\t\t<\/div><\/figure><figure class='gallery-item'>\n\t\t\t<div class='gallery-icon landscape'>\n\t\t\t\t<a href='https:\/\/www.euegeajans.com\/index.php\/2024\/12\/26\/eude-siir-seruveni-turk-bitigi-siir-dinletisi\/ege_7376\/'><img loading=\"lazy\" decoding=\"async\" width=\"300\" height=\"200\" src=\"https:\/\/www.euegeajans.com\/wp-content\/uploads\/2024\/12\/EGE_7376-300x200.jpg\" class=\"attachment-medium size-medium\" alt=\"\" srcset=\"https:\/\/www.euegeajans.com\/wp-content\/uploads\/2024\/12\/EGE_7376-300x200.jpg 300w, https:\/\/www.euegeajans.com\/wp-content\/uploads\/2024\/12\/EGE_7376-1024x683.jpg 1024w, https:\/\/www.euegeajans.com\/wp-content\/uploads\/2024\/12\/EGE_7376-768x512.jpg 768w, https:\/\/www.euegeajans.com\/wp-content\/uploads\/2024\/12\/EGE_7376.jpg 1500w\" sizes=\"auto, (max-width: 300px) 100vw, 300px\" \/><\/a>\n\t\t\t<\/div><\/figure><figure class='gallery-item'>\n\t\t\t<div class='gallery-icon landscape'>\n\t\t\t\t<a href='https:\/\/www.euegeajans.com\/index.php\/2024\/12\/26\/eude-siir-seruveni-turk-bitigi-siir-dinletisi\/ege_7429\/'><img loading=\"lazy\" decoding=\"async\" width=\"300\" height=\"200\" src=\"https:\/\/www.euegeajans.com\/wp-content\/uploads\/2024\/12\/EGE_7429-300x200.jpg\" class=\"attachment-medium size-medium\" alt=\"\" srcset=\"https:\/\/www.euegeajans.com\/wp-content\/uploads\/2024\/12\/EGE_7429-300x200.jpg 300w, https:\/\/www.euegeajans.com\/wp-content\/uploads\/2024\/12\/EGE_7429-1024x683.jpg 1024w, https:\/\/www.euegeajans.com\/wp-content\/uploads\/2024\/12\/EGE_7429-768x512.jpg 768w, https:\/\/www.euegeajans.com\/wp-content\/uploads\/2024\/12\/EGE_7429.jpg 1500w\" sizes=\"auto, (max-width: 300px) 100vw, 300px\" \/><\/a>\n\t\t\t<\/div><\/figure>\n\t\t<\/div>\n\n","protected":false},"excerpt":{"rendered":"<p>Zeynep G\u00fcrb\u00fcz-Kardelen Hepsabuncular Ege \u00dcniversitesi (E\u00dc) Edebiyat Fak\u00fcltesi ile E\u00dc T\u00fcrk Biti\u011fi Toplulu\u011fu i\u015f birli\u011finde&#8230;<\/p>\n","protected":false},"author":2,"featured_media":0,"comment_status":"open","ping_status":"open","sticky":false,"template":"","format":"standard","meta":{"footnotes":""},"categories":[99,1,70],"tags":[],"class_list":["post-25188","post","type-post","status-publish","format-standard","hentry","category-egitim","category-gncl","category-kampus"],"featured_image_urls":{"full":"","thumbnail":"","medium":"","medium_large":"","large":"","1536x1536":"","2048x2048":"","newsphere-slider-full":"","newsphere-featured":"","newsphere-medium":""},"author_info":{"display_name":"Editor","author_link":"https:\/\/www.euegeajans.com\/index.php\/author\/editor\/"},"category_info":"<a href=\"https:\/\/www.euegeajans.com\/index.php\/category\/egitim\/\" rel=\"category tag\">E\u011fitim<\/a> <a href=\"https:\/\/www.euegeajans.com\/index.php\/category\/gncl\/\" rel=\"category tag\">G\u00fcncel<\/a> <a href=\"https:\/\/www.euegeajans.com\/index.php\/category\/kampus\/\" rel=\"category tag\">Kamp\u00fcs<\/a>","tag_info":"Kamp\u00fcs","comment_count":"0","_links":{"self":[{"href":"https:\/\/www.euegeajans.com\/index.php\/wp-json\/wp\/v2\/posts\/25188","targetHints":{"allow":["GET"]}}],"collection":[{"href":"https:\/\/www.euegeajans.com\/index.php\/wp-json\/wp\/v2\/posts"}],"about":[{"href":"https:\/\/www.euegeajans.com\/index.php\/wp-json\/wp\/v2\/types\/post"}],"author":[{"embeddable":true,"href":"https:\/\/www.euegeajans.com\/index.php\/wp-json\/wp\/v2\/users\/2"}],"replies":[{"embeddable":true,"href":"https:\/\/www.euegeajans.com\/index.php\/wp-json\/wp\/v2\/comments?post=25188"}],"version-history":[{"count":1,"href":"https:\/\/www.euegeajans.com\/index.php\/wp-json\/wp\/v2\/posts\/25188\/revisions"}],"predecessor-version":[{"id":25203,"href":"https:\/\/www.euegeajans.com\/index.php\/wp-json\/wp\/v2\/posts\/25188\/revisions\/25203"}],"wp:attachment":[{"href":"https:\/\/www.euegeajans.com\/index.php\/wp-json\/wp\/v2\/media?parent=25188"}],"wp:term":[{"taxonomy":"category","embeddable":true,"href":"https:\/\/www.euegeajans.com\/index.php\/wp-json\/wp\/v2\/categories?post=25188"},{"taxonomy":"post_tag","embeddable":true,"href":"https:\/\/www.euegeajans.com\/index.php\/wp-json\/wp\/v2\/tags?post=25188"}],"curies":[{"name":"wp","href":"https:\/\/api.w.org\/{rel}","templated":true}]}}