{"id":25134,"date":"2024-12-24T06:53:36","date_gmt":"2024-12-24T06:53:36","guid":{"rendered":"https:\/\/www.euegeajans.com\/?p=25134"},"modified":"2024-12-24T06:53:38","modified_gmt":"2024-12-24T06:53:38","slug":"ege-universitesinden-onemli-iki-is-birligi-protokolu-daha","status":"publish","type":"post","link":"https:\/\/www.euegeajans.com\/index.php\/2024\/12\/24\/ege-universitesinden-onemli-iki-is-birligi-protokolu-daha\/","title":{"rendered":"Ege \u00dcniversitesinden \u00f6nemli iki i\u015f birli\u011fi protokol\u00fc daha"},"content":{"rendered":"<p style=\"text-align: justify;\">E\u00dc\u2019de \u00a0\u2018\u00dcniversite-Sanayi\u2019 i\u015f birli\u011fi protokolleri devam ediyor<\/p>\n<p style=\"text-align: justify;\"><img loading=\"lazy\" decoding=\"async\" class=\"size-medium wp-image-25135 alignleft\" src=\"http:\/\/www.euegeajans.com\/wp-content\/uploads\/2024\/12\/EUde-Universite-Sanayi-is-birligi-protokolleri-devam-ediyor-1-300x200.jpg\" alt=\"\" width=\"300\" height=\"200\" srcset=\"https:\/\/www.euegeajans.com\/wp-content\/uploads\/2024\/12\/EUde-Universite-Sanayi-is-birligi-protokolleri-devam-ediyor-1-300x200.jpg 300w, https:\/\/www.euegeajans.com\/wp-content\/uploads\/2024\/12\/EUde-Universite-Sanayi-is-birligi-protokolleri-devam-ediyor-1-1024x682.jpg 1024w, https:\/\/www.euegeajans.com\/wp-content\/uploads\/2024\/12\/EUde-Universite-Sanayi-is-birligi-protokolleri-devam-ediyor-1-768x512.jpg 768w, https:\/\/www.euegeajans.com\/wp-content\/uploads\/2024\/12\/EUde-Universite-Sanayi-is-birligi-protokolleri-devam-ediyor-1-1536x1023.jpg 1536w, https:\/\/www.euegeajans.com\/wp-content\/uploads\/2024\/12\/EUde-Universite-Sanayi-is-birligi-protokolleri-devam-ediyor-1.jpg 1600w\" sizes=\"auto, (max-width: 300px) 100vw, 300px\" \/>Ege \u00dcniversitesi taraf\u0131ndan y\u00fcr\u00fct\u00fclen \u00fcniversite-sanayi i\u015f birli\u011fi \u00e7al\u0131\u015fmalar\u0131na her ge\u00e7en g\u00fcn yeni bir halka daha ekleniyor. \u0130mzalanan protokoller ile \u00fcniversite-sanayi ortak \u00e7al\u0131\u015fma k\u00fclt\u00fcr\u00fcne ivme kazand\u0131r\u0131l\u0131yor. \u00dcniversite-Sanayi i\u015f birli\u011fi kapsam\u0131nda, Ege \u00dcniversitesi (E\u00dc) Ege Meslek Y\u00fcksekokulu (EMYO) ile \u0130zmir \u0130novasyon ve Teknolojileri A\u015e ve \u0130mbat So\u011futma A\u015e aras\u0131nda \u00f6\u011frencilere teknoloji ve bili\u015fim alan\u0131nda staj ve istihdam olanaklar\u0131 ve uygulamal\u0131 e\u011fitim imk\u00e2n\u0131 sa\u011flamay\u0131 ama\u00e7layan i\u015f birli\u011fi protokol\u00fc imzaland\u0131. Ege \u00dcniversitesi Rekt\u00f6r\u00fc Prof. Dr. Necdet Budak, \u201cTam akredite, \u00f6\u011frenci odakl\u0131, sa\u011fl\u0131k temal\u0131 bir ara\u015ft\u0131rma \u00fcniversitesi olarak \u00fcniversite-sanayi i\u015f birli\u011fi halkam\u0131za yenilerini ekliyoruz. Bu kapsamda bug\u00fcn iki yeni i\u015f birli\u011fi protokol\u00fc imzaland\u0131. \u00d6\u011frencilerimize teknoloji ve bili\u015fim alan\u0131nda staj ve istihdam olanaklar\u0131 sunmay\u0131, uygulamal\u0131 e\u011fitim imk\u00e2nlar\u0131 sa\u011flamay\u0131 ama\u00e7layan protokollerin hay\u0131rl\u0131 olmas\u0131n\u0131 diliyorum\u201d dedi.<\/p>\n<p style=\"text-align: justify;\"><strong>\u0130lk protokol EMYO ile \u0130mbat So\u011futma firmas\u0131 aras\u0131nda imzaland\u0131 <\/strong><\/p>\n<p style=\"text-align: justify;\"><img loading=\"lazy\" decoding=\"async\" class=\"size-medium wp-image-25138 alignright\" src=\"http:\/\/www.euegeajans.com\/wp-content\/uploads\/2024\/12\/EUde-Universite-Sanayi-is-birligi-protokolleri-devam-ediyor-4-300x188.jpg\" alt=\"\" width=\"300\" height=\"188\" srcset=\"https:\/\/www.euegeajans.com\/wp-content\/uploads\/2024\/12\/EUde-Universite-Sanayi-is-birligi-protokolleri-devam-ediyor-4-300x188.jpg 300w, https:\/\/www.euegeajans.com\/wp-content\/uploads\/2024\/12\/EUde-Universite-Sanayi-is-birligi-protokolleri-devam-ediyor-4-1024x643.jpg 1024w, https:\/\/www.euegeajans.com\/wp-content\/uploads\/2024\/12\/EUde-Universite-Sanayi-is-birligi-protokolleri-devam-ediyor-4-768x482.jpg 768w, https:\/\/www.euegeajans.com\/wp-content\/uploads\/2024\/12\/EUde-Universite-Sanayi-is-birligi-protokolleri-devam-ediyor-4-1536x965.jpg 1536w, https:\/\/www.euegeajans.com\/wp-content\/uploads\/2024\/12\/EUde-Universite-Sanayi-is-birligi-protokolleri-devam-ediyor-4.jpg 1600w\" sizes=\"auto, (max-width: 300px) 100vw, 300px\" \/>E\u00dc Ege Meslek Y\u00fcksekokulu, \u00fcniversite-sanayi i\u015f birli\u011fi modeline katk\u0131 sa\u011flamak ve \u00f6\u011frencilerine sekt\u00f6rle daha yak\u0131n bir ba\u011f kurma imkan\u0131 sunmak amac\u0131yla, sekt\u00f6r\u00fcn \u00f6nc\u00fc firmalar\u0131ndan \u0130mbat So\u011futma A\u015e ile \u00f6nemli bir i\u015f birli\u011fi protokol\u00fcne imza att\u0131. Protokol kapsam\u0131nda, Ege Meslek Y\u00fcksekokulu \u00f6\u011frencilerine staj ve istihdam olanaklar\u0131, uygulamal\u0131 e\u011fitim projeleri ve sekt\u00f6rel deneyim payla\u015f\u0131m\u0131 gibi pek \u00e7ok f\u0131rsat sunulacak. Bu i\u015f birli\u011fi sayesinde, \u00f6\u011frencilerin mesleki bilgi ve becerilerinin geli\u015fmesine katk\u0131 sa\u011flanarak, i\u015f d\u00fcnyas\u0131na donan\u0131ml\u0131 bireyler olarak haz\u0131rlanmas\u0131 hedefleniyor. Ege \u00dcniversitesi Senato Salonunda ger\u00e7ekle\u015ftirilen imza t\u00f6renine, Ege \u00dcniversitesi Rekt\u00f6r Yard\u0131mc\u0131s\u0131 Prof. Dr. Mehmet Ersan, Ege Meslek Y\u00fcksekokulu M\u00fcd\u00fcr\u00fc Prof. Dr. Emre Ercan, \u0130mbat So\u011futma A.\u015e. Genel M\u00fcd\u00fcr Yard\u0131mc\u0131s\u0131 Arel Arsoy ve \u0130nsan Kaynaklar\u0131 ve \u0130dari \u0130\u015fler M\u00fcd\u00fcr\u00fc M\u00fcge Erdo\u011fan kat\u0131ld\u0131. Protokol\u00fcn, Ege Meslek Y\u00fcksekokulu \u00f6\u011frencilerinin uygulamal\u0131 e\u011fitim s\u00fcre\u00e7lerini zenginle\u015ftirmesi ve sekt\u00f6re nitelikli i\u015f g\u00fcc\u00fc kazand\u0131r\u0131lmas\u0131 a\u00e7\u0131s\u0131ndan \u00f6nemli bir ad\u0131m olmas\u0131 bekleniyor.<\/p>\n<p><strong>\u201cEMYO ile \u0130zmir \u0130novasyon A\u015e ortak projeler geli\u015ftirecek\u201d<\/strong><\/p>\n<p style=\"text-align: justify;\"><img loading=\"lazy\" decoding=\"async\" class=\"size-medium wp-image-25136 alignleft\" src=\"http:\/\/www.euegeajans.com\/wp-content\/uploads\/2024\/12\/EUde-Universite-Sanayi-is-birligi-protokolleri-devam-ediyor-2-300x200.jpg\" alt=\"\" width=\"300\" height=\"200\" srcset=\"https:\/\/www.euegeajans.com\/wp-content\/uploads\/2024\/12\/EUde-Universite-Sanayi-is-birligi-protokolleri-devam-ediyor-2-300x200.jpg 300w, https:\/\/www.euegeajans.com\/wp-content\/uploads\/2024\/12\/EUde-Universite-Sanayi-is-birligi-protokolleri-devam-ediyor-2-1024x682.jpg 1024w, https:\/\/www.euegeajans.com\/wp-content\/uploads\/2024\/12\/EUde-Universite-Sanayi-is-birligi-protokolleri-devam-ediyor-2-768x512.jpg 768w, https:\/\/www.euegeajans.com\/wp-content\/uploads\/2024\/12\/EUde-Universite-Sanayi-is-birligi-protokolleri-devam-ediyor-2-1536x1023.jpg 1536w, https:\/\/www.euegeajans.com\/wp-content\/uploads\/2024\/12\/EUde-Universite-Sanayi-is-birligi-protokolleri-devam-ediyor-2.jpg 1600w\" sizes=\"auto, (max-width: 300px) 100vw, 300px\" \/>\u0130kinci yap\u0131lan i\u015f birli\u011fi protokol\u00fc ise Ege Meslek Y\u00fcksekokulu ile\u00a0 \u0130zmir \u0130novasyon A\u015e aras\u0131nda imzaland\u0131. Protokol, \u00fcniversite-sanayi i\u015f birli\u011fini g\u00fc\u00e7lendirmeyi ve \u00f6\u011frencilerin teknoloji ile bili\u015fim alanlar\u0131nda daha donan\u0131ml\u0131 yeti\u015fmelerini sa\u011flamay\u0131 ama\u00e7l\u0131yor.\u00a0 Ege \u00dcniversitesi Rekt\u00f6r Yard\u0131mc\u0131s\u0131 Prof. Dr. Mehmet Ersan, Ege Meslek Y\u00fcksekokulu M\u00fcd\u00fcr\u00fc Prof. Dr. Emre Ercan ve \u0130zmir \u0130novasyon ve Teknoloji A.\u015e. Y\u00f6netim Kurulu Ba\u015fkan\u0131 Anda\u00e7 Pamuk, \u0130zmir \u0130novasyon ve Teknoloji A.\u015e. Genel M\u00fcd\u00fcr\u00fc Emre can Durmaz&#8217;\u0131n kat\u0131l\u0131m\u0131yla ger\u00e7ekle\u015fen imza t\u00f6reni, iki kurum aras\u0131ndaki g\u00fc\u00e7l\u00fc ba\u011flar\u0131n \u00f6nemini bir kez daha vurgulad\u0131. \u0130mzalanan protokol kapsam\u0131nda, \u00f6\u011frencilerin uygulamal\u0131 e\u011fitim s\u00fcre\u00e7lerinde sanayiyle daha yak\u0131n temas kurmalar\u0131 sa\u011flanacak. Bunun yan\u0131 s\u0131ra, teknoloji ve bili\u015fim alan\u0131nda ortak projeler geli\u015ftirilmesi, inovatif \u00e7\u00f6z\u00fcmler \u00fcretilmesi ve i\u015f d\u00fcnyas\u0131n\u0131n ihtiya\u00e7lar\u0131na uygun yetkinlikte insan kayna\u011f\u0131n\u0131n yeti\u015ftirilmesi hedefleniyor.<\/p>\n<p style=\"text-align: justify;\"><strong>\u201c\u00d6\u011frencilerimizin kariyer yolculu\u011funa katk\u0131 sa\u011flayacak\u201d<\/strong><\/p>\n<p style=\"text-align: justify;\">T\u00f6rende konu\u015fan Prof. Dr. Mehmet Ersan, \u201c\u00dcniversitemiz Ege Meslek Y\u00fcksekokulu ile \u0130mbat So\u011futma A\u015e aras\u0131nda \u00f6nemli bir i\u015f birli\u011fi protokol\u00fcne imza att\u0131k. \u00dcniversite-sanayi i\u015f birli\u011fi modeli, e\u011fitim ile sekt\u00f6r\u00fc bulu\u015fturan en de\u011ferli yakla\u015f\u0131mlardan biridir. Bu protokol, \u00f6\u011frencilerimizin kariyer yolculu\u011funa \u00f6nemli katk\u0131lar sunacakt\u0131r. Bug\u00fcn Ege Meslek Y\u00fcksekokulumuz ile\u00a0 \u0130zmir \u0130novasyon A\u015e aras\u0131nda ayr\u0131 bir i\u015f birli\u011fi protokol\u00fcn\u00fc daha hayata ge\u00e7irdik.\u00a0 Bu i\u015f birli\u011fi, \u00f6\u011frencilerimizin mesleki becerilerini art\u0131rmak ve sanayiye haz\u0131r bireyler olarak mezun olmalar\u0131n\u0131 sa\u011flamak ad\u0131na \u00f6nemli bir ad\u0131m. Ege \u00dcniversitesi olarak bu t\u00fcr projelere her zaman destek vermeye haz\u0131r\u0131z\u201d diye konu\u015ftu. \u0130mbat So\u011futma A.\u015e. Genel M\u00fcd\u00fcr Yard\u0131mc\u0131s\u0131 Arel Arsoy, \u201cGen\u00e7lerimizin sekt\u00f6rle entegrasyonunu desteklemek ve onlar\u0131n geli\u015fimine katk\u0131da bulunmak bizim i\u00e7in b\u00fcy\u00fck bir \u00f6ncelik. Bu i\u015f birli\u011fi, sadece \u00f6\u011frenciler i\u00e7in de\u011fil, sekt\u00f6r\u00fcm\u00fcz i\u00e7in de k\u0131ymetli bir ad\u0131md\u0131r\u201d dedi. \u0130zmir \u0130novasyon ve Teknoloji A.\u015e. Y\u00f6netim Kurulu Ba\u015fkan\u0131 Anda\u00e7 Pamuk ise protokol\u00fcn \u0130zmir&#8217;in teknoloji ve inovasyon ekosistemine katk\u0131 sa\u011flayaca\u011f\u0131n\u0131 belirterek, \u201cGen\u00e7lerimizin yeteneklerini geli\u015ftirmek ve sekt\u00f6rle bulu\u015fturmak bizim i\u00e7in b\u00fcy\u00fck bir gurur. Bu i\u015f birli\u011finin \u00f6nemli sonu\u00e7lar do\u011furaca\u011f\u0131na inan\u0131yorum\u201d diye konu\u015ftu.<\/p>\n<p style=\"text-align: justify;\">\n<p style=\"text-align: justify;\">\n","protected":false},"excerpt":{"rendered":"<p>E\u00dc\u2019de \u00a0\u2018\u00dcniversite-Sanayi\u2019 i\u015f birli\u011fi protokolleri devam ediyor Ege \u00dcniversitesi taraf\u0131ndan y\u00fcr\u00fct\u00fclen \u00fcniversite-sanayi i\u015f birli\u011fi \u00e7al\u0131\u015fmalar\u0131na&#8230;<\/p>\n","protected":false},"author":2,"featured_media":25137,"comment_status":"open","ping_status":"open","sticky":false,"template":"","format":"standard","meta":{"footnotes":""},"categories":[69,99,1,11,304],"tags":[],"class_list":["post-25134","post","type-post","status-publish","format-standard","has-post-thumbnail","hentry","category-bilim","category-egitim","category-gncl","category-haber","category-iletisim"],"featured_image_urls":{"full":["https:\/\/www.euegeajans.com\/wp-content\/uploads\/2024\/12\/EUde-Universite-Sanayi-is-birligi-protokolleri-devam-ediyor-3.jpg",1600,1066,false],"thumbnail":["https:\/\/www.euegeajans.com\/wp-content\/uploads\/2024\/12\/EUde-Universite-Sanayi-is-birligi-protokolleri-devam-ediyor-3-150x150.jpg",150,150,true],"medium":["https:\/\/www.euegeajans.com\/wp-content\/uploads\/2024\/12\/EUde-Universite-Sanayi-is-birligi-protokolleri-devam-ediyor-3-300x200.jpg",300,200,true],"medium_large":["https:\/\/www.euegeajans.com\/wp-content\/uploads\/2024\/12\/EUde-Universite-Sanayi-is-birligi-protokolleri-devam-ediyor-3-768x512.jpg",640,427,true],"large":["https:\/\/www.euegeajans.com\/wp-content\/uploads\/2024\/12\/EUde-Universite-Sanayi-is-birligi-protokolleri-devam-ediyor-3-1024x682.jpg",640,426,true],"1536x1536":["https:\/\/www.euegeajans.com\/wp-content\/uploads\/2024\/12\/EUde-Universite-Sanayi-is-birligi-protokolleri-devam-ediyor-3-1536x1023.jpg",1536,1023,true],"2048x2048":["https:\/\/www.euegeajans.com\/wp-content\/uploads\/2024\/12\/EUde-Universite-Sanayi-is-birligi-protokolleri-devam-ediyor-3.jpg",1600,1066,false],"newsphere-slider-full":["https:\/\/www.euegeajans.com\/wp-content\/uploads\/2024\/12\/EUde-Universite-Sanayi-is-birligi-protokolleri-devam-ediyor-3-1280x720.jpg",1280,720,true],"newsphere-featured":["https:\/\/www.euegeajans.com\/wp-content\/uploads\/2024\/12\/EUde-Universite-Sanayi-is-birligi-protokolleri-devam-ediyor-3-1024x682.jpg",1024,682,true],"newsphere-medium":["https:\/\/www.euegeajans.com\/wp-content\/uploads\/2024\/12\/EUde-Universite-Sanayi-is-birligi-protokolleri-devam-ediyor-3-720x380.jpg",720,380,true]},"author_info":{"display_name":"Editor","author_link":"https:\/\/www.euegeajans.com\/index.php\/author\/editor\/"},"category_info":"<a href=\"https:\/\/www.euegeajans.com\/index.php\/category\/bilim\/\" rel=\"category tag\">Bilim<\/a> <a href=\"https:\/\/www.euegeajans.com\/index.php\/category\/egitim\/\" rel=\"category tag\">E\u011fitim<\/a> <a href=\"https:\/\/www.euegeajans.com\/index.php\/category\/gncl\/\" rel=\"category tag\">G\u00fcncel<\/a> <a href=\"https:\/\/www.euegeajans.com\/index.php\/category\/haber\/\" rel=\"category tag\">Haber<\/a> <a href=\"https:\/\/www.euegeajans.com\/index.php\/category\/iletisim\/\" rel=\"category tag\">\u0130leti\u015fim<\/a>","tag_info":"\u0130leti\u015fim","comment_count":"0","_links":{"self":[{"href":"https:\/\/www.euegeajans.com\/index.php\/wp-json\/wp\/v2\/posts\/25134","targetHints":{"allow":["GET"]}}],"collection":[{"href":"https:\/\/www.euegeajans.com\/index.php\/wp-json\/wp\/v2\/posts"}],"about":[{"href":"https:\/\/www.euegeajans.com\/index.php\/wp-json\/wp\/v2\/types\/post"}],"author":[{"embeddable":true,"href":"https:\/\/www.euegeajans.com\/index.php\/wp-json\/wp\/v2\/users\/2"}],"replies":[{"embeddable":true,"href":"https:\/\/www.euegeajans.com\/index.php\/wp-json\/wp\/v2\/comments?post=25134"}],"version-history":[{"count":1,"href":"https:\/\/www.euegeajans.com\/index.php\/wp-json\/wp\/v2\/posts\/25134\/revisions"}],"predecessor-version":[{"id":25139,"href":"https:\/\/www.euegeajans.com\/index.php\/wp-json\/wp\/v2\/posts\/25134\/revisions\/25139"}],"wp:featuredmedia":[{"embeddable":true,"href":"https:\/\/www.euegeajans.com\/index.php\/wp-json\/wp\/v2\/media\/25137"}],"wp:attachment":[{"href":"https:\/\/www.euegeajans.com\/index.php\/wp-json\/wp\/v2\/media?parent=25134"}],"wp:term":[{"taxonomy":"category","embeddable":true,"href":"https:\/\/www.euegeajans.com\/index.php\/wp-json\/wp\/v2\/categories?post=25134"},{"taxonomy":"post_tag","embeddable":true,"href":"https:\/\/www.euegeajans.com\/index.php\/wp-json\/wp\/v2\/tags?post=25134"}],"curies":[{"name":"wp","href":"https:\/\/api.w.org\/{rel}","templated":true}]}}