{"id":25073,"date":"2024-12-19T06:20:00","date_gmt":"2024-12-19T06:20:00","guid":{"rendered":"https:\/\/www.euegeajans.com\/?p=25073"},"modified":"2024-12-19T07:36:22","modified_gmt":"2024-12-19T07:36:22","slug":"ekam-kadina-yonelik-siddete-karsi-bilimsel-cozum-sunuyor","status":"publish","type":"post","link":"https:\/\/www.euegeajans.com\/index.php\/2024\/12\/19\/ekam-kadina-yonelik-siddete-karsi-bilimsel-cozum-sunuyor\/","title":{"rendered":"EKAM KADINA Y\u00d6NEL\u0130K \u015e\u0130DDETE KAR\u015eI B\u0130L\u0130MSEL \u00c7\u00d6Z\u00dcM SUNUYOR"},"content":{"rendered":"<p style=\"text-align: justify;\">\u00a0 \u00a0 \u00a0 \u00a0 \u00a0 \u00a0 \u00a0 \u00a0 \u00a0 \u00a0 \u00a0 \u00a0 \u00a0 \u00a0 \u00a0 \u00a0 \u00a0 \u00a0 \u00a0 \u00a0 \u00a0 \u00a0 \u00a0 \u00a0 \u00a0 \u00a0 \u00a0 \u00a0 \u00a0 \u00a0 \u00a0 \u00a0 \u00a0 \u00a0 \u00a0 \u00a0 \u00a0 \u00a0 \u00a0 \u00a0 \u00a0 \u00a0 \u00a0 \u00a0 \u00a0 \u00a0 \u00a0 \u00a0 \u00a0 \u00a0 \u00a0 \u00a0 \u00a0 \u00a0 \u00a0 \u00a0 \u00a0 \u00a0 \u00a0 \u00a0 \u00a0 \u00a0 \u00a0 \u00a0 \u00a0 \u00a0 \u00a0 \u00a0 \u00a0 \u00a0 \u00a0 \u00a0 \u00a0 \u00a0 \u00a0 \u00a0 \u00a0 \u00a0 \u00a0 Eslem T\u00fcrko\u011flu<\/p>\n<p style=\"text-align: justify;\"><img loading=\"lazy\" decoding=\"async\" class=\"size-medium wp-image-25074 alignleft\" src=\"http:\/\/www.euegeajans.com\/wp-content\/uploads\/2024\/12\/Kadina-yonelik-siddet-EKAM-225x300.jpeg\" alt=\"\" width=\"225\" height=\"300\" srcset=\"https:\/\/www.euegeajans.com\/wp-content\/uploads\/2024\/12\/Kadina-yonelik-siddet-EKAM-225x300.jpeg 225w, https:\/\/www.euegeajans.com\/wp-content\/uploads\/2024\/12\/Kadina-yonelik-siddet-EKAM-768x1024.jpeg 768w, https:\/\/www.euegeajans.com\/wp-content\/uploads\/2024\/12\/Kadina-yonelik-siddet-EKAM-1152x1536.jpeg 1152w, https:\/\/www.euegeajans.com\/wp-content\/uploads\/2024\/12\/Kadina-yonelik-siddet-EKAM-1024x1365.jpeg 1024w, https:\/\/www.euegeajans.com\/wp-content\/uploads\/2024\/12\/Kadina-yonelik-siddet-EKAM.jpeg 1200w\" sizes=\"auto, (max-width: 225px) 100vw, 225px\" \/>Ara\u015ft\u0131rma \u00fcniversitesi stat\u00fcs\u00fc ile nitelikli bireyler yeti\u015ftiren Ege \u00dcniversitesi, toplumsal katk\u0131 misyonu kapsam\u0131nda ba\u015fta ulusal olmak \u00fczere uluslararas\u0131 sorunlara y\u00f6nelik bilimsel \u00e7al\u0131\u015fmalar\u0131n\u0131 s\u00fcrd\u00fcr\u00fcyor. G\u00fcn\u00fcm\u00fcz\u00fcn en \u00f6nemli sosyal sorunlar\u0131ndan olan ve \u00e7a\u011flar boyu da artarak gelen kad\u0131na y\u00f6nelik \u015fiddete kar\u015f\u0131 Ege \u00dcniversitesi (E\u00dc) Kad\u0131n Sorunlar\u0131 Uygulama ve Ara\u015ft\u0131rma Merkezi (EKAM) bilimsel \u00e7\u00f6z\u00fcm sunmaya devam ediyor. Ba\u015fta Merkez M\u00fcd\u00fcr\u00fc Prof. Dr. \u015eerife \u00c7a\u011f\u0131n olmak \u00fczere merkez b\u00fcnyesinde g\u00f6rev yapan disiplinler aras\u0131 akademisyenler taraf\u0131ndan; e\u011fitim, hukuk, sanat, sa\u011fl\u0131k, \u015fehir planlamas\u0131 ve medya alan\u0131nda kad\u0131na y\u00f6nelik \u015fiddeti \u00f6nlemeye y\u00f6nelik at\u0131lmas\u0131 gereken ad\u0131mlar\u0131 s\u0131ralarken \u015fiddet ma\u011fduru kad\u0131nlara yap\u0131lacak bilgilendirmenin \u00f6nemine de dikkat \u00e7ektiler.<\/p>\n<p style=\"text-align: justify;\">Al\u0131\u015fkanl\u0131k ve davran\u0131\u015f kal\u0131plar\u0131n\u0131n kad\u0131n\u0131 ikinci konuma atarak belli i\u015flere hapsetti\u011fini s\u00f6yleyen Merkez M\u00fcd\u00fcr\u00fc Prof. Dr. \u015eerife \u00c7a\u011f\u0131n, \u201c\u015eiddetin fiziksel taraf\u0131 kadar; kad\u0131n\u0131n zaman\u0131n\u0131, yarat\u0131c\u0131l\u0131\u011f\u0131n\u0131, \u00f6zg\u00fcrl\u00fck alanlar\u0131n\u0131 daha k\u00fc\u00e7\u00fck ya\u015ftan itibaren t\u0131kayan psikolojik, sosyolojik taraflar\u0131n\u0131 da g\u00f6r\u00fcp ona g\u00f6re tedbirler almak gerekiyor. Kad\u0131nla ilgili e\u011fitim planlar\u0131m\u0131za ve projelerimize, \u00e7ocuklar\u0131m\u0131z ve gen\u00e7lerimizle birlikte mutlaka ebeveynleri, \u00f6zellikle erkekleri de dahil etmeliyiz\u201d dedi.<\/p>\n<p style=\"text-align: justify;\">\u201c<strong>\u00c7ocuklar\u0131n sanatsal uygulamalara maruz kalmas\u0131 gerekir\u201d<\/strong><\/p>\n<p style=\"text-align: justify;\">M\u00fcd\u00fcr Yard\u0131mc\u0131s\u0131 Do\u00e7. Dr. Dilek Maktal Canko, kad\u0131na y\u00f6nelik \u015fiddetin \u00f6nlenmesi i\u00e7in e\u011fitimin \u00f6nemli oldu\u011fundan bahsederek, \u201cE\u011fitimin en kal\u0131c\u0131 yolu sanat ile e\u011fitimdir. Sanat, duygular\u0131 ifade etmeyi ve kendini ke\u015ffetmeyi sa\u011flamaktad\u0131r. Kendini ke\u015ffeden ve tan\u0131yan insan di\u011fer canl\u0131lar ile daha rahat ileti\u015fim kurar, \u015fiddete e\u011filimi azal\u0131r ve \u00f6zg\u00fcveni sayesinde \u00f6fkesini daha rahat kontrol edebilir. Bu ama\u00e7la \u00f6zellikle \u00e7ocuklar\u0131m\u0131z\u0131n kendini tan\u0131malar\u0131na olanak tan\u0131yacak sanatsal uygulamalara daha \u00e7ok maruz b\u0131rak\u0131lmas\u0131 gereklidir\u201d diye konu\u015ftu.<\/p>\n<p style=\"text-align: justify;\"><strong>\u201cKad\u0131nlara hukuki haklar\u0131 anlat\u0131lmal\u0131d\u0131r\u201d<\/strong><\/p>\n<p style=\"text-align: justify;\">\u015eiddet ma\u011fduru kad\u0131nlar\u0131n hukuki haklara sahip olduklar\u0131 y\u00f6n\u00fcnde bilgilendirilmesi gerekti\u011fini belirten M\u00fcd\u00fcr Yard\u0131mc\u0131s\u0131 \u00d6\u011fr. G\u00f6r. Zeynep T\u00fcrky\u0131lmaz, \u201cYap\u0131lacak bilgilendirmenin toplumun her kesimine ula\u015ft\u0131r\u0131lmas\u0131 amac\u0131yla alan\u0131nda uzman ki\u015filer taraf\u0131ndan kad\u0131nlara e\u011fitim seminerleri verilebilir ve bu konuda mevcut giri\u015fimler yayg\u0131nla\u015ft\u0131r\u0131labilir. \u015eiddete maruz kalan kad\u0131nlar\u0131n resmi kurum ve kurulu\u015flara \u015fik\u00e2yet ve destek ba\u015fvurusunda bulunabilecekleri bilgisi, kamu spotlar\u0131 ve her t\u00fcrl\u00fc ileti\u015fim ara\u00e7lar\u0131 vas\u0131tas\u0131yla desteklenebilir\u201d dedi.<\/p>\n<p style=\"text-align: justify;\"><strong>\u201cKentlerin in\u015fas\u0131nda kad\u0131nlar g\u00f6z \u00f6n\u00fcnde bulundurulmal\u0131\u201d<\/strong><\/p>\n<p style=\"text-align: justify;\">\u015eehir planlamas\u0131nda kad\u0131n dostu kent yakla\u015f\u0131m\u0131n\u0131n benimsenmesi gerekti\u011fine de\u011finen Dan\u0131\u015fma Kurulu \u00dcyesi Do\u00e7. Dr. \u0130lkay S\u00fcda\u015f, \u201cSokaklarda yeterli ayd\u0131nlatma sa\u011flanmal\u0131 ve kad\u0131nlar\u0131n \u015fehirsel mek\u00e2n\u0131 nas\u0131l alg\u0131lad\u0131klar\u0131 ve kulland\u0131klar\u0131 \u00f6zellikle incelenmelidir. Kad\u0131nlar aras\u0131nda g\u00fcvenlik alg\u0131s\u0131 ve kentsel alanda tehlikeli ve riskli alg\u0131lanan kesimler saptanmal\u0131 ve d\u00fczenlemelerde bunlara dikkat edilmelidir. Kesi\u015fimsel bir yakla\u015f\u0131mla, engelli, ya\u015fl\u0131, g\u00f6\u00e7men ya da \u00f6zel ihtiya\u00e7 sahibi kad\u0131nlar, ihtiya\u00e7lar\u0131 a\u00e7\u0131s\u0131ndan dikkate al\u0131nmal\u0131d\u0131r. Kentlerin in\u015fas\u0131nda interdisipliner bilimsel \u00e7al\u0131\u015fmalar\u0131n y\u00fcr\u00fct\u00fclmesi gerekmektedir\u201d diye konu\u015ftu.<\/p>\n<p style=\"text-align: justify;\">\u00a0\u00a0\u00a0\u00a0\u00a0\u00a0\u00a0\u00a0 <strong>\u201cMedyada ortak bir dil geli\u015ftirilmelidir\u201d<\/strong><\/p>\n<p style=\"text-align: justify;\">Dan\u0131\u015fma Kurulu \u00dcyesi Dr. \u00d6\u011fr. \u00dcyesi Sinem Utan\u0131 Altay ise medyada kad\u0131n cinayetlerinin ataerkil bir dil ile yaz\u0131ld\u0131\u011f\u0131na dikkat \u00e7ekerek, \u201cMedya metinlerindeki dilin \u2018faile sesleniyor\u2019 \u015fekilde kurgulanmas\u0131 ve bu dilin i\u00e7erisinde faile kar\u015f\u0131 \u2018yapt\u0131r\u0131m\u2019 yarg\u0131lar\u0131n\u0131n olmas\u0131 b\u00fcy\u00fck \u00f6nem arz edecektir. Kad\u0131na y\u00f6nelik \u015fiddet olaylar\u0131n\u0131n iyile\u015ftirilebilmesi, son bulabilmesi i\u00e7in otoritelerin ortak bir dil geli\u015ftirmesinin \u00f6nemi b\u00fcy\u00fckt\u00fcr\u201d dedi.<\/p>\n<p style=\"text-align: justify;\">\n<p style=\"text-align: justify;\">\n<p style=\"text-align: justify;\">\n<p style=\"text-align: justify;\">\n<p style=\"text-align: justify;\">\n<p style=\"text-align: justify;\">\n<p style=\"text-align: justify;\">\n<p style=\"text-align: justify;\">\n","protected":false},"excerpt":{"rendered":"<p>\u00a0 \u00a0 \u00a0 \u00a0 \u00a0 \u00a0 \u00a0 \u00a0 \u00a0 \u00a0 \u00a0 \u00a0 \u00a0 \u00a0 \u00a0&#8230;<\/p>\n","protected":false},"author":2,"featured_media":25074,"comment_status":"open","ping_status":"open","sticky":false,"template":"","format":"standard","meta":{"footnotes":""},"categories":[99,1,11,304],"tags":[],"class_list":["post-25073","post","type-post","status-publish","format-standard","has-post-thumbnail","hentry","category-egitim","category-gncl","category-haber","category-iletisim"],"featured_image_urls":{"full":["https:\/\/www.euegeajans.com\/wp-content\/uploads\/2024\/12\/Kadina-yonelik-siddet-EKAM.jpeg",1200,1600,false],"thumbnail":["https:\/\/www.euegeajans.com\/wp-content\/uploads\/2024\/12\/Kadina-yonelik-siddet-EKAM-150x150.jpeg",150,150,true],"medium":["https:\/\/www.euegeajans.com\/wp-content\/uploads\/2024\/12\/Kadina-yonelik-siddet-EKAM-225x300.jpeg",225,300,true],"medium_large":["https:\/\/www.euegeajans.com\/wp-content\/uploads\/2024\/12\/Kadina-yonelik-siddet-EKAM-768x1024.jpeg",640,853,true],"large":["https:\/\/www.euegeajans.com\/wp-content\/uploads\/2024\/12\/Kadina-yonelik-siddet-EKAM-768x1024.jpeg",640,853,true],"1536x1536":["https:\/\/www.euegeajans.com\/wp-content\/uploads\/2024\/12\/Kadina-yonelik-siddet-EKAM-1152x1536.jpeg",1152,1536,true],"2048x2048":["https:\/\/www.euegeajans.com\/wp-content\/uploads\/2024\/12\/Kadina-yonelik-siddet-EKAM.jpeg",1200,1600,false],"newsphere-slider-full":["https:\/\/www.euegeajans.com\/wp-content\/uploads\/2024\/12\/Kadina-yonelik-siddet-EKAM-1200x720.jpeg",1200,720,true],"newsphere-featured":["https:\/\/www.euegeajans.com\/wp-content\/uploads\/2024\/12\/Kadina-yonelik-siddet-EKAM-1024x1365.jpeg",1024,1365,true],"newsphere-medium":["https:\/\/www.euegeajans.com\/wp-content\/uploads\/2024\/12\/Kadina-yonelik-siddet-EKAM-720x380.jpeg",720,380,true]},"author_info":{"display_name":"Editor","author_link":"https:\/\/www.euegeajans.com\/index.php\/author\/editor\/"},"category_info":"<a href=\"https:\/\/www.euegeajans.com\/index.php\/category\/egitim\/\" rel=\"category tag\">E\u011fitim<\/a> <a href=\"https:\/\/www.euegeajans.com\/index.php\/category\/gncl\/\" rel=\"category tag\">G\u00fcncel<\/a> <a href=\"https:\/\/www.euegeajans.com\/index.php\/category\/haber\/\" rel=\"category tag\">Haber<\/a> <a href=\"https:\/\/www.euegeajans.com\/index.php\/category\/iletisim\/\" rel=\"category tag\">\u0130leti\u015fim<\/a>","tag_info":"\u0130leti\u015fim","comment_count":"0","_links":{"self":[{"href":"https:\/\/www.euegeajans.com\/index.php\/wp-json\/wp\/v2\/posts\/25073","targetHints":{"allow":["GET"]}}],"collection":[{"href":"https:\/\/www.euegeajans.com\/index.php\/wp-json\/wp\/v2\/posts"}],"about":[{"href":"https:\/\/www.euegeajans.com\/index.php\/wp-json\/wp\/v2\/types\/post"}],"author":[{"embeddable":true,"href":"https:\/\/www.euegeajans.com\/index.php\/wp-json\/wp\/v2\/users\/2"}],"replies":[{"embeddable":true,"href":"https:\/\/www.euegeajans.com\/index.php\/wp-json\/wp\/v2\/comments?post=25073"}],"version-history":[{"count":1,"href":"https:\/\/www.euegeajans.com\/index.php\/wp-json\/wp\/v2\/posts\/25073\/revisions"}],"predecessor-version":[{"id":25075,"href":"https:\/\/www.euegeajans.com\/index.php\/wp-json\/wp\/v2\/posts\/25073\/revisions\/25075"}],"wp:featuredmedia":[{"embeddable":true,"href":"https:\/\/www.euegeajans.com\/index.php\/wp-json\/wp\/v2\/media\/25074"}],"wp:attachment":[{"href":"https:\/\/www.euegeajans.com\/index.php\/wp-json\/wp\/v2\/media?parent=25073"}],"wp:term":[{"taxonomy":"category","embeddable":true,"href":"https:\/\/www.euegeajans.com\/index.php\/wp-json\/wp\/v2\/categories?post=25073"},{"taxonomy":"post_tag","embeddable":true,"href":"https:\/\/www.euegeajans.com\/index.php\/wp-json\/wp\/v2\/tags?post=25073"}],"curies":[{"name":"wp","href":"https:\/\/api.w.org\/{rel}","templated":true}]}}