{"id":2462,"date":"2021-02-26T06:58:50","date_gmt":"2021-02-26T06:58:50","guid":{"rendered":"http:\/\/www.euegeajans.com\/?p=2462"},"modified":"2021-03-02T16:14:51","modified_gmt":"2021-03-02T16:14:51","slug":"eude-basarili-akademisyenler-odullendirildi","status":"publish","type":"post","link":"https:\/\/www.euegeajans.com\/index.php\/2021\/02\/26\/eude-basarili-akademisyenler-odullendirildi\/","title":{"rendered":"E\u00dc\u2019de ba\u015far\u0131l\u0131 akademisyenler \u00f6d\u00fcllendirildi"},"content":{"rendered":"<p style=\"text-align: justify;\">T\u00fcrkiye Bilimsel ve Teknolojik Ara\u015ft\u0131rma Kurumu (T\u00dcB\u0130TAK) taraf\u0131ndan 2020 Bilim \u00d6d\u00fcl\u00fcne lay\u0131k g\u00f6r\u00fclen Ege \u00dcniversitesi Fen Fak\u00fcltesi \u00f6\u011fretim \u00fcyesi Prof. Dr. \u0130smail T\u00fcrkan taraf\u0131ndan Prof. Dr. Yusuf Vardar M\u00d6TBE K\u00fclt\u00fcr Merkezinde \u201cOksidatif Stres ve Canl\u0131lar\u201d&nbsp; sunumu ger\u00e7ekle\u015ftirildi. Ege \u00dcniversitesi Senato Toplant\u0131s\u0131n\u0131n da yap\u0131ld\u0131\u011f\u0131 programda, Rekt\u00f6r Prof. Dr. Necdet Budak taraf\u0131ndan 2020 Faaliyet Y\u0131l\u0131 Akademik Te\u015fvik \u00d6dene\u011fi performanslar\u0131nda dereceye giren \u00f6\u011fretim \u00fcyelerine plaket takdim edildi.<\/p>\n<p style=\"text-align: justify;\"><img loading=\"lazy\" decoding=\"async\" class=\"size-medium wp-image-2464 alignright\" src=\"http:\/\/www.euegeajans.com\/wp-content\/uploads\/2021\/02\/Prof-Dr-Necdet-Budak-300x200.jpg\" alt=\"\" width=\"300\" height=\"200\" srcset=\"https:\/\/www.euegeajans.com\/wp-content\/uploads\/2021\/02\/Prof-Dr-Necdet-Budak-300x200.jpg 300w, https:\/\/www.euegeajans.com\/wp-content\/uploads\/2021\/02\/Prof-Dr-Necdet-Budak-1024x683.jpg 1024w, https:\/\/www.euegeajans.com\/wp-content\/uploads\/2021\/02\/Prof-Dr-Necdet-Budak-768x512.jpg 768w, https:\/\/www.euegeajans.com\/wp-content\/uploads\/2021\/02\/Prof-Dr-Necdet-Budak-1536x1025.jpg 1536w, https:\/\/www.euegeajans.com\/wp-content\/uploads\/2021\/02\/Prof-Dr-Necdet-Budak.jpg 2048w\" sizes=\"auto, (max-width: 300px) 100vw, 300px\" \/>Etkinli\u011fin a\u00e7\u0131l\u0131\u015f konu\u015fmas\u0131n\u0131 ger\u00e7ekle\u015ftiren Rekt\u00f6r Prof. Dr. Necdet Budak, \u201cDe\u011ferli hocam\u0131z Prof. Dr. \u0130smail T\u00fcrkan, T\u00dcB\u0130TAK 2020 Bilim \u00d6d\u00fclleri kapsam\u0131nda \u2018Bilim \u00d6d\u00fcl\u00fc\u2019 kategorisinde \u00f6d\u00fcl alan 4 akademisyenden biri oldu. Akademisyenimizin bilime sundu\u011fu de\u011ferli katk\u0131lar kar\u015f\u0131l\u0131\u011f\u0131nda verilen bu \u00f6d\u00fcl ile t\u00fcm Ege \u00dcniversitesi ailesi olarak gurur duyduk. Ege \u00dcniversitesi, nitelikli bilimsel faaliyetleriyle bilim d\u00fcnyas\u0131na, donan\u0131ml\u0131 mezunlar\u0131yla \u00fclkesine, g\u00fc\u00e7l\u00fc b\u00f6lgesel etkisi ile topluma fayda sa\u011flamay\u0131 esas alan bir \u00fcniversitedir. 65 y\u0131ll\u0131k tarihimiz boyunca, bu ilkeler \u0131\u015f\u0131\u011f\u0131nda att\u0131\u011f\u0131m\u0131z sa\u011flam ad\u0131mlarla, bilime hizmet ediyoruz. \u00dcniversitemiz, e\u011fitim-\u00f6\u011fretim hayat\u0131na say\u0131s\u0131z akademik ba\u015far\u0131 s\u0131\u011fd\u0131rm\u0131\u015f; nice ilklerin alt\u0131na imzas\u0131n\u0131 atm\u0131\u015f; bilime ve insanl\u0131\u011fa fayda sa\u011flayacak binlerce nitelikli gen\u00e7 yeti\u015ftirmi\u015ftir. Bug\u00fcn y\u00fcksek\u00f6\u011fretim alan\u0131nda sahip oldu\u011fumuz g\u00fc\u00e7l\u00fc konumu; bilim insanlar\u0131m\u0131z\u0131n mesleki yetkinliklerine, bilime de\u011fer katma y\u00f6n\u00fcndeki g\u00fc\u00e7l\u00fc motivasyonlar\u0131na ve \u00fcst\u00fcn gayretlerine bor\u00e7luyuz. \u00dcniversitemizin geli\u015fimine emek veren t\u00fcm hocalar\u0131m\u0131z\u0131n ba\u015far\u0131lar\u0131n\u0131 ya\u015fatmak, sayg\u0131n konumumuzu korumak ve gelece\u011fe ta\u015f\u0131mak, bu ba\u015far\u0131lar\u0131 yenileriyle beslemek, bilime ve insanl\u0131\u011fa sundu\u011fumuz katk\u0131y\u0131 geni\u015fletmek hepimizin temel sorumlulu\u011fudur. G\u00f6reve geldi\u011fimizden bu yana, bu sorumluluk bilinciyle say\u0131s\u0131z projeye imza att\u0131k. Ba\u015far\u0131l\u0131 y\u00f6nlerimizi korumak, eksik oldu\u011fumuz noktalar\u0131 ise geli\u015ftirmek i\u00e7in geni\u015f \u00e7apl\u0131 bir seferberlik ba\u015flatt\u0131k. Kamp\u00fcs\u00fcm\u00fczde daha g\u00fc\u00e7l\u00fc bir ara\u015ft\u0131rma alt yap\u0131s\u0131 olu\u015fturmak, akademisyenlerimize bilimsel ara\u015ft\u0131rmalar\u0131nda ihtiya\u00e7 duyduklar\u0131 olanaklar\u0131 sa\u011flamak, \u00f6\u011frencilerimize daha elveri\u015fli bir kamp\u00fcs hayat\u0131 sunmak ama\u00e7lar\u0131yla durmadan \u00e7al\u0131\u015ft\u0131k. Y\u00f6netim ve kurumsal politikalar\u0131m\u0131z\u0131, \u00fcniversitemizin bilimsel alt yap\u0131s\u0131n\u0131 geli\u015ftirmeye ve bu alt yap\u0131y\u0131 toplumla bulu\u015fturmaya adad\u0131k. \u00dcretti\u011fimiz bilimi ve fayday\u0131 kamp\u00fcs\u00fcm\u00fcz\u00fcn s\u0131n\u0131rlar\u0131 d\u0131\u015f\u0131na ta\u015f\u0131yacak mekanizmalar hayata ge\u00e7irdik\u201d dedi.<\/p>\n<p style=\"text-align: justify;\"><b>\u201cAkademisyenlerimizin ba\u015far\u0131lar\u0131 en g\u00fc\u00e7l\u00fc motivasyon kayna\u011f\u0131m\u0131z\u201d<\/b><\/p>\n<p style=\"text-align: justify;\">Ege \u00dcniversitesi olarak, yo\u011fun gayretlerin meyvelerini alman\u0131n gururunu ya\u015fad\u0131klar\u0131n\u0131 s\u00f6yleyen Prof. Dr. Budak, \u201cHer ge\u00e7en g\u00fcn \u00fcniversitemizle ilgili bir ba\u015far\u0131 haberi al\u0131yor, akademisyenlerimizin farkl\u0131 platformlarda elde etti\u011fi ba\u015far\u0131lar\u0131 kutluyoruz. Sizlerin ba\u015far\u0131lar\u0131, yapaca\u011f\u0131m\u0131z yeni \u00e7al\u0131\u015fmalarda en g\u00fc\u00e7l\u00fc motivasyon kayna\u011f\u0131m\u0131z oluyor. Bundan sonraki s\u00fcre\u00e7te hedefimiz, bilimsel anlamda yakalad\u0131\u011f\u0131m\u0131z bu ivmeyi s\u00fcrd\u00fcr\u00fclebilir k\u0131lmak; s\u00fcrekli geli\u015fmeye devam etmektir. Biliyoruz ki bir kurumun geli\u015fimi, bireysel \u00e7abalar\u0131n de\u011fil; kolektif ak\u0131l ve \u00e7aban\u0131n \u00fcr\u00fcn\u00fcd\u00fcr. Ege \u00dcniversitesi olarak akademisyenlerimizin nitelikli \u00e7al\u0131\u015fmalar\u0131, bizlerin destekleri, temaslar\u0131 ve g\u00fc\u00e7l\u00fc projeleri ile \u00fcniversitemizi hak etti\u011fi noktaya birlikte ta\u015f\u0131yaca\u011f\u0131z. \u00c7abalar\u0131m\u0131z\u0131n kar\u015f\u0131l\u0131\u011f\u0131n\u0131 almak ve hedeflerimize do\u011fru birlikte hareket edebilmek bizleri her anlamda daha g\u00fc\u00e7l\u00fc k\u0131l\u0131yor. Bu nedenle her akademisyenimizin ba\u015far\u0131s\u0131yla hep birlikte gurur duyuyor; sevin\u00e7lerini payla\u015f\u0131yoruz\u201d diye konu\u015ftu.<\/p>\n<p style=\"text-align: justify;\"><b>Prof. Dr. T\u00fcrkan\u2019dan&nbsp; \u201cOksidatif Stres ve Canl\u0131lar\u201d&nbsp; sunumu<\/b><\/p>\n<p style=\"text-align: justify;\"><img loading=\"lazy\" decoding=\"async\" class=\"size-medium wp-image-2465 alignleft\" src=\"http:\/\/www.euegeajans.com\/wp-content\/uploads\/2021\/02\/Prof-Dr-Ismail-Turkan-300x200.jpg\" alt=\"\" width=\"300\" height=\"200\" srcset=\"https:\/\/www.euegeajans.com\/wp-content\/uploads\/2021\/02\/Prof-Dr-Ismail-Turkan-300x200.jpg 300w, https:\/\/www.euegeajans.com\/wp-content\/uploads\/2021\/02\/Prof-Dr-Ismail-Turkan-1024x683.jpg 1024w, https:\/\/www.euegeajans.com\/wp-content\/uploads\/2021\/02\/Prof-Dr-Ismail-Turkan-768x512.jpg 768w, https:\/\/www.euegeajans.com\/wp-content\/uploads\/2021\/02\/Prof-Dr-Ismail-Turkan-1536x1025.jpg 1536w, https:\/\/www.euegeajans.com\/wp-content\/uploads\/2021\/02\/Prof-Dr-Ismail-Turkan.jpg 2048w\" sizes=\"auto, (max-width: 300px) 100vw, 300px\" \/>T\u00fcrkiye Bilimsel ve Teknolojik Ara\u015ft\u0131rma Kurumu (T\u00dcB\u0130TAK) 2020 Bilim \u00d6d\u00fclleri kapsam\u0131nda Temel Bilimler alan\u0131nda \u201cBitki Stres Fizyolojisi ve Molek\u00fcler Fizyolojisi ba\u015fta olmak \u00fczere bitki bilimi alan\u0131nda uluslararas\u0131 d\u00fczeyde \u00fcst\u00fcn nitelikli \u00e7al\u0131\u015fmalar\u0131\u201d ile T\u00dcB\u0130TAK 2020 Bilim \u00d6d\u00fcl\u00fcn\u00fcn sahibi olan Prof. Dr. T\u00fcrkan, \u201cOksidatif Stres ve Canl\u0131lar\u201d konulu bir sunum yapt\u0131. Prof. Dr. T\u00fcrkan,&nbsp; sunumunda bitkilerin strese kar\u015f\u0131 verdi\u011fi tepkiler ile fizyolojik, kimyasal ve molek\u00fcler yap\u0131lar\u0131 hakk\u0131nda bilgiler verdi.&nbsp; HOR\u0130ZON 2020 kapsam\u0131nda bir Avrupa Birli\u011fi projesi yapacaklar\u0131n\u0131 da ifade eden Prof. Dr. T\u00fcrkan, \u201cProje kapsam\u0131nda yapaca\u011f\u0131m\u0131z \u00e7al\u0131\u015fmada Akdeniz\u2019in tuzlu ve kurak topraklar\u0131nda domates k\u00fclt\u00fcr\u00fcn\u00fcn \u00f6n\u00fcn\u00fc a\u00e7may\u0131 hedefliyoruz. Bu, \u00e7ok yeni, bu m\u00fcjdeyi de burada vermek istedim.&nbsp; Ara\u015ft\u0131rma \u00fcniversitesi olma yolunda bu proje \u00f6nemli bir katk\u0131 yapacak\u201d dedi. Programda, Rekt\u00f6r Prof. Dr. Necdet Budak taraf\u0131ndan g\u00fcn\u00fcn an\u0131s\u0131na Prof. Dr. T\u00fcrkan\u2019a \u201cBa\u015far\u0131 Belgesi\u201d takdim edildi.<\/p>\n<p style=\"text-align: justify;\">T\u00dcB\u0130TAK 2020 Bilim \u00d6d\u00fcl\u00fcn\u00fcn yan\u0131 s\u0131ra Prof. Dr. T\u00fcrkan\u2019\u0131n; 82 SCI, 45 Q1 bilimsel yay\u0131n\u0131 ile birlikte&nbsp; WOS\u2019a g\u00f6re 4 bin 363 at\u0131f say\u0131s\u0131 ve Google Scholar\u2019a g\u00f6re ise 8 bin 500 at\u0131f say\u0131s\u0131 bulunuyor. Ayr\u0131ca Prof. Dr. T\u00fcrkan, \u201cCampell Biyoloji\u201d kitab\u0131 ile 2013 y\u0131l\u0131nda Bilimsel Telif ve \u00c7eviri Eser(TE\u00c7EP)&nbsp; Birincilik \u00d6d\u00fcl\u00fcne de sahip.<\/p>\n<p style=\"text-align: justify;\"><b><img loading=\"lazy\" decoding=\"async\" class=\"size-medium wp-image-2466 alignright\" src=\"http:\/\/www.euegeajans.com\/wp-content\/uploads\/2021\/02\/EGE-Akademik-tesvik-odulleri-3-300x200.jpg\" alt=\"\" width=\"300\" height=\"200\" srcset=\"https:\/\/www.euegeajans.com\/wp-content\/uploads\/2021\/02\/EGE-Akademik-tesvik-odulleri-3-300x200.jpg 300w, https:\/\/www.euegeajans.com\/wp-content\/uploads\/2021\/02\/EGE-Akademik-tesvik-odulleri-3-1024x681.jpg 1024w, https:\/\/www.euegeajans.com\/wp-content\/uploads\/2021\/02\/EGE-Akademik-tesvik-odulleri-3-768x511.jpg 768w, https:\/\/www.euegeajans.com\/wp-content\/uploads\/2021\/02\/EGE-Akademik-tesvik-odulleri-3-1536x1022.jpg 1536w, https:\/\/www.euegeajans.com\/wp-content\/uploads\/2021\/02\/EGE-Akademik-tesvik-odulleri-3.jpg 2048w\" sizes=\"auto, (max-width: 300px) 100vw, 300px\" \/>16 bilim insan\u0131na akademik performans \u00f6d\u00fcl\u00fc<\/b><\/p>\n<p style=\"text-align: justify;\">Sunumun ard\u0131ndan Rekt\u00f6r Budak taraf\u0131ndan 2020 Faaliyet Y\u0131l\u0131 Akademik Te\u015fvik \u00d6dene\u011fi performanslar\u0131nda dereceye giren \u00f6\u011fretim \u00fcyelerine plaket takdim edildi. Sa\u011fl\u0131k Bilimleri alan\u0131nda; Prof. Dr. Kadriye Erdem G\u00fcrsan, Prof. Dr. Ye\u015fim Ayd\u0131nok, Prof. Dr. Kevser \u00d6zgen \u00d6zer, Prof. Dr. Cumhur G\u00fcnd\u00fcz&nbsp; Do\u00e7. Dr. Sevnaz \u015eahin; Sosyal-Be\u015feri Bilimler alan\u0131nda; Prof. Dr. Berrak Taran\u00e7, Prof. Dr. Nilay B\u00fckmen, Prof. Dr. Ertu\u011f \u00d6ner, Do\u00e7. Dr. Ay\u015fen Temel Eginli, Dr. \u00d6\u011fr. \u00dcyesi Selin Bitirim Okmeydan; Fen-M\u00fchendislik Bilimleri alan\u0131nda ise Prof. Dr. \u0130smail T\u00fcrkan, Prof. Dr. Nuri Azbar, Prof. Dr. Suna Timur, Prof. Dr. Dilek Odac\u0131 Demirkol, Prof. Dr. Semih \u00d6tle\u015f ve Do\u00e7. Dr. Geylani Karda\u015f plaketlerini Rekt\u00f6r Budak\u2019\u0131n elinden ald\u0131lar.<\/p>\n","protected":false},"excerpt":{"rendered":"<p>T\u00fcrkiye Bilimsel ve Teknolojik Ara\u015ft\u0131rma Kurumu (T\u00dcB\u0130TAK) taraf\u0131ndan 2020 Bilim \u00d6d\u00fcl\u00fcne lay\u0131k g\u00f6r\u00fclen Ege \u00dcniversitesi Fen Fak\u00fcltesi \u00f6\u011fretim \u00fcyesi Prof. Dr. \u0130smail T\u00fcrkan taraf\u0131ndan Prof. Dr. Yusuf Vardar M\u00d6TBE K\u00fclt\u00fcr&hellip;<\/p>\n","protected":false},"author":2,"featured_media":2463,"comment_status":"open","ping_status":"open","sticky":false,"template":"","format":"standard","meta":{"footnotes":""},"categories":[69,1,70],"tags":[66,47,238,46,480,479,104,22],"class_list":["post-2462","post","type-post","status-publish","format-standard","has-post-thumbnail","hentry","category-bilim","category-gncl","category-kampus","tag-ege-ajans","tag-ege-medya-merkezi","tag-ege-university-news-agency","tag-egemm","tag-iletisim-fakultesi-gazetecelik-bolumu","tag-journalism","tag-kalem-gazetesi","tag-necdet-budak"],"_links":{"self":[{"href":"https:\/\/www.euegeajans.com\/index.php\/wp-json\/wp\/v2\/posts\/2462","targetHints":{"allow":["GET"]}}],"collection":[{"href":"https:\/\/www.euegeajans.com\/index.php\/wp-json\/wp\/v2\/posts"}],"about":[{"href":"https:\/\/www.euegeajans.com\/index.php\/wp-json\/wp\/v2\/types\/post"}],"author":[{"embeddable":true,"href":"https:\/\/www.euegeajans.com\/index.php\/wp-json\/wp\/v2\/users\/2"}],"replies":[{"embeddable":true,"href":"https:\/\/www.euegeajans.com\/index.php\/wp-json\/wp\/v2\/comments?post=2462"}],"version-history":[{"count":3,"href":"https:\/\/www.euegeajans.com\/index.php\/wp-json\/wp\/v2\/posts\/2462\/revisions"}],"predecessor-version":[{"id":2563,"href":"https:\/\/www.euegeajans.com\/index.php\/wp-json\/wp\/v2\/posts\/2462\/revisions\/2563"}],"wp:featuredmedia":[{"embeddable":true,"href":"https:\/\/www.euegeajans.com\/index.php\/wp-json\/wp\/v2\/media\/2463"}],"wp:attachment":[{"href":"https:\/\/www.euegeajans.com\/index.php\/wp-json\/wp\/v2\/media?parent=2462"}],"wp:term":[{"taxonomy":"category","embeddable":true,"href":"https:\/\/www.euegeajans.com\/index.php\/wp-json\/wp\/v2\/categories?post=2462"},{"taxonomy":"post_tag","embeddable":true,"href":"https:\/\/www.euegeajans.com\/index.php\/wp-json\/wp\/v2\/tags?post=2462"}],"curies":[{"name":"wp","href":"https:\/\/api.w.org\/{rel}","templated":true}]}}