{"id":24516,"date":"2024-11-20T06:46:48","date_gmt":"2024-11-20T06:46:48","guid":{"rendered":"https:\/\/www.euegeajans.com\/?p=24516"},"modified":"2024-11-20T06:55:42","modified_gmt":"2024-11-20T06:55:42","slug":"eu-hemsirelik-fakultesinden-ventilator-kaynakli-enfeksiyonlarin-onlenmesine-yonelik-proje","status":"publish","type":"post","link":"https:\/\/www.euegeajans.com\/index.php\/2024\/11\/20\/eu-hemsirelik-fakultesinden-ventilator-kaynakli-enfeksiyonlarin-onlenmesine-yonelik-proje\/","title":{"rendered":"E\u00dc Hem\u015firelik Fak\u00fcltesinden Ventilat\u00f6r Kaynakl\u0131 Enfeksiyonlar\u0131n \u00f6nlenmesine y\u00f6nelik proje"},"content":{"rendered":"<p style=\"text-align: justify;\"><strong>Egeli bilim insanlar\u0131n\u0131n projeleri T\u00dcB\u0130TAK\u2019tan destek almaya devam ediyor<\/strong><\/p>\n<p style=\"text-align: justify;\">Ege \u00dcniversitesi(E\u00dc) Hem\u015firelik Fak\u00fcltesi \u0130\u00e7 Hastal\u0131klar\u0131 B\u00f6l\u00fcm\u00fc \u00f6\u011fretim \u00fcyesi Prof. Dr. Asiye Akyol\u2019un y\u00fcr\u00fct\u00fcc\u00fcl\u00fc\u011f\u00fcn\u00fc\u00a0 yapt\u0131\u011f\u0131 \u201c Hem\u015firelik \u00d6\u011frencilerine Senaryo Temelli Sim\u00fclasyon Uygulamas\u0131 ile Verilen Ventilat\u00f6r \u0130li\u015fkili Pn\u00f6moni \u00d6nlem E\u011fitiminin Etkinli\u011finin Belirlenmesi: Randomize Kontroll\u00fc \u00c7al\u0131\u015fma\u201d\u00a0\u00a0ba\u015fl\u0131kl\u0131 ara\u015ft\u0131rma projesi, T\u00dcB\u0130TAK taraf\u0131ndan \u201c1002-B Acil Destek Mod\u00fcl\u00fc\u201d kapsam\u0131nda desteklenmeye uygun bulundu. Proje kapsam\u0131nda Hem\u015firelik Fak\u00fcltesi \u00f6\u011frencilerine y\u00f6nelik ger\u00e7ekle\u015ftirilecek sim\u00fclasyon ile sa\u011fl\u0131k sisteminde \u00f6zellikle ventilat\u00f6r kaynakl\u0131 enfeksiyonlar\u0131n \u00f6nlenmesi ama\u00e7lan\u0131yor.<\/p>\n<p style=\"text-align: justify;\">Ege \u00dcniversitesi Rekt\u00f6r\u00fc Prof. Dr. Necdet Budak, projesi T\u00dcB\u0130TAK\u2019tan destek alan Prof. Dr. Asiye Akyol\u2019u ve ekibini tebrik ederek ba\u015far\u0131lar diledi.<\/p>\n<p style=\"text-align: justify;\">Proje hakk\u0131nda bilgi veren Prof. Dr. Asiye Akyol, \u201cHem\u015firelik Fak\u00fcltesi Sim\u00fclasyon Laboratuvar\u0131nda yap\u0131lmas\u0131 planlan ara\u015ft\u0131rmam\u0131z, 2024-2025 akademik y\u0131l\u0131 g\u00fcz d\u00f6neminde \u00f6\u011frenim g\u00f6recek d\u00f6rd\u00fcnc\u00fc s\u0131n\u0131f \u00f6\u011frencilerinden ara\u015ft\u0131rmaya dahil edilme kriterlerini kar\u015f\u0131layan 110 \u00f6\u011frenci ile yap\u0131lacak. \u00d6\u011frencilere haz\u0131rl\u0131k a\u015famas\u0131nda teorik bilgilendirme yap\u0131larak sim\u00fclasyon ortam\u0131 haz\u0131rlanacak. \u0130kinci a\u015famada sim\u00fclasyon maketi \u00fczerinde uygulama yapt\u0131r\u0131l\u0131p de\u011ferlendirme yap\u0131lacak. De\u011ferlendirmeler, alanlar\u0131nda uzman sa\u011fl\u0131k \u00e7al\u0131\u015fanlar\u0131n\u0131n g\u00f6r\u00fc\u015fleri ile ger\u00e7ekle\u015ftirilecek\u201d dedi.<\/p>\n<p style=\"text-align: justify;\"><b>\u00a0\u201c G\u00fcvenli ve multidisipliner bir yakla\u015f\u0131m sa\u011flanacak\u201d<\/b><\/p>\n<p style=\"text-align: justify;\">Prof. Dr. Akyol, \u201cAra\u015ft\u0131rma projemizin tamamlanmas\u0131 ile Hem\u015firelik Fak\u00fcltesinde sim\u00fclasyon laboratuvar\u0131n\u0131n yo\u011fun bak\u0131m odas\u0131 haz\u0131rlanm\u0131\u015f ve \u00f6\u011frenciler taraf\u0131ndan kullan\u0131m\u0131 sa\u011flanm\u0131\u015f olacak. Paket uygulamas\u0131 ile birlikte kan\u0131ta dayal\u0131, g\u00fcvenli ve multidisipliner bir yakla\u015f\u0131m sa\u011flayarak daha iyi klinik sonu\u00e7lara ula\u015f\u0131laca\u011f\u0131n\u0131 \u00f6ng\u00f6r\u00fcyoruz. Ventilat\u00f6r \u0130li\u015fkili Pn\u00f6moni(V\u0130P)\u2019nin \u00f6nlenmesi konusunda etkinli\u011fi bilimsel olarak kan\u0131tlanm\u0131\u015f giri\u015fimlerin tek tek uygulanmas\u0131 yerine bir bak\u0131m paketi halinde uygulanmas\u0131 sayesinde sa\u011fl\u0131k hizmeti ile ili\u015fkili enfeksiyonlar\u0131 \u00f6nlemenin m\u00fcmk\u00fcn olabilece\u011fi s\u00f6ylenebilir. Hasta g\u00fcvenli\u011fini tehdit eden enfeksiyonlar\u0131n \u00f6nlenmesinin uzun d\u00f6nemde maliyet azalt\u0131c\u0131 etkisi ile ekonomik katk\u0131 da sa\u011flanacak\u201d diye konu\u015ftu.<\/p>\n","protected":false},"excerpt":{"rendered":"<p>Egeli bilim insanlar\u0131n\u0131n projeleri T\u00dcB\u0130TAK\u2019tan destek almaya devam ediyor Ege \u00dcniversitesi(E\u00dc) Hem\u015firelik Fak\u00fcltesi \u0130\u00e7 Hastal\u0131klar\u0131&#8230;<\/p>\n","protected":false},"author":2,"featured_media":24517,"comment_status":"open","ping_status":"open","sticky":false,"template":"","format":"standard","meta":{"footnotes":""},"categories":[69,99,1,70],"tags":[],"class_list":["post-24516","post","type-post","status-publish","format-standard","has-post-thumbnail","hentry","category-bilim","category-egitim","category-gncl","category-kampus"],"featured_image_urls":{"full":["https:\/\/www.euegeajans.com\/wp-content\/uploads\/2024\/11\/Prof-Dr-Asiye-Akyol-Prof.-Dr.-Necdet-Budak.jpg",1500,1000,false],"thumbnail":["https:\/\/www.euegeajans.com\/wp-content\/uploads\/2024\/11\/Prof-Dr-Asiye-Akyol-Prof.-Dr.-Necdet-Budak-150x150.jpg",150,150,true],"medium":["https:\/\/www.euegeajans.com\/wp-content\/uploads\/2024\/11\/Prof-Dr-Asiye-Akyol-Prof.-Dr.-Necdet-Budak-300x200.jpg",300,200,true],"medium_large":["https:\/\/www.euegeajans.com\/wp-content\/uploads\/2024\/11\/Prof-Dr-Asiye-Akyol-Prof.-Dr.-Necdet-Budak-768x512.jpg",640,427,true],"large":["https:\/\/www.euegeajans.com\/wp-content\/uploads\/2024\/11\/Prof-Dr-Asiye-Akyol-Prof.-Dr.-Necdet-Budak-1024x683.jpg",640,427,true],"1536x1536":["https:\/\/www.euegeajans.com\/wp-content\/uploads\/2024\/11\/Prof-Dr-Asiye-Akyol-Prof.-Dr.-Necdet-Budak.jpg",1500,1000,false],"2048x2048":["https:\/\/www.euegeajans.com\/wp-content\/uploads\/2024\/11\/Prof-Dr-Asiye-Akyol-Prof.-Dr.-Necdet-Budak.jpg",1500,1000,false],"newsphere-slider-full":["https:\/\/www.euegeajans.com\/wp-content\/uploads\/2024\/11\/Prof-Dr-Asiye-Akyol-Prof.-Dr.-Necdet-Budak-1280x720.jpg",1280,720,true],"newsphere-featured":["https:\/\/www.euegeajans.com\/wp-content\/uploads\/2024\/11\/Prof-Dr-Asiye-Akyol-Prof.-Dr.-Necdet-Budak-1024x683.jpg",1024,683,true],"newsphere-medium":["https:\/\/www.euegeajans.com\/wp-content\/uploads\/2024\/11\/Prof-Dr-Asiye-Akyol-Prof.-Dr.-Necdet-Budak-720x380.jpg",720,380,true]},"author_info":{"display_name":"Editor","author_link":"https:\/\/www.euegeajans.com\/index.php\/author\/editor\/"},"category_info":"<a href=\"https:\/\/www.euegeajans.com\/index.php\/category\/bilim\/\" rel=\"category tag\">Bilim<\/a> <a href=\"https:\/\/www.euegeajans.com\/index.php\/category\/egitim\/\" rel=\"category tag\">E\u011fitim<\/a> <a href=\"https:\/\/www.euegeajans.com\/index.php\/category\/gncl\/\" rel=\"category tag\">G\u00fcncel<\/a> <a href=\"https:\/\/www.euegeajans.com\/index.php\/category\/kampus\/\" rel=\"category tag\">Kamp\u00fcs<\/a>","tag_info":"Kamp\u00fcs","comment_count":"0","_links":{"self":[{"href":"https:\/\/www.euegeajans.com\/index.php\/wp-json\/wp\/v2\/posts\/24516","targetHints":{"allow":["GET"]}}],"collection":[{"href":"https:\/\/www.euegeajans.com\/index.php\/wp-json\/wp\/v2\/posts"}],"about":[{"href":"https:\/\/www.euegeajans.com\/index.php\/wp-json\/wp\/v2\/types\/post"}],"author":[{"embeddable":true,"href":"https:\/\/www.euegeajans.com\/index.php\/wp-json\/wp\/v2\/users\/2"}],"replies":[{"embeddable":true,"href":"https:\/\/www.euegeajans.com\/index.php\/wp-json\/wp\/v2\/comments?post=24516"}],"version-history":[{"count":1,"href":"https:\/\/www.euegeajans.com\/index.php\/wp-json\/wp\/v2\/posts\/24516\/revisions"}],"predecessor-version":[{"id":24518,"href":"https:\/\/www.euegeajans.com\/index.php\/wp-json\/wp\/v2\/posts\/24516\/revisions\/24518"}],"wp:featuredmedia":[{"embeddable":true,"href":"https:\/\/www.euegeajans.com\/index.php\/wp-json\/wp\/v2\/media\/24517"}],"wp:attachment":[{"href":"https:\/\/www.euegeajans.com\/index.php\/wp-json\/wp\/v2\/media?parent=24516"}],"wp:term":[{"taxonomy":"category","embeddable":true,"href":"https:\/\/www.euegeajans.com\/index.php\/wp-json\/wp\/v2\/categories?post=24516"},{"taxonomy":"post_tag","embeddable":true,"href":"https:\/\/www.euegeajans.com\/index.php\/wp-json\/wp\/v2\/tags?post=24516"}],"curies":[{"name":"wp","href":"https:\/\/api.w.org\/{rel}","templated":true}]}}