{"id":24186,"date":"2024-11-07T03:42:00","date_gmt":"2024-11-07T03:42:00","guid":{"rendered":"https:\/\/www.euegeajans.com\/?p=24186"},"modified":"2024-11-07T08:50:54","modified_gmt":"2024-11-07T08:50:54","slug":"dunyaca-unlu-iklim-bilimci-prof-dr-edouard-bard-egeye-konuk-oldu","status":"publish","type":"post","link":"https:\/\/www.euegeajans.com\/index.php\/2024\/11\/07\/dunyaca-unlu-iklim-bilimci-prof-dr-edouard-bard-egeye-konuk-oldu\/","title":{"rendered":"D\u00fcnyaca \u00fcnl\u00fc iklim bilimci Prof. Dr. Edouard Bard, Ege\u2019ye konuk oldu"},"content":{"rendered":"<p style=\"text-align: justify;\">D\u00fcnyaca \u00fcnl\u00fc iklim bilimci Prof. Dr. Edouard Bard, \u00a0Ege \u00dcniversitesine konuk oldu. Institut Fran\u00e7ais T\u00fcrkiye taraf\u0131ndan Coll\u00e8ge de France ve Ege \u00dcniversitesi i\u015f birli\u011fi ile \u201cAkdeniz\u2019de \u0130klim De\u011fi\u015fikli\u011fi ve \u0130stilac\u0131 T\u00fcrler: Ge\u00e7mi\u015ften Baz\u0131 Dersler\u201d konferans\u0131 d\u00fczenlendi. Konferans, Ege \u00dcniversitesi Fen Fak\u00fcltesi Biyoloji B\u00f6l\u00fcm\u00fc\u2019n\u00fcn \u201cKariyer Bulu\u015fmalar\u0131\u201d etkinlikleri kapsam\u0131nda yap\u0131ld\u0131.<\/p>\n<p style=\"text-align: justify;\">Moderat\u00f6rl\u00fc\u011f\u00fcn\u00fc E\u00dc Fen Fak\u00fcltesi Biyoloji B\u00f6l\u00fcm\u00fc \u00f6\u011fretim \u00fcyesi Do\u00e7. Dr. \u0130nci T\u00fcney K\u0131z\u0131lkaya\u2019n\u0131n yapt\u0131\u011f\u0131 etkinli\u011fe konu\u015fmac\u0131 olarak Institut Fran\u00e7ais T\u00fcrkiye, Coll\u00e8ge de France \u0130klim ve Okyanus Evrimi K\u00fcrs\u00fcs\u00fc Ba\u015fkan\u0131 Prof. Dr. Edouard Bard yer ald\u0131. Programa, Biyoloji B\u00f6l\u00fcm Ba\u015fkan\u0131 Prof. Dr. Kerim \u00c7i\u00e7ek, akademisyenler ve \u00f6\u011frenciler yo\u011fun ilgi g\u00f6sterdi.<\/p>\n<p style=\"text-align: justify;\"><img loading=\"lazy\" decoding=\"async\" class=\"size-medium wp-image-24188 alignleft\" src=\"http:\/\/www.euegeajans.com\/wp-content\/uploads\/2024\/11\/DSC_6810-300x200.jpg\" alt=\"\" width=\"300\" height=\"200\" srcset=\"https:\/\/www.euegeajans.com\/wp-content\/uploads\/2024\/11\/DSC_6810-300x200.jpg 300w, https:\/\/www.euegeajans.com\/wp-content\/uploads\/2024\/11\/DSC_6810-1024x684.jpg 1024w, https:\/\/www.euegeajans.com\/wp-content\/uploads\/2024\/11\/DSC_6810-768x513.jpg 768w, https:\/\/www.euegeajans.com\/wp-content\/uploads\/2024\/11\/DSC_6810.jpg 1504w\" sizes=\"auto, (max-width: 300px) 100vw, 300px\" \/>Konu\u015fmas\u0131nda Akdeniz\u2019in \u00e7e\u015fitli istilac\u0131 t\u00fcrler taraf\u0131ndan etkilendi\u011fini belirten Prof. Dr. Edouard Bard, \u201cAkdeniz, \u00f6zellikle Do\u011fu Havzas\u0131, ba\u015fta Lesepsiyen t\u00fcrler ve gemi ta\u015f\u0131mac\u0131l\u0131\u011f\u0131yla gelen organizmalar olmak \u00fczere yabanc\u0131 t\u00fcrlerin istilas\u0131ndan etkilenmektedir. K\u00fcresel \u0131s\u0131nma ve okyanus asitlenmesi de, besin ve alan i\u00e7in rekabet eden deniz canl\u0131lar\u0131n\u0131 etkilemektedir. Akdeniz&#8217;de tropikalle\u015fme, insan kaynakl\u0131 etkilerin deniz ekosistemleri \u00fczerindeki etkilerini de\u011ferlendirme ve anlama zorluklar\u0131na eklenmektedir. Biyolojik pop\u00fclasyonlarda yak\u0131n d\u00f6nemde meydana gelen ve halen devam eden de\u011fi\u015fikliklerin ger\u00e7ek zamanl\u0131 izlenmesiyle birlikte, eski d\u00f6nemlerde ya\u015fanan h\u0131zl\u0131 ve yo\u011fun paleoklimatik de\u011fi\u015fimlerin hareketli ve hareketsiz t\u00fcrlerin geni\u015f \u00e7apta g\u00f6\u00e7lere yol a\u00e7t\u0131\u011f\u0131n\u0131 da g\u00f6z \u00f6n\u00fcnde bulundurmak m\u00fcmk\u00fcnd\u00fcr. Paleoklimatik ba\u011flamda, modern d\u00f6neme k\u0131yasla daha s\u0131cak veya daha so\u011fuk olan eski d\u00f6nemlerde Akdeniz&#8217;de g\u00f6r\u00fclen baz\u0131 paleo-istilac\u0131 t\u00fcrlerin \u00f6rnekleri tan\u0131mlanacakt\u0131r. Kendi do\u011fas\u0131ndan kaynaklanan par\u00e7al\u0131 yap\u0131s\u0131 ve tarihleme belirsizliklerine ra\u011fmen, jeolojik kay\u0131tlar, b\u00fcy\u00fck ve h\u0131zl\u0131 ekolojik de\u011fi\u015fimleri ve ard\u0131ndan gelen dengeli durumlara d\u00f6n\u00fc\u015fleri incelemek i\u00e7in faydal\u0131 olabilir\u201d dedi.<\/p>\n<p style=\"text-align: justify;\"><b>Prof. Dr. Edouard Bard kimdir?<\/b><\/p>\n<p style=\"text-align: justify;\">Coll\u00e8ge de France\u2019da \u0130klim ve Okyanus Evrimi Profes\u00f6r\u00fc olan Edouard Bard\u2019\u0131n laboratuvar\u0131 Aix-en-Provence\u2019da bulunuyor.\u00a0 Nancy\u2019deki ENSG\u2019den jeoloji m\u00fchendisi olarak mezun olan Bard, tezini Gif-sur-Yvette\u2019deki CEA\u2019da ve doktoras\u0131n\u0131 ise 1987\u2019de Paris-Saclay \u00dcniversitesinde tamamlad\u0131. Daha sonra ara\u015ft\u0131rmalar\u0131n\u0131 New York\u2019taki Columbia \u00dcniversitesi Lamont Doherty D\u00fcnya G\u00f6zlemevi\u2019nde y\u00fcr\u00fctt\u00fc. 1990\u2019da Fransa\u2019ya d\u00f6nm\u00fc\u015f, \u00f6nce Gif-sur-Yvette\u2019deki CEA\u2019da, 1991\u2019de Aix-Marseille \u00dcniversitesinde ve 2001\u2019den beri Coll\u00e8ge de France\u2019da profes\u00f6r olarak ders vermektedir. Edouard Bard; Acad\u00e9mie des Sciences (2010) ve Academia Europaea (2009) \u00fcyesi, Institut Universitaire de France (1994) onursal \u00fcyesi ve ABD Ulusal Bilimler Akademisi (2014) ve Bel\u00e7ika Kraliyet Akademisi (2011) uluslararas\u0131 \u00fcyesi, Avrupa Yerbilimleri Birli\u011fi (2013) onursal \u00fcyesi ve Amerikan Jeofizik Birli\u011fi (1997), Amerika Jeoloji Derne\u011fi (1997), Jeokimya Derne\u011fi ve Avrupa Jeokimya Derne\u011fi (2020) \u00fcyesi olarak g\u00f6rev yap\u0131yor. Prof. Dr. Edouard Bard\u2019\u0131n pek \u00e7ok ulusal ve uluslararas\u0131 \u00f6d\u00fcl\u00fc bulunuyor.<\/p>\n<div id='gallery-1' class='gallery galleryid-24186 gallery-columns-5 gallery-size-medium'><figure class='gallery-item'>\n\t\t\t<div class='gallery-icon landscape'>\n\t\t\t\t<a href='https:\/\/www.euegeajans.com\/wp-content\/uploads\/2024\/11\/DSC_6788.jpg'><img loading=\"lazy\" decoding=\"async\" width=\"300\" height=\"200\" src=\"https:\/\/www.euegeajans.com\/wp-content\/uploads\/2024\/11\/DSC_6788-300x200.jpg\" class=\"attachment-medium size-medium\" alt=\"\" srcset=\"https:\/\/www.euegeajans.com\/wp-content\/uploads\/2024\/11\/DSC_6788-300x200.jpg 300w, https:\/\/www.euegeajans.com\/wp-content\/uploads\/2024\/11\/DSC_6788-1024x684.jpg 1024w, https:\/\/www.euegeajans.com\/wp-content\/uploads\/2024\/11\/DSC_6788-768x513.jpg 768w, https:\/\/www.euegeajans.com\/wp-content\/uploads\/2024\/11\/DSC_6788.jpg 1504w\" sizes=\"auto, (max-width: 300px) 100vw, 300px\" \/><\/a>\n\t\t\t<\/div><\/figure><figure class='gallery-item'>\n\t\t\t<div class='gallery-icon landscape'>\n\t\t\t\t<a href='https:\/\/www.euegeajans.com\/wp-content\/uploads\/2024\/11\/DSC_6758.jpg'><img loading=\"lazy\" decoding=\"async\" width=\"300\" height=\"200\" src=\"https:\/\/www.euegeajans.com\/wp-content\/uploads\/2024\/11\/DSC_6758-300x200.jpg\" class=\"attachment-medium size-medium\" alt=\"\" srcset=\"https:\/\/www.euegeajans.com\/wp-content\/uploads\/2024\/11\/DSC_6758-300x200.jpg 300w, https:\/\/www.euegeajans.com\/wp-content\/uploads\/2024\/11\/DSC_6758-1024x684.jpg 1024w, https:\/\/www.euegeajans.com\/wp-content\/uploads\/2024\/11\/DSC_6758-768x513.jpg 768w, https:\/\/www.euegeajans.com\/wp-content\/uploads\/2024\/11\/DSC_6758.jpg 1504w\" sizes=\"auto, (max-width: 300px) 100vw, 300px\" \/><\/a>\n\t\t\t<\/div><\/figure><figure class='gallery-item'>\n\t\t\t<div class='gallery-icon landscape'>\n\t\t\t\t<a href='https:\/\/www.euegeajans.com\/wp-content\/uploads\/2024\/11\/DSC_6772.jpg'><img loading=\"lazy\" decoding=\"async\" width=\"300\" height=\"200\" src=\"https:\/\/www.euegeajans.com\/wp-content\/uploads\/2024\/11\/DSC_6772-300x200.jpg\" class=\"attachment-medium size-medium\" alt=\"\" srcset=\"https:\/\/www.euegeajans.com\/wp-content\/uploads\/2024\/11\/DSC_6772-300x200.jpg 300w, https:\/\/www.euegeajans.com\/wp-content\/uploads\/2024\/11\/DSC_6772-1024x684.jpg 1024w, https:\/\/www.euegeajans.com\/wp-content\/uploads\/2024\/11\/DSC_6772-768x513.jpg 768w, https:\/\/www.euegeajans.com\/wp-content\/uploads\/2024\/11\/DSC_6772.jpg 1504w\" sizes=\"auto, (max-width: 300px) 100vw, 300px\" \/><\/a>\n\t\t\t<\/div><\/figure><figure class='gallery-item'>\n\t\t\t<div class='gallery-icon landscape'>\n\t\t\t\t<a href='https:\/\/www.euegeajans.com\/wp-content\/uploads\/2024\/11\/DSC_6673.jpg'><img loading=\"lazy\" decoding=\"async\" width=\"300\" height=\"200\" src=\"https:\/\/www.euegeajans.com\/wp-content\/uploads\/2024\/11\/DSC_6673-300x200.jpg\" class=\"attachment-medium size-medium\" alt=\"\" srcset=\"https:\/\/www.euegeajans.com\/wp-content\/uploads\/2024\/11\/DSC_6673-300x200.jpg 300w, https:\/\/www.euegeajans.com\/wp-content\/uploads\/2024\/11\/DSC_6673-1024x684.jpg 1024w, https:\/\/www.euegeajans.com\/wp-content\/uploads\/2024\/11\/DSC_6673-768x513.jpg 768w, https:\/\/www.euegeajans.com\/wp-content\/uploads\/2024\/11\/DSC_6673.jpg 1504w\" sizes=\"auto, (max-width: 300px) 100vw, 300px\" \/><\/a>\n\t\t\t<\/div><\/figure><figure class='gallery-item'>\n\t\t\t<div class='gallery-icon landscape'>\n\t\t\t\t<a href='https:\/\/www.euegeajans.com\/wp-content\/uploads\/2024\/11\/DSC_6833.jpg'><img loading=\"lazy\" decoding=\"async\" width=\"300\" height=\"200\" src=\"https:\/\/www.euegeajans.com\/wp-content\/uploads\/2024\/11\/DSC_6833-300x200.jpg\" class=\"attachment-medium size-medium\" alt=\"\" srcset=\"https:\/\/www.euegeajans.com\/wp-content\/uploads\/2024\/11\/DSC_6833-300x200.jpg 300w, https:\/\/www.euegeajans.com\/wp-content\/uploads\/2024\/11\/DSC_6833-1024x684.jpg 1024w, https:\/\/www.euegeajans.com\/wp-content\/uploads\/2024\/11\/DSC_6833-768x513.jpg 768w, https:\/\/www.euegeajans.com\/wp-content\/uploads\/2024\/11\/DSC_6833.jpg 1504w\" sizes=\"auto, (max-width: 300px) 100vw, 300px\" \/><\/a>\n\t\t\t<\/div><\/figure>\n\t\t<\/div>\n\n","protected":false},"excerpt":{"rendered":"<p>D\u00fcnyaca \u00fcnl\u00fc iklim bilimci Prof. Dr. Edouard Bard, \u00a0Ege \u00dcniversitesine konuk oldu. Institut Fran\u00e7ais T\u00fcrkiye&#8230;<\/p>\n","protected":false},"author":2,"featured_media":24187,"comment_status":"open","ping_status":"open","sticky":false,"template":"","format":"standard","meta":{"footnotes":""},"categories":[69,99,1,70],"tags":[],"class_list":["post-24186","post","type-post","status-publish","format-standard","has-post-thumbnail","hentry","category-bilim","category-egitim","category-gncl","category-kampus"],"featured_image_urls":{"full":["https:\/\/www.euegeajans.com\/wp-content\/uploads\/2024\/11\/DSC_6842.jpg",1504,1004,false],"thumbnail":["https:\/\/www.euegeajans.com\/wp-content\/uploads\/2024\/11\/DSC_6842-150x150.jpg",150,150,true],"medium":["https:\/\/www.euegeajans.com\/wp-content\/uploads\/2024\/11\/DSC_6842-300x200.jpg",300,200,true],"medium_large":["https:\/\/www.euegeajans.com\/wp-content\/uploads\/2024\/11\/DSC_6842-768x513.jpg",640,428,true],"large":["https:\/\/www.euegeajans.com\/wp-content\/uploads\/2024\/11\/DSC_6842-1024x684.jpg",640,428,true],"1536x1536":["https:\/\/www.euegeajans.com\/wp-content\/uploads\/2024\/11\/DSC_6842.jpg",1504,1004,false],"2048x2048":["https:\/\/www.euegeajans.com\/wp-content\/uploads\/2024\/11\/DSC_6842.jpg",1504,1004,false],"newsphere-slider-full":["https:\/\/www.euegeajans.com\/wp-content\/uploads\/2024\/11\/DSC_6842-1280x720.jpg",1280,720,true],"newsphere-featured":["https:\/\/www.euegeajans.com\/wp-content\/uploads\/2024\/11\/DSC_6842-1024x684.jpg",1024,684,true],"newsphere-medium":["https:\/\/www.euegeajans.com\/wp-content\/uploads\/2024\/11\/DSC_6842-720x380.jpg",720,380,true]},"author_info":{"display_name":"Editor","author_link":"https:\/\/www.euegeajans.com\/index.php\/author\/editor\/"},"category_info":"<a href=\"https:\/\/www.euegeajans.com\/index.php\/category\/bilim\/\" rel=\"category tag\">Bilim<\/a> <a href=\"https:\/\/www.euegeajans.com\/index.php\/category\/egitim\/\" rel=\"category tag\">E\u011fitim<\/a> <a href=\"https:\/\/www.euegeajans.com\/index.php\/category\/gncl\/\" rel=\"category tag\">G\u00fcncel<\/a> <a href=\"https:\/\/www.euegeajans.com\/index.php\/category\/kampus\/\" rel=\"category tag\">Kamp\u00fcs<\/a>","tag_info":"Kamp\u00fcs","comment_count":"0","_links":{"self":[{"href":"https:\/\/www.euegeajans.com\/index.php\/wp-json\/wp\/v2\/posts\/24186","targetHints":{"allow":["GET"]}}],"collection":[{"href":"https:\/\/www.euegeajans.com\/index.php\/wp-json\/wp\/v2\/posts"}],"about":[{"href":"https:\/\/www.euegeajans.com\/index.php\/wp-json\/wp\/v2\/types\/post"}],"author":[{"embeddable":true,"href":"https:\/\/www.euegeajans.com\/index.php\/wp-json\/wp\/v2\/users\/2"}],"replies":[{"embeddable":true,"href":"https:\/\/www.euegeajans.com\/index.php\/wp-json\/wp\/v2\/comments?post=24186"}],"version-history":[{"count":1,"href":"https:\/\/www.euegeajans.com\/index.php\/wp-json\/wp\/v2\/posts\/24186\/revisions"}],"predecessor-version":[{"id":24194,"href":"https:\/\/www.euegeajans.com\/index.php\/wp-json\/wp\/v2\/posts\/24186\/revisions\/24194"}],"wp:featuredmedia":[{"embeddable":true,"href":"https:\/\/www.euegeajans.com\/index.php\/wp-json\/wp\/v2\/media\/24187"}],"wp:attachment":[{"href":"https:\/\/www.euegeajans.com\/index.php\/wp-json\/wp\/v2\/media?parent=24186"}],"wp:term":[{"taxonomy":"category","embeddable":true,"href":"https:\/\/www.euegeajans.com\/index.php\/wp-json\/wp\/v2\/categories?post=24186"},{"taxonomy":"post_tag","embeddable":true,"href":"https:\/\/www.euegeajans.com\/index.php\/wp-json\/wp\/v2\/tags?post=24186"}],"curies":[{"name":"wp","href":"https:\/\/api.w.org\/{rel}","templated":true}]}}