{"id":23427,"date":"2024-10-01T06:46:33","date_gmt":"2024-10-01T06:46:33","guid":{"rendered":"https:\/\/www.euegeajans.com\/?p=23427"},"modified":"2024-10-01T06:46:34","modified_gmt":"2024-10-01T06:46:34","slug":"eunun-teknoloji-takimlarini-rektor-prof-dr-budak-ugurladi","status":"publish","type":"post","link":"https:\/\/www.euegeajans.com\/index.php\/2024\/10\/01\/eunun-teknoloji-takimlarini-rektor-prof-dr-budak-ugurladi\/","title":{"rendered":"\u00a0E\u00dc\u2019n\u00fcn teknoloji tak\u0131mlar\u0131n\u0131 Rekt\u00f6r Prof. Dr. Budak u\u011furlad\u0131"},"content":{"rendered":"<p style=\"text-align: justify;\">Ege \u00dcniversitesi, Adana&#8217;da 2-6 Ekim tarihleri aras\u0131nda ger\u00e7ekle\u015ftirilecek Havac\u0131l\u0131k, Uzay ve Teknoloji Festivali\u2019nde\u00a0 (TEKNOFEST) yar\u0131\u015facak tak\u0131mlar\u0131n\u0131 u\u011furlad\u0131.<\/p>\n<p style=\"text-align: justify;\">Ege \u00dcniversitesi Rekt\u00f6r\u00fc Prof. Dr. Necdet Budak, \u201cHer y\u0131l teknolojinin ve inovasyonun bulu\u015ftu\u011fu TEKNOFEST 2024&#8217;te, Milli Teknoloji Hamlesi vizyonuyla yer al\u0131yoruz. T\u00fcrkiye Teknoloji Tak\u0131m\u0131 Vakf\u0131 ile Sanayi ve Teknoloji Bakanl\u0131\u011f\u0131n\u0131n y\u00fcr\u00fct\u00fcc\u00fcl\u00fc\u011f\u00fcnde, kamu kurulu\u015flar\u0131, teknoloji firmalar\u0131 ve y\u00fcksek\u00f6\u011fretim kurumlar\u0131n\u0131n katk\u0131lar\u0131yla d\u00fczenlenen d\u00fcnyan\u0131n en b\u00fcy\u00fck organizasyonunda yar\u0131\u015facak tak\u0131mlar\u0131m\u0131zla bir araya geldik. B\u00fcy\u00fck bir motivasyon ile tak\u0131mlar\u0131m\u0131z\u0131 Adana\u2019ya u\u011furlad\u0131k\u201d diye konu\u015ftu.<\/p>\n<p style=\"text-align: justify;\"><img loading=\"lazy\" decoding=\"async\" class=\"size-medium wp-image-23429 alignleft\" src=\"http:\/\/www.euegeajans.com\/wp-content\/uploads\/2024\/10\/EUnun-teknoloji-takimlarini-Rektor-Prof.-Dr.-Budak-ugurladi-2-300x200.jpg\" alt=\"\" width=\"300\" height=\"200\" srcset=\"https:\/\/www.euegeajans.com\/wp-content\/uploads\/2024\/10\/EUnun-teknoloji-takimlarini-Rektor-Prof.-Dr.-Budak-ugurladi-2-300x200.jpg 300w, https:\/\/www.euegeajans.com\/wp-content\/uploads\/2024\/10\/EUnun-teknoloji-takimlarini-Rektor-Prof.-Dr.-Budak-ugurladi-2-1024x683.jpg 1024w, https:\/\/www.euegeajans.com\/wp-content\/uploads\/2024\/10\/EUnun-teknoloji-takimlarini-Rektor-Prof.-Dr.-Budak-ugurladi-2-768x512.jpg 768w, https:\/\/www.euegeajans.com\/wp-content\/uploads\/2024\/10\/EUnun-teknoloji-takimlarini-Rektor-Prof.-Dr.-Budak-ugurladi-2-1536x1024.jpg 1536w, https:\/\/www.euegeajans.com\/wp-content\/uploads\/2024\/10\/EUnun-teknoloji-takimlarini-Rektor-Prof.-Dr.-Budak-ugurladi-2.jpg 2048w\" sizes=\"auto, (max-width: 300px) 100vw, 300px\" \/>Ege \u00dcniversitesinin bilim ve teknoloji tak\u0131mlar\u0131na ba\u015far\u0131lar dileyen Rekt\u00f6r Prof. Dr. Necdet Budak, \u201cBilim ve teknoloji ekiplerimiz \u00fclkemizin yerli ve milli teknoloji hamlesi vizyonu do\u011frultusunda haz\u0131rlad\u0131klar\u0131 inovatif projelerini\u00a0 festivalde sergileyecekler. Tam akreditasyona sahip, \u00f6\u011frenci odakl\u0131l\u0131kta \u00f6d\u00fcll\u00fc bir ara\u015ft\u0131rma \u00fcniversitesi olarak bu dev organizasyonu bir f\u0131rsat olarak g\u00f6r\u00fcyoruz. Bir yandan kendi projelerimizi sergilerken bir yandan da ba\u015fka kurumlar\u0131n \u00e7al\u0131\u015fmalar\u0131n\u0131 inceleme ve analiz etme olana\u011f\u0131 bulaca\u011f\u0131z. Tak\u0131mlar\u0131m\u0131z\u0131n gelece\u011fin teknolojilerini geli\u015ftirme yolundaki azim ve kararl\u0131 \u00e7al\u0131\u015fmalar\u0131, yaln\u0131zca yar\u0131\u015fma i\u00e7in de\u011fil, ayn\u0131 zamanda \u00fclkemizin teknolojik geli\u015fimine ve ulusal hedeflerimize ula\u015fmam\u0131zda en b\u00fcy\u00fck motivasyon kayna\u011f\u0131m\u0131zd\u0131r. Katma de\u011ferli ve y\u00fcksek teknolojili \u00fcretime y\u00f6nelik yenilik\u00e7i \u00e7al\u0131\u015fmalara imza atan tak\u0131mlar\u0131m\u0131z, haz\u0131rlad\u0131klar\u0131 projelerle \u00fclkemizi muas\u0131r medeniyetler seviyesinin\u00a0 \u00fczerine \u00e7\u0131karma hedefine nitelikli katk\u0131 sunacaklar. Geli\u015ftirdikleri projelerle \u00fcniversitemizi ba\u015far\u0131l\u0131 bir \u015fekilde temsil eden gen\u00e7 giri\u015fimcilerimize ve onlara destek olan t\u00fcm akademik ve idari personelimize te\u015fekk\u00fcrlerimi sunuyorum. Tak\u0131mlar\u0131m\u0131za TEKNOFEST 2024&#8217;te ba\u015far\u0131lar diliyorum\u201d dedi.<\/p>\n<div id='gallery-1' class='gallery galleryid-23427 gallery-columns-2 gallery-size-medium'><figure class='gallery-item'>\n\t\t\t<div class='gallery-icon landscape'>\n\t\t\t\t<a href='https:\/\/www.euegeajans.com\/wp-content\/uploads\/2024\/10\/EUnun-teknoloji-takimlarini-Rektor-Prof.-Dr.-Budak-ugurladi-1.jpg'><img loading=\"lazy\" decoding=\"async\" width=\"300\" height=\"200\" src=\"https:\/\/www.euegeajans.com\/wp-content\/uploads\/2024\/10\/EUnun-teknoloji-takimlarini-Rektor-Prof.-Dr.-Budak-ugurladi-1-300x200.jpg\" class=\"attachment-medium size-medium\" alt=\"\" srcset=\"https:\/\/www.euegeajans.com\/wp-content\/uploads\/2024\/10\/EUnun-teknoloji-takimlarini-Rektor-Prof.-Dr.-Budak-ugurladi-1-300x200.jpg 300w, https:\/\/www.euegeajans.com\/wp-content\/uploads\/2024\/10\/EUnun-teknoloji-takimlarini-Rektor-Prof.-Dr.-Budak-ugurladi-1-1024x683.jpg 1024w, https:\/\/www.euegeajans.com\/wp-content\/uploads\/2024\/10\/EUnun-teknoloji-takimlarini-Rektor-Prof.-Dr.-Budak-ugurladi-1-768x512.jpg 768w, https:\/\/www.euegeajans.com\/wp-content\/uploads\/2024\/10\/EUnun-teknoloji-takimlarini-Rektor-Prof.-Dr.-Budak-ugurladi-1-1536x1024.jpg 1536w, https:\/\/www.euegeajans.com\/wp-content\/uploads\/2024\/10\/EUnun-teknoloji-takimlarini-Rektor-Prof.-Dr.-Budak-ugurladi-1.jpg 2048w\" sizes=\"auto, (max-width: 300px) 100vw, 300px\" \/><\/a>\n\t\t\t<\/div><\/figure><figure class='gallery-item'>\n\t\t\t<div class='gallery-icon landscape'>\n\t\t\t\t<a href='https:\/\/www.euegeajans.com\/wp-content\/uploads\/2024\/10\/EUnun-teknoloji-takimlarini-Rektor-Prof.-Dr.-Budak-ugurladi-3.jpg'><img loading=\"lazy\" decoding=\"async\" width=\"300\" height=\"200\" src=\"https:\/\/www.euegeajans.com\/wp-content\/uploads\/2024\/10\/EUnun-teknoloji-takimlarini-Rektor-Prof.-Dr.-Budak-ugurladi-3-300x200.jpg\" class=\"attachment-medium size-medium\" alt=\"\" srcset=\"https:\/\/www.euegeajans.com\/wp-content\/uploads\/2024\/10\/EUnun-teknoloji-takimlarini-Rektor-Prof.-Dr.-Budak-ugurladi-3-300x200.jpg 300w, https:\/\/www.euegeajans.com\/wp-content\/uploads\/2024\/10\/EUnun-teknoloji-takimlarini-Rektor-Prof.-Dr.-Budak-ugurladi-3-1024x683.jpg 1024w, https:\/\/www.euegeajans.com\/wp-content\/uploads\/2024\/10\/EUnun-teknoloji-takimlarini-Rektor-Prof.-Dr.-Budak-ugurladi-3-768x512.jpg 768w, https:\/\/www.euegeajans.com\/wp-content\/uploads\/2024\/10\/EUnun-teknoloji-takimlarini-Rektor-Prof.-Dr.-Budak-ugurladi-3-1536x1024.jpg 1536w, https:\/\/www.euegeajans.com\/wp-content\/uploads\/2024\/10\/EUnun-teknoloji-takimlarini-Rektor-Prof.-Dr.-Budak-ugurladi-3.jpg 2048w\" sizes=\"auto, (max-width: 300px) 100vw, 300px\" \/><\/a>\n\t\t\t<\/div><\/figure>\n\t\t<\/div>\n\n","protected":false},"excerpt":{"rendered":"<p>Ege \u00dcniversitesi, Adana&#8217;da 2-6 Ekim tarihleri aras\u0131nda ger\u00e7ekle\u015ftirilecek Havac\u0131l\u0131k, Uzay ve Teknoloji Festivali\u2019nde\u00a0 (TEKNOFEST) yar\u0131\u015facak&#8230;<\/p>\n","protected":false},"author":2,"featured_media":23428,"comment_status":"open","ping_status":"open","sticky":false,"template":"","format":"standard","meta":{"footnotes":""},"categories":[99,1,70],"tags":[],"class_list":["post-23427","post","type-post","status-publish","format-standard","has-post-thumbnail","hentry","category-egitim","category-gncl","category-kampus"],"featured_image_urls":{"full":["https:\/\/www.euegeajans.com\/wp-content\/uploads\/2024\/10\/EUnun-teknoloji-takimlarini-Rektor-Prof.-Dr.-Budak-ugurladi-4.jpg",2048,1365,false],"thumbnail":["https:\/\/www.euegeajans.com\/wp-content\/uploads\/2024\/10\/EUnun-teknoloji-takimlarini-Rektor-Prof.-Dr.-Budak-ugurladi-4-150x150.jpg",150,150,true],"medium":["https:\/\/www.euegeajans.com\/wp-content\/uploads\/2024\/10\/EUnun-teknoloji-takimlarini-Rektor-Prof.-Dr.-Budak-ugurladi-4-300x200.jpg",300,200,true],"medium_large":["https:\/\/www.euegeajans.com\/wp-content\/uploads\/2024\/10\/EUnun-teknoloji-takimlarini-Rektor-Prof.-Dr.-Budak-ugurladi-4-768x512.jpg",640,427,true],"large":["https:\/\/www.euegeajans.com\/wp-content\/uploads\/2024\/10\/EUnun-teknoloji-takimlarini-Rektor-Prof.-Dr.-Budak-ugurladi-4-1024x683.jpg",640,427,true],"1536x1536":["https:\/\/www.euegeajans.com\/wp-content\/uploads\/2024\/10\/EUnun-teknoloji-takimlarini-Rektor-Prof.-Dr.-Budak-ugurladi-4-1536x1024.jpg",1536,1024,true],"2048x2048":["https:\/\/www.euegeajans.com\/wp-content\/uploads\/2024\/10\/EUnun-teknoloji-takimlarini-Rektor-Prof.-Dr.-Budak-ugurladi-4.jpg",2048,1365,false],"newsphere-slider-full":["https:\/\/www.euegeajans.com\/wp-content\/uploads\/2024\/10\/EUnun-teknoloji-takimlarini-Rektor-Prof.-Dr.-Budak-ugurladi-4-1280x720.jpg",1280,720,true],"newsphere-featured":["https:\/\/www.euegeajans.com\/wp-content\/uploads\/2024\/10\/EUnun-teknoloji-takimlarini-Rektor-Prof.-Dr.-Budak-ugurladi-4-1024x683.jpg",1024,683,true],"newsphere-medium":["https:\/\/www.euegeajans.com\/wp-content\/uploads\/2024\/10\/EUnun-teknoloji-takimlarini-Rektor-Prof.-Dr.-Budak-ugurladi-4-720x380.jpg",720,380,true]},"author_info":{"display_name":"Editor","author_link":"https:\/\/www.euegeajans.com\/index.php\/author\/editor\/"},"category_info":"<a href=\"https:\/\/www.euegeajans.com\/index.php\/category\/egitim\/\" rel=\"category tag\">E\u011fitim<\/a> <a href=\"https:\/\/www.euegeajans.com\/index.php\/category\/gncl\/\" rel=\"category tag\">G\u00fcncel<\/a> <a href=\"https:\/\/www.euegeajans.com\/index.php\/category\/kampus\/\" rel=\"category tag\">Kamp\u00fcs<\/a>","tag_info":"Kamp\u00fcs","comment_count":"0","_links":{"self":[{"href":"https:\/\/www.euegeajans.com\/index.php\/wp-json\/wp\/v2\/posts\/23427","targetHints":{"allow":["GET"]}}],"collection":[{"href":"https:\/\/www.euegeajans.com\/index.php\/wp-json\/wp\/v2\/posts"}],"about":[{"href":"https:\/\/www.euegeajans.com\/index.php\/wp-json\/wp\/v2\/types\/post"}],"author":[{"embeddable":true,"href":"https:\/\/www.euegeajans.com\/index.php\/wp-json\/wp\/v2\/users\/2"}],"replies":[{"embeddable":true,"href":"https:\/\/www.euegeajans.com\/index.php\/wp-json\/wp\/v2\/comments?post=23427"}],"version-history":[{"count":1,"href":"https:\/\/www.euegeajans.com\/index.php\/wp-json\/wp\/v2\/posts\/23427\/revisions"}],"predecessor-version":[{"id":23432,"href":"https:\/\/www.euegeajans.com\/index.php\/wp-json\/wp\/v2\/posts\/23427\/revisions\/23432"}],"wp:featuredmedia":[{"embeddable":true,"href":"https:\/\/www.euegeajans.com\/index.php\/wp-json\/wp\/v2\/media\/23428"}],"wp:attachment":[{"href":"https:\/\/www.euegeajans.com\/index.php\/wp-json\/wp\/v2\/media?parent=23427"}],"wp:term":[{"taxonomy":"category","embeddable":true,"href":"https:\/\/www.euegeajans.com\/index.php\/wp-json\/wp\/v2\/categories?post=23427"},{"taxonomy":"post_tag","embeddable":true,"href":"https:\/\/www.euegeajans.com\/index.php\/wp-json\/wp\/v2\/tags?post=23427"}],"curies":[{"name":"wp","href":"https:\/\/api.w.org\/{rel}","templated":true}]}}