{"id":22163,"date":"2024-06-14T04:58:00","date_gmt":"2024-06-14T04:58:00","guid":{"rendered":"https:\/\/www.euegeajans.com\/?p=22163"},"modified":"2024-06-14T08:03:06","modified_gmt":"2024-06-14T08:03:06","slug":"egeli-genc-tasarimcilar-sektore-ugurlandi","status":"publish","type":"post","link":"https:\/\/www.euegeajans.com\/index.php\/2024\/06\/14\/egeli-genc-tasarimcilar-sektore-ugurlandi\/","title":{"rendered":"Egeli gen\u00e7 tasar\u0131mc\u0131lar sekt\u00f6re u\u011furland\u0131"},"content":{"rendered":"<p style=\"text-align: justify;\">Ege \u00dcniversitesi (E\u00dc) G\u00fczel Sanatlar, Tasar\u0131m ve Mimarl\u0131k Fak\u00fcltesinde, 2023-2024 e\u011fitim \u00f6\u011fretim d\u00f6neminde \u00f6\u011frenimlerini tamamlayan gen\u00e7 tasar\u0131mc\u0131lar d\u00fczenlenen t\u00f6renle sekt\u00f6re u\u011furland\u0131. Ege \u00dcniversitesi Prof. Dr. Yusuf Vardar M\u00d6TBE K\u00fclt\u00fcr Merkezinde yap\u0131lan t\u00f6rene; E\u00dc Rekt\u00f6r Yard\u0131mc\u0131s\u0131 Prof. Dr. Mehmet Ersan, G\u00fczel Sanatlar, Tasar\u0131m ve Mimarl\u0131k Fak\u00fcltesi (GSTMF) Dekan\u0131 Prof. Dr. Alev Fato\u015f Parsa, GSTMF Dekan Yard\u0131mc\u0131lar\u0131 Do\u00e7. Dr. Cem G\u00fczelo\u011flu, Dr. \u00d6\u011fr. \u00dcyesi Onur Orkan Ak\u015fit, akademisyenler, \u00f6\u011frenciler ve aileleri kat\u0131ld\u0131. T\u00f6ren \u00f6ncesi G\u00f6rsel \u0130leti\u015fim Tasar\u0131m\u0131 B\u00f6l\u00fcm\u00fc 4. S\u0131n\u0131f \u00f6\u011frencilerinin bitirme projelerinden olu\u015fan sergi M\u00d6TBE Fuaye Alan\u0131nda sanatseverlerle bulu\u015ftu.<\/p>\n<p style=\"text-align: justify;\"><img loading=\"lazy\" decoding=\"async\" class=\"size-medium wp-image-22165 alignleft\" src=\"http:\/\/www.euegeajans.com\/wp-content\/uploads\/2024\/06\/Prof.-Dr.-Mehmet-Ersan-1-300x200.jpg\" alt=\"\" width=\"300\" height=\"200\" srcset=\"https:\/\/www.euegeajans.com\/wp-content\/uploads\/2024\/06\/Prof.-Dr.-Mehmet-Ersan-1-300x200.jpg 300w, https:\/\/www.euegeajans.com\/wp-content\/uploads\/2024\/06\/Prof.-Dr.-Mehmet-Ersan-1-1024x683.jpg 1024w, https:\/\/www.euegeajans.com\/wp-content\/uploads\/2024\/06\/Prof.-Dr.-Mehmet-Ersan-1-768x512.jpg 768w, https:\/\/www.euegeajans.com\/wp-content\/uploads\/2024\/06\/Prof.-Dr.-Mehmet-Ersan-1.jpg 1500w\" sizes=\"auto, (max-width: 300px) 100vw, 300px\" \/>T\u00f6rende yapt\u0131\u011f\u0131 a\u00e7\u0131l\u0131\u015f konu\u015fmas\u0131nda E\u00dc Rekt\u00f6r\u00fc Prof. Dr. Necdet Budak\u2019\u0131n selam ve sevgilerini ileten Rekt\u00f6r Yard\u0131mc\u0131s\u0131 Prof. Dr. Mehmet Ersan, \u201cEge \u00dcniversitesi; ara\u015ft\u0131rma, e\u011fitim ve topluma hizmet uygulamalar\u0131 ile b\u00f6lgesel, ulusal ve evrensel gereksinimleri kar\u015f\u0131layan, \u00f6\u011frenciyi merkeze alan ve temel de\u011ferlere ba\u011fl\u0131 mesleki ve k\u00fclt\u00fcrel olarak donan\u0131ml\u0131, de\u011fi\u015fime a\u00e7\u0131k, \u00f6nc\u00fc ve at\u0131l\u0131mc\u0131 misyonu ile 1955 y\u0131l\u0131ndan beri faaliyette bulunan, T\u00fcrkiye\u2019nin en k\u00f6kl\u00fc kurumlar\u0131ndan birisidir. Cumhuriyetimizin kurucusu Gazi Mustafa Kemal Atat\u00fcrk\u2019\u00fcn \u2018Hayatta en hakiki m\u00fcr\u015fit ilimdir, fendir\u2019 s\u00f6zleri ile ifade etti\u011fi anlay\u0131\u015f\u0131n takip\u00e7isiyiz. Amac\u0131m\u0131z; ulusal ve uluslararas\u0131 bilim, teknoloji d\u00fcnyas\u0131 ile \u00f6rg\u00fctsel ba\u011flar\u0131 geli\u015fmi\u015f, kurumsal k\u00fclt\u00fcr\u00fc g\u00fc\u00e7l\u00fc, aidiyetin y\u00fcksek oldu\u011fu, d\u00fcnyadaki nitelikli \u00fcniversiteler ile e\u015f de\u011fer bir e\u011fitim ve ara\u015ft\u0131rma kurumu olmay\u0131 s\u00fcrd\u00fcrmek ve gelece\u011fin \u00fcreten T\u00fcrkiye hedefine daha fazla katk\u0131 sunmakt\u0131r\u201d diye konu\u015ftu.<\/p>\n<p style=\"text-align: justify;\"><b>\u201cSanat\u0131n ve bilimin \u0131\u015f\u0131\u011f\u0131ndan ayr\u0131lmay\u0131n\u201d<\/b><\/p>\n<p style=\"text-align: justify;\"><img loading=\"lazy\" decoding=\"async\" class=\"size-medium wp-image-22166 alignright\" src=\"http:\/\/www.euegeajans.com\/wp-content\/uploads\/2024\/06\/Prof.-Dr.-Alev-Fatos-Parsa-1-300x200.jpg\" alt=\"\" width=\"300\" height=\"200\" srcset=\"https:\/\/www.euegeajans.com\/wp-content\/uploads\/2024\/06\/Prof.-Dr.-Alev-Fatos-Parsa-1-300x200.jpg 300w, https:\/\/www.euegeajans.com\/wp-content\/uploads\/2024\/06\/Prof.-Dr.-Alev-Fatos-Parsa-1-1024x683.jpg 1024w, https:\/\/www.euegeajans.com\/wp-content\/uploads\/2024\/06\/Prof.-Dr.-Alev-Fatos-Parsa-1-768x512.jpg 768w, https:\/\/www.euegeajans.com\/wp-content\/uploads\/2024\/06\/Prof.-Dr.-Alev-Fatos-Parsa-1.jpg 1500w\" sizes=\"auto, (max-width: 300px) 100vw, 300px\" \/>E\u00dc G\u00fczel Sanatlar, Tasar\u0131m ve Mimarl\u0131k Fak\u00fcltesi Dekan\u0131 Prof. Dr. Alev Fato\u015f Parsa, \u201cBug\u00fcn burada fak\u00fcltemizin \u00fc\u00e7\u00fcnc\u00fc mezuniyet t\u00f6renini ger\u00e7ekle\u015ftirmenin mutlulu\u011funu ve hakl\u0131 gururunu ya\u015f\u0131yoruz. Sevgili \u00f6\u011frencilerimiz, sizler bug\u00fcn T\u00fcrkiye\u2019nin en k\u00f6kl\u00fc ve g\u00fc\u00e7l\u00fc \u00fcniversitelerinden biri olan, 1955 y\u0131l\u0131nda kurulmu\u015f ve b\u00f6lgenin incisi olan Ege \u00dcniversitesinden mezun oluyorsunuz. E\u011fitim hayat\u0131n\u0131z\u0131n \u00f6nemli d\u00f6n\u00fcm noktalar\u0131ndan biri olan \u00fcniversite ya\u015fam\u0131n\u0131z\u0131 ba\u015far\u0131yla tamamlad\u0131n\u0131z. \u00c7ok \u00e7al\u0131\u015farak, \u00fcreterek ve erdemli insan olman\u0131n gerekliliklerinden uzakla\u015fmadan, \u00f6n\u00fcn\u00fczdeki kariyer basamaklar\u0131n\u0131 h\u0131zla t\u0131rmanaca\u011f\u0131n\u0131za olan inanc\u0131m tamd\u0131r. Sanat\u0131n ve bilimin \u0131\u015f\u0131\u011f\u0131ndan ayr\u0131lmay\u0131n\u201d dedi.<\/p>\n<p style=\"text-align: justify;\">GSTMF Dekan Yard\u0131mc\u0131s\u0131 ve G\u00f6rsel \u0130leti\u015fim Tasar\u0131m\u0131 B\u00f6l\u00fcm Ba\u015fkan\u0131 Do\u00e7. Dr. Cem G\u00fczelo\u011flu, \u201cG\u00f6rsel \u0130leti\u015fim Tasar\u0131m\u0131 B\u00f6l\u00fcm\u00fc olarak siz sevgili \u00f6\u011frencilerimizi mezun etmeninin gururunu ve mutlulu\u011funu ya\u015f\u0131yoruz. Sizler, yarat\u0131c\u0131l\u0131\u011f\u0131n ve esteti\u011fin harmanland\u0131\u011f\u0131 bu disiplinin \u0131\u015f\u0131\u011f\u0131nda sadece birer \u00f6\u011frenci de\u011fil gelece\u011fi \u015fekillendirecek ki\u015filersiniz. Unutmay\u0131n ki sanat\u0131n\u0131zla d\u00fcnyay\u0131 daha g\u00fczel bir yer haline getirme g\u00fcc\u00fcne sahipsiniz. Her tasar\u0131m\u0131n\u0131zda, her projenizde bu g\u00fcc\u00fc hissedin ve kullanmaktan korkmay\u0131n\u201d dedi.<\/p>\n<p style=\"text-align: justify;\">Fak\u00fclte birincisi Muhammet Emir \u015eeker ise, \u201cBelki de sadece merakl\u0131 olarak k\u00e2\u011f\u0131tlar\u0131 karalad\u0131\u011f\u0131m\u0131z zamanlardan, sekt\u00f6re haz\u0131r ve donan\u0131ml\u0131 bir \u015fekilde bug\u00fcn mezun oluyoruz. \u0130lk s\u0131n\u0131flardan, son s\u0131n\u0131flara kadar ald\u0131\u011f\u0131m\u0131z teknik ve teorik sanat e\u011fitimi ile birlikte her birimiz sekt\u00f6rde kendini g\u00f6steren dinamik ve etkili tasar\u0131mc\u0131lar olaca\u011f\u0131z. \u015e\u00fcphesiz ki bu geli\u015fimimizin ard\u0131ndaki en b\u00fcy\u00fck rol oynayan unsur ise de\u011ferli e\u011fitimci hocalar\u0131m\u0131zd\u0131r. Kendilerinin bize katt\u0131klar\u0131 bilgilerin yan\u0131 s\u0131ra her zaman bize kar\u015f\u0131 olan s\u0131cak tav\u0131rlar\u0131ndan dolay\u0131 bir\u00e7ok g\u00fczel sanatlar fak\u00fcltesinde olmayan samimiyeti bizlere g\u00f6stermi\u015flerdir. Bu d\u00f6rt senelik e\u011fitim hayat\u0131m\u0131zda kendine, i\u015fine ve okulunu emek veren arkada\u015flar\u0131ma da tebriklerimi iletmek isterim\u201d dedi.<\/p>\n<p style=\"text-align: justify;\">T\u00f6ren, mezun \u00f6\u011frencilerin meslek and\u0131n\u0131 okumas\u0131 ve kep f\u0131rlatmalar\u0131n\u0131n ard\u0131ndan sona erdi.<\/p>\n<div id='gallery-1' class='gallery galleryid-22163 gallery-columns-5 gallery-size-medium'><figure class='gallery-item'>\n\t\t\t<div class='gallery-icon landscape'>\n\t\t\t\t<a href='https:\/\/www.euegeajans.com\/wp-content\/uploads\/2024\/06\/Egeli-genc-tasarimcilar-sektore-ugurlandi-18.jpg'><img loading=\"lazy\" decoding=\"async\" width=\"300\" height=\"200\" src=\"https:\/\/www.euegeajans.com\/wp-content\/uploads\/2024\/06\/Egeli-genc-tasarimcilar-sektore-ugurlandi-18-300x200.jpg\" class=\"attachment-medium size-medium\" alt=\"\" srcset=\"https:\/\/www.euegeajans.com\/wp-content\/uploads\/2024\/06\/Egeli-genc-tasarimcilar-sektore-ugurlandi-18-300x200.jpg 300w, https:\/\/www.euegeajans.com\/wp-content\/uploads\/2024\/06\/Egeli-genc-tasarimcilar-sektore-ugurlandi-18-1024x683.jpg 1024w, https:\/\/www.euegeajans.com\/wp-content\/uploads\/2024\/06\/Egeli-genc-tasarimcilar-sektore-ugurlandi-18-768x512.jpg 768w, https:\/\/www.euegeajans.com\/wp-content\/uploads\/2024\/06\/Egeli-genc-tasarimcilar-sektore-ugurlandi-18.jpg 1500w\" sizes=\"auto, (max-width: 300px) 100vw, 300px\" \/><\/a>\n\t\t\t<\/div><\/figure><figure class='gallery-item'>\n\t\t\t<div class='gallery-icon landscape'>\n\t\t\t\t<a href='https:\/\/www.euegeajans.com\/wp-content\/uploads\/2024\/06\/Egeli-genc-tasarimcilar-sektore-ugurlandi-17.jpg'><img loading=\"lazy\" decoding=\"async\" width=\"300\" height=\"200\" src=\"https:\/\/www.euegeajans.com\/wp-content\/uploads\/2024\/06\/Egeli-genc-tasarimcilar-sektore-ugurlandi-17-300x200.jpg\" class=\"attachment-medium size-medium\" alt=\"\" srcset=\"https:\/\/www.euegeajans.com\/wp-content\/uploads\/2024\/06\/Egeli-genc-tasarimcilar-sektore-ugurlandi-17-300x200.jpg 300w, https:\/\/www.euegeajans.com\/wp-content\/uploads\/2024\/06\/Egeli-genc-tasarimcilar-sektore-ugurlandi-17-1024x683.jpg 1024w, https:\/\/www.euegeajans.com\/wp-content\/uploads\/2024\/06\/Egeli-genc-tasarimcilar-sektore-ugurlandi-17-768x512.jpg 768w, https:\/\/www.euegeajans.com\/wp-content\/uploads\/2024\/06\/Egeli-genc-tasarimcilar-sektore-ugurlandi-17.jpg 1500w\" sizes=\"auto, (max-width: 300px) 100vw, 300px\" \/><\/a>\n\t\t\t<\/div><\/figure><figure class='gallery-item'>\n\t\t\t<div class='gallery-icon landscape'>\n\t\t\t\t<a href='https:\/\/www.euegeajans.com\/wp-content\/uploads\/2024\/06\/Egeli-genc-tasarimcilar-sektore-ugurlandi-19-scaled.jpg'><img loading=\"lazy\" decoding=\"async\" width=\"300\" height=\"200\" src=\"https:\/\/www.euegeajans.com\/wp-content\/uploads\/2024\/06\/Egeli-genc-tasarimcilar-sektore-ugurlandi-19-300x200.jpg\" class=\"attachment-medium size-medium\" alt=\"\" srcset=\"https:\/\/www.euegeajans.com\/wp-content\/uploads\/2024\/06\/Egeli-genc-tasarimcilar-sektore-ugurlandi-19-300x200.jpg 300w, https:\/\/www.euegeajans.com\/wp-content\/uploads\/2024\/06\/Egeli-genc-tasarimcilar-sektore-ugurlandi-19-1024x683.jpg 1024w, https:\/\/www.euegeajans.com\/wp-content\/uploads\/2024\/06\/Egeli-genc-tasarimcilar-sektore-ugurlandi-19-768x512.jpg 768w, https:\/\/www.euegeajans.com\/wp-content\/uploads\/2024\/06\/Egeli-genc-tasarimcilar-sektore-ugurlandi-19-1536x1024.jpg 1536w, https:\/\/www.euegeajans.com\/wp-content\/uploads\/2024\/06\/Egeli-genc-tasarimcilar-sektore-ugurlandi-19-2048x1365.jpg 2048w\" sizes=\"auto, (max-width: 300px) 100vw, 300px\" \/><\/a>\n\t\t\t<\/div><\/figure><figure class='gallery-item'>\n\t\t\t<div class='gallery-icon landscape'>\n\t\t\t\t<a href='https:\/\/www.euegeajans.com\/wp-content\/uploads\/2024\/06\/Egeli-genc-tasarimcilar-sektore-ugurlandi-1.jpg'><img loading=\"lazy\" decoding=\"async\" width=\"300\" height=\"200\" src=\"https:\/\/www.euegeajans.com\/wp-content\/uploads\/2024\/06\/Egeli-genc-tasarimcilar-sektore-ugurlandi-1-300x200.jpg\" class=\"attachment-medium size-medium\" alt=\"\" srcset=\"https:\/\/www.euegeajans.com\/wp-content\/uploads\/2024\/06\/Egeli-genc-tasarimcilar-sektore-ugurlandi-1-300x200.jpg 300w, https:\/\/www.euegeajans.com\/wp-content\/uploads\/2024\/06\/Egeli-genc-tasarimcilar-sektore-ugurlandi-1-1024x683.jpg 1024w, https:\/\/www.euegeajans.com\/wp-content\/uploads\/2024\/06\/Egeli-genc-tasarimcilar-sektore-ugurlandi-1-768x512.jpg 768w, https:\/\/www.euegeajans.com\/wp-content\/uploads\/2024\/06\/Egeli-genc-tasarimcilar-sektore-ugurlandi-1.jpg 1500w\" sizes=\"auto, (max-width: 300px) 100vw, 300px\" \/><\/a>\n\t\t\t<\/div><\/figure><figure class='gallery-item'>\n\t\t\t<div class='gallery-icon landscape'>\n\t\t\t\t<a href='https:\/\/www.euegeajans.com\/wp-content\/uploads\/2024\/06\/Egeli-genc-tasarimcilar-sektore-ugurlandi-10.jpg'><img loading=\"lazy\" decoding=\"async\" width=\"300\" height=\"200\" src=\"https:\/\/www.euegeajans.com\/wp-content\/uploads\/2024\/06\/Egeli-genc-tasarimcilar-sektore-ugurlandi-10-300x200.jpg\" class=\"attachment-medium size-medium\" alt=\"\" srcset=\"https:\/\/www.euegeajans.com\/wp-content\/uploads\/2024\/06\/Egeli-genc-tasarimcilar-sektore-ugurlandi-10-300x200.jpg 300w, https:\/\/www.euegeajans.com\/wp-content\/uploads\/2024\/06\/Egeli-genc-tasarimcilar-sektore-ugurlandi-10-1024x683.jpg 1024w, https:\/\/www.euegeajans.com\/wp-content\/uploads\/2024\/06\/Egeli-genc-tasarimcilar-sektore-ugurlandi-10-768x512.jpg 768w, https:\/\/www.euegeajans.com\/wp-content\/uploads\/2024\/06\/Egeli-genc-tasarimcilar-sektore-ugurlandi-10.jpg 1500w\" sizes=\"auto, (max-width: 300px) 100vw, 300px\" \/><\/a>\n\t\t\t<\/div><\/figure><figure class='gallery-item'>\n\t\t\t<div class='gallery-icon landscape'>\n\t\t\t\t<a href='https:\/\/www.euegeajans.com\/wp-content\/uploads\/2024\/06\/Egeli-genc-tasarimcilar-sektore-ugurlandi-16.jpg'><img loading=\"lazy\" decoding=\"async\" width=\"300\" height=\"200\" src=\"https:\/\/www.euegeajans.com\/wp-content\/uploads\/2024\/06\/Egeli-genc-tasarimcilar-sektore-ugurlandi-16-300x200.jpg\" class=\"attachment-medium size-medium\" alt=\"\" srcset=\"https:\/\/www.euegeajans.com\/wp-content\/uploads\/2024\/06\/Egeli-genc-tasarimcilar-sektore-ugurlandi-16-300x200.jpg 300w, https:\/\/www.euegeajans.com\/wp-content\/uploads\/2024\/06\/Egeli-genc-tasarimcilar-sektore-ugurlandi-16-1024x683.jpg 1024w, https:\/\/www.euegeajans.com\/wp-content\/uploads\/2024\/06\/Egeli-genc-tasarimcilar-sektore-ugurlandi-16-768x512.jpg 768w, https:\/\/www.euegeajans.com\/wp-content\/uploads\/2024\/06\/Egeli-genc-tasarimcilar-sektore-ugurlandi-16.jpg 1500w\" sizes=\"auto, (max-width: 300px) 100vw, 300px\" \/><\/a>\n\t\t\t<\/div><\/figure><figure class='gallery-item'>\n\t\t\t<div class='gallery-icon landscape'>\n\t\t\t\t<a href='https:\/\/www.euegeajans.com\/wp-content\/uploads\/2024\/06\/Egeli-genc-tasarimcilar-sektore-ugurlandi-20.jpg'><img loading=\"lazy\" decoding=\"async\" width=\"300\" height=\"200\" src=\"https:\/\/www.euegeajans.com\/wp-content\/uploads\/2024\/06\/Egeli-genc-tasarimcilar-sektore-ugurlandi-20-300x200.jpg\" class=\"attachment-medium size-medium\" alt=\"\" srcset=\"https:\/\/www.euegeajans.com\/wp-content\/uploads\/2024\/06\/Egeli-genc-tasarimcilar-sektore-ugurlandi-20-300x200.jpg 300w, https:\/\/www.euegeajans.com\/wp-content\/uploads\/2024\/06\/Egeli-genc-tasarimcilar-sektore-ugurlandi-20-1024x683.jpg 1024w, https:\/\/www.euegeajans.com\/wp-content\/uploads\/2024\/06\/Egeli-genc-tasarimcilar-sektore-ugurlandi-20-768x512.jpg 768w, https:\/\/www.euegeajans.com\/wp-content\/uploads\/2024\/06\/Egeli-genc-tasarimcilar-sektore-ugurlandi-20.jpg 1500w\" sizes=\"auto, (max-width: 300px) 100vw, 300px\" \/><\/a>\n\t\t\t<\/div><\/figure><figure class='gallery-item'>\n\t\t\t<div class='gallery-icon landscape'>\n\t\t\t\t<a href='https:\/\/www.euegeajans.com\/wp-content\/uploads\/2024\/06\/Egeli-genc-tasarimcilar-sektore-ugurlandi-21.jpg'><img loading=\"lazy\" decoding=\"async\" width=\"300\" height=\"200\" src=\"https:\/\/www.euegeajans.com\/wp-content\/uploads\/2024\/06\/Egeli-genc-tasarimcilar-sektore-ugurlandi-21-300x200.jpg\" class=\"attachment-medium size-medium\" alt=\"\" srcset=\"https:\/\/www.euegeajans.com\/wp-content\/uploads\/2024\/06\/Egeli-genc-tasarimcilar-sektore-ugurlandi-21-300x200.jpg 300w, https:\/\/www.euegeajans.com\/wp-content\/uploads\/2024\/06\/Egeli-genc-tasarimcilar-sektore-ugurlandi-21-1024x683.jpg 1024w, https:\/\/www.euegeajans.com\/wp-content\/uploads\/2024\/06\/Egeli-genc-tasarimcilar-sektore-ugurlandi-21-768x512.jpg 768w, https:\/\/www.euegeajans.com\/wp-content\/uploads\/2024\/06\/Egeli-genc-tasarimcilar-sektore-ugurlandi-21.jpg 1500w\" sizes=\"auto, (max-width: 300px) 100vw, 300px\" \/><\/a>\n\t\t\t<\/div><\/figure><figure class='gallery-item'>\n\t\t\t<div class='gallery-icon landscape'>\n\t\t\t\t<a href='https:\/\/www.euegeajans.com\/wp-content\/uploads\/2024\/06\/Egeli-genc-tasarimcilar-sektore-ugurlandi-3.jpg'><img loading=\"lazy\" decoding=\"async\" width=\"300\" height=\"200\" src=\"https:\/\/www.euegeajans.com\/wp-content\/uploads\/2024\/06\/Egeli-genc-tasarimcilar-sektore-ugurlandi-3-300x200.jpg\" class=\"attachment-medium size-medium\" alt=\"\" srcset=\"https:\/\/www.euegeajans.com\/wp-content\/uploads\/2024\/06\/Egeli-genc-tasarimcilar-sektore-ugurlandi-3-300x200.jpg 300w, https:\/\/www.euegeajans.com\/wp-content\/uploads\/2024\/06\/Egeli-genc-tasarimcilar-sektore-ugurlandi-3-1024x683.jpg 1024w, https:\/\/www.euegeajans.com\/wp-content\/uploads\/2024\/06\/Egeli-genc-tasarimcilar-sektore-ugurlandi-3-768x512.jpg 768w, https:\/\/www.euegeajans.com\/wp-content\/uploads\/2024\/06\/Egeli-genc-tasarimcilar-sektore-ugurlandi-3.jpg 1500w\" sizes=\"auto, (max-width: 300px) 100vw, 300px\" \/><\/a>\n\t\t\t<\/div><\/figure><figure class='gallery-item'>\n\t\t\t<div class='gallery-icon landscape'>\n\t\t\t\t<a href='https:\/\/www.euegeajans.com\/wp-content\/uploads\/2024\/06\/Egeli-genc-tasarimcilar-sektore-ugurlandi-2.jpg'><img loading=\"lazy\" decoding=\"async\" width=\"300\" height=\"200\" src=\"https:\/\/www.euegeajans.com\/wp-content\/uploads\/2024\/06\/Egeli-genc-tasarimcilar-sektore-ugurlandi-2-300x200.jpg\" class=\"attachment-medium size-medium\" alt=\"\" srcset=\"https:\/\/www.euegeajans.com\/wp-content\/uploads\/2024\/06\/Egeli-genc-tasarimcilar-sektore-ugurlandi-2-300x200.jpg 300w, https:\/\/www.euegeajans.com\/wp-content\/uploads\/2024\/06\/Egeli-genc-tasarimcilar-sektore-ugurlandi-2-1024x683.jpg 1024w, https:\/\/www.euegeajans.com\/wp-content\/uploads\/2024\/06\/Egeli-genc-tasarimcilar-sektore-ugurlandi-2-768x512.jpg 768w, https:\/\/www.euegeajans.com\/wp-content\/uploads\/2024\/06\/Egeli-genc-tasarimcilar-sektore-ugurlandi-2.jpg 1500w\" sizes=\"auto, (max-width: 300px) 100vw, 300px\" \/><\/a>\n\t\t\t<\/div><\/figure>\n\t\t<\/div>\n\n","protected":false},"excerpt":{"rendered":"<p>Ege \u00dcniversitesi (E\u00dc) G\u00fczel Sanatlar, Tasar\u0131m ve Mimarl\u0131k Fak\u00fcltesinde, 2023-2024 e\u011fitim \u00f6\u011fretim d\u00f6neminde \u00f6\u011frenimlerini tamamlayan&#8230;<\/p>\n","protected":false},"author":2,"featured_media":22164,"comment_status":"open","ping_status":"open","sticky":false,"template":"","format":"standard","meta":{"footnotes":""},"categories":[99,1,70],"tags":[],"class_list":["post-22163","post","type-post","status-publish","format-standard","has-post-thumbnail","hentry","category-egitim","category-gncl","category-kampus"],"featured_image_urls":{"full":["https:\/\/www.euegeajans.com\/wp-content\/uploads\/2024\/06\/Egeli-genc-tasarimcilar-sektore-ugurlandi-12.jpg",1500,1000,false],"thumbnail":["https:\/\/www.euegeajans.com\/wp-content\/uploads\/2024\/06\/Egeli-genc-tasarimcilar-sektore-ugurlandi-12-150x150.jpg",150,150,true],"medium":["https:\/\/www.euegeajans.com\/wp-content\/uploads\/2024\/06\/Egeli-genc-tasarimcilar-sektore-ugurlandi-12-300x200.jpg",300,200,true],"medium_large":["https:\/\/www.euegeajans.com\/wp-content\/uploads\/2024\/06\/Egeli-genc-tasarimcilar-sektore-ugurlandi-12-768x512.jpg",640,427,true],"large":["https:\/\/www.euegeajans.com\/wp-content\/uploads\/2024\/06\/Egeli-genc-tasarimcilar-sektore-ugurlandi-12-1024x683.jpg",640,427,true],"1536x1536":["https:\/\/www.euegeajans.com\/wp-content\/uploads\/2024\/06\/Egeli-genc-tasarimcilar-sektore-ugurlandi-12.jpg",1500,1000,false],"2048x2048":["https:\/\/www.euegeajans.com\/wp-content\/uploads\/2024\/06\/Egeli-genc-tasarimcilar-sektore-ugurlandi-12.jpg",1500,1000,false],"newsphere-slider-full":["https:\/\/www.euegeajans.com\/wp-content\/uploads\/2024\/06\/Egeli-genc-tasarimcilar-sektore-ugurlandi-12-1280x720.jpg",1280,720,true],"newsphere-featured":["https:\/\/www.euegeajans.com\/wp-content\/uploads\/2024\/06\/Egeli-genc-tasarimcilar-sektore-ugurlandi-12-1024x683.jpg",1024,683,true],"newsphere-medium":["https:\/\/www.euegeajans.com\/wp-content\/uploads\/2024\/06\/Egeli-genc-tasarimcilar-sektore-ugurlandi-12-720x380.jpg",720,380,true]},"author_info":{"display_name":"Editor","author_link":"https:\/\/www.euegeajans.com\/index.php\/author\/editor\/"},"category_info":"<a href=\"https:\/\/www.euegeajans.com\/index.php\/category\/egitim\/\" rel=\"category tag\">E\u011fitim<\/a> <a href=\"https:\/\/www.euegeajans.com\/index.php\/category\/gncl\/\" rel=\"category tag\">G\u00fcncel<\/a> <a href=\"https:\/\/www.euegeajans.com\/index.php\/category\/kampus\/\" rel=\"category tag\">Kamp\u00fcs<\/a>","tag_info":"Kamp\u00fcs","comment_count":"0","_links":{"self":[{"href":"https:\/\/www.euegeajans.com\/index.php\/wp-json\/wp\/v2\/posts\/22163","targetHints":{"allow":["GET"]}}],"collection":[{"href":"https:\/\/www.euegeajans.com\/index.php\/wp-json\/wp\/v2\/posts"}],"about":[{"href":"https:\/\/www.euegeajans.com\/index.php\/wp-json\/wp\/v2\/types\/post"}],"author":[{"embeddable":true,"href":"https:\/\/www.euegeajans.com\/index.php\/wp-json\/wp\/v2\/users\/2"}],"replies":[{"embeddable":true,"href":"https:\/\/www.euegeajans.com\/index.php\/wp-json\/wp\/v2\/comments?post=22163"}],"version-history":[{"count":1,"href":"https:\/\/www.euegeajans.com\/index.php\/wp-json\/wp\/v2\/posts\/22163\/revisions"}],"predecessor-version":[{"id":22177,"href":"https:\/\/www.euegeajans.com\/index.php\/wp-json\/wp\/v2\/posts\/22163\/revisions\/22177"}],"wp:featuredmedia":[{"embeddable":true,"href":"https:\/\/www.euegeajans.com\/index.php\/wp-json\/wp\/v2\/media\/22164"}],"wp:attachment":[{"href":"https:\/\/www.euegeajans.com\/index.php\/wp-json\/wp\/v2\/media?parent=22163"}],"wp:term":[{"taxonomy":"category","embeddable":true,"href":"https:\/\/www.euegeajans.com\/index.php\/wp-json\/wp\/v2\/categories?post=22163"},{"taxonomy":"post_tag","embeddable":true,"href":"https:\/\/www.euegeajans.com\/index.php\/wp-json\/wp\/v2\/tags?post=22163"}],"curies":[{"name":"wp","href":"https:\/\/api.w.org\/{rel}","templated":true}]}}