{"id":21304,"date":"2024-05-10T02:40:00","date_gmt":"2024-05-10T02:40:00","guid":{"rendered":"https:\/\/www.euegeajans.com\/?p=21304"},"modified":"2024-05-10T08:40:58","modified_gmt":"2024-05-10T08:40:58","slug":"ege-universitesi-i-ogrenci-proje-senligi","status":"publish","type":"post","link":"https:\/\/www.euegeajans.com\/index.php\/2024\/05\/10\/ege-universitesi-i-ogrenci-proje-senligi\/","title":{"rendered":"\u201cEge \u00dcniversitesi I. \u00d6\u011frenci Proje \u015eenli\u011fi\u201d"},"content":{"rendered":"<p style=\"text-align: justify;\">\u00a0Ege \u00dcniversitesinden bir ilk daha\u2026<\/p>\n<p style=\"text-align: justify;\" align=\"center\"><b>\u201cEge \u00dcniversitesi I. \u00d6\u011frenci Proje \u015eenli\u011fi\u201d<\/b><\/p>\n<p style=\"text-align: justify;\">Ege \u00dcniversitesi, \u00f6\u011frenci odakl\u0131l\u0131k ilkesi do\u011frultusunda Rekt\u00f6r Prof. Dr. Necdet Budak\u2019\u0131n \u00f6nc\u00fcl\u00fc\u011f\u00fcnde bir ilke daha imza at\u0131yor.<\/p>\n<p style=\"text-align: justify;\">Ege \u00dcniversitesinde \u201cI. \u00d6\u011frenci Proje \u015eenli\u011fi\u201d ger\u00e7ekle\u015ftirilecek. Ege \u00dcniversitesi Ara\u015ft\u0131rma Odakl\u0131 \u00d6\u011frenci Merkezi (AROM) ve \u00d6\u011frenci Dekanl\u0131\u011f\u0131nda, 14 May\u0131s 2024 Sal\u0131 g\u00fcn\u00fc yap\u0131lacak olan I. \u00d6\u011frenci Proje \u015eenli\u011finde 200\u2019e yak\u0131n proje sergilenecek. \u015eenlikte, Ege \u00dcniversitesinin fak\u00fclte, meslek y\u00fcksekokulu ve y\u00fcksekokullar\u0131nda e\u011fitimlerine devam eden \u00f6\u011frencilerin T\u00dcB\u0130TAK, \u201c2209-A \u00dcniversite \u00d6\u011frencileri Ara\u015ft\u0131rma Projeleri Destekleme Program\u0131\u201d, \u201c2209-B \u00dcniversite \u00d6\u011frencileri Sanayiye Y\u00f6nelik Ara\u015ft\u0131rma Projeleri\u201d,\u00a0 TEKNOFEST ve Bitirme Projeleri sunulacak.<\/p>\n<p style=\"text-align: justify;\">Ege \u00dcniversitesi Rekt\u00f6r\u00fc Prof. Dr. Necdet Budak\u2019\u0131n a\u00e7\u0131l\u0131\u015f konu\u015fmalar\u0131 ile ba\u015flayacak olan \u015fenlikte, Do\u00e7. Dr. F\u0131rat Sarsar\u2019\u0131n ba\u015fkanl\u0131\u011f\u0131n\u0131 yapaca\u011f\u0131 \u201cProjelerde Ba\u015far\u0131 S\u0131rlar\u0131\u201d ba\u015fl\u0131kl\u0131 panel ger\u00e7ekle\u015ftirilecek. Prof. Dr. \u00d6zge Andi\u00e7 \u00c7ak\u0131r ise \u201cFikrim Var Tak\u0131m Yok, Tak\u0131m Var Fikrim Yok\u201d ba\u015fl\u0131kl\u0131 sunumu yapacak.<\/p>\n<p style=\"text-align: justify;\">\u00d6\u011frencilerin \u00e7al\u0131\u015fmalar\u0131n\u0131 birbirleriyle payla\u015fmas\u0131, fikir al\u0131\u015fveri\u015finde bulunmalar\u0131 ve Ar-Ge ekosisteminin etkin bir par\u00e7as\u0131 olmalar\u0131na katk\u0131 sa\u011flamay\u0131 ama\u00e7layan \u201cI. \u00d6\u011frenci Proje \u015eenli\u011fi\u201d, ayr\u0131ca \u00f6\u011frencilerinin hem akademik hem de sosyal y\u00f6nlerinin geli\u015ftirilmesine imkan sunacak. \u015eenlik kapsam\u0131nda s\u00f6yle\u015filer, sunular ve bilgi payla\u015f\u0131m alanlar\u0131nda sohbetler de yer alacak.<\/p>\n","protected":false},"excerpt":{"rendered":"<p>\u00a0Ege \u00dcniversitesinden bir ilk daha\u2026 \u201cEge \u00dcniversitesi I. \u00d6\u011frenci Proje \u015eenli\u011fi\u201d Ege \u00dcniversitesi, \u00f6\u011frenci odakl\u0131l\u0131k&#8230;<\/p>\n","protected":false},"author":2,"featured_media":21305,"comment_status":"open","ping_status":"open","sticky":false,"template":"","format":"standard","meta":{"footnotes":""},"categories":[69,99,1,70],"tags":[],"class_list":["post-21304","post","type-post","status-publish","format-standard","has-post-thumbnail","hentry","category-bilim","category-egitim","category-gncl","category-kampus"],"featured_image_urls":{"full":["https:\/\/www.euegeajans.com\/wp-content\/uploads\/2024\/05\/AROM-PROJE-SENLIGI-AFIS.jpg",1100,1600,false],"thumbnail":["https:\/\/www.euegeajans.com\/wp-content\/uploads\/2024\/05\/AROM-PROJE-SENLIGI-AFIS-150x150.jpg",150,150,true],"medium":["https:\/\/www.euegeajans.com\/wp-content\/uploads\/2024\/05\/AROM-PROJE-SENLIGI-AFIS-206x300.jpg",206,300,true],"medium_large":["https:\/\/www.euegeajans.com\/wp-content\/uploads\/2024\/05\/AROM-PROJE-SENLIGI-AFIS-768x1117.jpg",640,931,true],"large":["https:\/\/www.euegeajans.com\/wp-content\/uploads\/2024\/05\/AROM-PROJE-SENLIGI-AFIS-704x1024.jpg",640,931,true],"1536x1536":["https:\/\/www.euegeajans.com\/wp-content\/uploads\/2024\/05\/AROM-PROJE-SENLIGI-AFIS-1056x1536.jpg",1056,1536,true],"2048x2048":["https:\/\/www.euegeajans.com\/wp-content\/uploads\/2024\/05\/AROM-PROJE-SENLIGI-AFIS.jpg",1100,1600,false],"newsphere-slider-full":["https:\/\/www.euegeajans.com\/wp-content\/uploads\/2024\/05\/AROM-PROJE-SENLIGI-AFIS-1100x720.jpg",1100,720,true],"newsphere-featured":["https:\/\/www.euegeajans.com\/wp-content\/uploads\/2024\/05\/AROM-PROJE-SENLIGI-AFIS-1024x1489.jpg",1024,1489,true],"newsphere-medium":["https:\/\/www.euegeajans.com\/wp-content\/uploads\/2024\/05\/AROM-PROJE-SENLIGI-AFIS-720x380.jpg",720,380,true]},"author_info":{"display_name":"Editor","author_link":"https:\/\/www.euegeajans.com\/index.php\/author\/editor\/"},"category_info":"<a href=\"https:\/\/www.euegeajans.com\/index.php\/category\/bilim\/\" rel=\"category tag\">Bilim<\/a> <a href=\"https:\/\/www.euegeajans.com\/index.php\/category\/egitim\/\" rel=\"category tag\">E\u011fitim<\/a> <a href=\"https:\/\/www.euegeajans.com\/index.php\/category\/gncl\/\" rel=\"category tag\">G\u00fcncel<\/a> <a href=\"https:\/\/www.euegeajans.com\/index.php\/category\/kampus\/\" rel=\"category tag\">Kamp\u00fcs<\/a>","tag_info":"Kamp\u00fcs","comment_count":"0","_links":{"self":[{"href":"https:\/\/www.euegeajans.com\/index.php\/wp-json\/wp\/v2\/posts\/21304","targetHints":{"allow":["GET"]}}],"collection":[{"href":"https:\/\/www.euegeajans.com\/index.php\/wp-json\/wp\/v2\/posts"}],"about":[{"href":"https:\/\/www.euegeajans.com\/index.php\/wp-json\/wp\/v2\/types\/post"}],"author":[{"embeddable":true,"href":"https:\/\/www.euegeajans.com\/index.php\/wp-json\/wp\/v2\/users\/2"}],"replies":[{"embeddable":true,"href":"https:\/\/www.euegeajans.com\/index.php\/wp-json\/wp\/v2\/comments?post=21304"}],"version-history":[{"count":1,"href":"https:\/\/www.euegeajans.com\/index.php\/wp-json\/wp\/v2\/posts\/21304\/revisions"}],"predecessor-version":[{"id":21306,"href":"https:\/\/www.euegeajans.com\/index.php\/wp-json\/wp\/v2\/posts\/21304\/revisions\/21306"}],"wp:featuredmedia":[{"embeddable":true,"href":"https:\/\/www.euegeajans.com\/index.php\/wp-json\/wp\/v2\/media\/21305"}],"wp:attachment":[{"href":"https:\/\/www.euegeajans.com\/index.php\/wp-json\/wp\/v2\/media?parent=21304"}],"wp:term":[{"taxonomy":"category","embeddable":true,"href":"https:\/\/www.euegeajans.com\/index.php\/wp-json\/wp\/v2\/categories?post=21304"},{"taxonomy":"post_tag","embeddable":true,"href":"https:\/\/www.euegeajans.com\/index.php\/wp-json\/wp\/v2\/tags?post=21304"}],"curies":[{"name":"wp","href":"https:\/\/api.w.org\/{rel}","templated":true}]}}