{"id":20680,"date":"2024-04-16T04:41:00","date_gmt":"2024-04-16T04:41:00","guid":{"rendered":"https:\/\/www.euegeajans.com\/?p=20680"},"modified":"2024-04-16T07:58:24","modified_gmt":"2024-04-16T07:58:24","slug":"eude-ermeni-sorunu-ve-20-yuzyilda-azerbaycanlilara-karsi-islenmis-katliam-ve-surgunler-konusuldu","status":"publish","type":"post","link":"https:\/\/www.euegeajans.com\/index.php\/2024\/04\/16\/eude-ermeni-sorunu-ve-20-yuzyilda-azerbaycanlilara-karsi-islenmis-katliam-ve-surgunler-konusuldu\/","title":{"rendered":"E\u00dc\u2019de \u201cErmeni Sorunu ve 20. Y\u00fczy\u0131lda Azerbaycanl\u0131lara Kar\u015f\u0131 \u0130\u015flenmi\u015f Katliam ve S\u00fcrg\u00fcnler\u201d konu\u015fuldu"},"content":{"rendered":"<p style=\"text-align: justify;\">Ege \u00dcniversitesinde (E\u00dc) \u201cAzerbaycanl\u0131lar\u0131n Soyk\u0131r\u0131m\u0131 G\u00fcn\u00fc\u201d dolay\u0131s\u0131yla &#8220;Ermeni Sorunu ve 20. Y\u00fczy\u0131lda Azerbaycanl\u0131lara Kar\u015f\u0131 \u0130\u015flenmi\u015f Katliam ve S\u00fcrg\u00fcnler&#8221; konulu panel ve sergi d\u00fczenlendi. Azerbaycan T\u00fcrkiye B\u00fcy\u00fckel\u00e7ili\u011fi, Ege \u00dcniversitesi, Azerbaycan K\u00fclt\u00fcr Bakanl\u0131\u011f\u0131&#8217;na ba\u011fl\u0131 Soyk\u0131r\u0131m Memorial Kompleksi, Azerbaycan&#8217;da faaliyet g\u00f6steren Zafer \u015eehit Ailelerine Destek Derne\u011fi ve \u0130zmir Azerbaycan Derne\u011fi (\u0130ZAZDER) taraf\u0131ndan d\u00fczenlenen panel ve sergi E\u00dc Edebiyat Fak\u00fcltesi Prof. Dr. Nuri Bilgin Konferans Salonunda ger\u00e7ekle\u015ftirildi. Panele, E\u00dc Rekt\u00f6r Yard\u0131mc\u0131s\u0131 Prof. Dr. Mehmet Ersan, E\u00dc Edebiyat Fak\u00fcltesi Dekan\u0131 Prof. Dr. Yusuf Ay\u00f6n\u00fc, \u0130zmir Azerbaycan Derne\u011fi Ba\u015fkan\u0131 Perviz Altay, Zafer \u015eehit Ailelerine Destek Derne\u011fi Ba\u015fkan\u0131 Sevinc Orucova, Azerbaycan B\u00fcy\u00fckel\u00e7ili\u011fi E\u011fitim M\u00fcste\u015far\u0131 Do\u00e7. Dr. Necibe Nesibova, akademisyenler ver \u00f6\u011frenciler kat\u0131ld\u0131.<\/p>\n<p style=\"text-align: justify;\"><img loading=\"lazy\" decoding=\"async\" class=\"size-medium wp-image-20682 alignright\" src=\"http:\/\/www.euegeajans.com\/wp-content\/uploads\/2024\/04\/Prof.-Dr.-Mehmet-Ersan-2-300x168.jpg\" alt=\"\" width=\"300\" height=\"168\" srcset=\"https:\/\/www.euegeajans.com\/wp-content\/uploads\/2024\/04\/Prof.-Dr.-Mehmet-Ersan-2-300x168.jpg 300w, https:\/\/www.euegeajans.com\/wp-content\/uploads\/2024\/04\/Prof.-Dr.-Mehmet-Ersan-2-1024x575.jpg 1024w, https:\/\/www.euegeajans.com\/wp-content\/uploads\/2024\/04\/Prof.-Dr.-Mehmet-Ersan-2-768x431.jpg 768w, https:\/\/www.euegeajans.com\/wp-content\/uploads\/2024\/04\/Prof.-Dr.-Mehmet-Ersan-2-1280x720.jpg 1280w, https:\/\/www.euegeajans.com\/wp-content\/uploads\/2024\/04\/Prof.-Dr.-Mehmet-Ersan-2.jpg 1500w\" sizes=\"auto, (max-width: 300px) 100vw, 300px\" \/>Sayg\u0131 duru\u015funun ard\u0131ndan her iki \u00fclkenin Milli Mar\u015flar\u0131n\u0131n okunmas\u0131yla ba\u015flayan panelin a\u00e7\u0131l\u0131\u015f\u0131nda konu\u015fan Prof. Dr. Mehmet Ersan, &#8220;Rekt\u00f6r\u00fcm\u00fcz Prof. Dr. Necdet Budak \u00f6nc\u00fcl\u00fc\u011f\u00fcnde uluslararas\u0131la\u015fma misyonumuz do\u011frultusunda Azerbaycan ba\u015fta olmak \u00fczere t\u00fcm T\u00fcrk Cumhuriyetleriyle s\u0131k\u0131 bir ili\u015fki i\u00e7erisindeyiz. Yine ba\u015fta Azerbaycan olmak \u00fczere \u00d6zbekistan, Kazakistan, K\u0131rg\u0131zistan ve T\u00fcrkmenistan&#8217;dan i\u015f birli\u011fi tekliflerine hep a\u00e7\u0131k olduk. T\u00fcrk Cumhuriyetleri ile yak\u0131n ili\u015fkiler kuruyoruz. Ege \u00dcniversitesi olarak akademik birikimimizi T\u00fcrk co\u011frafyas\u0131na aktar\u0131yoruz&#8221; dedi.<\/p>\n<p style=\"text-align: justify;\"><b>\u201cBiz, birlikte hareket etmek zorunday\u0131z\u201d<\/b><\/p>\n<p style=\"text-align: justify;\">\u015eu\u015fa Beyannamesine de\u011finen Prof. Dr. Ersan, \u201cT\u00fcrkiye Cumhuriyeti Devleti, Azerbaycan Cumhuriyetiyle bir \u015eu\u015fa Beyannamesi imzalad\u0131 ve o \u015eu\u015fa Beyannamesiyle Azerbaycan\u2019a yap\u0131lacak herhangi bir sald\u0131r\u0131 T\u00fcrkiye\u2019ye yap\u0131lm\u0131\u015f, T\u00fcrkiye\u2019ye yap\u0131lacak sald\u0131r\u0131 Azerbaycan\u2019a yap\u0131lm\u0131\u015f kabul edildi ve sava\u015f sebebi say\u0131ld\u0131. Biz, birlikte hareket etmek zorunday\u0131z. Biz sadece Azerbaycan ile de\u011fil di\u011fer T\u00fcrk cumhuriyetleri ile g\u00fc\u00e7lerimizi birle\u015ftirmek zorunday\u0131z ki co\u011frafyam\u0131zda sava\u015flar ve s\u0131k\u0131nt\u0131lar ya\u015fanmas\u0131n\u201d dedi.<\/p>\n<p style=\"text-align: justify;\">Azerbaycan B\u00fcy\u00fckel\u00e7ili\u011fi E\u011fitim M\u00fcste\u015far\u0131 Do\u00e7. Dr. Necibe Nesibova ise \u201cBizim co\u011frafyam\u0131z, \u00e7ok ac\u0131larla dolu bir co\u011frafyad\u0131r. Biz, ne yaz\u0131k ki tarihin farkl\u0131 d\u00f6nemlerinde soyk\u0131r\u0131mlara ve katliamlara maruz kald\u0131k. Bu katliamlardan en b\u00fcy\u00fcklerinden biri de yakla\u015f\u0131k 50 bin ki\u015finin \u00f6ld\u00fc\u011f\u00fc 31 Mart soyk\u0131r\u0131m\u0131d\u0131r\u201d diye konu\u015ftu.<\/p>\n<p style=\"text-align: justify;\"><b>\u201cOsmanl\u0131 d\u00f6neminde Ermenilere kar\u015f\u0131 olumsuz s\u00f6ylemler yoktur\u201d<\/b><\/p>\n<p style=\"text-align: justify;\"><img loading=\"lazy\" decoding=\"async\" class=\"size-medium wp-image-20683 alignleft\" src=\"http:\/\/www.euegeajans.com\/wp-content\/uploads\/2024\/04\/Prof.-Dr.-Vefa-Kurban-Prof.-Dr.-Nuri-Karakas-2-300x168.jpg\" alt=\"\" width=\"300\" height=\"168\" srcset=\"https:\/\/www.euegeajans.com\/wp-content\/uploads\/2024\/04\/Prof.-Dr.-Vefa-Kurban-Prof.-Dr.-Nuri-Karakas-2-300x168.jpg 300w, https:\/\/www.euegeajans.com\/wp-content\/uploads\/2024\/04\/Prof.-Dr.-Vefa-Kurban-Prof.-Dr.-Nuri-Karakas-2-1024x575.jpg 1024w, https:\/\/www.euegeajans.com\/wp-content\/uploads\/2024\/04\/Prof.-Dr.-Vefa-Kurban-Prof.-Dr.-Nuri-Karakas-2-768x431.jpg 768w, https:\/\/www.euegeajans.com\/wp-content\/uploads\/2024\/04\/Prof.-Dr.-Vefa-Kurban-Prof.-Dr.-Nuri-Karakas-2-1280x720.jpg 1280w, https:\/\/www.euegeajans.com\/wp-content\/uploads\/2024\/04\/Prof.-Dr.-Vefa-Kurban-Prof.-Dr.-Nuri-Karakas-2.jpg 1500w\" sizes=\"auto, (max-width: 300px) 100vw, 300px\" \/>E\u00dc T\u00fcrk D\u00fcnyas\u0131 Ara\u015ft\u0131rmalar\u0131 Enstit\u00fcs\u00fc \u00f6\u011fretim \u00fcyesi Prof. Dr. Vefa Kurban&#8217;\u0131n ba\u015fkanl\u0131\u011f\u0131nda ger\u00e7ekle\u015ftirilen panelde, E\u00dc Atat\u00fcrk \u0130lkeleri ve \u0130nk\u0131lap Tarihi Uygulama ve Ara\u015ft\u0131rma Merkezi M\u00fcd\u00fcr\u00fc Prof. Dr. Nuri Karaka\u015f &#8220;Ermeni Sorunu&#8221; ba\u015fl\u0131kl\u0131 sunum yapt\u0131. Prof. Dr. Karaka\u015f sunumunda; 1915 olaylar\u0131nda neler ya\u015fand\u0131\u011f\u0131n\u0131 ve ya\u015fanan olaylar\u0131n ard\u0131ndan Ermenilerin T\u00fcrk milletini soyk\u0131r\u0131mc\u0131 ilan etme \u00e7abalar\u0131n\u0131n tarihi ve hukuki a\u00e7\u0131dan ana hatlar\u0131yla kat\u0131l\u0131mc\u0131lara aktard\u0131.<\/p>\n<p style=\"text-align: justify;\">Prof. Dr. Karaka\u015f, &#8220;T\u00fcrklerin Anadolu\u2019da h\u00e2kimiyet kurmas\u0131 sonucunda dini ve etnik varl\u0131klar\u0131n\u0131 korumay\u0131 ba\u015faran Ermeniler, Osmanl\u0131 h\u00e2kimiyeti boyunca Anadolu\u2019nun d\u00f6rt bir k\u00f6\u015fesinde da\u011f\u0131n\u0131k bir \u015fekilde ya\u015fad\u0131lar. T\u00fcrk toplumu ile geli\u015fen iyi ili\u015fkileri sayesinde sad\u0131k millet olarak an\u0131ld\u0131lar. 19. ve 20. y\u00fczy\u0131llarda Osmanl\u0131 Devletinde pa\u015fa, bakan, diplomat, ba\u015fkonsolos gibi pek \u00e7ok \u00f6nemli g\u00f6revler edinen Ermenilere kar\u015f\u0131 Osmanl\u0131 Devleti nezdinde olumsuz bir yakla\u015f\u0131m ve \u0131rk\u00e7\u0131 bir s\u00f6ylem bulunmamaktad\u0131r\u201d dedi.<\/p>\n<p style=\"text-align: justify;\"><b>\u201cErmeniler taraf\u0131ndan suni bir tarih yarat\u0131ld\u0131\u201d<\/b><\/p>\n<p style=\"text-align: justify;\"><img loading=\"lazy\" decoding=\"async\" class=\"size-medium wp-image-20684 alignright\" src=\"http:\/\/www.euegeajans.com\/wp-content\/uploads\/2024\/04\/unnamed-file-2-300x168.jpg\" alt=\"\" width=\"300\" height=\"168\" srcset=\"https:\/\/www.euegeajans.com\/wp-content\/uploads\/2024\/04\/unnamed-file-2-300x168.jpg 300w, https:\/\/www.euegeajans.com\/wp-content\/uploads\/2024\/04\/unnamed-file-2-1024x575.jpg 1024w, https:\/\/www.euegeajans.com\/wp-content\/uploads\/2024\/04\/unnamed-file-2-768x431.jpg 768w, https:\/\/www.euegeajans.com\/wp-content\/uploads\/2024\/04\/unnamed-file-2-1280x720.jpg 1280w, https:\/\/www.euegeajans.com\/wp-content\/uploads\/2024\/04\/unnamed-file-2.jpg 1500w\" sizes=\"auto, (max-width: 300px) 100vw, 300px\" \/>Prof. Dr. Karaka\u015f, \u201cErmeniler, 19. y\u00fczy\u0131l\u0131n ikinci yar\u0131s\u0131nda Frans\u0131z \u0130htilali\u2019nin yaym\u0131\u015f oldu\u011fu milliyet\u00e7ilik d\u00fc\u015f\u00fcncesinin etkisiyle \u00f6nce \u00f6zerk daha sonra ba\u011f\u0131ms\u0131z bir Ermenistan kurmak amac\u0131yla harekete ge\u00e7tiler. Avrupal\u0131 devletler, Ermenileri himayeleri alt\u0131na alarak Osmanl\u0131 Devletinin i\u00e7i\u015flerine m\u00fcdahale etmeye \u00e7al\u0131\u015ft\u0131lar. Ermeniler ihtilalci, silahl\u0131, ter\u00f6rizmi m\u00fccadele metodu olarak se\u00e7en \u00f6rg\u00fctler kurarak isyanlara ba\u015flad\u0131lar. Osmanl\u0131 h\u00fck\u00fcmeti Ermeni ileri gelenlerini uyararak M\u00fcsl\u00fcman katliam\u0131na devam etmeleri halinde gerekli \u00f6nlemlerin al\u0131naca\u011f\u0131n\u0131 Ermenilere bildirdi. Yap\u0131lan uyar\u0131lar sonu\u00e7 vermeyince 24 Nisan 1915 y\u0131l\u0131nda Osmanl\u0131 Devleti, Ermeniler taraf\u0131nda kurulan komiteleri kapatma karar\u0131 alarak \u00fcyeleri i\u00e7inde tutuklama karar\u0131 ald\u0131. Bu karar\u0131n al\u0131nmas\u0131ndaki en \u00f6nemli sebep Ermenilerin git gide b\u00fcy\u00fcyen isyanlar\u0131 idi. \u00dclke i\u00e7inde \u00f6rg\u00fctlenmeyi sa\u011flayan yurt d\u0131\u015f\u0131 ba\u011flant\u0131lar\u0131 ve i\u015f birli\u011fini y\u00fcr\u00fcten lider kadronun bu tarihte etkisiz hale getirilmi\u015f olmas\u0131 \u00fczerine bu durumu kabullenemeyen Ermeniler 24 Nisan\u0131 b\u00fct\u00fcn d\u00fcnyada soyk\u0131r\u0131m g\u00fcn\u00fc olarak ilan ederek suni bir tarih yaratm\u0131\u015flard\u0131r. \u0130htilalci, silahl\u0131 ve ter\u00f6rizmi m\u00fccadele metodu olarak se\u00e7en Ermeniler taraf\u0131ndan, 525 bin T\u00fcrk M\u00fcsl\u00fcman\u0131 katledilmi\u015ftir\u201d dedi.<\/p>\n<p style=\"text-align: justify;\">Panel kapsam\u0131nda Soyk\u0131r\u0131m Memorial Kompleksi Uzman\u0131 Do\u00e7. Dr. S\u00fcbhan Tal\u0131bl\u0131, \u201c20. y\u00fczy\u0131lda Azerbaycanl\u0131lara Kar\u015f\u0131 \u0130\u015flenmi\u015f Katliam ve Soyk\u0131r\u0131m\u201d isimli sunumunu ger\u00e7ekle\u015ftirirken, Guba \u015eehir Soyk\u0131r\u0131m Memorial Kompleksi direkt\u00f6r\u00fc ve soyk\u0131r\u0131m ara\u015ft\u0131rmac\u0131s\u0131 Dr. Rah\u015fende Bayramova ise \u201cAzerbaycanl\u0131lara Kar\u015f\u0131 \u0130\u015flenmi\u015f Soyk\u0131r\u0131m Ger\u00e7eklerinin D\u00fcnya Kamuoyuna Ula\u015fmas\u0131nda Azerbaycan devletinin Siyaseti\u201d konular\u0131nda kat\u0131l\u0131mc\u0131lar\u0131 bilgilendirdi. Konu\u015fmalar\u0131n ard\u0131ndan panelistlere te\u015fekk\u00fcr belgeleri takdim edildi. Kat\u0131l\u0131mc\u0131lar, daha sonra &#8216;Ermeni Sorunu ve 20. Y\u00fczy\u0131lda Azerbaycanl\u0131lara Kar\u015f\u0131 \u0130\u015flenmi\u015f Katliam ve S\u00fcrg\u00fcnler&#8217; konulu foto\u011fraf sergisini gezdi.<\/p>\n<div id='gallery-1' class='gallery galleryid-20680 gallery-columns-6 gallery-size-medium'><figure class='gallery-item'>\n\t\t\t<div class='gallery-icon landscape'>\n\t\t\t\t<a href='https:\/\/www.euegeajans.com\/wp-content\/uploads\/2024\/04\/Doc.-Dr.-Subhan-Talibli-Dr.-Rahsende-Bayramova-2.jpg'><img loading=\"lazy\" decoding=\"async\" width=\"300\" height=\"168\" src=\"https:\/\/www.euegeajans.com\/wp-content\/uploads\/2024\/04\/Doc.-Dr.-Subhan-Talibli-Dr.-Rahsende-Bayramova-2-300x168.jpg\" class=\"attachment-medium size-medium\" alt=\"\" srcset=\"https:\/\/www.euegeajans.com\/wp-content\/uploads\/2024\/04\/Doc.-Dr.-Subhan-Talibli-Dr.-Rahsende-Bayramova-2-300x168.jpg 300w, https:\/\/www.euegeajans.com\/wp-content\/uploads\/2024\/04\/Doc.-Dr.-Subhan-Talibli-Dr.-Rahsende-Bayramova-2-1024x575.jpg 1024w, https:\/\/www.euegeajans.com\/wp-content\/uploads\/2024\/04\/Doc.-Dr.-Subhan-Talibli-Dr.-Rahsende-Bayramova-2-768x431.jpg 768w, https:\/\/www.euegeajans.com\/wp-content\/uploads\/2024\/04\/Doc.-Dr.-Subhan-Talibli-Dr.-Rahsende-Bayramova-2-1280x720.jpg 1280w, https:\/\/www.euegeajans.com\/wp-content\/uploads\/2024\/04\/Doc.-Dr.-Subhan-Talibli-Dr.-Rahsende-Bayramova-2.jpg 1500w\" sizes=\"auto, (max-width: 300px) 100vw, 300px\" \/><\/a>\n\t\t\t<\/div><\/figure><figure class='gallery-item'>\n\t\t\t<div class='gallery-icon landscape'>\n\t\t\t\t<a href='https:\/\/www.euegeajans.com\/wp-content\/uploads\/2024\/04\/Perviz-Altay-2.jpg'><img loading=\"lazy\" decoding=\"async\" width=\"300\" height=\"168\" src=\"https:\/\/www.euegeajans.com\/wp-content\/uploads\/2024\/04\/Perviz-Altay-2-300x168.jpg\" class=\"attachment-medium size-medium\" alt=\"\" srcset=\"https:\/\/www.euegeajans.com\/wp-content\/uploads\/2024\/04\/Perviz-Altay-2-300x168.jpg 300w, https:\/\/www.euegeajans.com\/wp-content\/uploads\/2024\/04\/Perviz-Altay-2-1024x575.jpg 1024w, https:\/\/www.euegeajans.com\/wp-content\/uploads\/2024\/04\/Perviz-Altay-2-768x431.jpg 768w, https:\/\/www.euegeajans.com\/wp-content\/uploads\/2024\/04\/Perviz-Altay-2-1280x720.jpg 1280w, https:\/\/www.euegeajans.com\/wp-content\/uploads\/2024\/04\/Perviz-Altay-2.jpg 1430w\" sizes=\"auto, (max-width: 300px) 100vw, 300px\" \/><\/a>\n\t\t\t<\/div><\/figure><figure class='gallery-item'>\n\t\t\t<div class='gallery-icon landscape'>\n\t\t\t\t<a href='https:\/\/www.euegeajans.com\/wp-content\/uploads\/2024\/04\/Sevinc-Orucava.jpg'><img loading=\"lazy\" decoding=\"async\" width=\"300\" height=\"169\" src=\"https:\/\/www.euegeajans.com\/wp-content\/uploads\/2024\/04\/Sevinc-Orucava-300x169.jpg\" class=\"attachment-medium size-medium\" alt=\"\" srcset=\"https:\/\/www.euegeajans.com\/wp-content\/uploads\/2024\/04\/Sevinc-Orucava-300x169.jpg 300w, https:\/\/www.euegeajans.com\/wp-content\/uploads\/2024\/04\/Sevinc-Orucava-1024x575.jpg 1024w, https:\/\/www.euegeajans.com\/wp-content\/uploads\/2024\/04\/Sevinc-Orucava-768x432.jpg 768w, https:\/\/www.euegeajans.com\/wp-content\/uploads\/2024\/04\/Sevinc-Orucava-1280x720.jpg 1280w, https:\/\/www.euegeajans.com\/wp-content\/uploads\/2024\/04\/Sevinc-Orucava.jpg 1365w\" sizes=\"auto, (max-width: 300px) 100vw, 300px\" \/><\/a>\n\t\t\t<\/div><\/figure><figure class='gallery-item'>\n\t\t\t<div class='gallery-icon landscape'>\n\t\t\t\t<a href='https:\/\/www.euegeajans.com\/wp-content\/uploads\/2024\/04\/Doc.-Dr.-Necibe-Nesibova.jpg'><img loading=\"lazy\" decoding=\"async\" width=\"300\" height=\"200\" src=\"https:\/\/www.euegeajans.com\/wp-content\/uploads\/2024\/04\/Doc.-Dr.-Necibe-Nesibova-300x200.jpg\" class=\"attachment-medium size-medium\" alt=\"\" srcset=\"https:\/\/www.euegeajans.com\/wp-content\/uploads\/2024\/04\/Doc.-Dr.-Necibe-Nesibova-300x200.jpg 300w, https:\/\/www.euegeajans.com\/wp-content\/uploads\/2024\/04\/Doc.-Dr.-Necibe-Nesibova-1024x683.jpg 1024w, https:\/\/www.euegeajans.com\/wp-content\/uploads\/2024\/04\/Doc.-Dr.-Necibe-Nesibova-768x512.jpg 768w, https:\/\/www.euegeajans.com\/wp-content\/uploads\/2024\/04\/Doc.-Dr.-Necibe-Nesibova.jpg 1500w\" sizes=\"auto, (max-width: 300px) 100vw, 300px\" \/><\/a>\n\t\t\t<\/div><\/figure><figure class='gallery-item'>\n\t\t\t<div class='gallery-icon landscape'>\n\t\t\t\t<a href='https:\/\/www.euegeajans.com\/wp-content\/uploads\/2024\/04\/Ermeni-Sorunu-ve-20.-Yuzyilda-Azerbaycanlilara-Karsi-Islenmis-katliam-ve-surgunler-konusuldu-7.jpg'><img loading=\"lazy\" decoding=\"async\" width=\"300\" height=\"168\" src=\"https:\/\/www.euegeajans.com\/wp-content\/uploads\/2024\/04\/Ermeni-Sorunu-ve-20.-Yuzyilda-Azerbaycanlilara-Karsi-Islenmis-katliam-ve-surgunler-konusuldu-7-300x168.jpg\" class=\"attachment-medium size-medium\" alt=\"\" srcset=\"https:\/\/www.euegeajans.com\/wp-content\/uploads\/2024\/04\/Ermeni-Sorunu-ve-20.-Yuzyilda-Azerbaycanlilara-Karsi-Islenmis-katliam-ve-surgunler-konusuldu-7-300x168.jpg 300w, https:\/\/www.euegeajans.com\/wp-content\/uploads\/2024\/04\/Ermeni-Sorunu-ve-20.-Yuzyilda-Azerbaycanlilara-Karsi-Islenmis-katliam-ve-surgunler-konusuldu-7-1024x575.jpg 1024w, https:\/\/www.euegeajans.com\/wp-content\/uploads\/2024\/04\/Ermeni-Sorunu-ve-20.-Yuzyilda-Azerbaycanlilara-Karsi-Islenmis-katliam-ve-surgunler-konusuldu-7-768x431.jpg 768w, https:\/\/www.euegeajans.com\/wp-content\/uploads\/2024\/04\/Ermeni-Sorunu-ve-20.-Yuzyilda-Azerbaycanlilara-Karsi-Islenmis-katliam-ve-surgunler-konusuldu-7-1280x720.jpg 1280w, https:\/\/www.euegeajans.com\/wp-content\/uploads\/2024\/04\/Ermeni-Sorunu-ve-20.-Yuzyilda-Azerbaycanlilara-Karsi-Islenmis-katliam-ve-surgunler-konusuldu-7.jpg 1500w\" sizes=\"auto, (max-width: 300px) 100vw, 300px\" \/><\/a>\n\t\t\t<\/div><\/figure><figure class='gallery-item'>\n\t\t\t<div class='gallery-icon landscape'>\n\t\t\t\t<a href='https:\/\/www.euegeajans.com\/wp-content\/uploads\/2024\/04\/Ermeni-Sorunu-ve-20.-Yuzyilda-Azerbaycanlilara-Karsi-Islenmis-katliam-ve-surgunler-konusuldu-2.jpg'><img loading=\"lazy\" decoding=\"async\" width=\"300\" height=\"168\" src=\"https:\/\/www.euegeajans.com\/wp-content\/uploads\/2024\/04\/Ermeni-Sorunu-ve-20.-Yuzyilda-Azerbaycanlilara-Karsi-Islenmis-katliam-ve-surgunler-konusuldu-2-300x168.jpg\" class=\"attachment-medium size-medium\" alt=\"\" srcset=\"https:\/\/www.euegeajans.com\/wp-content\/uploads\/2024\/04\/Ermeni-Sorunu-ve-20.-Yuzyilda-Azerbaycanlilara-Karsi-Islenmis-katliam-ve-surgunler-konusuldu-2-300x168.jpg 300w, https:\/\/www.euegeajans.com\/wp-content\/uploads\/2024\/04\/Ermeni-Sorunu-ve-20.-Yuzyilda-Azerbaycanlilara-Karsi-Islenmis-katliam-ve-surgunler-konusuldu-2-1024x575.jpg 1024w, https:\/\/www.euegeajans.com\/wp-content\/uploads\/2024\/04\/Ermeni-Sorunu-ve-20.-Yuzyilda-Azerbaycanlilara-Karsi-Islenmis-katliam-ve-surgunler-konusuldu-2-768x431.jpg 768w, https:\/\/www.euegeajans.com\/wp-content\/uploads\/2024\/04\/Ermeni-Sorunu-ve-20.-Yuzyilda-Azerbaycanlilara-Karsi-Islenmis-katliam-ve-surgunler-konusuldu-2-1280x720.jpg 1280w, https:\/\/www.euegeajans.com\/wp-content\/uploads\/2024\/04\/Ermeni-Sorunu-ve-20.-Yuzyilda-Azerbaycanlilara-Karsi-Islenmis-katliam-ve-surgunler-konusuldu-2.jpg 1500w\" sizes=\"auto, (max-width: 300px) 100vw, 300px\" \/><\/a>\n\t\t\t<\/div><\/figure><figure class='gallery-item'>\n\t\t\t<div class='gallery-icon landscape'>\n\t\t\t\t<a href='https:\/\/www.euegeajans.com\/wp-content\/uploads\/2024\/04\/Ermeni-Sorunu-ve-20.-Yuzyilda-Azerbaycanlilara-Karsi-Islenmis-katliam-ve-surgunler-konusuldu-5.jpg'><img loading=\"lazy\" decoding=\"async\" width=\"300\" height=\"168\" src=\"https:\/\/www.euegeajans.com\/wp-content\/uploads\/2024\/04\/Ermeni-Sorunu-ve-20.-Yuzyilda-Azerbaycanlilara-Karsi-Islenmis-katliam-ve-surgunler-konusuldu-5-300x168.jpg\" class=\"attachment-medium size-medium\" alt=\"\" srcset=\"https:\/\/www.euegeajans.com\/wp-content\/uploads\/2024\/04\/Ermeni-Sorunu-ve-20.-Yuzyilda-Azerbaycanlilara-Karsi-Islenmis-katliam-ve-surgunler-konusuldu-5-300x168.jpg 300w, https:\/\/www.euegeajans.com\/wp-content\/uploads\/2024\/04\/Ermeni-Sorunu-ve-20.-Yuzyilda-Azerbaycanlilara-Karsi-Islenmis-katliam-ve-surgunler-konusuldu-5-1024x575.jpg 1024w, https:\/\/www.euegeajans.com\/wp-content\/uploads\/2024\/04\/Ermeni-Sorunu-ve-20.-Yuzyilda-Azerbaycanlilara-Karsi-Islenmis-katliam-ve-surgunler-konusuldu-5-768x431.jpg 768w, https:\/\/www.euegeajans.com\/wp-content\/uploads\/2024\/04\/Ermeni-Sorunu-ve-20.-Yuzyilda-Azerbaycanlilara-Karsi-Islenmis-katliam-ve-surgunler-konusuldu-5-1280x720.jpg 1280w, https:\/\/www.euegeajans.com\/wp-content\/uploads\/2024\/04\/Ermeni-Sorunu-ve-20.-Yuzyilda-Azerbaycanlilara-Karsi-Islenmis-katliam-ve-surgunler-konusuldu-5.jpg 1500w\" sizes=\"auto, (max-width: 300px) 100vw, 300px\" \/><\/a>\n\t\t\t<\/div><\/figure><figure class='gallery-item'>\n\t\t\t<div class='gallery-icon landscape'>\n\t\t\t\t<a href='https:\/\/www.euegeajans.com\/wp-content\/uploads\/2024\/04\/Ermeni-Sorunu-ve-20.-Yuzyilda-Azerbaycanlilara-Karsi-Islenmis-katliam-ve-surgunler-konusuldu-6.jpg'><img loading=\"lazy\" decoding=\"async\" width=\"300\" height=\"168\" src=\"https:\/\/www.euegeajans.com\/wp-content\/uploads\/2024\/04\/Ermeni-Sorunu-ve-20.-Yuzyilda-Azerbaycanlilara-Karsi-Islenmis-katliam-ve-surgunler-konusuldu-6-300x168.jpg\" class=\"attachment-medium size-medium\" alt=\"\" srcset=\"https:\/\/www.euegeajans.com\/wp-content\/uploads\/2024\/04\/Ermeni-Sorunu-ve-20.-Yuzyilda-Azerbaycanlilara-Karsi-Islenmis-katliam-ve-surgunler-konusuldu-6-300x168.jpg 300w, https:\/\/www.euegeajans.com\/wp-content\/uploads\/2024\/04\/Ermeni-Sorunu-ve-20.-Yuzyilda-Azerbaycanlilara-Karsi-Islenmis-katliam-ve-surgunler-konusuldu-6-1024x575.jpg 1024w, https:\/\/www.euegeajans.com\/wp-content\/uploads\/2024\/04\/Ermeni-Sorunu-ve-20.-Yuzyilda-Azerbaycanlilara-Karsi-Islenmis-katliam-ve-surgunler-konusuldu-6-768x431.jpg 768w, https:\/\/www.euegeajans.com\/wp-content\/uploads\/2024\/04\/Ermeni-Sorunu-ve-20.-Yuzyilda-Azerbaycanlilara-Karsi-Islenmis-katliam-ve-surgunler-konusuldu-6-1280x720.jpg 1280w, https:\/\/www.euegeajans.com\/wp-content\/uploads\/2024\/04\/Ermeni-Sorunu-ve-20.-Yuzyilda-Azerbaycanlilara-Karsi-Islenmis-katliam-ve-surgunler-konusuldu-6.jpg 1500w\" sizes=\"auto, (max-width: 300px) 100vw, 300px\" \/><\/a>\n\t\t\t<\/div><\/figure><figure class='gallery-item'>\n\t\t\t<div class='gallery-icon landscape'>\n\t\t\t\t<a href='https:\/\/www.euegeajans.com\/wp-content\/uploads\/2024\/04\/Ermeni-Sorunu-ve-20.-Yuzyilda-Azerbaycanlilara-Karsi-Islenmis-katliam-ve-surgunler-konusuldu-3.jpg'><img loading=\"lazy\" decoding=\"async\" width=\"300\" height=\"168\" src=\"https:\/\/www.euegeajans.com\/wp-content\/uploads\/2024\/04\/Ermeni-Sorunu-ve-20.-Yuzyilda-Azerbaycanlilara-Karsi-Islenmis-katliam-ve-surgunler-konusuldu-3-300x168.jpg\" class=\"attachment-medium size-medium\" alt=\"\" srcset=\"https:\/\/www.euegeajans.com\/wp-content\/uploads\/2024\/04\/Ermeni-Sorunu-ve-20.-Yuzyilda-Azerbaycanlilara-Karsi-Islenmis-katliam-ve-surgunler-konusuldu-3-300x168.jpg 300w, https:\/\/www.euegeajans.com\/wp-content\/uploads\/2024\/04\/Ermeni-Sorunu-ve-20.-Yuzyilda-Azerbaycanlilara-Karsi-Islenmis-katliam-ve-surgunler-konusuldu-3-1024x575.jpg 1024w, https:\/\/www.euegeajans.com\/wp-content\/uploads\/2024\/04\/Ermeni-Sorunu-ve-20.-Yuzyilda-Azerbaycanlilara-Karsi-Islenmis-katliam-ve-surgunler-konusuldu-3-768x431.jpg 768w, https:\/\/www.euegeajans.com\/wp-content\/uploads\/2024\/04\/Ermeni-Sorunu-ve-20.-Yuzyilda-Azerbaycanlilara-Karsi-Islenmis-katliam-ve-surgunler-konusuldu-3-1280x720.jpg 1280w, https:\/\/www.euegeajans.com\/wp-content\/uploads\/2024\/04\/Ermeni-Sorunu-ve-20.-Yuzyilda-Azerbaycanlilara-Karsi-Islenmis-katliam-ve-surgunler-konusuldu-3.jpg 1500w\" sizes=\"auto, (max-width: 300px) 100vw, 300px\" \/><\/a>\n\t\t\t<\/div><\/figure><figure class='gallery-item'>\n\t\t\t<div class='gallery-icon landscape'>\n\t\t\t\t<a href='https:\/\/www.euegeajans.com\/wp-content\/uploads\/2024\/04\/Ermeni-Sorunu-ve-20.-Yuzyilda-Azerbaycanlilara-Karsi-Islenmis-katliam-ve-surgunler-konusuldu-4.jpg'><img loading=\"lazy\" decoding=\"async\" width=\"300\" height=\"197\" src=\"https:\/\/www.euegeajans.com\/wp-content\/uploads\/2024\/04\/Ermeni-Sorunu-ve-20.-Yuzyilda-Azerbaycanlilara-Karsi-Islenmis-katliam-ve-surgunler-konusuldu-4-300x197.jpg\" class=\"attachment-medium size-medium\" alt=\"\" srcset=\"https:\/\/www.euegeajans.com\/wp-content\/uploads\/2024\/04\/Ermeni-Sorunu-ve-20.-Yuzyilda-Azerbaycanlilara-Karsi-Islenmis-katliam-ve-surgunler-konusuldu-4-300x197.jpg 300w, https:\/\/www.euegeajans.com\/wp-content\/uploads\/2024\/04\/Ermeni-Sorunu-ve-20.-Yuzyilda-Azerbaycanlilara-Karsi-Islenmis-katliam-ve-surgunler-konusuldu-4-1024x673.jpg 1024w, https:\/\/www.euegeajans.com\/wp-content\/uploads\/2024\/04\/Ermeni-Sorunu-ve-20.-Yuzyilda-Azerbaycanlilara-Karsi-Islenmis-katliam-ve-surgunler-konusuldu-4-768x505.jpg 768w, https:\/\/www.euegeajans.com\/wp-content\/uploads\/2024\/04\/Ermeni-Sorunu-ve-20.-Yuzyilda-Azerbaycanlilara-Karsi-Islenmis-katliam-ve-surgunler-konusuldu-4.jpg 1281w\" sizes=\"auto, (max-width: 300px) 100vw, 300px\" \/><\/a>\n\t\t\t<\/div><\/figure><figure class='gallery-item'>\n\t\t\t<div class='gallery-icon landscape'>\n\t\t\t\t<a href='https:\/\/www.euegeajans.com\/wp-content\/uploads\/2024\/04\/Ermeni-Sorunu-ve-20.-Yuzyilda-Azerbaycanlilara-Karsi-Islenmis-katliam-ve-surgunler-konusuldu-9.jpg'><img loading=\"lazy\" decoding=\"async\" width=\"300\" height=\"168\" src=\"https:\/\/www.euegeajans.com\/wp-content\/uploads\/2024\/04\/Ermeni-Sorunu-ve-20.-Yuzyilda-Azerbaycanlilara-Karsi-Islenmis-katliam-ve-surgunler-konusuldu-9-300x168.jpg\" class=\"attachment-medium size-medium\" alt=\"\" srcset=\"https:\/\/www.euegeajans.com\/wp-content\/uploads\/2024\/04\/Ermeni-Sorunu-ve-20.-Yuzyilda-Azerbaycanlilara-Karsi-Islenmis-katliam-ve-surgunler-konusuldu-9-300x168.jpg 300w, https:\/\/www.euegeajans.com\/wp-content\/uploads\/2024\/04\/Ermeni-Sorunu-ve-20.-Yuzyilda-Azerbaycanlilara-Karsi-Islenmis-katliam-ve-surgunler-konusuldu-9-1024x574.jpg 1024w, https:\/\/www.euegeajans.com\/wp-content\/uploads\/2024\/04\/Ermeni-Sorunu-ve-20.-Yuzyilda-Azerbaycanlilara-Karsi-Islenmis-katliam-ve-surgunler-konusuldu-9-768x430.jpg 768w, https:\/\/www.euegeajans.com\/wp-content\/uploads\/2024\/04\/Ermeni-Sorunu-ve-20.-Yuzyilda-Azerbaycanlilara-Karsi-Islenmis-katliam-ve-surgunler-konusuldu-9-1536x861.jpg 1536w, https:\/\/www.euegeajans.com\/wp-content\/uploads\/2024\/04\/Ermeni-Sorunu-ve-20.-Yuzyilda-Azerbaycanlilara-Karsi-Islenmis-katliam-ve-surgunler-konusuldu-9-1280x720.jpg 1280w, https:\/\/www.euegeajans.com\/wp-content\/uploads\/2024\/04\/Ermeni-Sorunu-ve-20.-Yuzyilda-Azerbaycanlilara-Karsi-Islenmis-katliam-ve-surgunler-konusuldu-9.jpg 1599w\" sizes=\"auto, (max-width: 300px) 100vw, 300px\" \/><\/a>\n\t\t\t<\/div><\/figure><figure class='gallery-item'>\n\t\t\t<div class='gallery-icon landscape'>\n\t\t\t\t<a href='https:\/\/www.euegeajans.com\/wp-content\/uploads\/2024\/04\/Ermeni-Sorunu-ve-20.-Yuzyilda-Azerbaycanlilara-Karsi-Islenmis-katliam-ve-surgunler-konusuldu.jpg'><img loading=\"lazy\" decoding=\"async\" width=\"300\" height=\"168\" src=\"https:\/\/www.euegeajans.com\/wp-content\/uploads\/2024\/04\/Ermeni-Sorunu-ve-20.-Yuzyilda-Azerbaycanlilara-Karsi-Islenmis-katliam-ve-surgunler-konusuldu-300x168.jpg\" class=\"attachment-medium size-medium\" alt=\"\" srcset=\"https:\/\/www.euegeajans.com\/wp-content\/uploads\/2024\/04\/Ermeni-Sorunu-ve-20.-Yuzyilda-Azerbaycanlilara-Karsi-Islenmis-katliam-ve-surgunler-konusuldu-300x168.jpg 300w, https:\/\/www.euegeajans.com\/wp-content\/uploads\/2024\/04\/Ermeni-Sorunu-ve-20.-Yuzyilda-Azerbaycanlilara-Karsi-Islenmis-katliam-ve-surgunler-konusuldu-1024x575.jpg 1024w, https:\/\/www.euegeajans.com\/wp-content\/uploads\/2024\/04\/Ermeni-Sorunu-ve-20.-Yuzyilda-Azerbaycanlilara-Karsi-Islenmis-katliam-ve-surgunler-konusuldu-768x431.jpg 768w, https:\/\/www.euegeajans.com\/wp-content\/uploads\/2024\/04\/Ermeni-Sorunu-ve-20.-Yuzyilda-Azerbaycanlilara-Karsi-Islenmis-katliam-ve-surgunler-konusuldu-1280x720.jpg 1280w, https:\/\/www.euegeajans.com\/wp-content\/uploads\/2024\/04\/Ermeni-Sorunu-ve-20.-Yuzyilda-Azerbaycanlilara-Karsi-Islenmis-katliam-ve-surgunler-konusuldu.jpg 1500w\" sizes=\"auto, (max-width: 300px) 100vw, 300px\" \/><\/a>\n\t\t\t<\/div><\/figure>\n\t\t<\/div>\n\n","protected":false},"excerpt":{"rendered":"<p>Ege \u00dcniversitesinde (E\u00dc) \u201cAzerbaycanl\u0131lar\u0131n Soyk\u0131r\u0131m\u0131 G\u00fcn\u00fc\u201d dolay\u0131s\u0131yla &#8220;Ermeni Sorunu ve 20. Y\u00fczy\u0131lda Azerbaycanl\u0131lara Kar\u015f\u0131 \u0130\u015flenmi\u015f&#8230;<\/p>\n","protected":false},"author":2,"featured_media":20681,"comment_status":"open","ping_status":"open","sticky":false,"template":"","format":"standard","meta":{"footnotes":""},"categories":[99,1,70],"tags":[],"class_list":["post-20680","post","type-post","status-publish","format-standard","has-post-thumbnail","hentry","category-egitim","category-gncl","category-kampus"],"featured_image_urls":{"full":["https:\/\/www.euegeajans.com\/wp-content\/uploads\/2024\/04\/Ermeni-Sorunu-ve-20.-Yuzyilda-Azerbaycanlilara-Karsi-Islenmis-katliam-ve-surgunler-konusuldu-1.jpg",1500,1000,false],"thumbnail":["https:\/\/www.euegeajans.com\/wp-content\/uploads\/2024\/04\/Ermeni-Sorunu-ve-20.-Yuzyilda-Azerbaycanlilara-Karsi-Islenmis-katliam-ve-surgunler-konusuldu-1-150x150.jpg",150,150,true],"medium":["https:\/\/www.euegeajans.com\/wp-content\/uploads\/2024\/04\/Ermeni-Sorunu-ve-20.-Yuzyilda-Azerbaycanlilara-Karsi-Islenmis-katliam-ve-surgunler-konusuldu-1-300x200.jpg",300,200,true],"medium_large":["https:\/\/www.euegeajans.com\/wp-content\/uploads\/2024\/04\/Ermeni-Sorunu-ve-20.-Yuzyilda-Azerbaycanlilara-Karsi-Islenmis-katliam-ve-surgunler-konusuldu-1-768x512.jpg",640,427,true],"large":["https:\/\/www.euegeajans.com\/wp-content\/uploads\/2024\/04\/Ermeni-Sorunu-ve-20.-Yuzyilda-Azerbaycanlilara-Karsi-Islenmis-katliam-ve-surgunler-konusuldu-1-1024x683.jpg",640,427,true],"1536x1536":["https:\/\/www.euegeajans.com\/wp-content\/uploads\/2024\/04\/Ermeni-Sorunu-ve-20.-Yuzyilda-Azerbaycanlilara-Karsi-Islenmis-katliam-ve-surgunler-konusuldu-1.jpg",1500,1000,false],"2048x2048":["https:\/\/www.euegeajans.com\/wp-content\/uploads\/2024\/04\/Ermeni-Sorunu-ve-20.-Yuzyilda-Azerbaycanlilara-Karsi-Islenmis-katliam-ve-surgunler-konusuldu-1.jpg",1500,1000,false],"newsphere-slider-full":["https:\/\/www.euegeajans.com\/wp-content\/uploads\/2024\/04\/Ermeni-Sorunu-ve-20.-Yuzyilda-Azerbaycanlilara-Karsi-Islenmis-katliam-ve-surgunler-konusuldu-1-1280x720.jpg",1280,720,true],"newsphere-featured":["https:\/\/www.euegeajans.com\/wp-content\/uploads\/2024\/04\/Ermeni-Sorunu-ve-20.-Yuzyilda-Azerbaycanlilara-Karsi-Islenmis-katliam-ve-surgunler-konusuldu-1-1024x683.jpg",1024,683,true],"newsphere-medium":["https:\/\/www.euegeajans.com\/wp-content\/uploads\/2024\/04\/Ermeni-Sorunu-ve-20.-Yuzyilda-Azerbaycanlilara-Karsi-Islenmis-katliam-ve-surgunler-konusuldu-1-720x380.jpg",720,380,true]},"author_info":{"display_name":"Editor","author_link":"https:\/\/www.euegeajans.com\/index.php\/author\/editor\/"},"category_info":"<a href=\"https:\/\/www.euegeajans.com\/index.php\/category\/egitim\/\" rel=\"category tag\">E\u011fitim<\/a> <a href=\"https:\/\/www.euegeajans.com\/index.php\/category\/gncl\/\" rel=\"category tag\">G\u00fcncel<\/a> <a href=\"https:\/\/www.euegeajans.com\/index.php\/category\/kampus\/\" rel=\"category tag\">Kamp\u00fcs<\/a>","tag_info":"Kamp\u00fcs","comment_count":"0","_links":{"self":[{"href":"https:\/\/www.euegeajans.com\/index.php\/wp-json\/wp\/v2\/posts\/20680","targetHints":{"allow":["GET"]}}],"collection":[{"href":"https:\/\/www.euegeajans.com\/index.php\/wp-json\/wp\/v2\/posts"}],"about":[{"href":"https:\/\/www.euegeajans.com\/index.php\/wp-json\/wp\/v2\/types\/post"}],"author":[{"embeddable":true,"href":"https:\/\/www.euegeajans.com\/index.php\/wp-json\/wp\/v2\/users\/2"}],"replies":[{"embeddable":true,"href":"https:\/\/www.euegeajans.com\/index.php\/wp-json\/wp\/v2\/comments?post=20680"}],"version-history":[{"count":1,"href":"https:\/\/www.euegeajans.com\/index.php\/wp-json\/wp\/v2\/posts\/20680\/revisions"}],"predecessor-version":[{"id":20697,"href":"https:\/\/www.euegeajans.com\/index.php\/wp-json\/wp\/v2\/posts\/20680\/revisions\/20697"}],"wp:featuredmedia":[{"embeddable":true,"href":"https:\/\/www.euegeajans.com\/index.php\/wp-json\/wp\/v2\/media\/20681"}],"wp:attachment":[{"href":"https:\/\/www.euegeajans.com\/index.php\/wp-json\/wp\/v2\/media?parent=20680"}],"wp:term":[{"taxonomy":"category","embeddable":true,"href":"https:\/\/www.euegeajans.com\/index.php\/wp-json\/wp\/v2\/categories?post=20680"},{"taxonomy":"post_tag","embeddable":true,"href":"https:\/\/www.euegeajans.com\/index.php\/wp-json\/wp\/v2\/tags?post=20680"}],"curies":[{"name":"wp","href":"https:\/\/api.w.org\/{rel}","templated":true}]}}