{"id":18867,"date":"2023-12-25T06:32:15","date_gmt":"2023-12-25T06:32:15","guid":{"rendered":"https:\/\/www.euegeajans.com\/?p=18867"},"modified":"2023-12-25T06:32:16","modified_gmt":"2023-12-25T06:32:16","slug":"egeli-bilim-insani-prof-dr-tonbuldan-doktora-egitimine-yonelik-rehber-niteliginde-proje","status":"publish","type":"post","link":"https:\/\/www.euegeajans.com\/index.php\/2023\/12\/25\/egeli-bilim-insani-prof-dr-tonbuldan-doktora-egitimine-yonelik-rehber-niteliginde-proje\/","title":{"rendered":"Egeli bilim insan\u0131 Prof. Dr. Tonbul\u2019dan doktora e\u011fitimine y\u00f6nelik rehber niteli\u011finde proje"},"content":{"rendered":"<p style=\"text-align: justify;\">T\u00dcB\u0130TAK\u2019\u0131n Egeli akademisyenlerin projelerine deste\u011fi s\u00fcr\u00fcyor<\/p>\n<p style=\"text-align: justify;\" align=\"center\"><b>Egeli bilim insan\u0131 Prof. Dr. Tonbul\u2019dan doktora e\u011fitimine y\u00f6nelik rehber niteli\u011finde proje<\/b><\/p>\n<p style=\"text-align: justify;\">Ege \u00dcniversitesi E\u011fitim Fak\u00fcltesi E\u011fitim Bilimleri B\u00f6l\u00fcm\u00fc E\u011fitim Y\u00f6netimi Anabilim Dal\u0131 \u00f6\u011fretim \u00fcyesi Prof. Dr. Y\u0131lmaz Tonbul\u2019un y\u00fcr\u00fct\u00fcc\u00fcl\u00fc\u011f\u00fcn\u00fc yapt\u0131\u011f\u0131 bilimsel \u00e7al\u0131\u015fma, T\u00dcB\u0130TAK Sosyal ve Be\u015feri Bilimlerde Yenilik\u00e7i \u00c7\u00f6z\u00fcmler Ara\u015ft\u0131rma Projeleri Destek Program\u0131 kapsam\u0131nda desteklenmeye uygun bulundu. Proje ile doktora e\u011fitiminde ihtiya\u00e7 duyulan disiplinleraras\u0131 programlar\u0131n belirlenerek, nitelikli adaylar\u0131n \u00e7ekilmesi, iyi yeti\u015ftirme, etkili dan\u0131\u015fmanl\u0131k uygulama k\u0131lavuzunun geli\u015ftirilmesi ve yayg\u0131nla\u015ft\u0131r\u0131lmas\u0131 hedefleniyor.<\/p>\n<p style=\"text-align: justify;\">Proje Y\u00fcr\u00fct\u00fcc\u00fcs\u00fc Prof. Dr. Y\u0131lmaz Tonbul\u2019u makam\u0131nda kabul eden Ege \u00dcniversitesi Rekt\u00f6r\u00fc Prof. Dr. Necdet Budak, \u201cTam akredite, \u00f6\u011frenci odakl\u0131 ara\u015ft\u0131rma \u00fcniversitemiz b\u00fcnyesinde farkl\u0131 akademik birimlerde g\u00f6rev yapan akademisyenlerimiz ve ara\u015ft\u0131rmac\u0131lar\u0131m\u0131z, T\u00dcB\u0130TAK\u2019\u0131n \u00e7e\u015fitli programlar\u0131 kapsam\u0131nda haz\u0131rlad\u0131klar\u0131 projeleri desteklenmeye devam ediyor. E\u011fitim Fak\u00fcltesi E\u011fitim Bilimleri B\u00f6l\u00fcm\u00fc E\u011fitim Y\u00f6netimi Anabilim Dal\u0131 \u00f6\u011fretim \u00fcyesi Prof. Dr. Y\u0131lmaz Tonbul hocam\u0131z\u0131n y\u00fcr\u00fct\u00fcc\u00fcl\u00fc\u011f\u00fcn\u00fc yapt\u0131\u011f\u0131 ve doktora e\u011fitimine y\u00f6nelik \u00f6nemli verileri ortaya koyacak olan bilimsel ara\u015ft\u0131rma, T\u00dcB\u0130TAK Sosyal ve Be\u015feri Bilimlerde Yenilik\u00e7i \u00c7\u00f6z\u00fcmler Ara\u015ft\u0131rma Projeleri Destek Program\u0131 kapsam\u0131nda destek almaya hak kazand\u0131. Hocam\u0131z\u0131 ve ekibini tebrik ediyor, ba\u015far\u0131lar\u0131n\u0131n devam\u0131n\u0131 diliyorum\u201d diye konu\u015ftu.<\/p>\n<p style=\"text-align: justify;\"><b>\u201cKalk\u0131nma plan\u0131na uygun insan kayna\u011f\u0131 yeti\u015ftirilecek\u201d<\/b><\/p>\n<p style=\"text-align: justify;\">Projenin i\u00e7eri\u011fi ile ilgili bilgi veren Prof. Dr. Y\u0131lmaz Tonbul, \u201cBu proje ile gelecekte ihtiya\u00e7 duyulacak disiplinleraras\u0131 lisans\u00fcst\u00fc e\u011fitim programlar\u0131n\u0131n neler oldu\u011funu ortaya koymak amac\u0131yla \u00fclkemizdeki multidisipliner ve transdisiplinler lisans\u00fcst\u00fc e\u011fitim programlar\u0131n\u0131n haritas\u0131n\u0131 \u00e7\u0131karaca\u011f\u0131z. URAP s\u0131ralamas\u0131na g\u00f6re ilk 10\u2019da yer alan yurt d\u0131\u015f\u0131ndaki \u00fcniversitelerdeki disiplinleraras\u0131 lisans\u00fcst\u00fc programlar\u0131n\u0131 tarayarak, \u00fclkemizdeki duruma \u0131\u015f\u0131k tutulmas\u0131n\u0131 sa\u011flayaca\u011f\u0131z. Gelece\u011fin meslekleri ve gereksinimleri dikkate al\u0131narak a\u00e7\u0131lacak lisans\u00fcst\u00fc doktora programlar\u0131n\u0131n niteli\u011fini geli\u015ftirmeye y\u00f6nelik ad\u0131mlar; modeller, uygulamalar, \u00f6nerileri lisans\u00fcst\u00fc e\u011fitim ba\u011flam\u0131nda ortaya koyaca\u011f\u0131z. B\u00f6ylece, kalk\u0131nma planlar\u0131nda gelece\u011fin nitelikli insan kayna\u011f\u0131n\u0131n yeti\u015ftirilme hedefine katk\u0131 sunmu\u015f olaca\u011f\u0131z\u201d diye konu\u015ftu.<\/p>\n<p style=\"text-align: justify;\">Disiplinler aras\u0131 lisans\u00fcst\u00fc e\u011fitim programlar\u0131na nitelikli bireyleri \u00e7ekmeye y\u00f6nelik uygulamalar\u0131 belirleyeceklerini vurgulayan Prof. Dr. Y\u0131lmaz Tonbul, \u201cY\u00d6K ve enstit\u00fclere bu programlara nitelikli adaylar\u0131n \u00e7ekilmesine y\u00f6nelik \u00f6nerilerde bulunarak, insan kayna\u011f\u0131n\u0131 verimli de\u011ferlendirmeye ve \u00fcretkenli\u011fini art\u0131rmaya y\u00f6nelik uygulamalara ve politikalara temel olu\u015fturmak amac\u0131yla geli\u015ftirilecek i\u015f birlikleriyle kamu ve \u00f6zel sekt\u00f6rde Ar-Ge \u00e7al\u0131\u015fmalar\u0131na katk\u0131 sunaca\u011f\u0131z. Bu etkile\u015fimin tez konular\u0131n\u0131n g\u00fcncel, sorun odakl\u0131 olmas\u0131n\u0131 ve patent oranlar\u0131nda art\u0131\u015f sa\u011flamas\u0131n\u0131; \u00f6\u011fretim \u00fcyelerinin sekt\u00f6rle i\u015f birli\u011fini art\u0131rmas\u0131n\u0131 ve bunun kurumda kal\u0131c\u0131 bir k\u00fclt\u00fcre d\u00f6n\u00fc\u015fmesini; sekt\u00f6r\u00fcn \u00fcniversitede \u00fcretilen bilgiden yararlanmas\u0131n\u0131 ve birbirlerinden beslenmelerini etkileyece\u011fini d\u00fc\u015f\u00fcn\u00fcyoruz. Disiplinleraras\u0131 programlarda \u00fcretilecek bilgi ve kazand\u0131r\u0131lacak yeterlikler, ili\u015fkili p\u00fcr disiplinleri de geli\u015ftirecektir. Proje s\u00fcrecinden elde edilecek sonu\u00e7lar\u0131n kurumsal i\u015fleyi\u015fte bir\u00e7ok de\u011fi\u015fimi tetikleyerek akademisyen niteli\u011finde, \u00f6\u011frenci \u00e7ekme ve yeti\u015ftirme uygulamalar\u0131nda g\u00fcncellemelere vesile olaca\u011f\u0131na inan\u0131yoruz. Disiplinleraras\u0131 lisans\u00fcst\u00fc e\u011fitimde iyi yeti\u015ftirme uygulamalar\u0131 da saptanacak ve bu programlar i\u00e7in ihtiya\u00e7 duyulan dan\u0131\u015fmanl\u0131k tarz\u0131 da belirlenecektir. Bu ama\u00e7la uyarlanan \u2018Dan\u0131\u015fmanl\u0131k Tarz\u0131 \u00d6l\u00e7e\u011fi\u2019 \u00f6rnekleme uygulanacak; toplanan dan\u0131\u015fmanl\u0131k \u00f6yk\u00fcleri analiz edilecek ve etkili di\u015filinler aras\u0131 dan\u0131\u015fmanl\u0131k kontrol listesi geli\u015ftirilecektir\u2019 dedi.<\/p>\n<p style=\"text-align: justify;\"><b>\u201cNitelikli i\u015f g\u00fcc\u00fcn\u00fcn artmas\u0131na katk\u0131 sa\u011flayacak\u201d<\/b><\/p>\n<p style=\"text-align: justify;\">T\u00fcrkiye\u2019de ve se\u00e7ili \u00fclkelerdeki disiplinleraras\u0131 programlardaki \u00f6\u011frencilere ve \u00f6\u011fretim \u00fcyelerine ara\u015ft\u0131rman\u0131n veri toplama ara\u00e7lar\u0131n\u0131n uygulanaca\u011f\u0131n\u0131 ifade eden Prof. Dr. Y\u0131lmaz Tonbul, \u201cEge \u00dcniversitesi enstit\u00fc y\u00f6neticileri ve disiplinlinleraras\u0131 programlarda g\u00f6revli \u00f6\u011fretim elemanlar\u0131yla, sekt\u00f6r temsilcilerinin bir araya geldi\u011fi bir platformda bir \u00e7al\u0131\u015ftay ile webinarlar ve e\u011fitimler d\u00fczenleyece\u011fiz. Proje \u00e7\u0131kt\u0131s\u0131 olarak bilgi paketi niteli\u011finde bir web sayfas\u0131 haz\u0131rlayaca\u011f\u0131z. Bu sayfa, \u00a0doktora e\u011fitiminin gelece\u011fine ili\u015fkin bile\u015fenlere h\u0131zl\u0131 ve tek bir ortamdan eri\u015fim kolayl\u0131\u011f\u0131 sa\u011flaman\u0131n yan\u0131 s\u0131ra, kurumlar\u0131 ve bireyleri bilgilendirme ve y\u00f6nlendirme a\u00e7\u0131s\u0131ndan da i\u015flevsel olacak. Eri\u015fim sa\u011flanacak web sitesinin farkl\u0131 \u00fcniversitelerin ilgili enstit\u00fc sayfalar\u0131nda yer almas\u0131 durumunda, projenin yayg\u0131n etkisi artacakt\u0131r. Bu projenin enstit\u00fclerin s\u00fcreci daha iyi y\u00f6netmesine ve \u00fclkemizin nitelikli i\u015fg\u00fcc\u00fcn\u00fcn artmas\u0131na katk\u0131 sa\u011flayaca\u011f\u0131n\u0131 varsay\u0131yoruz\u201d diye konu\u015ftu.<\/p>\n","protected":false},"excerpt":{"rendered":"<p>T\u00dcB\u0130TAK\u2019\u0131n Egeli akademisyenlerin projelerine deste\u011fi s\u00fcr\u00fcyor Egeli bilim insan\u0131 Prof. Dr. Tonbul\u2019dan doktora e\u011fitimine y\u00f6nelik&#8230;<\/p>\n","protected":false},"author":2,"featured_media":18868,"comment_status":"open","ping_status":"open","sticky":false,"template":"","format":"standard","meta":{"footnotes":""},"categories":[69,99,1,70],"tags":[],"class_list":["post-18867","post","type-post","status-publish","format-standard","has-post-thumbnail","hentry","category-bilim","category-egitim","category-gncl","category-kampus"],"featured_image_urls":{"full":["https:\/\/www.euegeajans.com\/wp-content\/uploads\/2023\/12\/Prof.-Dr.-Yilmaz-Tonbul-Prof.-Dr.-Necdet-Budak-scaled.jpg",2560,1722,false],"thumbnail":["https:\/\/www.euegeajans.com\/wp-content\/uploads\/2023\/12\/Prof.-Dr.-Yilmaz-Tonbul-Prof.-Dr.-Necdet-Budak-150x150.jpg",150,150,true],"medium":["https:\/\/www.euegeajans.com\/wp-content\/uploads\/2023\/12\/Prof.-Dr.-Yilmaz-Tonbul-Prof.-Dr.-Necdet-Budak-300x202.jpg",300,202,true],"medium_large":["https:\/\/www.euegeajans.com\/wp-content\/uploads\/2023\/12\/Prof.-Dr.-Yilmaz-Tonbul-Prof.-Dr.-Necdet-Budak-768x517.jpg",640,431,true],"large":["https:\/\/www.euegeajans.com\/wp-content\/uploads\/2023\/12\/Prof.-Dr.-Yilmaz-Tonbul-Prof.-Dr.-Necdet-Budak-1024x689.jpg",640,431,true],"1536x1536":["https:\/\/www.euegeajans.com\/wp-content\/uploads\/2023\/12\/Prof.-Dr.-Yilmaz-Tonbul-Prof.-Dr.-Necdet-Budak-1536x1033.jpg",1536,1033,true],"2048x2048":["https:\/\/www.euegeajans.com\/wp-content\/uploads\/2023\/12\/Prof.-Dr.-Yilmaz-Tonbul-Prof.-Dr.-Necdet-Budak-2048x1378.jpg",2048,1378,true],"newsphere-slider-full":["https:\/\/www.euegeajans.com\/wp-content\/uploads\/2023\/12\/Prof.-Dr.-Yilmaz-Tonbul-Prof.-Dr.-Necdet-Budak-1280x720.jpg",1280,720,true],"newsphere-featured":["https:\/\/www.euegeajans.com\/wp-content\/uploads\/2023\/12\/Prof.-Dr.-Yilmaz-Tonbul-Prof.-Dr.-Necdet-Budak-1024x689.jpg",1024,689,true],"newsphere-medium":["https:\/\/www.euegeajans.com\/wp-content\/uploads\/2023\/12\/Prof.-Dr.-Yilmaz-Tonbul-Prof.-Dr.-Necdet-Budak-720x380.jpg",720,380,true]},"author_info":{"display_name":"Editor","author_link":"https:\/\/www.euegeajans.com\/index.php\/author\/editor\/"},"category_info":"<a href=\"https:\/\/www.euegeajans.com\/index.php\/category\/bilim\/\" rel=\"category tag\">Bilim<\/a> <a href=\"https:\/\/www.euegeajans.com\/index.php\/category\/egitim\/\" rel=\"category tag\">E\u011fitim<\/a> <a href=\"https:\/\/www.euegeajans.com\/index.php\/category\/gncl\/\" rel=\"category tag\">G\u00fcncel<\/a> <a href=\"https:\/\/www.euegeajans.com\/index.php\/category\/kampus\/\" rel=\"category tag\">Kamp\u00fcs<\/a>","tag_info":"Kamp\u00fcs","comment_count":"0","_links":{"self":[{"href":"https:\/\/www.euegeajans.com\/index.php\/wp-json\/wp\/v2\/posts\/18867","targetHints":{"allow":["GET"]}}],"collection":[{"href":"https:\/\/www.euegeajans.com\/index.php\/wp-json\/wp\/v2\/posts"}],"about":[{"href":"https:\/\/www.euegeajans.com\/index.php\/wp-json\/wp\/v2\/types\/post"}],"author":[{"embeddable":true,"href":"https:\/\/www.euegeajans.com\/index.php\/wp-json\/wp\/v2\/users\/2"}],"replies":[{"embeddable":true,"href":"https:\/\/www.euegeajans.com\/index.php\/wp-json\/wp\/v2\/comments?post=18867"}],"version-history":[{"count":1,"href":"https:\/\/www.euegeajans.com\/index.php\/wp-json\/wp\/v2\/posts\/18867\/revisions"}],"predecessor-version":[{"id":18869,"href":"https:\/\/www.euegeajans.com\/index.php\/wp-json\/wp\/v2\/posts\/18867\/revisions\/18869"}],"wp:featuredmedia":[{"embeddable":true,"href":"https:\/\/www.euegeajans.com\/index.php\/wp-json\/wp\/v2\/media\/18868"}],"wp:attachment":[{"href":"https:\/\/www.euegeajans.com\/index.php\/wp-json\/wp\/v2\/media?parent=18867"}],"wp:term":[{"taxonomy":"category","embeddable":true,"href":"https:\/\/www.euegeajans.com\/index.php\/wp-json\/wp\/v2\/categories?post=18867"},{"taxonomy":"post_tag","embeddable":true,"href":"https:\/\/www.euegeajans.com\/index.php\/wp-json\/wp\/v2\/tags?post=18867"}],"curies":[{"name":"wp","href":"https:\/\/api.w.org\/{rel}","templated":true}]}}