{"id":18147,"date":"2023-11-20T02:43:00","date_gmt":"2023-11-20T02:43:00","guid":{"rendered":"https:\/\/www.euegeajans.com\/?p=18147"},"modified":"2023-11-20T08:45:58","modified_gmt":"2023-11-20T08:45:58","slug":"cocuklar-resim-sanatcilariyla-bulustu-eserlerini-sergiledi","status":"publish","type":"post","link":"https:\/\/www.euegeajans.com\/index.php\/2023\/11\/20\/cocuklar-resim-sanatcilariyla-bulustu-eserlerini-sergiledi\/","title":{"rendered":"\u00c7ocuklar resim sanat\u00e7\u0131lar\u0131yla bulu\u015ftu, eserlerini sergiledi"},"content":{"rendered":"<p style=\"text-align: justify;\">E\u00dc G\u00fcne\u015f Enerjisi Enstit\u00fcs\u00fcnden 100. Y\u0131l etkinlikleri<\/p>\n<p style=\"text-align: justify;\" align=\"center\"><b>\u00c7ocuklar resim sanat\u00e7\u0131lar\u0131yla bulu\u015ftu, eserlerini sergiledi<\/b><\/p>\n<p style=\"text-align: justify;\">Ege \u00dcniversitesi Cumhuriyetin 100. Y\u0131l\u0131 etkinlikleri kapsam\u0131nda G\u00fcne\u015f Enerjisi Enstit\u00fcs\u00fc taraf\u0131ndan &#8220;Atat\u00fcrk ve Cumhuriyeti Nas\u0131l Anlamal\u0131y\u0131z?&#8221; ba\u015fl\u0131kl\u0131 s\u00f6yle\u015fi ve \u201cAtat\u00fcrk ve Cumhuriyet D\u00f6nemi Kazan\u0131mlar\u0131 Resim Sergisi\u201d etkinlikleri d\u00fczenlendi.<\/p>\n<p style=\"text-align: justify;\">E\u00dc G\u00fcne\u015f Enerjisi Enstit\u00fcs\u00fc taraf\u0131ndan ger\u00e7ekle\u015ftirilen etkinlikler kapsam\u0131nda E\u00dc Atat\u00fcrk \u0130lkeleri ve \u0130nk\u0131lap Tarihi B\u00f6l\u00fcm\u00fc \u00d6\u011fr. G\u00f6r. Vahip Dursun, &#8220;Atat\u00fcrk ve Cumhuriyeti Nas\u0131l Anlamal\u0131y\u0131z?&#8221; ba\u015fl\u0131kl\u0131 s\u00f6yle\u015fide konu\u015fmac\u0131 olarak yer ald\u0131.\u00a0 S\u00f6yle\u015finin ard\u0131ndan Ege Bilim Sanat ve K\u00fclt\u00fcr Platformu ile Bornoval\u0131 Sanat\u00e7\u0131lardan olu\u015fan 17 ki\u015filik bir grup ve 4 \u2013 10 ya\u015f aral\u0131\u011f\u0131ndaki 10 \u00e7ocu\u011fun duygular\u0131n\u0131 renklerle aktard\u0131\u011f\u0131 resimlerden olu\u015fan\u00a0\u201cAtat\u00fcrk ve Cumhuriyet D\u00f6nemi Kazan\u0131mlar\u0131 Resim Sergisi\u201dnin a\u00e7\u0131l\u0131\u015f\u0131 yap\u0131ld\u0131. Sergide;\u00a0karakalem, pastel, akrilik, ya\u011fl\u0131boya, bask\u0131, yakma, dekupaj ve ill\u00fcstrasyon teknikleri kullan\u0131larak \u00fcretilmi\u015f eserler sergilendi. Sergilenen 40 eserin 11\u2019i \u00e7ocuklar\u0131n resimlerinden olu\u015ftu.<\/p>\n<p style=\"text-align: justify;\">Etkinlik Koordinat\u00f6r\u00fc Dr. \u00d6\u011fretim \u00dcyesi Bircan Dindar; \u201cBu etkinli\u011fin hedef kitlesi, \u00fcniversiteli gen\u00e7ler ve \u00e7ocuklard\u0131r. \u00a0Onlar\u0131n, Atat\u00fcrk ve Cumhuriyet y\u00f6netimi hakk\u0131nda fark\u0131ndal\u0131k ve bir bilgi sahibi olmalar\u0131n\u0131 sa\u011flamakt\u0131r. Gen\u00e7ler ve \u00e7ocuklar\u0131 profesyonel resim sanat\u00e7\u0131lar\u0131 ile yan yana getirerek, kendilerinin de resim sanat\u0131 konusunda yeteneklerini ke\u015ffetmelerine yard\u0131mc\u0131 olmay\u0131 ama\u00e7lad\u0131k. Sergide k\u00fc\u00e7\u00fck ressamlar, resimlerinde fig\u00fcr ve renkleri neye g\u00f6re se\u00e7tiklerini anlatt\u0131lar. \u00d6rne\u011fin, resmin bir k\u0131sm\u0131n\u0131 karakalem, di\u011fer k\u0131sm\u0131n\u0131 renkli \u00e7al\u0131\u015fan bir \u00e7ocu\u011fumuz, karanl\u0131ktan ayd\u0131nl\u0131\u011fa \u00e7\u0131k\u0131ld\u0131\u011f\u0131n\u0131 ifade etmek istedi\u011fini s\u00f6yledi. Te\u015fekk\u00fcr belgeleri almak i\u00e7in k\u00fcrs\u00fcye ko\u015farak geldiler ve kendilerini de\u011ferli hissettiklerini bizlere de yans\u0131tt\u0131lar. Her ya\u015f grubundan, profesyonelden \u00e7ocu\u011fa birliktelik ile fark\u0131ndal\u0131k yarat\u0131lmaya \u00e7al\u0131\u015f\u0131ld\u0131, herkesin g\u00fcler y\u00fczl\u00fc ve mutlu ayr\u0131lmas\u0131 da, ba\u015far\u0131ya da ula\u015f\u0131ld\u0131\u011f\u0131n\u0131 g\u00f6sterdi\u201d diye konu\u015ftu.<\/p>\n<p style=\"text-align: justify;\">Etkinlik sonunda G\u00fcne\u015f Enerjisi Enstit\u00fc M\u00fcd\u00fcr\u00fc Prof. Dr. Ceylan Zafer ve B\u00f6l\u00fcm Etkinlik Koordinat\u00f6r\u00fc Dr. \u00d6\u011fretim \u00dcyesi Bircan Dindar,\u00a0etkinli\u011fin haz\u0131rlanmas\u0131nda katk\u0131s\u0131 ve eme\u011fi olanlara \u201cTe\u015fekk\u00fcr Belgesi\u201d takdim etti.<\/p>\n<div id='gallery-1' class='gallery galleryid-18147 gallery-columns-3 gallery-size-medium'><figure class='gallery-item'>\n\t\t\t<div class='gallery-icon landscape'>\n\t\t\t\t<a href='https:\/\/www.euegeajans.com\/wp-content\/uploads\/2023\/11\/EGE-4-6.jpg'><img loading=\"lazy\" decoding=\"async\" width=\"300\" height=\"180\" src=\"https:\/\/www.euegeajans.com\/wp-content\/uploads\/2023\/11\/EGE-4-6-300x180.jpg\" class=\"attachment-medium size-medium\" alt=\"\" srcset=\"https:\/\/www.euegeajans.com\/wp-content\/uploads\/2023\/11\/EGE-4-6-300x180.jpg 300w, https:\/\/www.euegeajans.com\/wp-content\/uploads\/2023\/11\/EGE-4-6-1024x615.jpg 1024w, https:\/\/www.euegeajans.com\/wp-content\/uploads\/2023\/11\/EGE-4-6-768x461.jpg 768w, https:\/\/www.euegeajans.com\/wp-content\/uploads\/2023\/11\/EGE-4-6.jpg 1422w\" sizes=\"auto, (max-width: 300px) 100vw, 300px\" \/><\/a>\n\t\t\t<\/div><\/figure><figure class='gallery-item'>\n\t\t\t<div class='gallery-icon landscape'>\n\t\t\t\t<a href='https:\/\/www.euegeajans.com\/wp-content\/uploads\/2023\/11\/EGE-2-9.jpg'><img loading=\"lazy\" decoding=\"async\" width=\"300\" height=\"197\" src=\"https:\/\/www.euegeajans.com\/wp-content\/uploads\/2023\/11\/EGE-2-9-300x197.jpg\" class=\"attachment-medium size-medium\" alt=\"\" srcset=\"https:\/\/www.euegeajans.com\/wp-content\/uploads\/2023\/11\/EGE-2-9-300x197.jpg 300w, https:\/\/www.euegeajans.com\/wp-content\/uploads\/2023\/11\/EGE-2-9-1024x673.jpg 1024w, https:\/\/www.euegeajans.com\/wp-content\/uploads\/2023\/11\/EGE-2-9-768x505.jpg 768w, https:\/\/www.euegeajans.com\/wp-content\/uploads\/2023\/11\/EGE-2-9-1536x1010.jpg 1536w, https:\/\/www.euegeajans.com\/wp-content\/uploads\/2023\/11\/EGE-2-9.jpg 1632w\" sizes=\"auto, (max-width: 300px) 100vw, 300px\" \/><\/a>\n\t\t\t<\/div><\/figure><figure class='gallery-item'>\n\t\t\t<div class='gallery-icon landscape'>\n\t\t\t\t<a href='https:\/\/www.euegeajans.com\/wp-content\/uploads\/2023\/11\/EGE-3-6.jpg'><img loading=\"lazy\" decoding=\"async\" width=\"300\" height=\"200\" src=\"https:\/\/www.euegeajans.com\/wp-content\/uploads\/2023\/11\/EGE-3-6-300x200.jpg\" class=\"attachment-medium size-medium\" alt=\"\" srcset=\"https:\/\/www.euegeajans.com\/wp-content\/uploads\/2023\/11\/EGE-3-6-300x200.jpg 300w, https:\/\/www.euegeajans.com\/wp-content\/uploads\/2023\/11\/EGE-3-6-1024x683.jpg 1024w, https:\/\/www.euegeajans.com\/wp-content\/uploads\/2023\/11\/EGE-3-6-768x512.jpg 768w, https:\/\/www.euegeajans.com\/wp-content\/uploads\/2023\/11\/EGE-3-6-1536x1024.jpg 1536w, https:\/\/www.euegeajans.com\/wp-content\/uploads\/2023\/11\/EGE-3-6.jpg 1731w\" sizes=\"auto, (max-width: 300px) 100vw, 300px\" \/><\/a>\n\t\t\t<\/div><\/figure>\n\t\t<\/div>\n\n","protected":false},"excerpt":{"rendered":"<p>E\u00dc G\u00fcne\u015f Enerjisi Enstit\u00fcs\u00fcnden 100. Y\u0131l etkinlikleri \u00c7ocuklar resim sanat\u00e7\u0131lar\u0131yla bulu\u015ftu, eserlerini sergiledi Ege \u00dcniversitesi&#8230;<\/p>\n","protected":false},"author":2,"featured_media":18149,"comment_status":"open","ping_status":"open","sticky":false,"template":"","format":"standard","meta":{"footnotes":""},"categories":[99,1,70],"tags":[],"class_list":["post-18147","post","type-post","status-publish","format-standard","has-post-thumbnail","hentry","category-egitim","category-gncl","category-kampus"],"featured_image_urls":{"full":["https:\/\/www.euegeajans.com\/wp-content\/uploads\/2023\/11\/EGE-1-8-scaled.jpg",2560,1707,false],"thumbnail":["https:\/\/www.euegeajans.com\/wp-content\/uploads\/2023\/11\/EGE-1-8-150x150.jpg",150,150,true],"medium":["https:\/\/www.euegeajans.com\/wp-content\/uploads\/2023\/11\/EGE-1-8-300x200.jpg",300,200,true],"medium_large":["https:\/\/www.euegeajans.com\/wp-content\/uploads\/2023\/11\/EGE-1-8-768x512.jpg",640,427,true],"large":["https:\/\/www.euegeajans.com\/wp-content\/uploads\/2023\/11\/EGE-1-8-1024x683.jpg",640,427,true],"1536x1536":["https:\/\/www.euegeajans.com\/wp-content\/uploads\/2023\/11\/EGE-1-8-1536x1024.jpg",1536,1024,true],"2048x2048":["https:\/\/www.euegeajans.com\/wp-content\/uploads\/2023\/11\/EGE-1-8-2048x1365.jpg",2048,1365,true],"newsphere-slider-full":["https:\/\/www.euegeajans.com\/wp-content\/uploads\/2023\/11\/EGE-1-8-1280x720.jpg",1280,720,true],"newsphere-featured":["https:\/\/www.euegeajans.com\/wp-content\/uploads\/2023\/11\/EGE-1-8-1024x683.jpg",1024,683,true],"newsphere-medium":["https:\/\/www.euegeajans.com\/wp-content\/uploads\/2023\/11\/EGE-1-8-720x380.jpg",720,380,true]},"author_info":{"display_name":"Editor","author_link":"https:\/\/www.euegeajans.com\/index.php\/author\/editor\/"},"category_info":"<a href=\"https:\/\/www.euegeajans.com\/index.php\/category\/egitim\/\" rel=\"category tag\">E\u011fitim<\/a> <a href=\"https:\/\/www.euegeajans.com\/index.php\/category\/gncl\/\" rel=\"category tag\">G\u00fcncel<\/a> <a href=\"https:\/\/www.euegeajans.com\/index.php\/category\/kampus\/\" rel=\"category tag\">Kamp\u00fcs<\/a>","tag_info":"Kamp\u00fcs","comment_count":"0","_links":{"self":[{"href":"https:\/\/www.euegeajans.com\/index.php\/wp-json\/wp\/v2\/posts\/18147","targetHints":{"allow":["GET"]}}],"collection":[{"href":"https:\/\/www.euegeajans.com\/index.php\/wp-json\/wp\/v2\/posts"}],"about":[{"href":"https:\/\/www.euegeajans.com\/index.php\/wp-json\/wp\/v2\/types\/post"}],"author":[{"embeddable":true,"href":"https:\/\/www.euegeajans.com\/index.php\/wp-json\/wp\/v2\/users\/2"}],"replies":[{"embeddable":true,"href":"https:\/\/www.euegeajans.com\/index.php\/wp-json\/wp\/v2\/comments?post=18147"}],"version-history":[{"count":2,"href":"https:\/\/www.euegeajans.com\/index.php\/wp-json\/wp\/v2\/posts\/18147\/revisions"}],"predecessor-version":[{"id":18153,"href":"https:\/\/www.euegeajans.com\/index.php\/wp-json\/wp\/v2\/posts\/18147\/revisions\/18153"}],"wp:featuredmedia":[{"embeddable":true,"href":"https:\/\/www.euegeajans.com\/index.php\/wp-json\/wp\/v2\/media\/18149"}],"wp:attachment":[{"href":"https:\/\/www.euegeajans.com\/index.php\/wp-json\/wp\/v2\/media?parent=18147"}],"wp:term":[{"taxonomy":"category","embeddable":true,"href":"https:\/\/www.euegeajans.com\/index.php\/wp-json\/wp\/v2\/categories?post=18147"},{"taxonomy":"post_tag","embeddable":true,"href":"https:\/\/www.euegeajans.com\/index.php\/wp-json\/wp\/v2\/tags?post=18147"}],"curies":[{"name":"wp","href":"https:\/\/api.w.org\/{rel}","templated":true}]}}