{"id":16778,"date":"2023-09-26T05:50:00","date_gmt":"2023-09-26T05:50:00","guid":{"rendered":"https:\/\/www.euegeajans.com\/?p=16778"},"modified":"2023-09-26T07:34:24","modified_gmt":"2023-09-26T07:34:24","slug":"egede-sosyal-guvenlik-mevzuati-egitimi-duzenlendi","status":"publish","type":"post","link":"https:\/\/www.euegeajans.com\/index.php\/2023\/09\/26\/egede-sosyal-guvenlik-mevzuati-egitimi-duzenlendi\/","title":{"rendered":"Ege\u2019de \u201cSosyal G\u00fcvenlik Mevzuat\u0131 E\u011fitimi\u201d d\u00fczenlendi"},"content":{"rendered":"<p style=\"text-align: justify;\"><img loading=\"lazy\" decoding=\"async\" class=\"size-medium wp-image-16782 alignleft\" src=\"http:\/\/www.euegeajans.com\/wp-content\/uploads\/2023\/09\/EGE-SOSYAL-GUVENLIK-MEVZUAT-EGITIMI-25-EYLUL-2023-27-300x200.jpg\" alt=\"\" width=\"300\" height=\"200\" srcset=\"https:\/\/www.euegeajans.com\/wp-content\/uploads\/2023\/09\/EGE-SOSYAL-GUVENLIK-MEVZUAT-EGITIMI-25-EYLUL-2023-27-300x200.jpg 300w, https:\/\/www.euegeajans.com\/wp-content\/uploads\/2023\/09\/EGE-SOSYAL-GUVENLIK-MEVZUAT-EGITIMI-25-EYLUL-2023-27-1024x683.jpg 1024w, https:\/\/www.euegeajans.com\/wp-content\/uploads\/2023\/09\/EGE-SOSYAL-GUVENLIK-MEVZUAT-EGITIMI-25-EYLUL-2023-27-768x512.jpg 768w, https:\/\/www.euegeajans.com\/wp-content\/uploads\/2023\/09\/EGE-SOSYAL-GUVENLIK-MEVZUAT-EGITIMI-25-EYLUL-2023-27.jpg 1500w\" sizes=\"auto, (max-width: 300px) 100vw, 300px\" \/>Ege \u00dcniversitesinde idari \u00e7al\u0131\u015fanlar\u0131n bilgi, beceri, motivasyon ve verimliliklerini art\u0131rmaya y\u00f6nelik Personel Daire Ba\u015fkanl\u0131\u011f\u0131 \u0130dari Kadro ve Atama \u015eube M\u00fcd\u00fcrl\u00fc\u011f\u00fcne ba\u011fl\u0131 E\u011fitim Birimi \u00e7e\u015fitli kurum ve kuru\u015flarla i\u015f birli\u011finde hizmet i\u00e7i e\u011fitimler d\u00fczenleniyor. Ege \u00dcniversitesi hem dijital altyap\u0131s\u0131n\u0131 \u00e7a\u011f\u0131n gereksinimlerine uygun olarak d\u00fczenlerken hem de g\u00fcncel e\u011fitim i\u00e7eri\u011fiyle personelini e\u011fitmeye devam ederek e\u011fitim \u00f6\u011fretim ve ara\u015ft\u0131rma geli\u015ftirme ekosistemini modern bir yap\u0131ya kavu\u015fturuyor.<\/p>\n<p style=\"text-align: justify;\"><img loading=\"lazy\" decoding=\"async\" class=\"size-medium wp-image-16779 alignright\" src=\"http:\/\/www.euegeajans.com\/wp-content\/uploads\/2023\/09\/EGE-SOSYAL-GUVENLIK-MEVZUAT-EGITIMI-25-EYLUL-2023-44-300x200.jpg\" alt=\"\" width=\"300\" height=\"200\" srcset=\"https:\/\/www.euegeajans.com\/wp-content\/uploads\/2023\/09\/EGE-SOSYAL-GUVENLIK-MEVZUAT-EGITIMI-25-EYLUL-2023-44-300x200.jpg 300w, https:\/\/www.euegeajans.com\/wp-content\/uploads\/2023\/09\/EGE-SOSYAL-GUVENLIK-MEVZUAT-EGITIMI-25-EYLUL-2023-44-1024x683.jpg 1024w, https:\/\/www.euegeajans.com\/wp-content\/uploads\/2023\/09\/EGE-SOSYAL-GUVENLIK-MEVZUAT-EGITIMI-25-EYLUL-2023-44-768x512.jpg 768w, https:\/\/www.euegeajans.com\/wp-content\/uploads\/2023\/09\/EGE-SOSYAL-GUVENLIK-MEVZUAT-EGITIMI-25-EYLUL-2023-44.jpg 1500w\" sizes=\"auto, (max-width: 300px) 100vw, 300px\" \/>Ege \u00dcniversitesi ev sahipli\u011finde personelin g\u00fcncellenen m\u00fcfredata uygun olarak mesleki ve ki\u015fisel geli\u015fimlerine y\u00f6nelik d\u00fczenlenen e\u011fitim kapsam\u0131nda \u0130zmir Sosyal G\u00fcvenlik \u0130l M\u00fcd\u00fcrl\u00fc\u011f\u00fcnce \u201cSosyal G\u00fcvenlik Mevzuat\u0131 E\u011fitimi\u201d ger\u00e7ekle\u015ftirildi. \u00a0Fen Fak\u00fcltesi Konferans Salonu\u2019nda yap\u0131lan e\u011fitime Ege \u00dcniversitesi ve \u0130zmir Y\u00fcksek Teknoloji Enstit\u00fcs\u00fc personeli kat\u0131ld\u0131. \u0130zmir Sosyal G\u00fcvenlik \u0130l M\u00fcd\u00fcrl\u00fc\u011f\u00fc uzmanlar\u0131 U\u011fur Demir, Ahmet Yaman, Arzu Fidan, Bur\u00e7in Can G\u00fcrp\u0131nar ve Gizem Er\u00f6z taraf\u0131ndan verilen e\u011fitimde i\u015fyeri, i\u015fverenler, sigortal\u0131 hak sahipleri ile di\u011fer ilgili ki\u015fi ve kurulu\u015flar a\u00e7\u0131s\u0131ndan, sosyal sigorta i\u015flemlerinin uygulanmas\u0131na y\u00f6nelik konular hakk\u0131nda bilgiler verildi. G\u00fcn boyu devam eden e\u011fitimin sonunda alan\u0131nda uzman yetkililer kat\u0131l\u0131mc\u0131lar\u0131n sorular\u0131n\u0131 yan\u0131tlad\u0131.<\/p>\n<div id='gallery-1' class='gallery galleryid-16778 gallery-columns-2 gallery-size-large'><figure class='gallery-item'>\n\t\t\t<div class='gallery-icon landscape'>\n\t\t\t\t<a href='https:\/\/www.euegeajans.com\/wp-content\/uploads\/2023\/09\/EGE-SOSYAL-GUVENLIK-MEVZUAT-EGITIMI-25-EYLUL-2023-40.jpg'><img loading=\"lazy\" decoding=\"async\" width=\"640\" height=\"427\" src=\"https:\/\/www.euegeajans.com\/wp-content\/uploads\/2023\/09\/EGE-SOSYAL-GUVENLIK-MEVZUAT-EGITIMI-25-EYLUL-2023-40-1024x683.jpg\" class=\"attachment-large size-large\" alt=\"\" srcset=\"https:\/\/www.euegeajans.com\/wp-content\/uploads\/2023\/09\/EGE-SOSYAL-GUVENLIK-MEVZUAT-EGITIMI-25-EYLUL-2023-40-1024x683.jpg 1024w, https:\/\/www.euegeajans.com\/wp-content\/uploads\/2023\/09\/EGE-SOSYAL-GUVENLIK-MEVZUAT-EGITIMI-25-EYLUL-2023-40-300x200.jpg 300w, https:\/\/www.euegeajans.com\/wp-content\/uploads\/2023\/09\/EGE-SOSYAL-GUVENLIK-MEVZUAT-EGITIMI-25-EYLUL-2023-40-768x512.jpg 768w, https:\/\/www.euegeajans.com\/wp-content\/uploads\/2023\/09\/EGE-SOSYAL-GUVENLIK-MEVZUAT-EGITIMI-25-EYLUL-2023-40.jpg 1500w\" sizes=\"auto, (max-width: 640px) 100vw, 640px\" \/><\/a>\n\t\t\t<\/div><\/figure><figure class='gallery-item'>\n\t\t\t<div class='gallery-icon landscape'>\n\t\t\t\t<a href='https:\/\/www.euegeajans.com\/wp-content\/uploads\/2023\/09\/EGE-SOSYAL-GUVENLIK-MEVZUAT-EGITIMI-25-EYLUL-2023-35.jpg'><img loading=\"lazy\" decoding=\"async\" width=\"640\" height=\"427\" src=\"https:\/\/www.euegeajans.com\/wp-content\/uploads\/2023\/09\/EGE-SOSYAL-GUVENLIK-MEVZUAT-EGITIMI-25-EYLUL-2023-35-1024x683.jpg\" class=\"attachment-large size-large\" alt=\"\" srcset=\"https:\/\/www.euegeajans.com\/wp-content\/uploads\/2023\/09\/EGE-SOSYAL-GUVENLIK-MEVZUAT-EGITIMI-25-EYLUL-2023-35-1024x683.jpg 1024w, https:\/\/www.euegeajans.com\/wp-content\/uploads\/2023\/09\/EGE-SOSYAL-GUVENLIK-MEVZUAT-EGITIMI-25-EYLUL-2023-35-300x200.jpg 300w, https:\/\/www.euegeajans.com\/wp-content\/uploads\/2023\/09\/EGE-SOSYAL-GUVENLIK-MEVZUAT-EGITIMI-25-EYLUL-2023-35-768x512.jpg 768w, https:\/\/www.euegeajans.com\/wp-content\/uploads\/2023\/09\/EGE-SOSYAL-GUVENLIK-MEVZUAT-EGITIMI-25-EYLUL-2023-35.jpg 1500w\" sizes=\"auto, (max-width: 640px) 100vw, 640px\" \/><\/a>\n\t\t\t<\/div><\/figure><figure class='gallery-item'>\n\t\t\t<div class='gallery-icon landscape'>\n\t\t\t\t<a href='https:\/\/www.euegeajans.com\/wp-content\/uploads\/2023\/09\/EGE-SOSYAL-GUVENLIK-MEVZUAT-EGITIMI-25-EYLUL-2023-2.jpg'><img loading=\"lazy\" decoding=\"async\" width=\"640\" height=\"480\" src=\"https:\/\/www.euegeajans.com\/wp-content\/uploads\/2023\/09\/EGE-SOSYAL-GUVENLIK-MEVZUAT-EGITIMI-25-EYLUL-2023-2.jpg\" class=\"attachment-large size-large\" alt=\"\" srcset=\"https:\/\/www.euegeajans.com\/wp-content\/uploads\/2023\/09\/EGE-SOSYAL-GUVENLIK-MEVZUAT-EGITIMI-25-EYLUL-2023-2.jpg 1008w, https:\/\/www.euegeajans.com\/wp-content\/uploads\/2023\/09\/EGE-SOSYAL-GUVENLIK-MEVZUAT-EGITIMI-25-EYLUL-2023-2-300x225.jpg 300w, https:\/\/www.euegeajans.com\/wp-content\/uploads\/2023\/09\/EGE-SOSYAL-GUVENLIK-MEVZUAT-EGITIMI-25-EYLUL-2023-2-768x576.jpg 768w\" sizes=\"auto, (max-width: 640px) 100vw, 640px\" \/><\/a>\n\t\t\t<\/div><\/figure><figure class='gallery-item'>\n\t\t\t<div class='gallery-icon landscape'>\n\t\t\t\t<a href='https:\/\/www.euegeajans.com\/wp-content\/uploads\/2023\/09\/EGE-SOSYAL-GUVENLIK-MEVZUAT-EGITIMI-25-EYLUL-2023-57.jpg'><img loading=\"lazy\" decoding=\"async\" width=\"640\" height=\"427\" src=\"https:\/\/www.euegeajans.com\/wp-content\/uploads\/2023\/09\/EGE-SOSYAL-GUVENLIK-MEVZUAT-EGITIMI-25-EYLUL-2023-57-1024x683.jpg\" class=\"attachment-large size-large\" alt=\"\" srcset=\"https:\/\/www.euegeajans.com\/wp-content\/uploads\/2023\/09\/EGE-SOSYAL-GUVENLIK-MEVZUAT-EGITIMI-25-EYLUL-2023-57-1024x683.jpg 1024w, https:\/\/www.euegeajans.com\/wp-content\/uploads\/2023\/09\/EGE-SOSYAL-GUVENLIK-MEVZUAT-EGITIMI-25-EYLUL-2023-57-300x200.jpg 300w, https:\/\/www.euegeajans.com\/wp-content\/uploads\/2023\/09\/EGE-SOSYAL-GUVENLIK-MEVZUAT-EGITIMI-25-EYLUL-2023-57-768x512.jpg 768w, https:\/\/www.euegeajans.com\/wp-content\/uploads\/2023\/09\/EGE-SOSYAL-GUVENLIK-MEVZUAT-EGITIMI-25-EYLUL-2023-57.jpg 1500w\" sizes=\"auto, (max-width: 640px) 100vw, 640px\" \/><\/a>\n\t\t\t<\/div><\/figure>\n\t\t<\/div>\n\n","protected":false},"excerpt":{"rendered":"<p>Ege \u00dcniversitesinde idari \u00e7al\u0131\u015fanlar\u0131n bilgi, beceri, motivasyon ve verimliliklerini art\u0131rmaya y\u00f6nelik Personel Daire Ba\u015fkanl\u0131\u011f\u0131 \u0130dari&#8230;<\/p>\n","protected":false},"author":2,"featured_media":16785,"comment_status":"open","ping_status":"open","sticky":false,"template":"","format":"standard","meta":{"footnotes":""},"categories":[99,1,11,304,70],"tags":[],"class_list":["post-16778","post","type-post","status-publish","format-standard","has-post-thumbnail","hentry","category-egitim","category-gncl","category-haber","category-iletisim","category-kampus"],"featured_image_urls":{"full":["https:\/\/www.euegeajans.com\/wp-content\/uploads\/2023\/09\/EGE-SOSYAL-GUVENLIK-MEVZUAT-EGITIMI-25-EYLUL-2023-144.jpg",1868,960,false],"thumbnail":["https:\/\/www.euegeajans.com\/wp-content\/uploads\/2023\/09\/EGE-SOSYAL-GUVENLIK-MEVZUAT-EGITIMI-25-EYLUL-2023-144-150x150.jpg",150,150,true],"medium":["https:\/\/www.euegeajans.com\/wp-content\/uploads\/2023\/09\/EGE-SOSYAL-GUVENLIK-MEVZUAT-EGITIMI-25-EYLUL-2023-144-300x154.jpg",300,154,true],"medium_large":["https:\/\/www.euegeajans.com\/wp-content\/uploads\/2023\/09\/EGE-SOSYAL-GUVENLIK-MEVZUAT-EGITIMI-25-EYLUL-2023-144-768x395.jpg",640,329,true],"large":["https:\/\/www.euegeajans.com\/wp-content\/uploads\/2023\/09\/EGE-SOSYAL-GUVENLIK-MEVZUAT-EGITIMI-25-EYLUL-2023-144-1024x526.jpg",640,329,true],"1536x1536":["https:\/\/www.euegeajans.com\/wp-content\/uploads\/2023\/09\/EGE-SOSYAL-GUVENLIK-MEVZUAT-EGITIMI-25-EYLUL-2023-144-1536x789.jpg",1536,789,true],"2048x2048":["https:\/\/www.euegeajans.com\/wp-content\/uploads\/2023\/09\/EGE-SOSYAL-GUVENLIK-MEVZUAT-EGITIMI-25-EYLUL-2023-144.jpg",1868,960,false],"newsphere-slider-full":["https:\/\/www.euegeajans.com\/wp-content\/uploads\/2023\/09\/EGE-SOSYAL-GUVENLIK-MEVZUAT-EGITIMI-25-EYLUL-2023-144-1280x720.jpg",1280,720,true],"newsphere-featured":["https:\/\/www.euegeajans.com\/wp-content\/uploads\/2023\/09\/EGE-SOSYAL-GUVENLIK-MEVZUAT-EGITIMI-25-EYLUL-2023-144-1024x526.jpg",1024,526,true],"newsphere-medium":["https:\/\/www.euegeajans.com\/wp-content\/uploads\/2023\/09\/EGE-SOSYAL-GUVENLIK-MEVZUAT-EGITIMI-25-EYLUL-2023-144-720x380.jpg",720,380,true]},"author_info":{"display_name":"Editor","author_link":"https:\/\/www.euegeajans.com\/index.php\/author\/editor\/"},"category_info":"<a href=\"https:\/\/www.euegeajans.com\/index.php\/category\/egitim\/\" rel=\"category tag\">E\u011fitim<\/a> <a href=\"https:\/\/www.euegeajans.com\/index.php\/category\/gncl\/\" rel=\"category tag\">G\u00fcncel<\/a> <a href=\"https:\/\/www.euegeajans.com\/index.php\/category\/haber\/\" rel=\"category tag\">Haber<\/a> <a href=\"https:\/\/www.euegeajans.com\/index.php\/category\/iletisim\/\" rel=\"category tag\">\u0130leti\u015fim<\/a> <a href=\"https:\/\/www.euegeajans.com\/index.php\/category\/kampus\/\" rel=\"category tag\">Kamp\u00fcs<\/a>","tag_info":"Kamp\u00fcs","comment_count":"0","_links":{"self":[{"href":"https:\/\/www.euegeajans.com\/index.php\/wp-json\/wp\/v2\/posts\/16778","targetHints":{"allow":["GET"]}}],"collection":[{"href":"https:\/\/www.euegeajans.com\/index.php\/wp-json\/wp\/v2\/posts"}],"about":[{"href":"https:\/\/www.euegeajans.com\/index.php\/wp-json\/wp\/v2\/types\/post"}],"author":[{"embeddable":true,"href":"https:\/\/www.euegeajans.com\/index.php\/wp-json\/wp\/v2\/users\/2"}],"replies":[{"embeddable":true,"href":"https:\/\/www.euegeajans.com\/index.php\/wp-json\/wp\/v2\/comments?post=16778"}],"version-history":[{"count":3,"href":"https:\/\/www.euegeajans.com\/index.php\/wp-json\/wp\/v2\/posts\/16778\/revisions"}],"predecessor-version":[{"id":16788,"href":"https:\/\/www.euegeajans.com\/index.php\/wp-json\/wp\/v2\/posts\/16778\/revisions\/16788"}],"wp:featuredmedia":[{"embeddable":true,"href":"https:\/\/www.euegeajans.com\/index.php\/wp-json\/wp\/v2\/media\/16785"}],"wp:attachment":[{"href":"https:\/\/www.euegeajans.com\/index.php\/wp-json\/wp\/v2\/media?parent=16778"}],"wp:term":[{"taxonomy":"category","embeddable":true,"href":"https:\/\/www.euegeajans.com\/index.php\/wp-json\/wp\/v2\/categories?post=16778"},{"taxonomy":"post_tag","embeddable":true,"href":"https:\/\/www.euegeajans.com\/index.php\/wp-json\/wp\/v2\/tags?post=16778"}],"curies":[{"name":"wp","href":"https:\/\/api.w.org\/{rel}","templated":true}]}}