{"id":1666,"date":"2021-01-05T07:55:38","date_gmt":"2021-01-05T07:55:38","guid":{"rendered":"http:\/\/www.euegeajans.com\/?p=1666"},"modified":"2021-03-01T10:37:46","modified_gmt":"2021-03-01T10:37:46","slug":"rektor-budak-bu-basari-tum-mensuplarimizin-ortak-akli-ideali-inanci-ve-gayretinin-eseri","status":"publish","type":"post","link":"https:\/\/www.euegeajans.com\/index.php\/2021\/01\/05\/rektor-budak-bu-basari-tum-mensuplarimizin-ortak-akli-ideali-inanci-ve-gayretinin-eseri\/","title":{"rendered":"Rekt\u00f6r Budak, \u201cBu ba\u015far\u0131 t\u00fcm mensuplar\u0131m\u0131z\u0131n ortak akl\u0131, ideali, inanc\u0131 ve gayretinin eseri\u201d"},"content":{"rendered":"<p style=\"text-align: justify;\">E\u00dc&#8217;n\u00fcn ba\u015far\u0131 karnesi: 5 ana kategorinin tamam\u0131nda b\u00fcy\u00fck art\u0131\u015f ya\u015fad\u0131<\/p>\n<p style=\"text-align: justify;\">Y\u00fcksek\u00f6\u011fretim Kurulu (Y\u00d6K) taraf\u0131ndan \u00fcniversitelerin<img loading=\"lazy\" decoding=\"async\" class=\"size-medium wp-image-1668 alignleft\" src=\"http:\/\/www.euegeajans.com\/wp-content\/uploads\/2021\/01\/egeuniversitesi-300x188.jpg\" alt=\"\" width=\"300\" height=\"188\" srcset=\"https:\/\/www.euegeajans.com\/wp-content\/uploads\/2021\/01\/egeuniversitesi-300x188.jpg 300w, https:\/\/www.euegeajans.com\/wp-content\/uploads\/2021\/01\/egeuniversitesi-1024x643.jpg 1024w, https:\/\/www.euegeajans.com\/wp-content\/uploads\/2021\/01\/egeuniversitesi-768x482.jpg 768w, https:\/\/www.euegeajans.com\/wp-content\/uploads\/2021\/01\/egeuniversitesi-1536x964.jpg 1536w, https:\/\/www.euegeajans.com\/wp-content\/uploads\/2021\/01\/egeuniversitesi-2048x1286.jpg 2048w\" sizes=\"auto, (max-width: 300px) 100vw, 300px\" \/> performanslar\u0131na dair verilerin yer ald\u0131\u011f\u0131\u00a0 \u201c2019 Y\u0131l\u0131 \u00dcniversite \u0130zleme ve De\u011ferlendirme Raporu\u201d kamuoyuyla payla\u015f\u0131ld\u0131. Ege \u00dcniversitesi de\u011ferlendirilmeye tabi tutulan 5 ana kategorideki 45 g\u00f6stergede \u00f6nemli oranda bir s\u0131\u00e7rama g\u00f6sterdi.<\/p>\n<p style=\"text-align: justify;\">Raporu de\u011ferlendiren Ege \u00dcniversitesi Rekt\u00f6r\u00fc Prof. Dr. Necdet Budak, \u201cY\u00fcksek\u00f6\u011fretim Kurulu Ba\u015fkan\u0131m\u0131z Prof. Dr. Yekta Sara\u00e7 hocam\u0131z\u0131n \u00f6nc\u00fcl\u00fc\u011f\u00fcnde Yeni Y\u00d6K, pek \u00e7ok \u00f6nemli uygulamay\u0131 T\u00fcrk y\u00fcksek\u00f6\u011fretim sistemine kazand\u0131rd\u0131. Y\u00d6K 2018 y\u0131l\u0131nda, y\u00fcksek\u00f6\u011fretim kurumlar\u0131n\u0131n faaliyet alanlar\u0131na ili\u015fkin s\u00fcre\u00e7lerini \u015feffafl\u0131k ve hesap verebilirlik ilkeleri do\u011frultusunda y\u00fcr\u00fct\u00fclmesine katk\u0131 sunan ve \u00fcniversitelere ili\u015fkin veriye dayal\u0131, kan\u0131t temelli de\u011ferlendirmelerin yap\u0131labilmesini sa\u011flayan &#8220;\u00dcniversite \u0130zleme ve De\u011ferlendirme&#8221; uygulamas\u0131n\u0131 ba\u015flatm\u0131\u015ft\u0131. 2019 verileri Y\u00fcksek\u00f6\u011fretim Kurulu Ba\u015fkan\u0131 Prof. Dr. Yekta Sara\u00e7 hocam\u0131z taraf\u0131ndan kamuoyuyla payla\u015f\u0131ld\u0131. Prof. Dr. Sara\u00e7\u2019\u0131n bizlere g\u00f6sterdi\u011fi yol do\u011frultusunda \u00e7al\u0131\u015fmalar\u0131m\u0131za \u015fekil verdik. Ge\u00e7ti\u011fimiz y\u0131l ilki yay\u0131mlanan raporda geli\u015ftirilmesi gereken y\u00f6nlerimizi tespit ederek k\u0131sa s\u00fcrede bunlarla ilgili iyile\u015ftirme \u00e7al\u0131\u015fmalar\u0131na ba\u015flad\u0131k. Ege \u00dcniversitesi 2023 vizyonu kapsam\u0131nda;\u00a0 \u00f6\u011frenci odakl\u0131, e\u011fitim \u00f6\u011fretimde kalite \u00f6ncelikli, uluslararas\u0131 tan\u0131n\u0131r, bir ara\u015ft\u0131rma \u00fcniversitesi olma hedefiyle ger\u00e7ekle\u015ftirdi\u011fi \u00e7al\u0131\u015fmalar karnemize anlaml\u0131 ve b\u00fcy\u00fck bir ba\u015far\u0131 olarak yans\u0131d\u0131.\u00a0 \u00dcniversitemiz;\u00a0 e\u011fitim ve \u00f6\u011fretim, ara\u015ft\u0131rma-geli\u015ftirme, proje ve yay\u0131n, uluslararas\u0131la\u015fma, b\u00fct\u00e7e ve finansman ile topluma hizmet ve sosyal sorumluluk kategorilerinin tamam\u0131nda 2018&#8217;e g\u00f6re b\u00fcy\u00fck bir iyile\u015fme g\u00f6sterdi. Bu sistemi y\u00fcksek\u00f6\u011fretimimize kazand\u0131ran Y\u00d6K Ba\u015fkan\u0131m\u0131za bir kez daha te\u015fekk\u00fcr ediyorum. Bu ba\u015far\u0131 \u00f6\u011frencisinden akademisyenine, idari \u00e7al\u0131\u015fan\u0131ndan mezununa t\u00fcm mensuplar\u0131m\u0131z\u0131n ortak akl\u0131, ortak ideali, ortak inanc\u0131 ve ortak gayretinin eseridir\u201d dedi.<\/p>\n<p style=\"text-align: justify;\"><b>\u00a0Rekt\u00f6r Budak\u2019\u0131n inovatif y\u00f6netim anlay\u0131\u015f\u0131 rapora yans\u0131d\u0131<\/b><\/p>\n<p style=\"text-align: justify;\">T\u00fcrk Y\u00fcksek\u00f6\u011fretim sistemi i\u00e7erisinde yer alan \u00fcniversitelerin y\u00fcr\u00fctt\u00fckleri<img loading=\"lazy\" decoding=\"async\" class=\"size-medium wp-image-1669 alignright\" src=\"http:\/\/www.euegeajans.com\/wp-content\/uploads\/2021\/01\/EGE-300x200.jpg\" alt=\"\" width=\"300\" height=\"200\" srcset=\"https:\/\/www.euegeajans.com\/wp-content\/uploads\/2021\/01\/EGE-300x200.jpg 300w, https:\/\/www.euegeajans.com\/wp-content\/uploads\/2021\/01\/EGE-1024x683.jpg 1024w, https:\/\/www.euegeajans.com\/wp-content\/uploads\/2021\/01\/EGE-768x512.jpg 768w, https:\/\/www.euegeajans.com\/wp-content\/uploads\/2021\/01\/EGE.jpg 1500w\" sizes=\"auto, (max-width: 300px) 100vw, 300px\" \/> faaliyetleri \u00f6l\u00e7mek, akademik ve sosyal rekabet g\u00fcc\u00fcn\u00fcn geli\u015fimini tespit etmek amac\u0131yla, Y\u00fcksek\u00f6\u011fretim Kurulu taraf\u0131ndan a\u00e7\u0131klanan \u201c2019 \u2013 \u00dcniversite Y\u0131ll\u0131k \u0130zleme ve De\u011ferlendirme Raporu\u201d sonu\u00e7lar\u0131na g\u00f6re Ege \u00dcniversitesi, t\u00fcm alanlarda \u00f6nemli oranda bir y\u00fckseli\u015f g\u00f6sterdi. 2018 y\u0131l\u0131 raporuyla k\u0131yasland\u0131\u011f\u0131nda Ege \u00dcniversitesi &#8220;e\u011fitim ve \u00f6\u011fretim&#8221;, &#8220;ara\u015ft\u0131rma-geli\u015ftirme, proje ve yay\u0131n&#8221;, &#8220;uluslararas\u0131la\u015fma&#8221;, &#8220;b\u00fct\u00e7e ve finansman&#8221; ile &#8220;topluma hizmet ve sosyal sorumluluk&#8221; ana kategorileri ve 45 alt g\u00f6sterge kapsam\u0131nda y\u00fcr\u00fctt\u00fc\u011f\u00fc \u00e7al\u0131\u015fmalar\u0131n rapora yans\u0131d\u0131\u011f\u0131 g\u00f6r\u00fcld\u00fc. Rekt\u00f6r Prof. Dr. Necdet Budak\u2019\u0131n her alanda sahip oldu\u011fu yenilik\u00e7i yakla\u015f\u0131mlar ve inovatif y\u00f6netim anlay\u0131\u015f\u0131n\u0131n yan\u0131 s\u0131ra Ege \u00dcniversitesinin akademik g\u00fcc\u00fcn\u00fc toplumla bulu\u015fturan; \u00fcniversite i\u015f d\u00fcnyas\u0131, \u00fcniversite sivil toplum kurulu\u015fu, yaya \u00f6ncelikli s\u00fcrd\u00fcr\u00fclebilir ye\u015fil kamp\u00fcs, sosyal sorumluluk ve toplumsal duyarl\u0131l\u0131k projelerinin raporda en b\u00fcy\u00fck art\u0131\u015f\u0131n oldu\u011fu alanlara yans\u0131d\u0131.<\/p>\n<p style=\"text-align: justify;\"><b>Ba\u015far\u0131da, Ege \u00dcniversitesi 2023 Vizyonun etkisi<\/b><\/p>\n<p style=\"text-align: justify;\">Raporda ilk de\u011ferlendirilen alan olan \u201cE\u011fitim ve \u00d6\u011fretim\u201d\u00a0 alan\u0131ndaki g\u00f6stergelere ili\u015fkin 2018 ve 2019 y\u0131l\u0131 verileri kar\u015f\u0131la\u015ft\u0131r\u0131ld\u0131\u011f\u0131nda Ege \u00dcniversitesinin;\u00a0 mezun olan doktora \u00f6\u011frenci say\u0131s\u0131 244\u2019ten 299\u2019a, Kamu Personel Se\u00e7me S\u0131navlar\u0131nda ilk y\u00fczde 5\u2019lik dilime giren program say\u0131s\u0131n\u0131n 9\u2019dan\u00a0 11\u2019e, Akademik Personel ve Lisans\u00fcst\u00fc E\u011fitimi Giri\u015f S\u0131navlar\u0131nda (ALES) ilk y\u00fczde 5\u2019lik dilime giren program say\u0131s\u0131 5\u2019ten 12\u2019ye \u00e7\u0131kt\u0131\u011f\u0131 g\u00f6r\u00fcld\u00fc.\u00a0 \u201cAra\u015ft\u0131rma \u00dcniversitesi\u201d olma yolunda emin ad\u0131mlarla ilerleyen E\u00dc; Uluslararas\u0131 sempozyum, kongre veya sanatsal sergi say\u0131s\u0131n\u0131 113\u2019ten 146\u2019ya, \u00f6\u011frencilerin yapt\u0131\u011f\u0131 sosyal sorumluluk ve end\u00fcstriyel projelerin say\u0131lar\u0131n\u0131 227\u2019den 353\u2019e, Teknokent ve Teknoloji Transfer Ofisi (TTO) projelerine kat\u0131lan \u00f6\u011frenci say\u0131s\u0131n\u0131 241\u2019den 1880\u2019e, programlar\u0131n genel doluluk oran\u0131n\u0131 y\u00fczde 94\u2019ten y\u00fczde 99,11\u2019e, mezun takip sistemi i\u00e7erisindeki mezunlar\u0131n oran\u0131n\u0131 y\u00fczde 10\u2019dan y\u00fczde 100\u2019e, \u00f6\u011frencilerin kay\u0131tl\u0131 olduklar\u0131 program d\u0131\u015f\u0131ndaki di\u011fer programlardan alabildikleri ders oran\u0131n\u0131 y\u00fczde 19\u2019dan y\u00fczde 38,68\u2019e, \u00fcniversite k\u00fct\u00fcphanesinde \u00f6\u011frenci ba\u015f\u0131na d\u00fc\u015fen bas\u0131l\u0131 kitap say\u0131s\u0131n\u0131 3.59\u2019dan 4,31\u2019e, \u00fcniversite k\u00fct\u00fcphanesinde \u00f6\u011frenci ba\u015f\u0131na d\u00fc\u015fen e-yay\u0131n say\u0131s\u0131n\u0131 2.99\u2019dan 83,91\u2019e \u00e7\u0131kard\u0131.<\/p>\n<p style=\"text-align: justify;\"><b>Ar-ge ve \u0130novasyon iklimi<\/b><\/p>\n<p style=\"text-align: justify;\">Rekt\u00f6r Prof. Dr. Necdet Budak\u2019\u0131n \u00f6nc\u00fcl\u00fc\u011f\u00fcnde olu\u015fturan bilim,\u00a0 ara\u015ft\u0131rma geli\u015ftirme ve inovasyon ekosisteminin yan\u0131 s\u0131ra i\u015f ve ekonomi d\u00fcnyas\u0131 ile kamu kurum ve kurulu\u015flar\u0131yla yap\u0131lan i\u015f birlikleri de verilere yans\u0131d\u0131. \u00dcniversitelerin geli\u015fiminin \u00f6l\u00e7\u00fcld\u00fc\u011f\u00fc ikinci temel alan olan &#8220;ara\u015ft\u0131rma-geli\u015ftirme, proje ve yay\u0131n\u201d say\u0131lar\u0131nda da E\u00dc; ulusal hakemli dergilerde yay\u0131mlanm\u0131\u015f \u00f6\u011fretim eleman\u0131 ba\u015f\u0131na d\u00fc\u015fen yay\u0131n say\u0131s\u0131n\u0131 0.099\u2019dan 0,111\u2019e, ba\u015fvurulan patent, faydal\u0131 model veya tasar\u0131m say\u0131s\u0131n\u0131 14\u2019ten 59\u2019a, Y\u00d6K 100\/2000 Projesi doktora bursiyeri say\u0131s\u0131n\u0131 180\u2019den 225\u2019e, T\u00dcB\u0130TAK taraf\u0131ndan verilen ulusal ve uluslararas\u0131 ara\u015ft\u0131rma bursu say\u0131s\u0131n\u0131 193\u2019ten 237\u2019e, T\u00dcB\u0130TAK taraf\u0131ndan verilen ulusal ve uluslararas\u0131 destek program\u0131 say\u0131s\u0131n\u0131 86\u2019dan 356\u2019ya, ulusal ve uluslararas\u0131 \u00f6zel veya resmi kurum ve kurulu\u015flar taraf\u0131ndan desteklenmi\u015f Ar-Ge niteli\u011fi ta\u015f\u0131yan proje say\u0131s\u0131n\u0131 165\u2019ten\u00a0 487\u2019ye,\u00a0 \u00fcniversite laboratuvarlar\u0131nda Ar-Ge, inovasyon ve \u00fcr\u00fcn geli\u015ftirme kapsam\u0131nda sunulan hizmet say\u0131s\u0131n\u0131 130 bin 591\u2019e, \u00fcniversite laboratuvarlar\u0131nda Ar-Ge, inovasyon ve \u00fcr\u00fcn geli\u015ftirme kapsam\u0131nda sunulan hizmetlerden elde edilen gelirin ise 19 milyon 776 bin 660\u00a0 TL\u2019ye ula\u015ft\u0131\u011f\u0131 g\u00f6r\u00fcld\u00fc.<\/p>\n<p style=\"text-align: justify;\">Yabanc\u0131 uyruklu bin 463 \u00f6\u011frencinin e\u011fitim \u00f6\u011fretime devam etti\u011fi Ege \u00dcniversitesinde,\u00a0 Uluslararas\u0131la\u015fma alan\u0131ndaki alt g\u00f6stergeler k\u0131yasland\u0131\u011f\u0131nda ise uluslararas\u0131 de\u011fi\u015fim programlar\u0131 kapsam\u0131nda gelen \u00f6\u011fretim eleman\u0131 say\u0131s\u0131 12\u2019den 84\u2019e, Uluslararas\u0131 de\u011fi\u015fim programlar\u0131 kapsam\u0131nda gelen \u00f6\u011frenci say\u0131s\u0131 66\u2019dan 314\u2019e, \u00fcniversite \u00f6\u011fretim elemanlar\u0131n\u0131n ald\u0131\u011f\u0131 uluslararas\u0131 fonlara dayal\u0131 proje say\u0131s\u0131 ise 16\u2019dan 49\u2019a \u00e7\u0131kt\u0131.\u00a0 Ayr\u0131ca yurtd\u0131\u015f\u0131ndaki \u00fcniversiteler veya kurum ve kurulu\u015flar ile ortak 249 proje y\u00fcr\u00fct\u00fcld\u00fc\u011f\u00fc belirlendi.<\/p>\n<p style=\"text-align: justify;\"><b>Sanayi i\u015f birli\u011fi projelerinde art\u0131\u015f<\/b><\/p>\n<p style=\"text-align: justify;\">E\u00dc\u2019n\u00fcn \u201cB\u00fct\u00e7e ve Finansman\u201d ana ba\u015fl\u0131\u011f\u0131 alt\u0131ndaki alt g\u00f6stergeleri analiz edildi\u011finde; merkezi b\u00fct\u00e7e d\u0131\u015f\u0131 \u00f6z gelir, d\u00f6ner sermaye, fon vb. gelirlerin y\u0131ll\u0131k b\u00fct\u00e7eye oran\u0131n\u0131n y\u00fczde 15\u2019ten y\u00fczde 32,69\u2019a, Ar-Ge\u2019ye harcanan b\u00fct\u00e7e oran\u0131n y\u00fczde 9\u2019dan y\u00fczde 11,43\u2019e, Ar-Ge\u2019ye harcanan yat\u0131r\u0131m b\u00fct\u00e7esi oran\u0131 ise y\u00fczde 47,97&#8217;ye \u00e7\u0131kt\u0131. End\u00fcstri ile ortak y\u00fcr\u00fct\u00fclen proje say\u0131s\u0131 189\u2019dan 283\u2019e, end\u00fcstri ile ortak y\u00fcr\u00fct\u00fclen projelerin toplam b\u00fct\u00e7esi 36 milyon 977 bin 566\u2019ya, \u00fcniversiteye kazand\u0131r\u0131lan ba\u011f\u0131\u015f miktar\u0131 5 milyon 880bin 888\u2019den 16 milyon 529 bin 694 TL\u2019ye ula\u015ft\u0131.<\/p>\n<p style=\"text-align: justify;\">Topluma Hizmet ve Sosyal Sorumluluk alanlar\u0131nda da Ege \u00dcniversitesinin ba\u015far\u0131s\u0131n\u0131 ortaya koyan raporda; bir \u00f6nceki y\u0131l verilerine g\u00f6re Ege \u00dcniversitenin yapt\u0131\u011f\u0131 sosyal sorumluluk projesi say\u0131s\u0131n\u0131n 26\u2019dan 289\u2019a, S\u00fcrekli E\u011fitim Merkezi ve Dil Merkezi taraf\u0131ndan verilen sertifika say\u0131s\u0131n\u0131n 913\u2019ten 5 bin 113\u2019a, Kariyer Merkezi \u00e7al\u0131\u015fmalar\u0131 kapsam\u0131nda \u00f6\u011frenci ve mezunlara y\u00f6nelik ger\u00e7ekle\u015ftirilen faaliyet say\u0131s\u0131n\u0131n 56\u2019dan 296\u2019ya, kamu kurumlar\u0131 ile birlikte y\u00fcr\u00fct\u00fclen proje say\u0131s\u0131n\u0131n 165\u2019ten 270\u2019e,\u00a0 dezavantajl\u0131 gruplara y\u00f6nelik sosyal entegrasyon ve kapsay\u0131c\u0131l\u0131\u011fa ili\u015fkin yap\u0131lan faaliyet say\u0131s\u0131n\u0131n 52\u2019den 738\u2019e \u00e7\u0131kt\u0131. Rekt\u00f6r Budak taraf\u0131ndan ba\u015flat\u0131lan yaya \u00f6ncelikli s\u00fcrd\u00fcr\u00fclebilir ye\u015fil kamp\u00fcs ve s\u0131f\u0131r at\u0131k konusunda hayata ge\u00e7irilen uygulamalar da rapora yans\u0131d\u0131.\u00a0\u00a0 Ege \u00dcniversitenin s\u0131f\u0131r at\u0131k, ye\u015fil kamp\u00fcs ve \u00e7evrecilik alanlar\u0131nda ald\u0131\u011f\u0131 \u00f6d\u00fcl say\u0131s\u0131n\u0131n 2\u2019den 10\u2019a \u00e7\u0131karken, \u00fcniversitenin ye\u015fil, \u00e7evreci \u00fcniversite endeksindeki s\u0131ralamas\u0131nda ise 29 basamak y\u00fckseldi.<\/p>\n<p style=\"text-align: justify;\">Ege \u00dcniversitesi, faaliyet g\u00f6sterdi\u011fi t\u00fcm alanlarda etkin y\u00f6netim anlay\u0131\u015f\u0131 ve yenilik\u00e7i tutumu ile hedeflerini b\u00fcy\u00fcterek ad\u0131m ad\u0131m y\u00fcr\u00fcmeye devam ediyor.<\/p>\n","protected":false},"excerpt":{"rendered":"<p>E\u00dc&#8217;n\u00fcn ba\u015far\u0131 karnesi: 5 ana kategorinin tamam\u0131nda b\u00fcy\u00fck art\u0131\u015f ya\u015fad\u0131 Y\u00fcksek\u00f6\u011fretim Kurulu (Y\u00d6K) taraf\u0131ndan \u00fcniversitelerin&#8230;<\/p>\n","protected":false},"author":2,"featured_media":1670,"comment_status":"open","ping_status":"open","sticky":false,"template":"","format":"standard","meta":{"footnotes":""},"categories":[1],"tags":[],"class_list":["post-1666","post","type-post","status-publish","format-standard","has-post-thumbnail","hentry","category-gncl"],"featured_image_urls":{"full":["https:\/\/www.euegeajans.com\/wp-content\/uploads\/2021\/01\/REKTOR-BUDAK-MAKAM-FOTO-20.jpg",1494,989,false],"thumbnail":["https:\/\/www.euegeajans.com\/wp-content\/uploads\/2021\/01\/REKTOR-BUDAK-MAKAM-FOTO-20-150x150.jpg",150,150,true],"medium":["https:\/\/www.euegeajans.com\/wp-content\/uploads\/2021\/01\/REKTOR-BUDAK-MAKAM-FOTO-20-300x199.jpg",300,199,true],"medium_large":["https:\/\/www.euegeajans.com\/wp-content\/uploads\/2021\/01\/REKTOR-BUDAK-MAKAM-FOTO-20-768x508.jpg",640,423,true],"large":["https:\/\/www.euegeajans.com\/wp-content\/uploads\/2021\/01\/REKTOR-BUDAK-MAKAM-FOTO-20-1024x678.jpg",640,424,true],"1536x1536":["https:\/\/www.euegeajans.com\/wp-content\/uploads\/2021\/01\/REKTOR-BUDAK-MAKAM-FOTO-20.jpg",1494,989,false],"2048x2048":["https:\/\/www.euegeajans.com\/wp-content\/uploads\/2021\/01\/REKTOR-BUDAK-MAKAM-FOTO-20.jpg",1494,989,false],"newsphere-slider-full":["https:\/\/www.euegeajans.com\/wp-content\/uploads\/2021\/01\/REKTOR-BUDAK-MAKAM-FOTO-20-1280x720.jpg",1280,720,true],"newsphere-featured":["https:\/\/www.euegeajans.com\/wp-content\/uploads\/2021\/01\/REKTOR-BUDAK-MAKAM-FOTO-20-1024x678.jpg",1024,678,true],"newsphere-medium":["https:\/\/www.euegeajans.com\/wp-content\/uploads\/2021\/01\/REKTOR-BUDAK-MAKAM-FOTO-20-720x380.jpg",720,380,true]},"author_info":{"display_name":"Editor","author_link":"https:\/\/www.euegeajans.com\/index.php\/author\/editor\/"},"category_info":"<a href=\"https:\/\/www.euegeajans.com\/index.php\/category\/gncl\/\" rel=\"category tag\">G\u00fcncel<\/a>","tag_info":"G\u00fcncel","comment_count":"0","_links":{"self":[{"href":"https:\/\/www.euegeajans.com\/index.php\/wp-json\/wp\/v2\/posts\/1666","targetHints":{"allow":["GET"]}}],"collection":[{"href":"https:\/\/www.euegeajans.com\/index.php\/wp-json\/wp\/v2\/posts"}],"about":[{"href":"https:\/\/www.euegeajans.com\/index.php\/wp-json\/wp\/v2\/types\/post"}],"author":[{"embeddable":true,"href":"https:\/\/www.euegeajans.com\/index.php\/wp-json\/wp\/v2\/users\/2"}],"replies":[{"embeddable":true,"href":"https:\/\/www.euegeajans.com\/index.php\/wp-json\/wp\/v2\/comments?post=1666"}],"version-history":[{"count":2,"href":"https:\/\/www.euegeajans.com\/index.php\/wp-json\/wp\/v2\/posts\/1666\/revisions"}],"predecessor-version":[{"id":2515,"href":"https:\/\/www.euegeajans.com\/index.php\/wp-json\/wp\/v2\/posts\/1666\/revisions\/2515"}],"wp:featuredmedia":[{"embeddable":true,"href":"https:\/\/www.euegeajans.com\/index.php\/wp-json\/wp\/v2\/media\/1670"}],"wp:attachment":[{"href":"https:\/\/www.euegeajans.com\/index.php\/wp-json\/wp\/v2\/media?parent=1666"}],"wp:term":[{"taxonomy":"category","embeddable":true,"href":"https:\/\/www.euegeajans.com\/index.php\/wp-json\/wp\/v2\/categories?post=1666"},{"taxonomy":"post_tag","embeddable":true,"href":"https:\/\/www.euegeajans.com\/index.php\/wp-json\/wp\/v2\/tags?post=1666"}],"curies":[{"name":"wp","href":"https:\/\/api.w.org\/{rel}","templated":true}]}}