{"id":16589,"date":"2023-09-13T06:38:52","date_gmt":"2023-09-13T06:38:52","guid":{"rendered":"https:\/\/www.euegeajans.com\/?p=16589"},"modified":"2023-09-13T06:38:53","modified_gmt":"2023-09-13T06:38:53","slug":"egeli-akademisyenlerden-koruyucu-giysilerde-termal-bozunmaya-yonelik-proje","status":"publish","type":"post","link":"https:\/\/www.euegeajans.com\/index.php\/2023\/09\/13\/egeli-akademisyenlerden-koruyucu-giysilerde-termal-bozunmaya-yonelik-proje\/","title":{"rendered":"Egeli akademisyenlerden koruyucu giysilerde termal bozunmaya y\u00f6nelik proje"},"content":{"rendered":"<p style=\"text-align: justify;\">Ege \u00dcniversitesi Emel Ak\u0131n Meslek Y\u00fcksekokulu \u00f6\u011fretim \u00fcyesi Do\u00e7. Dr. G\u00fcl\u015fah Pamuk\u2019un y\u00fcr\u00fct\u00fcc\u00fcl\u00fc\u011f\u00fcn\u00fc \u00fcstlendi\u011fi \u201cG\u00fc\u00e7 Tutu\u015fur Kuma\u015flar\u0131n Termal Davran\u0131\u015flar\u0131n\u0131n Ara\u015ft\u0131r\u0131lmas\u0131\u201d projesi, T\u00dcB\u0130TAK 1002 B Program\u0131 kapsam\u0131nda desteklenmeye uygun bulundu.<\/p>\n<p style=\"text-align: justify;\">Proje ekibini makam\u0131nda a\u011f\u0131rlayarak tebrik eden Ege \u00dcniversitesi Rekt\u00f6r\u00fc Prof. Dr. Necdet Budak, \u201cDo\u00e7. Dr. G\u00fcl\u015fah Pamuk hocam\u0131z ve ekibini\u00a0ekstrem ko\u015fullar alt\u0131nda kullan\u0131lan koruyucu giysilere kar\u015f\u0131 geli\u015ftirdikleri projeden dolay\u0131 tebrik ediyor, \u00e7al\u0131\u015fmalar\u0131nda ba\u015far\u0131lar diliyorum\u201d dedi.<\/p>\n<p style=\"text-align: justify;\">Proje hakk\u0131nda bilgi veren Do\u00e7. Dr. G\u00fcl\u015fah Pamuk, \u201cTeknik tekstillerin bir grubu olan koruyucu tekstiller, ki\u015finin zararl\u0131 maddelere, k\u00f6t\u00fc \u00e7evre ko\u015fullar\u0131na maruz kalma riskini \u00f6nlemek ve bu riskten korunmas\u0131n\u0131 sa\u011flamak ve bu riski azaltmak i\u00e7in kullan\u0131lan tekstil \u00fcr\u00fcnleridir. B\u00f6ceklerden, \u0131s\u0131 ve yang\u0131ndan, s\u0131v\u0131lardan, biyolojik mikroorganizmalardan, radyasyondan ve UV \u0131\u015f\u0131nlar\u0131ndan, elektromanyetik dalgalardan, hatta balistik darbeler ve daha bir\u00e7ok zararl\u0131 d\u0131\u015f etmenlerden koruma ama\u00e7l\u0131 geli\u015ftirilmi\u015f koruyucu giysiler bulunuyor. Koruyucu giysilerde en \u00f6nemli husus insan hayat\u0131n\u0131n korunmas\u0131d\u0131r. Koruyucu tekstiller grubunda yer alan, y\u00fcksek \u0131s\u0131 ve alevden koruyucu giysilere verilebilecek en iyi \u00f6rneklerden bir tanesi olan itfaiyeci giysileri, yang\u0131nla m\u00fccadele s\u0131ras\u0131nda itfaiyeciler i\u00e7in tek koruma kayna\u011f\u0131d\u0131r\u201d dedi.<\/p>\n<p style=\"text-align: justify;\"><b>Objektif de\u011ferlendirme metotlar\u0131 ile analiz edilecek<\/b><\/p>\n<p style=\"text-align: justify;\">Koruyucu giysilerin zamanla koruma performanslar\u0131nda g\u00f6zlenen d\u00fc\u015f\u00fc\u015ften dolay\u0131 b\u00f6yle bir projeyi haz\u0131rlad\u0131klar\u0131n\u0131 ifade eden Do\u00e7. Dr. Pamuk, \u201cY\u00fcksek \u0131s\u0131 ve alevden koruyucu giysiler \u00e7ok ekstrem ko\u015fullar alt\u0131nda kullan\u0131ld\u0131klar\u0131ndan, koruma performanslar\u0131nda zamanla d\u00fc\u015f\u00fc\u015f oluyor. Yap\u0131lan \u00e7al\u0131\u015fmalar bu giysilerin yap\u0131s\u0131n\u0131 olu\u015fturan kuma\u015flardaki termal bozunman\u0131n, malzemelerde g\u00f6zle g\u00f6r\u00fcl\u00fcr bir de\u011fi\u015fiklik ortaya \u00e7\u0131kmadan \u00f6nce ba\u015flad\u0131\u011f\u0131n\u0131, bu durumun asl\u0131nda giysinin koruyucu \u00f6zelliklerini \u00f6nemli \u00f6l\u00e7\u00fcde etkiledi\u011fini ve dolay\u0131s\u0131yla kullan\u0131c\u0131 i\u00e7in b\u00fcy\u00fck bir potansiyel tehlike olu\u015fturdu\u011funu g\u00f6stermi\u015ftir. Biz de projemizde, bu giysilerde kullan\u0131lan kuma\u015f yap\u0131lar\u0131ndaki termal bozunman\u0131n yenilik\u00e7i objektif de\u011ferlendirme metotlar\u0131 ile analiz edilmesini, y\u00fcksek s\u0131cakl\u0131kta tekrarl\u0131 kullan\u0131m sonucu kuma\u015flar\u0131n g\u00f6sterdi\u011fi davran\u0131\u015f\u0131n incelenmesini ama\u00e7lad\u0131k\u201d diye konu\u015ftu.<\/p>\n<p style=\"text-align: justify;\">Y\u00fcr\u00fct\u00fcc\u00fcl\u00fc\u011f\u00fcn\u00fc Do\u00e7. Dr. Pamuk\u2019un \u00fcstlendi\u011fi projede, Emel Ak\u0131n Meslek Y\u00fcksekokulu Dr. \u00d6\u011fretim \u00dcyesi Esra Zeynep Y\u0131ld\u0131z ve Dr. \u00d6\u011fretim \u00dcyesi Berna Encan yer al\u0131yor.<\/p>\n","protected":false},"excerpt":{"rendered":"<p>Ege \u00dcniversitesi Emel Ak\u0131n Meslek Y\u00fcksekokulu \u00f6\u011fretim \u00fcyesi Do\u00e7. Dr. G\u00fcl\u015fah Pamuk\u2019un y\u00fcr\u00fct\u00fcc\u00fcl\u00fc\u011f\u00fcn\u00fc \u00fcstlendi\u011fi \u201cG\u00fc\u00e7&#8230;<\/p>\n","protected":false},"author":2,"featured_media":16590,"comment_status":"open","ping_status":"open","sticky":false,"template":"","format":"standard","meta":{"footnotes":""},"categories":[69,99,1,70],"tags":[],"class_list":["post-16589","post","type-post","status-publish","format-standard","has-post-thumbnail","hentry","category-bilim","category-egitim","category-gncl","category-kampus"],"featured_image_urls":{"full":["https:\/\/www.euegeajans.com\/wp-content\/uploads\/2023\/09\/Dr.Ogr_.Uyesi_.EsraZeynepYildiz_Prof.-Dr.Necdet-Budak_Doc.-Dr.-Gulsah-Pamuk-_-scaled.jpg",2560,1707,false],"thumbnail":["https:\/\/www.euegeajans.com\/wp-content\/uploads\/2023\/09\/Dr.Ogr_.Uyesi_.EsraZeynepYildiz_Prof.-Dr.Necdet-Budak_Doc.-Dr.-Gulsah-Pamuk-_-150x150.jpg",150,150,true],"medium":["https:\/\/www.euegeajans.com\/wp-content\/uploads\/2023\/09\/Dr.Ogr_.Uyesi_.EsraZeynepYildiz_Prof.-Dr.Necdet-Budak_Doc.-Dr.-Gulsah-Pamuk-_-300x200.jpg",300,200,true],"medium_large":["https:\/\/www.euegeajans.com\/wp-content\/uploads\/2023\/09\/Dr.Ogr_.Uyesi_.EsraZeynepYildiz_Prof.-Dr.Necdet-Budak_Doc.-Dr.-Gulsah-Pamuk-_-768x512.jpg",640,427,true],"large":["https:\/\/www.euegeajans.com\/wp-content\/uploads\/2023\/09\/Dr.Ogr_.Uyesi_.EsraZeynepYildiz_Prof.-Dr.Necdet-Budak_Doc.-Dr.-Gulsah-Pamuk-_-1024x683.jpg",640,427,true],"1536x1536":["https:\/\/www.euegeajans.com\/wp-content\/uploads\/2023\/09\/Dr.Ogr_.Uyesi_.EsraZeynepYildiz_Prof.-Dr.Necdet-Budak_Doc.-Dr.-Gulsah-Pamuk-_-1536x1024.jpg",1536,1024,true],"2048x2048":["https:\/\/www.euegeajans.com\/wp-content\/uploads\/2023\/09\/Dr.Ogr_.Uyesi_.EsraZeynepYildiz_Prof.-Dr.Necdet-Budak_Doc.-Dr.-Gulsah-Pamuk-_-2048x1365.jpg",2048,1365,true],"newsphere-slider-full":["https:\/\/www.euegeajans.com\/wp-content\/uploads\/2023\/09\/Dr.Ogr_.Uyesi_.EsraZeynepYildiz_Prof.-Dr.Necdet-Budak_Doc.-Dr.-Gulsah-Pamuk-_-1280x720.jpg",1280,720,true],"newsphere-featured":["https:\/\/www.euegeajans.com\/wp-content\/uploads\/2023\/09\/Dr.Ogr_.Uyesi_.EsraZeynepYildiz_Prof.-Dr.Necdet-Budak_Doc.-Dr.-Gulsah-Pamuk-_-1024x683.jpg",1024,683,true],"newsphere-medium":["https:\/\/www.euegeajans.com\/wp-content\/uploads\/2023\/09\/Dr.Ogr_.Uyesi_.EsraZeynepYildiz_Prof.-Dr.Necdet-Budak_Doc.-Dr.-Gulsah-Pamuk-_-720x380.jpg",720,380,true]},"author_info":{"display_name":"Editor","author_link":"https:\/\/www.euegeajans.com\/index.php\/author\/editor\/"},"category_info":"<a href=\"https:\/\/www.euegeajans.com\/index.php\/category\/bilim\/\" rel=\"category tag\">Bilim<\/a> <a href=\"https:\/\/www.euegeajans.com\/index.php\/category\/egitim\/\" rel=\"category tag\">E\u011fitim<\/a> <a href=\"https:\/\/www.euegeajans.com\/index.php\/category\/gncl\/\" rel=\"category tag\">G\u00fcncel<\/a> <a href=\"https:\/\/www.euegeajans.com\/index.php\/category\/kampus\/\" rel=\"category tag\">Kamp\u00fcs<\/a>","tag_info":"Kamp\u00fcs","comment_count":"0","_links":{"self":[{"href":"https:\/\/www.euegeajans.com\/index.php\/wp-json\/wp\/v2\/posts\/16589","targetHints":{"allow":["GET"]}}],"collection":[{"href":"https:\/\/www.euegeajans.com\/index.php\/wp-json\/wp\/v2\/posts"}],"about":[{"href":"https:\/\/www.euegeajans.com\/index.php\/wp-json\/wp\/v2\/types\/post"}],"author":[{"embeddable":true,"href":"https:\/\/www.euegeajans.com\/index.php\/wp-json\/wp\/v2\/users\/2"}],"replies":[{"embeddable":true,"href":"https:\/\/www.euegeajans.com\/index.php\/wp-json\/wp\/v2\/comments?post=16589"}],"version-history":[{"count":1,"href":"https:\/\/www.euegeajans.com\/index.php\/wp-json\/wp\/v2\/posts\/16589\/revisions"}],"predecessor-version":[{"id":16591,"href":"https:\/\/www.euegeajans.com\/index.php\/wp-json\/wp\/v2\/posts\/16589\/revisions\/16591"}],"wp:featuredmedia":[{"embeddable":true,"href":"https:\/\/www.euegeajans.com\/index.php\/wp-json\/wp\/v2\/media\/16590"}],"wp:attachment":[{"href":"https:\/\/www.euegeajans.com\/index.php\/wp-json\/wp\/v2\/media?parent=16589"}],"wp:term":[{"taxonomy":"category","embeddable":true,"href":"https:\/\/www.euegeajans.com\/index.php\/wp-json\/wp\/v2\/categories?post=16589"},{"taxonomy":"post_tag","embeddable":true,"href":"https:\/\/www.euegeajans.com\/index.php\/wp-json\/wp\/v2\/tags?post=16589"}],"curies":[{"name":"wp","href":"https:\/\/api.w.org\/{rel}","templated":true}]}}