{"id":1645,"date":"2018-03-08T10:07:00","date_gmt":"2018-03-08T10:07:00","guid":{"rendered":"http:\/\/www.euegeajans.com\/?p=1645"},"modified":"2021-01-04T10:09:08","modified_gmt":"2021-01-04T10:09:08","slug":"kadinin-onundeki-engeli-kadinlar-kaldirmali","status":"publish","type":"post","link":"https:\/\/www.euegeajans.com\/index.php\/2018\/03\/08\/kadinin-onundeki-engeli-kadinlar-kaldirmali\/","title":{"rendered":"\u201cKad\u0131n\u0131n \u00f6n\u00fcndeki engeli kad\u0131nlar kald\u0131rmal\u0131\u201d"},"content":{"rendered":"<p>Furkan \u0130\u00e7en \u2013 Seray A\u00e7ar<\/p>\n<p><strong>\u0130ZM\u0130R(Ege Ajans)<\/strong>\u00a0\u2013 Ege \u00dcniversitesi Prof. Dr. Yusuf Vardar M\u00d6TBE K\u00fclt\u00fcr Merkezi\u2019nde 8 Mart D\u00fcnya Kad\u0131nlar G\u00fcn\u00fc etkinlikleri kapsam\u0131nda \u201cDemir \u00c7eneli Kad\u0131nlar\u201d film g\u00f6sterimi ve s\u00f6yle\u015fisi ger\u00e7ekle\u015ftirildi.<\/p>\n<p>Ege \u00dcniversitesi Atat\u00fcrk \u0130lke ve \u0130nk\u0131laplar\u0131 Tarihi B\u00f6l\u00fcm\u00fc \u00d6\u011fretim G\u00f6revlisi Dr. \u015eule Sevin\u00e7 Ki\u015fi\u2019nin moderat\u00f6rl\u00fc\u011f\u00fcn\u00fc yapt\u0131\u011f\u0131 s\u00f6yle\u015fiye akademisyenler ve \u00f6\u011frenciler kat\u0131ld\u0131.<\/p>\n<p>Akl\u0131m\u0131za gelebilecek her \u015feyin kad\u0131n unsuruyla a\u00e7\u0131klanabilece\u011fine de\u011finen Dr. \u015eule Sevin\u00e7 Ki\u015fi, \u201cKad\u0131n\u0131n \u00f6n\u00fcndeki engeli kad\u0131nlar kald\u0131rmal\u0131d\u0131r\u201d diye konu\u015ftu.<\/p>\n<p>Emek\u00e7i Kad\u0131nlar G\u00fcn\u00fc\u2019n\u00fcn tarih\u00e7esini anlatan Dr. Ki\u015fi, kad\u0131n\u0131n di\u011fer haklar\u0131n\u0131n yan\u0131nda siyasi haklar\u0131n\u0131 d\u00fcnyadan ve T\u00fcrkiye\u2019den \u00f6rneklerle anlatt\u0131. Atat\u00fcrk\u2019\u00fcn, kad\u0131n erkek e\u015fitli\u011fini de vurgulayan Ki\u015fi, \u201cKad\u0131n\u0131n en b\u00fcy\u00fck vazifesi anal\u0131kt\u0131r\u201d dedi. Etkinli\u011fin devam\u0131nda kat\u0131l\u0131mc\u0131lara \u201cDemir \u00c7eneli Kad\u0131nlar\u201d filmi izletildi.<\/p>\n","protected":false},"excerpt":{"rendered":"<p>Furkan \u0130\u00e7en \u2013 Seray A\u00e7ar \u0130ZM\u0130R(Ege Ajans)\u00a0\u2013 Ege \u00dcniversitesi Prof. Dr. Yusuf Vardar M\u00d6TBE K\u00fclt\u00fcr&#8230;<\/p>\n","protected":false},"author":2,"featured_media":1646,"comment_status":"open","ping_status":"open","sticky":false,"template":"","format":"standard","meta":{"footnotes":""},"categories":[11,70],"tags":[66,12,18,67,46,104,22,402],"class_list":["post-1645","post","type-post","status-publish","format-standard","has-post-thumbnail","hentry","category-haber","category-kampus","tag-ege-ajans","tag-ege-universitesi","tag-ege-university","tag-egeajans","tag-egemm","tag-kalem-gazetesi","tag-necdet-budak","tag-sule-sevinc-kisi"],"featured_image_urls":{"full":["https:\/\/www.euegeajans.com\/wp-content\/uploads\/2021\/01\/Dr.-Sule-Sevinc-KISI-2-scaled.jpg",2560,1702,false],"thumbnail":["https:\/\/www.euegeajans.com\/wp-content\/uploads\/2021\/01\/Dr.-Sule-Sevinc-KISI-2-150x150.jpg",150,150,true],"medium":["https:\/\/www.euegeajans.com\/wp-content\/uploads\/2021\/01\/Dr.-Sule-Sevinc-KISI-2-300x199.jpg",300,199,true],"medium_large":["https:\/\/www.euegeajans.com\/wp-content\/uploads\/2021\/01\/Dr.-Sule-Sevinc-KISI-2-768x511.jpg",640,426,true],"large":["https:\/\/www.euegeajans.com\/wp-content\/uploads\/2021\/01\/Dr.-Sule-Sevinc-KISI-2-1024x681.jpg",640,426,true],"1536x1536":["https:\/\/www.euegeajans.com\/wp-content\/uploads\/2021\/01\/Dr.-Sule-Sevinc-KISI-2-1536x1021.jpg",1536,1021,true],"2048x2048":["https:\/\/www.euegeajans.com\/wp-content\/uploads\/2021\/01\/Dr.-Sule-Sevinc-KISI-2-2048x1362.jpg",2048,1362,true],"newsphere-slider-full":["https:\/\/www.euegeajans.com\/wp-content\/uploads\/2021\/01\/Dr.-Sule-Sevinc-KISI-2-1280x720.jpg",1280,720,true],"newsphere-featured":["https:\/\/www.euegeajans.com\/wp-content\/uploads\/2021\/01\/Dr.-Sule-Sevinc-KISI-2-1024x681.jpg",1024,681,true],"newsphere-medium":["https:\/\/www.euegeajans.com\/wp-content\/uploads\/2021\/01\/Dr.-Sule-Sevinc-KISI-2-720x380.jpg",720,380,true]},"author_info":{"display_name":"Editor","author_link":"https:\/\/www.euegeajans.com\/index.php\/author\/editor\/"},"category_info":"<a href=\"https:\/\/www.euegeajans.com\/index.php\/category\/haber\/\" rel=\"category tag\">Haber<\/a> <a href=\"https:\/\/www.euegeajans.com\/index.php\/category\/kampus\/\" rel=\"category tag\">Kamp\u00fcs<\/a>","tag_info":"Kamp\u00fcs","comment_count":"0","_links":{"self":[{"href":"https:\/\/www.euegeajans.com\/index.php\/wp-json\/wp\/v2\/posts\/1645","targetHints":{"allow":["GET"]}}],"collection":[{"href":"https:\/\/www.euegeajans.com\/index.php\/wp-json\/wp\/v2\/posts"}],"about":[{"href":"https:\/\/www.euegeajans.com\/index.php\/wp-json\/wp\/v2\/types\/post"}],"author":[{"embeddable":true,"href":"https:\/\/www.euegeajans.com\/index.php\/wp-json\/wp\/v2\/users\/2"}],"replies":[{"embeddable":true,"href":"https:\/\/www.euegeajans.com\/index.php\/wp-json\/wp\/v2\/comments?post=1645"}],"version-history":[{"count":1,"href":"https:\/\/www.euegeajans.com\/index.php\/wp-json\/wp\/v2\/posts\/1645\/revisions"}],"predecessor-version":[{"id":1647,"href":"https:\/\/www.euegeajans.com\/index.php\/wp-json\/wp\/v2\/posts\/1645\/revisions\/1647"}],"wp:featuredmedia":[{"embeddable":true,"href":"https:\/\/www.euegeajans.com\/index.php\/wp-json\/wp\/v2\/media\/1646"}],"wp:attachment":[{"href":"https:\/\/www.euegeajans.com\/index.php\/wp-json\/wp\/v2\/media?parent=1645"}],"wp:term":[{"taxonomy":"category","embeddable":true,"href":"https:\/\/www.euegeajans.com\/index.php\/wp-json\/wp\/v2\/categories?post=1645"},{"taxonomy":"post_tag","embeddable":true,"href":"https:\/\/www.euegeajans.com\/index.php\/wp-json\/wp\/v2\/tags?post=1645"}],"curies":[{"name":"wp","href":"https:\/\/api.w.org\/{rel}","templated":true}]}}