{"id":1639,"date":"2018-03-08T09:48:00","date_gmt":"2018-03-08T09:48:00","guid":{"rendered":"http:\/\/www.euegeajans.com\/?p=1639"},"modified":"2021-01-04T09:57:05","modified_gmt":"2021-01-04T09:57:05","slug":"egeli-genc-muhendisler-sektor-temsilcileriyle-bulustu","status":"publish","type":"post","link":"https:\/\/www.euegeajans.com\/index.php\/2018\/03\/08\/egeli-genc-muhendisler-sektor-temsilcileriyle-bulustu\/","title":{"rendered":"Egeli gen\u00e7 m\u00fchendisler sekt\u00f6r temsilcileriyle bulu\u015ftu"},"content":{"rendered":"<p style=\"text-align: justify\"><img loading=\"lazy\" decoding=\"async\" class=\"size-medium wp-image-602\" src=\"https:\/\/egeajans.ege.edu.tr\/wp-content\/uploads\/2018\/03\/DXqusdEXUAAru8g-300x200.jpg\" alt=\"\" width=\"300\" height=\"200\" \/>Furkan \u0130\u00e7en \u2013 Yasemin \u015eahin<\/p>\n<p style=\"text-align: justify\"><strong>\u0130ZM\u0130R(Ege Ajans)<\/strong>\u00a0\u2013\u00a0Ege \u00dcniversitesi\u00a0M\u00fchendislik Fak\u00fcltesi Makine M\u00fchendisli\u011fi B\u00f6l\u00fcm\u00fc\u2019nde \u201cMakine M\u00fchendisli\u011fi B\u00f6l\u00fcm G\u00fcnleri\u201d ger\u00e7ekle\u015ftirildi.<\/p>\n<p style=\"text-align: justify\">Ege \u00dcniversitesi Makina M\u00fchendisli\u011fi B\u00f6l\u00fcm\u00fc\u2019nde ger\u00e7ekle\u015ftirilen etkinli\u011fe Ege \u00dcniversitesi Rekt\u00f6r\u00fc Prof. Dr. Necdet Budak, M\u00fchendislik Fak\u00fcltesi\u00a0Dekan Vekili\u00a0 Prof. Dr. S\u00fcheyda Atalay,\u00a0Makine M\u00fchendisli\u011fi B\u00f6l\u00fcm\u00fc\u00a0Ba\u015fkan\u0131 Prof. Dr. Aydo\u011fan \u00d6zdamar,\u00a0Makine M\u00fchendisleri Odas\u0131 \u0130zmir \u015eube Ba\u015fkan\u0131 Y\u00fcksel Ya\u015far Tekin,\u00a0Mezun \u0130li\u015fkileri Komisyonu Ba\u015fkan\u0131 Yrd. Do\u00e7. Dr. Se\u00e7kin Erdem, akademisyenler, mezunlar ve \u00f6\u011frenciler kat\u0131ld\u0131.<\/p>\n<p style=\"text-align: justify\">Etkinli\u011fin a\u00e7\u0131l\u0131\u015f\u0131nda konu\u015fan Ege \u00dcniversitesi Rekt\u00f6r\u00fc Prof. Dr. Necdet Budak, \u201cM\u00fchendislik Fak\u00fcltemiz, ekonominin gereksinim duydu\u011fu m\u00fchendisleri, gerekli teorik ve pratik bilgilerle\u00a0<img loading=\"lazy\" decoding=\"async\" class=\"size-medium wp-image-605 alignleft\" src=\"https:\/\/egeajans.ege.edu.tr\/wp-content\/uploads\/2018\/03\/Ceren-G%C3%B6rg%C3%BCner-%C3%96yk%C3%BC-%C5%9Eim%C5%9Fek-Arzu-G%C3%BCver-G%C3%B6zde-Kenar-300x225.jpg\" alt=\"\" width=\"300\" height=\"225\" \/>donatarak yeti\u015ftirmektedir. Fak\u00fcltemizde yeni teknolojilerin end\u00fcstriye uygulanmas\u0131na ve temel m\u00fchendislik bilimlerinin geli\u015ftirilmesine y\u00f6nelik \u00f6nemli ara\u015ft\u0131rmalar yap\u0131lmaktad\u0131r. Makine M\u00fchendisli\u011fi B\u00f6l\u00fcm\u00fcm\u00fcz m\u00fchendis \u00fcreten bir fabrika. Bu sene 21\u2019inci d\u00f6nem mezunlar\u0131n\u0131 sekt\u00f6re u\u011furlayacak. B\u00f6l\u00fcm\u00fcm\u00fcz\u00fcn \u015fu ana kadar mezun etti\u011fi, sekt\u00f6re u\u011furlad\u0131\u011f\u0131, m\u00fchendis, y\u00fcksek m\u00fchendis ve doktor m\u00fchendis say\u0131s\u0131 binin \u00fczerinde bulunuyor\u201d dedi.<\/p>\n<p style=\"text-align: justify\">Ege \u00dcniversitesi Makine M\u00fchendisli\u011fi B\u00f6l\u00fcm\u00fcnden mezun olan m\u00fchendisler, sekt\u00f6rdeki geli\u015fmeleri ve Ar-Ge faaliyetleri hakk\u0131nda sunumlar yapt\u0131. Firma yetkilileri, \u00f6\u011frencilere, i\u015f, staj g\u00f6r\u00fc\u015fmeleri hakk\u0131nda bilgi verdi.<\/p>\n\n\n<p class=\"wp-block-paragraph\"><\/p>\n","protected":false},"excerpt":{"rendered":"<p>Furkan \u0130\u00e7en \u2013 Yasemin \u015eahin \u0130ZM\u0130R(Ege Ajans)\u00a0\u2013\u00a0Ege \u00dcniversitesi\u00a0M\u00fchendislik Fak\u00fcltesi Makine M\u00fchendisli\u011fi B\u00f6l\u00fcm\u00fc\u2019nde \u201cMakine M\u00fchendisli\u011fi B\u00f6l\u00fcm G\u00fcnleri\u201d ger\u00e7ekle\u015ftirildi. Ege \u00dcniversitesi Makina M\u00fchendisli\u011fi B\u00f6l\u00fcm\u00fc\u2019nde ger\u00e7ekle\u015ftirilen etkinli\u011fe Ege \u00dcniversitesi Rekt\u00f6r\u00fc Prof. Dr. Necdet&hellip;<\/p>\n","protected":false},"author":2,"featured_media":1640,"comment_status":"open","ping_status":"open","sticky":false,"template":"","format":"standard","meta":{"footnotes":""},"categories":[11,70],"tags":[396,66,12,18,67,46,104,22,395],"class_list":["post-1639","post","type-post","status-publish","format-standard","has-post-thumbnail","hentry","category-haber","category-kampus","tag-aydogan-ozdamar","tag-ege-ajans","tag-ege-universitesi","tag-ege-university","tag-egeajans","tag-egemm","tag-kalem-gazetesi","tag-necdet-budak","tag-suheyda-atalay"],"_links":{"self":[{"href":"https:\/\/www.euegeajans.com\/index.php\/wp-json\/wp\/v2\/posts\/1639","targetHints":{"allow":["GET"]}}],"collection":[{"href":"https:\/\/www.euegeajans.com\/index.php\/wp-json\/wp\/v2\/posts"}],"about":[{"href":"https:\/\/www.euegeajans.com\/index.php\/wp-json\/wp\/v2\/types\/post"}],"author":[{"embeddable":true,"href":"https:\/\/www.euegeajans.com\/index.php\/wp-json\/wp\/v2\/users\/2"}],"replies":[{"embeddable":true,"href":"https:\/\/www.euegeajans.com\/index.php\/wp-json\/wp\/v2\/comments?post=1639"}],"version-history":[{"count":1,"href":"https:\/\/www.euegeajans.com\/index.php\/wp-json\/wp\/v2\/posts\/1639\/revisions"}],"predecessor-version":[{"id":1641,"href":"https:\/\/www.euegeajans.com\/index.php\/wp-json\/wp\/v2\/posts\/1639\/revisions\/1641"}],"wp:featuredmedia":[{"embeddable":true,"href":"https:\/\/www.euegeajans.com\/index.php\/wp-json\/wp\/v2\/media\/1640"}],"wp:attachment":[{"href":"https:\/\/www.euegeajans.com\/index.php\/wp-json\/wp\/v2\/media?parent=1639"}],"wp:term":[{"taxonomy":"category","embeddable":true,"href":"https:\/\/www.euegeajans.com\/index.php\/wp-json\/wp\/v2\/categories?post=1639"},{"taxonomy":"post_tag","embeddable":true,"href":"https:\/\/www.euegeajans.com\/index.php\/wp-json\/wp\/v2\/tags?post=1639"}],"curies":[{"name":"wp","href":"https:\/\/api.w.org\/{rel}","templated":true}]}}