{"id":1623,"date":"2018-03-06T09:31:00","date_gmt":"2018-03-06T09:31:00","guid":{"rendered":"http:\/\/www.euegeajans.com\/?p=1623"},"modified":"2021-01-04T09:32:13","modified_gmt":"2021-01-04T09:32:13","slug":"egede-asik-veysel-belgeseli-film-gosterimi","status":"publish","type":"post","link":"https:\/\/www.euegeajans.com\/index.php\/2018\/03\/06\/egede-asik-veysel-belgeseli-film-gosterimi\/","title":{"rendered":"Ege\u2019de A\u015f\u0131k Veysel Belgeseli Film G\u00f6sterimi"},"content":{"rendered":"<p><strong>\u201cSaz\u0131m Sen Kal\u2019\u2019<\/strong><\/p>\n<p>Dilara Ar\u0131san \u2013 Mert Ermi\u015f<\/p>\n<p><strong>\u0130ZM\u0130R(Ege Ajans)<\/strong>\u2013 Ege \u00dcniversitesi Prof. Dr. Yusuf Vardar M\u00d6TBE K\u00fclt\u00fcr Merkezinde \u201cSaz\u0131m Sen Kal\u2019\u2019 adl\u0131 belgesel film g\u00f6sterimi ger\u00e7ekle\u015ftirilecek.<\/p>\n<p>Ege \u00dcniversitesi \u0130leti\u015fim Fak\u00fcltesi Radyo Televizyon ve Sinema B\u00f6l\u00fcm Ba\u015fkan\u0131 Prof. Dr. Dilek Tak\u0131mc\u0131\u2019n\u0131n y\u00f6netmenli\u011fini yapt\u0131\u011f\u0131 belgesel filmi 21 Mart 2018 tarihinde saat 20.00\u2019de sanatseverlerle bulu\u015facak.<\/p>\n<p>A\u015f\u0131k Veysel\u2019in \u00f6l\u00fcm y\u0131ld\u00f6n\u00fcm\u00fc dolay\u0131s\u0131yla g\u00f6sterimi ger\u00e7ekle\u015ftirilecek olan film, gen\u00e7lere \u00a0A\u015f\u0131k Veysel\u2019i tan\u0131tmay\u0131, sevdirmeyi ama\u00e7l\u0131yor. Giri\u015fin \u00fccretsiz oldu\u011fu etkinli\u011fe yo\u011fun kat\u0131l\u0131m bekleniyor.<\/p>\n","protected":false},"excerpt":{"rendered":"<p>\u201cSaz\u0131m Sen Kal\u2019\u2019 Dilara Ar\u0131san \u2013 Mert Ermi\u015f \u0130ZM\u0130R(Ege Ajans)\u2013 Ege \u00dcniversitesi Prof. Dr. Yusuf Vardar M\u00d6TBE K\u00fclt\u00fcr Merkezinde \u201cSaz\u0131m Sen Kal\u2019\u2019 adl\u0131 belgesel film g\u00f6sterimi ger\u00e7ekle\u015ftirilecek. Ege \u00dcniversitesi \u0130leti\u015fim&hellip;<\/p>\n","protected":false},"author":2,"featured_media":0,"comment_status":"open","ping_status":"open","sticky":false,"template":"","format":"standard","meta":{"footnotes":""},"categories":[11,304,70],"tags":[66,12,18,67,46,104,22],"class_list":["post-1623","post","type-post","status-publish","format-standard","hentry","category-haber","category-iletisim","category-kampus","tag-ege-ajans","tag-ege-universitesi","tag-ege-university","tag-egeajans","tag-egemm","tag-kalem-gazetesi","tag-necdet-budak"],"_links":{"self":[{"href":"https:\/\/www.euegeajans.com\/index.php\/wp-json\/wp\/v2\/posts\/1623","targetHints":{"allow":["GET"]}}],"collection":[{"href":"https:\/\/www.euegeajans.com\/index.php\/wp-json\/wp\/v2\/posts"}],"about":[{"href":"https:\/\/www.euegeajans.com\/index.php\/wp-json\/wp\/v2\/types\/post"}],"author":[{"embeddable":true,"href":"https:\/\/www.euegeajans.com\/index.php\/wp-json\/wp\/v2\/users\/2"}],"replies":[{"embeddable":true,"href":"https:\/\/www.euegeajans.com\/index.php\/wp-json\/wp\/v2\/comments?post=1623"}],"version-history":[{"count":1,"href":"https:\/\/www.euegeajans.com\/index.php\/wp-json\/wp\/v2\/posts\/1623\/revisions"}],"predecessor-version":[{"id":1624,"href":"https:\/\/www.euegeajans.com\/index.php\/wp-json\/wp\/v2\/posts\/1623\/revisions\/1624"}],"wp:attachment":[{"href":"https:\/\/www.euegeajans.com\/index.php\/wp-json\/wp\/v2\/media?parent=1623"}],"wp:term":[{"taxonomy":"category","embeddable":true,"href":"https:\/\/www.euegeajans.com\/index.php\/wp-json\/wp\/v2\/categories?post=1623"},{"taxonomy":"post_tag","embeddable":true,"href":"https:\/\/www.euegeajans.com\/index.php\/wp-json\/wp\/v2\/tags?post=1623"}],"curies":[{"name":"wp","href":"https:\/\/api.w.org\/{rel}","templated":true}]}}