{"id":1621,"date":"2018-03-06T09:27:00","date_gmt":"2018-03-06T09:27:00","guid":{"rendered":"http:\/\/www.euegeajans.com\/?p=1621"},"modified":"2021-01-04T09:30:00","modified_gmt":"2021-01-04T09:30:00","slug":"prof-dr-budak-radyo-ege-kampusun-standini-ziyaret-etti","status":"publish","type":"post","link":"https:\/\/www.euegeajans.com\/index.php\/2018\/03\/06\/prof-dr-budak-radyo-ege-kampusun-standini-ziyaret-etti\/","title":{"rendered":"Prof. Dr. Budak, \u201cRadyo Ege Kamp\u00fcs\u201d\u00fcn stand\u0131n\u0131 ziyaret etti"},"content":{"rendered":"<p style=\"text-align: justify\"><strong>\u0130ZM\u0130R(Ege Ajans)-<\/strong>\u00a0Ege \u00dcniversitesi kamp\u00fcs\u00fcnde \u00f6\u011frencilerle i\u00e7 i\u00e7e olan Ege \u00dcniversitesi Rekt\u00f6r\u00fc Prof. Necdet Budak, \u00f6\u011frenci faaliyetlerine,\u00a0\u00a0 konserlere, sergilere, tan\u0131t\u0131m etkinliklerine \u00a0kat\u0131l\u0131yor. \u00a0Ege \u00dcniversitesi Rekt\u00f6r\u00fc Prof. Necdet Budak, \u201cRadyo Ege Kamp\u00fcs\u201d toplulu\u011funun stand\u0131n\u0131 ziyaret ederek, toplu\u011fun \u00e7al\u0131\u015fmalar\u0131 ile ilgili bilgi ald\u0131. \u00d6\u011frencilerle sohbet eden Prof. Dr. Necdet Budak\u2019a stant g\u00f6revlileri Radyo Ege Kamp\u00fcs\u201d\u00fcn\u00a0 tan\u0131t\u0131m simgesi olan bilekli\u011fi hediye etti. Rekt\u00f6r\u00a0 Prof. Dr. Budak, \u00f6\u011frencilere yapaca\u011f\u0131 hal\u0131 saha ma\u00e7\u0131nda bilekli\u011fi takma s\u00f6z\u00fc verdi.<\/p>\n<p style=\"text-align: justify\">Ege \u00dcniversitesi\u2019nde \u00f6\u011frencilerle s\u0131k s\u0131k bir araya gelen Prof. Dr. Necdet Budak, Ege \u00dcniversitesi Prof. Dr. Sermet Akg\u00fcn Olimpik Y\u00fczme Havuzu \u00f6n\u00fcnde kurulan \u00f6\u011frenci topluluklar\u0131n\u0131n stantlar\u0131n\u0131 gezdi. Prof. Dr. Budak,\u00a0 Esso Dans Toplulu\u011fu, M\u00fczikal Toplulu\u011fu, Amerikan Futbolu(Ege Dolphins) Toplulu\u011fu, Giri\u015fimcilik Toplulu\u011fu(Gateway) ve Radyo Ege Kamp\u00fcs\u00a0 stantlar\u0131nda g\u00f6rev yapan \u00f6\u011frencilerin isteklerini ve sorunlar\u0131n\u0131 dinledi.<\/p>\n<p style=\"text-align: justify\">Ege \u00dcniversitesi Medya Uygulama ve Ara\u015ft\u0131rma Merkezi (EGEMM) b\u00fcnyesinde 100.8 frekans\u0131ndan yay\u0131n yapan \u201cRadyo Ege Kamp\u00fcs\u201d \u00fcniversitenin aynas\u0131 oluyor.\u00a0 Ege \u00dcniversitesi \u0130leti\u015fim Fak\u00fcltesi \u00f6\u011frencileri \u00f6ncelikli olmak \u00fczere di\u011fer b\u00f6l\u00fcmlerden radyoya ilgi duyan \u00f6\u011frenciler radyoda program yapma olana\u011f\u0131 buluyor.\u00a0\u00a0 \u0130leti\u015fim Fak\u00fcltesi \u00f6\u011frencileri burada profesyonellik kazanarak geleceklerine yat\u0131r\u0131m yap\u0131yor.<\/p>\n<p style=\"text-align: justify\">Akt\u00fcel ve g\u00fcncel programlar\u0131yla e\u011fitim, sa\u011fl\u0131k, teknoloji, tarih, k\u00fclt\u00fcr, sanat gibi \u00e7e\u015fitli konulara, haber b\u00fcltenlerine, \u00fcniversitedeki bilim ve sanat etkinliklerine, T\u00fcrk ve d\u00fcnya m\u00fczi\u011finin se\u00e7kin \u00f6rneklerine yer veren Radyo Ege Kampus, yeni d\u00f6nemde dinleyenlerine Ege \u00dcniversitesi\u2019ni daha yak\u0131ndan tan\u0131ma f\u0131rsat\u0131 sunuyor.<\/p>\n","protected":false},"excerpt":{"rendered":"<p>\u0130ZM\u0130R(Ege Ajans)-\u00a0Ege \u00dcniversitesi kamp\u00fcs\u00fcnde \u00f6\u011frencilerle i\u00e7 i\u00e7e olan Ege \u00dcniversitesi Rekt\u00f6r\u00fc Prof. Necdet Budak, \u00f6\u011frenci faaliyetlerine,\u00a0\u00a0 konserlere, sergilere, tan\u0131t\u0131m etkinliklerine \u00a0kat\u0131l\u0131yor. \u00a0Ege \u00dcniversitesi Rekt\u00f6r\u00fc Prof. Necdet Budak, \u201cRadyo Ege Kamp\u00fcs\u201d&hellip;<\/p>\n","protected":false},"author":2,"featured_media":0,"comment_status":"open","ping_status":"open","sticky":false,"template":"","format":"standard","meta":{"footnotes":""},"categories":[11,304,70],"tags":[66,12,18,67,46,104,22],"class_list":["post-1621","post","type-post","status-publish","format-standard","hentry","category-haber","category-iletisim","category-kampus","tag-ege-ajans","tag-ege-universitesi","tag-ege-university","tag-egeajans","tag-egemm","tag-kalem-gazetesi","tag-necdet-budak"],"_links":{"self":[{"href":"https:\/\/www.euegeajans.com\/index.php\/wp-json\/wp\/v2\/posts\/1621","targetHints":{"allow":["GET"]}}],"collection":[{"href":"https:\/\/www.euegeajans.com\/index.php\/wp-json\/wp\/v2\/posts"}],"about":[{"href":"https:\/\/www.euegeajans.com\/index.php\/wp-json\/wp\/v2\/types\/post"}],"author":[{"embeddable":true,"href":"https:\/\/www.euegeajans.com\/index.php\/wp-json\/wp\/v2\/users\/2"}],"replies":[{"embeddable":true,"href":"https:\/\/www.euegeajans.com\/index.php\/wp-json\/wp\/v2\/comments?post=1621"}],"version-history":[{"count":1,"href":"https:\/\/www.euegeajans.com\/index.php\/wp-json\/wp\/v2\/posts\/1621\/revisions"}],"predecessor-version":[{"id":1622,"href":"https:\/\/www.euegeajans.com\/index.php\/wp-json\/wp\/v2\/posts\/1621\/revisions\/1622"}],"wp:attachment":[{"href":"https:\/\/www.euegeajans.com\/index.php\/wp-json\/wp\/v2\/media?parent=1621"}],"wp:term":[{"taxonomy":"category","embeddable":true,"href":"https:\/\/www.euegeajans.com\/index.php\/wp-json\/wp\/v2\/categories?post=1621"},{"taxonomy":"post_tag","embeddable":true,"href":"https:\/\/www.euegeajans.com\/index.php\/wp-json\/wp\/v2\/tags?post=1621"}],"curies":[{"name":"wp","href":"https:\/\/api.w.org\/{rel}","templated":true}]}}