{"id":15769,"date":"2023-07-20T04:33:00","date_gmt":"2023-07-20T04:33:00","guid":{"rendered":"https:\/\/www.euegeajans.com\/?p=15769"},"modified":"2023-07-20T07:38:28","modified_gmt":"2023-07-20T07:38:28","slug":"eu-etnografya-muzesi-kulturel-bellegi-gelecek-nesillere-aktariyor","status":"publish","type":"post","link":"https:\/\/www.euegeajans.com\/index.php\/2023\/07\/20\/eu-etnografya-muzesi-kulturel-bellegi-gelecek-nesillere-aktariyor\/","title":{"rendered":"E\u00dc Etnografya M\u00fczesi, k\u00fclt\u00fcrel belle\u011fi gelecek nesillere aktar\u0131yor"},"content":{"rendered":"<p style=\"text-align: justify;\">K\u00fclt\u00fcr turizminin rotalar\u0131ndan biri<\/p>\n<p style=\"text-align: justify;\"><b>\u00a0<\/b><b>E\u00dc Etnografya M\u00fczesi, k\u00fclt\u00fcrel belle\u011fi gelecek nesillere aktar\u0131yor<\/b><\/p>\n<p style=\"text-align: justify;\" align=\"right\">Ay\u015fe \u0130rem Kihtir- Asl\u0131 Helvac\u0131- Ceren Minta\u015f<\/p>\n<p style=\"text-align: justify;\">Ege \u00dcniversitesi (E\u00dc) Etnografya M\u00fczesi, Anadolu ve Balkan y\u00f6relerinin maddi ve manevi k\u00fclt\u00fcrel de\u011ferlerini ziyaret\u00e7ileriyle bulu\u015fturmaya devam ediyor. Etnografik \u00f6zellikler ta\u015f\u0131\u00adyan 3 bine yak\u0131n tarihi eserin envantere kay\u0131tl\u0131 oldu\u011fu m\u00fczede, T\u00fcrk ve Balkan \u00fclkelerine ait zengin bir koleksiyon yer al\u0131yor. M\u00fcze, geleneksel halk giysileri, halk \u00e7alg\u0131lar\u0131, d\u00fc\u011f\u00fcn evi sergilerinin yan\u0131 s\u0131ra; tak\u0131, aksesuar ve silah gibi bir\u00e7ok \u00f6zg\u00fcn esere de ev sahipli\u011fi yap\u0131yor. G\u00fcn\u00fcm\u00fczde yok olmaya y\u00fcz tutan geleneksel mesleklere ait el sanatlar\u0131 m\u00fczede sergilenirken, s\u00fcrd\u00fcr\u00fclebilirliklerini sa\u011flamak amac\u0131yla terzilik, a\u011fa\u00e7 ve bak\u0131r i\u015fleme, ayakkab\u0131 ve \u00e7ar\u0131k\u00e7\u0131l\u0131k gibi meslekler de canland\u0131r\u0131l\u0131yor. M\u00fczede, sesli rehber uygulamas\u0131 sayesinde eserler hakk\u0131nda dinleyerek de bilgi al\u0131nabiliyor.<\/p>\n<p style=\"text-align: justify;\"><b>\u201cAnadolu ve Balkan k\u00fclt\u00fcr\u00fcn\u00fcn bir sentezi\u201d<\/b><\/p>\n<p style=\"text-align: justify;\"><img loading=\"lazy\" decoding=\"async\" class=\"size-medium wp-image-15771 alignright\" src=\"http:\/\/www.euegeajans.com\/wp-content\/uploads\/2023\/07\/Etnografya-Muzesi-Temmuz-2023-Dr.-Ogr.-Uye.-Dilek-Yeliz-Maktal-Canko-6-300x199.jpg\" alt=\"\" width=\"300\" height=\"199\" srcset=\"https:\/\/www.euegeajans.com\/wp-content\/uploads\/2023\/07\/Etnografya-Muzesi-Temmuz-2023-Dr.-Ogr.-Uye.-Dilek-Yeliz-Maktal-Canko-6-300x199.jpg 300w, https:\/\/www.euegeajans.com\/wp-content\/uploads\/2023\/07\/Etnografya-Muzesi-Temmuz-2023-Dr.-Ogr.-Uye.-Dilek-Yeliz-Maktal-Canko-6-1024x680.jpg 1024w, https:\/\/www.euegeajans.com\/wp-content\/uploads\/2023\/07\/Etnografya-Muzesi-Temmuz-2023-Dr.-Ogr.-Uye.-Dilek-Yeliz-Maktal-Canko-6-768x510.jpg 768w, https:\/\/www.euegeajans.com\/wp-content\/uploads\/2023\/07\/Etnografya-Muzesi-Temmuz-2023-Dr.-Ogr.-Uye.-Dilek-Yeliz-Maktal-Canko-6-1536x1020.jpg 1536w, https:\/\/www.euegeajans.com\/wp-content\/uploads\/2023\/07\/Etnografya-Muzesi-Temmuz-2023-Dr.-Ogr.-Uye.-Dilek-Yeliz-Maktal-Canko-6-2048x1360.jpg 2048w\" sizes=\"auto, (max-width: 300px) 100vw, 300px\" \/>M\u00fczenin tarihi hakk\u0131nda bilgi veren E\u00dc Etnografya M\u00fczesi M\u00fcd\u00fcr\u00fc Edebiyat Fak\u00fcltesi Sanat Tarihi B\u00f6l\u00fcm\u00fc Dr. \u00d6\u011fr. \u00dcyesi Dilek Yeliz Maktal Canko, \u201cM\u00fcze envanter \u00e7al\u0131\u015fmalar\u0131 2004 y\u0131l\u0131nda Yrd. Do\u00e7. Dr. Cengiz Ayd\u0131n ba\u015fkanl\u0131\u011f\u0131nda Ege \u00dcniversitesi Devlet T\u00fcrk Musikisi Konservatuar\u0131 T\u00fcrk Halk Oyunlar\u0131 B\u00f6l\u00fcm\u00fc \u00f6\u011fretim elemanlar\u0131ndan olu\u015fan 20 ki\u015filik bir uzman kadro ile y\u00fcr\u00fct\u00fclen \u2018Anadolu ve Balkanlarda Halk \u00c7alg\u0131lar\u0131, Halk Oyunlar\u0131, Geleneksel Giyim Ku\u015fam ve Halk M\u00fczi\u011fi M\u00fcze ve Ar\u015fiv Olu\u015fturulmas\u0131\u2019 projesi yoluyla ger\u00e7ekle\u015ftirilen alan ara\u015ft\u0131rmalar\u0131 ile ba\u015flat\u0131ld\u0131. Anadolu\u2019da ve Balkanlar\u2019daki etnografik \u00e7al\u0131\u015fmalar, 201 bilim insan\u0131, 909 kaynak ki\u015fiyle g\u00f6r\u00fc\u015fmek suretiyle, 14 Balkan \u00fclkesinde 2004-2008 y\u0131llar\u0131 aras\u0131nda ger\u00e7ekle\u015ftirildi. Proje kapsam\u0131nda derlenen geleneksel oyun, m\u00fczik, giyim ku\u015fam ve y\u00f6resel sazlar\u0131n bilgilerini i\u00e7eren s\u00f6yle\u015fi ve performanslar, 20 bin 736 kare foto\u011fraf ve 208 saat video kay\u0131tlar\u0131 halinde dijital metin bilgileri haline d\u00f6n\u00fc\u015ft\u00fcr\u00fclerek, b\u00fcy\u00fck bir veri ar\u015fivi olu\u015fturuldu. M\u00fczenin kurulu\u015fundan sonra ba\u011f\u0131\u015f yoluyla koleksiyon \u00e7e\u015fitlendirilerek, daha da zenginle\u015ftirildi\u201d dedi.<\/p>\n<p style=\"text-align: justify;\"><b>\u201cM\u00fcze koleksiyonu, ba\u011f\u0131\u015f\u00e7\u0131 eserleri ile b\u00fcy\u00fcmeye devam ediyor\u201d<\/b><\/p>\n<p style=\"text-align: justify;\">M\u00fczelerin en \u00f6nemli y\u00f6nlerinin koleksiyonlar\u0131n\u0131n de\u011feri oldu\u011funu belirten Dr. \u00d6\u011fr. \u00dcye. Maktal Canko, \u201cEge \u00dcniversitesi Etnografya M\u00fczesinde envanter defterine kay\u0131tl\u0131; 2 bin 100 par\u00e7a giysi ve giysi par\u00e7as\u0131, 110 par\u00e7a halk \u00e7alg\u0131s\u0131, 262 par\u00e7a tak\u0131 ve aksesuar, 24 par\u00e7a silah, 3 par\u00e7a sand\u0131k olmak \u00fczere 2 bin 499 par\u00e7a eser bulunuyor. M\u00fczenin ana koleksiyonunu olu\u015fturan bu eserler yan\u0131nda her ge\u00e7en y\u0131l m\u00fcze koleksiyonu, ba\u011f\u0131\u015f\u00e7\u0131 eserleri ile b\u00fcy\u00fcmeye devam ediyor. Ba\u011f\u0131\u015f eserler, dan\u0131\u015fma kurulundan uzman ki\u015filer taraf\u0131ndan de\u011ferlendirilip, kabul edilmekte ve envanter defterine kaydedilerek, tescillenmektedir. 2023 y\u0131l\u0131 i\u00e7inde de hal\u0131-kilim, giysi ve par\u00e7as\u0131, tak\u0131, tabanca, b\u0131\u00e7ak, \u00e7alg\u0131, sand\u0131k, bak\u0131r obje, ah\u015fap obje olmak \u00fczere 300\u2019e yak\u0131n eser envantere kay\u0131tlanarak, etnografik eser olarak tescillenecek\u201d diye konu\u015ftu.<\/p>\n<p style=\"text-align: justify;\"><b>\u201cM\u00fcze, \u00e7ocuklara farkl\u0131 bak\u0131\u015f a\u00e7\u0131s\u0131 kazand\u0131r\u0131yor\u201d<\/b><\/p>\n<p style=\"text-align: justify;\"><img loading=\"lazy\" decoding=\"async\" class=\"size-medium wp-image-15772 alignleft\" src=\"http:\/\/www.euegeajans.com\/wp-content\/uploads\/2023\/07\/Etnografya-Muzesi-Temmuz-2023-7-300x200.jpg\" alt=\"\" width=\"300\" height=\"200\" srcset=\"https:\/\/www.euegeajans.com\/wp-content\/uploads\/2023\/07\/Etnografya-Muzesi-Temmuz-2023-7-300x200.jpg 300w, https:\/\/www.euegeajans.com\/wp-content\/uploads\/2023\/07\/Etnografya-Muzesi-Temmuz-2023-7-1024x683.jpg 1024w, https:\/\/www.euegeajans.com\/wp-content\/uploads\/2023\/07\/Etnografya-Muzesi-Temmuz-2023-7-768x512.jpg 768w, https:\/\/www.euegeajans.com\/wp-content\/uploads\/2023\/07\/Etnografya-Muzesi-Temmuz-2023-7-1536x1025.jpg 1536w, https:\/\/www.euegeajans.com\/wp-content\/uploads\/2023\/07\/Etnografya-Muzesi-Temmuz-2023-7-2048x1367.jpg 2048w\" sizes=\"auto, (max-width: 300px) 100vw, 300px\" \/>E\u00dc Etnografya M\u00fczesi ailesi olarak, \u00e7ocuklar\u0131 \u00e7ok \u00f6nemsediklerini vurgulayan Dr. \u00d6\u011fr. \u00dcye. Maktal Canko, \u201cEtnografya M\u00fczesi \u00f6zellikle son iki y\u0131lda kendisine as\u0131l hedef kitlesi olarak \u00e7ocuklar\u0131 belirledi. \u00c7ocuklara sanat tarihini anlatman\u0131n, onlara farkl\u0131 bak\u0131\u015f a\u00e7\u0131lar\u0131 kazand\u0131rarak, ufuklar\u0131n\u0131 a\u00e7t\u0131\u011f\u0131na inan\u0131yoruz. Bu nedenle, yapt\u0131\u011f\u0131m\u0131z \u00e7o\u011fu proje, etkinlik ve at\u00f6lye \u00e7ocuklara y\u00f6nelik olarak ger\u00e7ekle\u015fiyor. \u00c7ocuklara y\u00f6nelik etkinlikler yaparak, \u00e7ocuklar\u0131n derslerde g\u00f6rd\u00fcklerini m\u00fczede peki\u015ftirip, ak\u0131llar\u0131nda kal\u0131c\u0131 olmas\u0131n\u0131 ama\u00e7l\u0131yoruz. D\u00fczenledi\u011fimiz etkinlikler, y\u00f6resel k\u00fclt\u00fcr at\u00f6lyeleri ve kolaj \u00e7al\u0131\u015fmalar\u0131n\u0131 kaps\u0131yor. \u0130zmir Ag\u00e2h Efendi \u0130lkokulu ile birlikte ger\u00e7ekle\u015ftirdi\u011fimiz \u2018Y\u00f6resel K\u00fclt\u00fcr At\u00f6lyeleri Projesi\u2019 ile her hafta 25 ki\u015filik ilkokul 4\u2019\u00fcnc\u00fc s\u0131n\u0131f \u00f6\u011frenci grubuna \u00f6nce m\u00fczeyi ayr\u0131nt\u0131l\u0131 tan\u0131tt\u0131k. Ard\u0131ndan Sanat Tarihi B\u00f6l\u00fcm\u00fc \u00f6\u011frencilerimiz, y\u00f6resel giysiler hakk\u0131nda sunumlar ger\u00e7ekle\u015ftirdi. Toplam 200 \u00e7ocuk ile birlikte \u00e7e\u015fitli malzemeler ile kendi y\u00f6resel k\u0131yafetlerini tasarlamalar\u0131 konusunda 8 at\u00f6lye \u00e7al\u0131\u015fmas\u0131 ger\u00e7ekle\u015ftirdik\u201d dedi.<\/p>\n<p style=\"text-align: justify;\">Lise ve \u00fcniversite \u00f6\u011frencilerine y\u00f6nelik projeler de y\u00fcr\u00fctt\u00fcklerini s\u00f6yleyen Dr. \u00d6\u011fr. \u00dcye. Maktal Canko, \u201cYak\u0131n zamanda sonland\u0131rd\u0131\u011f\u0131m\u0131z \u2018Anadolu ve Balkan Objeleri \u0130llustrasyonu\u2019 projesinde, Dokuz Eyl\u00fcl \u00dcniversitesi Buca E\u011fitim Fak\u00fcltesi G\u00fczel Sanatlar E\u011fitimi B\u00f6l\u00fcm\u00fc Grafik B\u00f6l\u00fcm\u00fc \u00f6\u011frencileri, grafik derslerinden birini m\u00fczede bir proje yaparak ge\u00e7irdiler. Bu dersler sonucunda ortaya \u00e7\u0131kan ill\u00fcstrasyon eserler ile ge\u00e7ti\u011fimiz Ocak ay\u0131nda bir sergi a\u00e7t\u0131k. \u00d6\u011frencilerimiz Ocak ay\u0131nda ayr\u0131ca 3 at\u00f6lye ile Bornova Mesleki ve Teknik Meslek Lisesi Grafik B\u00f6l\u00fcm\u00fcndeki lise \u00f6\u011frencileri ile bulu\u015ftu. \u00d6\u011frencilerimizin birlikte ortaya koyduklar\u0131 bu \u00e7al\u0131\u015fmalar sergilendi. Bu eserler, ayr\u0131ca sergilenmek \u00fczere birka\u00e7 yerden daha teklif ald\u0131\u201d diye konu\u015ftu.<\/p>\n<p style=\"text-align: justify;\"><b>\u201cK\u00fclt\u00fcr etkinliklerimiz devam edecek\u201d<\/b><\/p>\n<p style=\"text-align: justify;\">Dr. \u00d6\u011fr. \u00dcye. Maktal Canko, \u201cGe\u00e7ti\u011fimiz Haziran ay\u0131nda, \u0130zmirli m\u00fczisyen Y\u0131lmaz Demirta\u015f ve Edebiyat\u00e7\u0131-Yazar Semra Ye\u015fil ile birlikte ger\u00e7ekle\u015ftirdi\u011fimiz, \u2018Anadolu Hik\u00e2yeleriyle T\u00fcrk\u00fcler\u2019 projesi kapsam\u0131nda d\u00fczenledi\u011fimiz dinletiler, ziyaret\u00e7ilerimizden yo\u011fun ilgi g\u00f6rd\u00fc. Etkinliklerde, 4 y\u00f6renin t\u00fcrk\u00fcleri seslendirildi ve t\u00fcrk\u00fclerin hik\u00e2yeleri dinleyicilere anlat\u0131ld\u0131. 3 y\u00f6renin dinleti etkinli\u011fi ise yak\u0131n zamanda ger\u00e7ekle\u015ftirilecek.\u00a0\u00d6n\u00fcm\u00fczdeki d\u00f6nemde de, planlanm\u0131\u015f olan veya planlanacak bir\u00e7ok proje, etkinlik, at\u00f6lye ve dinletilerimiz bulunuyor. D\u00fczenleyece\u011fimiz etkinliklere t\u00fcm de\u011ferli ziyaret\u00e7ilerimizi bekliyoruz\u201d dedi.<\/p>\n<div id='gallery-1' class='gallery galleryid-15769 gallery-columns-4 gallery-size-medium'><figure class='gallery-item'>\n\t\t\t<div class='gallery-icon landscape'>\n\t\t\t\t<a href='https:\/\/www.euegeajans.com\/wp-content\/uploads\/2023\/07\/1.jpg'><img loading=\"lazy\" decoding=\"async\" width=\"300\" height=\"200\" src=\"https:\/\/www.euegeajans.com\/wp-content\/uploads\/2023\/07\/1-300x200.jpg\" class=\"attachment-medium size-medium\" alt=\"\" srcset=\"https:\/\/www.euegeajans.com\/wp-content\/uploads\/2023\/07\/1-300x200.jpg 300w, https:\/\/www.euegeajans.com\/wp-content\/uploads\/2023\/07\/1-1024x683.jpg 1024w, https:\/\/www.euegeajans.com\/wp-content\/uploads\/2023\/07\/1-768x512.jpg 768w, https:\/\/www.euegeajans.com\/wp-content\/uploads\/2023\/07\/1-1536x1024.jpg 1536w, https:\/\/www.euegeajans.com\/wp-content\/uploads\/2023\/07\/1-2048x1365.jpg 2048w\" sizes=\"auto, (max-width: 300px) 100vw, 300px\" \/><\/a>\n\t\t\t<\/div><\/figure><figure class='gallery-item'>\n\t\t\t<div class='gallery-icon landscape'>\n\t\t\t\t<a href='https:\/\/www.euegeajans.com\/wp-content\/uploads\/2023\/07\/2-4.jpg'><img loading=\"lazy\" decoding=\"async\" width=\"300\" height=\"200\" src=\"https:\/\/www.euegeajans.com\/wp-content\/uploads\/2023\/07\/2-4-300x200.jpg\" class=\"attachment-medium size-medium\" alt=\"\" srcset=\"https:\/\/www.euegeajans.com\/wp-content\/uploads\/2023\/07\/2-4-300x200.jpg 300w, https:\/\/www.euegeajans.com\/wp-content\/uploads\/2023\/07\/2-4-1024x683.jpg 1024w, https:\/\/www.euegeajans.com\/wp-content\/uploads\/2023\/07\/2-4-768x512.jpg 768w, https:\/\/www.euegeajans.com\/wp-content\/uploads\/2023\/07\/2-4-1536x1024.jpg 1536w, https:\/\/www.euegeajans.com\/wp-content\/uploads\/2023\/07\/2-4-2048x1365.jpg 2048w\" sizes=\"auto, (max-width: 300px) 100vw, 300px\" \/><\/a>\n\t\t\t<\/div><\/figure><figure class='gallery-item'>\n\t\t\t<div class='gallery-icon landscape'>\n\t\t\t\t<a href='https:\/\/www.euegeajans.com\/wp-content\/uploads\/2023\/07\/3-2.jpg'><img loading=\"lazy\" decoding=\"async\" width=\"300\" height=\"200\" src=\"https:\/\/www.euegeajans.com\/wp-content\/uploads\/2023\/07\/3-2-300x200.jpg\" class=\"attachment-medium size-medium\" alt=\"\" srcset=\"https:\/\/www.euegeajans.com\/wp-content\/uploads\/2023\/07\/3-2-300x200.jpg 300w, https:\/\/www.euegeajans.com\/wp-content\/uploads\/2023\/07\/3-2-1024x683.jpg 1024w, https:\/\/www.euegeajans.com\/wp-content\/uploads\/2023\/07\/3-2-768x512.jpg 768w, https:\/\/www.euegeajans.com\/wp-content\/uploads\/2023\/07\/3-2-1536x1024.jpg 1536w, https:\/\/www.euegeajans.com\/wp-content\/uploads\/2023\/07\/3-2-2048x1365.jpg 2048w\" sizes=\"auto, (max-width: 300px) 100vw, 300px\" \/><\/a>\n\t\t\t<\/div><\/figure><figure class='gallery-item'>\n\t\t\t<div class='gallery-icon landscape'>\n\t\t\t\t<a href='https:\/\/www.euegeajans.com\/wp-content\/uploads\/2023\/07\/4-1.jpg'><img loading=\"lazy\" decoding=\"async\" width=\"300\" height=\"200\" src=\"https:\/\/www.euegeajans.com\/wp-content\/uploads\/2023\/07\/4-1-300x200.jpg\" class=\"attachment-medium size-medium\" alt=\"\" srcset=\"https:\/\/www.euegeajans.com\/wp-content\/uploads\/2023\/07\/4-1-300x200.jpg 300w, https:\/\/www.euegeajans.com\/wp-content\/uploads\/2023\/07\/4-1-1024x683.jpg 1024w, https:\/\/www.euegeajans.com\/wp-content\/uploads\/2023\/07\/4-1-768x512.jpg 768w, https:\/\/www.euegeajans.com\/wp-content\/uploads\/2023\/07\/4-1-1536x1024.jpg 1536w, https:\/\/www.euegeajans.com\/wp-content\/uploads\/2023\/07\/4-1-2048x1365.jpg 2048w\" sizes=\"auto, (max-width: 300px) 100vw, 300px\" \/><\/a>\n\t\t\t<\/div><\/figure><figure class='gallery-item'>\n\t\t\t<div class='gallery-icon landscape'>\n\t\t\t\t<a href='https:\/\/www.euegeajans.com\/wp-content\/uploads\/2023\/07\/5-1.jpg'><img loading=\"lazy\" decoding=\"async\" width=\"300\" height=\"200\" src=\"https:\/\/www.euegeajans.com\/wp-content\/uploads\/2023\/07\/5-1-300x200.jpg\" class=\"attachment-medium size-medium\" alt=\"\" srcset=\"https:\/\/www.euegeajans.com\/wp-content\/uploads\/2023\/07\/5-1-300x200.jpg 300w, https:\/\/www.euegeajans.com\/wp-content\/uploads\/2023\/07\/5-1-1024x683.jpg 1024w, https:\/\/www.euegeajans.com\/wp-content\/uploads\/2023\/07\/5-1-768x512.jpg 768w, https:\/\/www.euegeajans.com\/wp-content\/uploads\/2023\/07\/5-1-1536x1024.jpg 1536w, https:\/\/www.euegeajans.com\/wp-content\/uploads\/2023\/07\/5-1-2048x1365.jpg 2048w\" sizes=\"auto, (max-width: 300px) 100vw, 300px\" \/><\/a>\n\t\t\t<\/div><\/figure><figure class='gallery-item'>\n\t\t\t<div class='gallery-icon landscape'>\n\t\t\t\t<a href='https:\/\/www.euegeajans.com\/wp-content\/uploads\/2023\/07\/6.jpg'><img loading=\"lazy\" decoding=\"async\" width=\"300\" height=\"200\" src=\"https:\/\/www.euegeajans.com\/wp-content\/uploads\/2023\/07\/6-300x200.jpg\" class=\"attachment-medium size-medium\" alt=\"\" srcset=\"https:\/\/www.euegeajans.com\/wp-content\/uploads\/2023\/07\/6-300x200.jpg 300w, https:\/\/www.euegeajans.com\/wp-content\/uploads\/2023\/07\/6-1024x683.jpg 1024w, https:\/\/www.euegeajans.com\/wp-content\/uploads\/2023\/07\/6-768x512.jpg 768w, https:\/\/www.euegeajans.com\/wp-content\/uploads\/2023\/07\/6-1536x1024.jpg 1536w, https:\/\/www.euegeajans.com\/wp-content\/uploads\/2023\/07\/6-2048x1365.jpg 2048w\" sizes=\"auto, (max-width: 300px) 100vw, 300px\" \/><\/a>\n\t\t\t<\/div><\/figure><figure class='gallery-item'>\n\t\t\t<div class='gallery-icon landscape'>\n\t\t\t\t<a href='https:\/\/www.euegeajans.com\/wp-content\/uploads\/2023\/07\/Etnografya-Muzesi-Temmuz-2023-16.jpg'><img loading=\"lazy\" decoding=\"async\" width=\"300\" height=\"200\" src=\"https:\/\/www.euegeajans.com\/wp-content\/uploads\/2023\/07\/Etnografya-Muzesi-Temmuz-2023-16-300x200.jpg\" class=\"attachment-medium size-medium\" alt=\"\" srcset=\"https:\/\/www.euegeajans.com\/wp-content\/uploads\/2023\/07\/Etnografya-Muzesi-Temmuz-2023-16-300x200.jpg 300w, https:\/\/www.euegeajans.com\/wp-content\/uploads\/2023\/07\/Etnografya-Muzesi-Temmuz-2023-16-1024x683.jpg 1024w, https:\/\/www.euegeajans.com\/wp-content\/uploads\/2023\/07\/Etnografya-Muzesi-Temmuz-2023-16-768x512.jpg 768w, https:\/\/www.euegeajans.com\/wp-content\/uploads\/2023\/07\/Etnografya-Muzesi-Temmuz-2023-16-1536x1025.jpg 1536w, https:\/\/www.euegeajans.com\/wp-content\/uploads\/2023\/07\/Etnografya-Muzesi-Temmuz-2023-16-2048x1367.jpg 2048w\" sizes=\"auto, (max-width: 300px) 100vw, 300px\" \/><\/a>\n\t\t\t<\/div><\/figure><figure class='gallery-item'>\n\t\t\t<div class='gallery-icon landscape'>\n\t\t\t\t<a href='https:\/\/www.euegeajans.com\/wp-content\/uploads\/2023\/07\/Etnografya-Muzesi-Temmuz-2023-41.jpg'><img loading=\"lazy\" decoding=\"async\" width=\"300\" height=\"199\" src=\"https:\/\/www.euegeajans.com\/wp-content\/uploads\/2023\/07\/Etnografya-Muzesi-Temmuz-2023-41-300x199.jpg\" class=\"attachment-medium size-medium\" alt=\"\" srcset=\"https:\/\/www.euegeajans.com\/wp-content\/uploads\/2023\/07\/Etnografya-Muzesi-Temmuz-2023-41-300x199.jpg 300w, https:\/\/www.euegeajans.com\/wp-content\/uploads\/2023\/07\/Etnografya-Muzesi-Temmuz-2023-41-1024x680.jpg 1024w, https:\/\/www.euegeajans.com\/wp-content\/uploads\/2023\/07\/Etnografya-Muzesi-Temmuz-2023-41-768x510.jpg 768w, https:\/\/www.euegeajans.com\/wp-content\/uploads\/2023\/07\/Etnografya-Muzesi-Temmuz-2023-41-1536x1020.jpg 1536w, https:\/\/www.euegeajans.com\/wp-content\/uploads\/2023\/07\/Etnografya-Muzesi-Temmuz-2023-41-2048x1360.jpg 2048w\" sizes=\"auto, (max-width: 300px) 100vw, 300px\" \/><\/a>\n\t\t\t<\/div><\/figure>\n\t\t<\/div>\n\n","protected":false},"excerpt":{"rendered":"<p>K\u00fclt\u00fcr turizminin rotalar\u0131ndan biri \u00a0E\u00dc Etnografya M\u00fczesi, k\u00fclt\u00fcrel belle\u011fi gelecek nesillere aktar\u0131yor Ay\u015fe \u0130rem Kihtir-&#8230;<\/p>\n","protected":false},"author":2,"featured_media":15770,"comment_status":"open","ping_status":"open","sticky":false,"template":"","format":"standard","meta":{"footnotes":""},"categories":[99,1,70],"tags":[],"class_list":["post-15769","post","type-post","status-publish","format-standard","has-post-thumbnail","hentry","category-egitim","category-gncl","category-kampus"],"featured_image_urls":{"full":["https:\/\/www.euegeajans.com\/wp-content\/uploads\/2023\/07\/5.jpg",2136,1424,false],"thumbnail":["https:\/\/www.euegeajans.com\/wp-content\/uploads\/2023\/07\/5-150x150.jpg",150,150,true],"medium":["https:\/\/www.euegeajans.com\/wp-content\/uploads\/2023\/07\/5-300x200.jpg",300,200,true],"medium_large":["https:\/\/www.euegeajans.com\/wp-content\/uploads\/2023\/07\/5-768x512.jpg",640,427,true],"large":["https:\/\/www.euegeajans.com\/wp-content\/uploads\/2023\/07\/5-1024x683.jpg",640,427,true],"1536x1536":["https:\/\/www.euegeajans.com\/wp-content\/uploads\/2023\/07\/5-1536x1024.jpg",1536,1024,true],"2048x2048":["https:\/\/www.euegeajans.com\/wp-content\/uploads\/2023\/07\/5-2048x1365.jpg",2048,1365,true],"newsphere-slider-full":["https:\/\/www.euegeajans.com\/wp-content\/uploads\/2023\/07\/5-1280x720.jpg",1280,720,true],"newsphere-featured":["https:\/\/www.euegeajans.com\/wp-content\/uploads\/2023\/07\/5-1024x683.jpg",1024,683,true],"newsphere-medium":["https:\/\/www.euegeajans.com\/wp-content\/uploads\/2023\/07\/5-720x380.jpg",720,380,true]},"author_info":{"display_name":"Editor","author_link":"https:\/\/www.euegeajans.com\/index.php\/author\/editor\/"},"category_info":"<a href=\"https:\/\/www.euegeajans.com\/index.php\/category\/egitim\/\" rel=\"category tag\">E\u011fitim<\/a> <a href=\"https:\/\/www.euegeajans.com\/index.php\/category\/gncl\/\" rel=\"category tag\">G\u00fcncel<\/a> <a href=\"https:\/\/www.euegeajans.com\/index.php\/category\/kampus\/\" rel=\"category tag\">Kamp\u00fcs<\/a>","tag_info":"Kamp\u00fcs","comment_count":"0","_links":{"self":[{"href":"https:\/\/www.euegeajans.com\/index.php\/wp-json\/wp\/v2\/posts\/15769","targetHints":{"allow":["GET"]}}],"collection":[{"href":"https:\/\/www.euegeajans.com\/index.php\/wp-json\/wp\/v2\/posts"}],"about":[{"href":"https:\/\/www.euegeajans.com\/index.php\/wp-json\/wp\/v2\/types\/post"}],"author":[{"embeddable":true,"href":"https:\/\/www.euegeajans.com\/index.php\/wp-json\/wp\/v2\/users\/2"}],"replies":[{"embeddable":true,"href":"https:\/\/www.euegeajans.com\/index.php\/wp-json\/wp\/v2\/comments?post=15769"}],"version-history":[{"count":1,"href":"https:\/\/www.euegeajans.com\/index.php\/wp-json\/wp\/v2\/posts\/15769\/revisions"}],"predecessor-version":[{"id":15781,"href":"https:\/\/www.euegeajans.com\/index.php\/wp-json\/wp\/v2\/posts\/15769\/revisions\/15781"}],"wp:featuredmedia":[{"embeddable":true,"href":"https:\/\/www.euegeajans.com\/index.php\/wp-json\/wp\/v2\/media\/15770"}],"wp:attachment":[{"href":"https:\/\/www.euegeajans.com\/index.php\/wp-json\/wp\/v2\/media?parent=15769"}],"wp:term":[{"taxonomy":"category","embeddable":true,"href":"https:\/\/www.euegeajans.com\/index.php\/wp-json\/wp\/v2\/categories?post=15769"},{"taxonomy":"post_tag","embeddable":true,"href":"https:\/\/www.euegeajans.com\/index.php\/wp-json\/wp\/v2\/tags?post=15769"}],"curies":[{"name":"wp","href":"https:\/\/api.w.org\/{rel}","templated":true}]}}