{"id":15591,"date":"2023-07-10T06:24:22","date_gmt":"2023-07-10T06:24:22","guid":{"rendered":"https:\/\/www.euegeajans.com\/?p=15591"},"modified":"2023-07-10T06:24:23","modified_gmt":"2023-07-10T06:24:23","slug":"egeli-akademisyenlerden-abnin-ortak-guvenlik-ve-dis-politika-analizinde-yenilikci-proje","status":"publish","type":"post","link":"https:\/\/www.euegeajans.com\/index.php\/2023\/07\/10\/egeli-akademisyenlerden-abnin-ortak-guvenlik-ve-dis-politika-analizinde-yenilikci-proje\/","title":{"rendered":"Egeli akademisyenlerden AB\u2019nin Ortak G\u00fcvenlik ve D\u0131\u015f Politika Analizinde yenilik\u00e7i proje"},"content":{"rendered":"<p style=\"text-align: justify;\">Ege \u00dcniversitesinin T\u00dcB\u0130TAK ba\u015far\u0131s\u0131 devam ediyor<\/p>\n<p style=\"text-align: justify;\"><b>Egeli akademisyenlerden AB\u2019nin Ortak G\u00fcvenlik ve D\u0131\u015f Politika Analizinde yenilik\u00e7i proje<\/b><\/p>\n<p style=\"text-align: justify;\">Ege \u00dcniversitesi (E\u00dc) akademisyenlerinin geli\u015ftirdikleri projeler, T\u00fcrkiye Bilimsel ve Teknolojik Ara\u015ft\u0131rma Kurumu (T\u00dcB\u0130TAK) taraf\u0131ndan desteklenmeye devam ediyor. E\u00dc\u00a0 \u0130ktisadi ve \u0130dari Bilimler Fak\u00fcltesi Uluslararas\u0131 \u0130li\u015fkiler B\u00f6l\u00fcm\u00fc \u00f6\u011fretim \u00fcyesi Do\u00e7. Dr. Sinem \u00dcnald\u0131lar\u2019\u0131n y\u00fcr\u00fct\u00fcc\u00fcl\u00fc\u011f\u00fcn\u00fc \u00fcstlendi\u011fi, yine ayn\u0131 b\u00f6l\u00fcmden Dr. \u00d6\u011fretim \u00dcyesi Bet\u00fcl Aydo\u011fan \u00dcnal ve \u0130zmir Ekonomi \u00dcniversitesi Yaz\u0131l\u0131m M\u00fchendisli\u011fi B\u00f6l\u00fcm\u00fcnden Do\u00e7. Dr. Senem Kumova Metin\u2019in yer ald\u0131\u011f\u0131 \u201cAB&#8217;nin Ortak G\u00fcvenlik ve D\u0131\u015f Politikas\u0131n\u0131n Stratejik Pusula \u00c7er\u00e7evesinde Analizi\u201d ba\u015fl\u0131kl\u0131 proje, T\u00dcB\u0130TAK 3005 Sosyal ve Be\u015feri Bilimlerde Yenilik\u00e7i \u00c7\u00f6z\u00fcmler Program\u0131 kapsam\u0131nda desteklenmeye uygun bulundu. Proje Avrupa Birli\u011finin (AB) g\u00fcvenlik ve d\u0131\u015f politika hedefleri ile s\u00f6ylem ve uygulamalar\u0131n\u0131n ne \u00f6l\u00e7\u00fcde \u00f6rt\u00fc\u015ft\u00fc\u011f\u00fcn\u00fc ve bu alanlarda g\u00f6sterdi\u011fi ba\u015far\u0131n\u0131n derecesini de\u011ferlendirmek, birli\u011fin gelecekte uluslararas\u0131 ili\u015fkilerdeki rol\u00fcn\u00fc analiz etmek i\u00e7in b\u00fcy\u00fck \u00f6nem ta\u015f\u0131yor.<\/p>\n<p style=\"text-align: justify;\">Proje ekibini makam\u0131nda a\u011f\u0131rlayan E\u00dc Rekt\u00f6r\u00fc Prof. Dr. Necdet Budak, proje ekibini tebrik etti. Prof. Dr. Budak, \u201c\u00dcniversitemiz \u00f6\u011fretim \u00fcyelerinin T\u00dcB\u0130TAK\u2019tan destek alan bu projesinin \u00e7\u0131kt\u0131lar\u0131 AB&#8217;nin ortak g\u00fcvenlik ve d\u0131\u015f politikas\u0131n\u0131n gelecekte nas\u0131l \u015fekillenece\u011finin belirlenmesinde \u00f6nemli bir rol \u00fcstlenecek ve T\u00fcrkiye&#8217;nin ulusal politikalar\u0131n\u0131n olu\u015fturulmas\u0131na \u00f6nemli katk\u0131lar sa\u011flayacak. Ayr\u0131ca bu proje, farkl\u0131 disiplinleri bir araya getirerek, uluslararas\u0131 ili\u015fkiler ile yaz\u0131l\u0131m m\u00fchendisli\u011fini i\u015fbirli\u011fine sevk eden orijinal bir fikir \u00f6ne \u00e7\u0131kar\u0131yor. Hocalar\u0131m\u0131z\u0131 tebrik ediyor, \u00e7al\u0131\u015fmalar\u0131nda ba\u015far\u0131lar diliyorum\u201d dedi.<\/p>\n<p style=\"text-align: justify;\"><b>\u201cUlusal politikalara \u00f6nemli katk\u0131lar sa\u011flayacak\u201d<\/b><\/p>\n<p style=\"text-align: justify;\">Proje hakk\u0131nda bilgi veren Do\u00e7. Dr. Sinem \u00dcnald\u0131lar, \u201cBu proje ile AB&#8217;nin ortak g\u00fcvenlik ve d\u0131\u015f politikas\u0131n\u0131n ana hatlar\u0131n\u0131 Stratejik Pusula (SP) \u00e7er\u00e7evesinde analiz ederek, AB&#8217;nin belirledi\u011fi yol haritas\u0131yla politika s\u00f6ylemleri aras\u0131ndaki uyumu tespit etmeyi hedefliyoruz. Bu yenilik\u00e7i yakla\u015f\u0131m, bilgisayar destekli metin analizi y\u00f6ntemleriyle ger\u00e7ekle\u015ftirilecek. Projede elde edilecek sonu\u00e7lar, literat\u00fcre, gelecekteki ara\u015ft\u0131rmalara ve ulusal politikalara \u00f6nemli katk\u0131lar sa\u011flayacak. Ayn\u0131 zamanda, AB&#8217;nin g\u00fcvenlik ve d\u0131\u015f politika alan\u0131ndaki \u00f6nceliklerinin tespit edilmesi, AB adayl\u0131k s\u00fcrecinde olan T\u00fcrkiye a\u00e7\u0131s\u0131ndan kendi ulusal kalk\u0131nma program\u0131 \u00f6nceliklerini ger\u00e7ekle\u015ftirirken faydalanaca\u011f\u0131 veriler elde edilmesini sa\u011flayacak\u201d dedi.<\/p>\n<p style=\"text-align: justify;\">Proje ile T\u00fcrkiye&#8217;nin savunma sanayisi, AB ile ili\u015fkileri, iklim ve enerji politikalar\u0131 gibi kritik alanlarda bilimsel bir temel olu\u015fturmay\u0131 hedeflediklerini ifade eden Dr. \u00d6\u011fretim \u00dcyesi Bet\u00fcl Aydo\u011fan \u00dcnal ise, \u201cProjemiz ile birlikte\u00a0 daha etkili ve s\u00fcrd\u00fcr\u00fclebilir politikalar geli\u015ftirmeye yard\u0131mc\u0131 olmay\u0131 ama\u00e7l\u0131yoruz. Bu do\u011frultuda, projenin bulgular\u0131, d\u0131\u015f i\u015fleri, savunma ve \u00e7evre bakanl\u0131klar\u0131 ile payla\u015f\u0131lacak. Projede derlenen veri seti, ilgili alanda \u00e7al\u0131\u015fma yapmak isteyen ara\u015ft\u0131rmac\u0131lara rehberlik edecek ve elde edilen analiz sonu\u00e7lar\u0131 uluslararas\u0131 bir \u00e7al\u0131\u015ftayda payla\u015f\u0131lacak, \u00e7\u0131kt\u0131lar\u0131 ise uluslararas\u0131 yay\u0131nlara aktar\u0131lacak. Ayr\u0131ca proje ile birlikte disiplinler aras\u0131 i\u015fbirli\u011finin \u00f6nemi bir kez daha g\u00f6zler \u00f6n\u00fcne seriliyor\u201d dedi.<\/p>\n","protected":false},"excerpt":{"rendered":"<p>Ege \u00dcniversitesinin T\u00dcB\u0130TAK ba\u015far\u0131s\u0131 devam ediyor Egeli akademisyenlerden AB\u2019nin Ortak G\u00fcvenlik ve D\u0131\u015f Politika Analizinde&#8230;<\/p>\n","protected":false},"author":2,"featured_media":15592,"comment_status":"open","ping_status":"open","sticky":false,"template":"","format":"standard","meta":{"footnotes":""},"categories":[69,99,1,70],"tags":[],"class_list":["post-15591","post","type-post","status-publish","format-standard","has-post-thumbnail","hentry","category-bilim","category-egitim","category-gncl","category-kampus"],"featured_image_urls":{"full":["https:\/\/www.euegeajans.com\/wp-content\/uploads\/2023\/07\/EGE-BETUL-AYDOGAN-UNAL-NECDET-BUDAK-SINEM-UNALDILAR.jpeg",1600,1066,false],"thumbnail":["https:\/\/www.euegeajans.com\/wp-content\/uploads\/2023\/07\/EGE-BETUL-AYDOGAN-UNAL-NECDET-BUDAK-SINEM-UNALDILAR-150x150.jpeg",150,150,true],"medium":["https:\/\/www.euegeajans.com\/wp-content\/uploads\/2023\/07\/EGE-BETUL-AYDOGAN-UNAL-NECDET-BUDAK-SINEM-UNALDILAR-300x200.jpeg",300,200,true],"medium_large":["https:\/\/www.euegeajans.com\/wp-content\/uploads\/2023\/07\/EGE-BETUL-AYDOGAN-UNAL-NECDET-BUDAK-SINEM-UNALDILAR-768x512.jpeg",640,427,true],"large":["https:\/\/www.euegeajans.com\/wp-content\/uploads\/2023\/07\/EGE-BETUL-AYDOGAN-UNAL-NECDET-BUDAK-SINEM-UNALDILAR-1024x682.jpeg",640,426,true],"1536x1536":["https:\/\/www.euegeajans.com\/wp-content\/uploads\/2023\/07\/EGE-BETUL-AYDOGAN-UNAL-NECDET-BUDAK-SINEM-UNALDILAR-1536x1023.jpeg",1536,1023,true],"2048x2048":["https:\/\/www.euegeajans.com\/wp-content\/uploads\/2023\/07\/EGE-BETUL-AYDOGAN-UNAL-NECDET-BUDAK-SINEM-UNALDILAR.jpeg",1600,1066,false],"newsphere-slider-full":["https:\/\/www.euegeajans.com\/wp-content\/uploads\/2023\/07\/EGE-BETUL-AYDOGAN-UNAL-NECDET-BUDAK-SINEM-UNALDILAR-1280x720.jpeg",1280,720,true],"newsphere-featured":["https:\/\/www.euegeajans.com\/wp-content\/uploads\/2023\/07\/EGE-BETUL-AYDOGAN-UNAL-NECDET-BUDAK-SINEM-UNALDILAR-1024x682.jpeg",1024,682,true],"newsphere-medium":["https:\/\/www.euegeajans.com\/wp-content\/uploads\/2023\/07\/EGE-BETUL-AYDOGAN-UNAL-NECDET-BUDAK-SINEM-UNALDILAR-720x380.jpeg",720,380,true]},"author_info":{"display_name":"Editor","author_link":"https:\/\/www.euegeajans.com\/index.php\/author\/editor\/"},"category_info":"<a href=\"https:\/\/www.euegeajans.com\/index.php\/category\/bilim\/\" rel=\"category tag\">Bilim<\/a> <a href=\"https:\/\/www.euegeajans.com\/index.php\/category\/egitim\/\" rel=\"category tag\">E\u011fitim<\/a> <a href=\"https:\/\/www.euegeajans.com\/index.php\/category\/gncl\/\" rel=\"category tag\">G\u00fcncel<\/a> <a href=\"https:\/\/www.euegeajans.com\/index.php\/category\/kampus\/\" rel=\"category tag\">Kamp\u00fcs<\/a>","tag_info":"Kamp\u00fcs","comment_count":"0","_links":{"self":[{"href":"https:\/\/www.euegeajans.com\/index.php\/wp-json\/wp\/v2\/posts\/15591","targetHints":{"allow":["GET"]}}],"collection":[{"href":"https:\/\/www.euegeajans.com\/index.php\/wp-json\/wp\/v2\/posts"}],"about":[{"href":"https:\/\/www.euegeajans.com\/index.php\/wp-json\/wp\/v2\/types\/post"}],"author":[{"embeddable":true,"href":"https:\/\/www.euegeajans.com\/index.php\/wp-json\/wp\/v2\/users\/2"}],"replies":[{"embeddable":true,"href":"https:\/\/www.euegeajans.com\/index.php\/wp-json\/wp\/v2\/comments?post=15591"}],"version-history":[{"count":1,"href":"https:\/\/www.euegeajans.com\/index.php\/wp-json\/wp\/v2\/posts\/15591\/revisions"}],"predecessor-version":[{"id":15593,"href":"https:\/\/www.euegeajans.com\/index.php\/wp-json\/wp\/v2\/posts\/15591\/revisions\/15593"}],"wp:featuredmedia":[{"embeddable":true,"href":"https:\/\/www.euegeajans.com\/index.php\/wp-json\/wp\/v2\/media\/15592"}],"wp:attachment":[{"href":"https:\/\/www.euegeajans.com\/index.php\/wp-json\/wp\/v2\/media?parent=15591"}],"wp:term":[{"taxonomy":"category","embeddable":true,"href":"https:\/\/www.euegeajans.com\/index.php\/wp-json\/wp\/v2\/categories?post=15591"},{"taxonomy":"post_tag","embeddable":true,"href":"https:\/\/www.euegeajans.com\/index.php\/wp-json\/wp\/v2\/tags?post=15591"}],"curies":[{"name":"wp","href":"https:\/\/api.w.org\/{rel}","templated":true}]}}