{"id":15444,"date":"2023-06-22T05:08:00","date_gmt":"2023-06-22T05:08:00","guid":{"rendered":"https:\/\/www.euegeajans.com\/?p=15444"},"modified":"2023-06-22T07:13:13","modified_gmt":"2023-06-22T07:13:13","slug":"eu-sosyal-bilimler-enstitusunde-sosyal-bilimler-felsefesi-uzerine-dusunceler-ve-gercekler-konusuldu","status":"publish","type":"post","link":"https:\/\/www.euegeajans.com\/index.php\/2023\/06\/22\/eu-sosyal-bilimler-enstitusunde-sosyal-bilimler-felsefesi-uzerine-dusunceler-ve-gercekler-konusuldu\/","title":{"rendered":"E\u00dc Sosyal Bilimler Enstit\u00fcs\u00fcnde \u201cSosyal Bilimler Felsefesi \u00dczerine D\u00fc\u015f\u00fcnceler ve Ger\u00e7ekler\u201d konu\u015fuldu"},"content":{"rendered":"<p style=\"text-align: justify;\">Ege \u00dcniversitesi (E\u00dc) Sosyal Bilimler Enstit\u00fcs\u00fc taraf\u0131ndan Kariyer Etkinlikleri kapsam\u0131nda \u201cSosyal Bilimler Felsefesi \u00dczerine D\u00fc\u015f\u00fcnceler ve Ger\u00e7ekler\u201d konulu konferans d\u00fczenlendi. E\u00dc T\u00fcrk D\u00fcnyas\u0131 Ara\u015ft\u0131rmalar\u0131 Enstit\u00fcs\u00fc Konferans Salonu\u2019nda d\u00fczenlenen konferans\u0131n moderat\u00f6rl\u00fc\u011f\u00fcn\u00fc E\u00dc Devlet T\u00fcrk Musikisi Konservatuvar\u0131 T\u00fcrk Halk Oyunlar\u0131 Anabilim Dal\u0131 Ba\u015fkan\u0131 Prof. Dr. Mehmet \u00d6cal \u00d6zbilgin \u00fcstlendi. Akademisyenlerin ve \u00f6\u011frencilerin ilgi g\u00f6sterdi\u011fi konferansta E\u00dc Edebiyat Fak\u00fcltesi Felsefe B\u00f6l\u00fcm\u00fc \u00f6\u011fretim \u00fcyesi Do\u00e7. Dr. Mehmet Kuyurtar konu\u015fmac\u0131 olarak yer ald\u0131.<b><\/b><\/p>\n<p style=\"text-align: justify;\"><img loading=\"lazy\" decoding=\"async\" class=\"size-medium wp-image-15446 alignleft\" src=\"http:\/\/www.euegeajans.com\/wp-content\/uploads\/2023\/06\/Mehmet-Kuyurtar--250x300.jpg\" alt=\"\" width=\"250\" height=\"300\" srcset=\"https:\/\/www.euegeajans.com\/wp-content\/uploads\/2023\/06\/Mehmet-Kuyurtar--250x300.jpg 250w, https:\/\/www.euegeajans.com\/wp-content\/uploads\/2023\/06\/Mehmet-Kuyurtar--853x1024.jpg 853w, https:\/\/www.euegeajans.com\/wp-content\/uploads\/2023\/06\/Mehmet-Kuyurtar--768x922.jpg 768w, https:\/\/www.euegeajans.com\/wp-content\/uploads\/2023\/06\/Mehmet-Kuyurtar--1024x1229.jpg 1024w, https:\/\/www.euegeajans.com\/wp-content\/uploads\/2023\/06\/Mehmet-Kuyurtar-.jpg 1200w\" sizes=\"auto, (max-width: 250px) 100vw, 250px\" \/>Do\u00e7. Dr. Mehmet Kuyurtar, felsefede \u2018ezeli ve ebedi dertler\u2019 olarak tan\u0131mlad\u0131\u011f\u0131 klasik sorun arama problemlerinin yan\u0131 s\u0131ra g\u00fcncel yorumlara da de\u011finerek sosyal bilimlerde farkl\u0131 alanlar\u0131n bir araya getirilmesinin, imk\u00e2ns\u0131z gibi g\u00f6r\u00fclen disiplinleraras\u0131 genellemeler yaratt\u0131\u011f\u0131n\u0131 ifade etti.\u00a0 Do\u00e7. Dr. Kuyutar, teknolojinin insan hayat\u0131na yerle\u015fti\u011fi ve ekonomiye katk\u0131 sa\u011flad\u0131\u011f\u0131 h\u0131zl\u0131 \u00e7a\u011fda, denetlenebilir varsay\u0131mlar\u0131n ortaya \u00e7\u0131kt\u0131\u011f\u0131na de\u011findi.<\/p>\n<p style=\"text-align: justify;\">Sosyal Bilimler Enstit\u00fcs\u00fc\u2019n\u00fcn farkl\u0131 lisans\u00fcst\u00fc programlar\u0131ndan \u00e7ok say\u0131da kat\u0131l\u0131mc\u0131n\u0131n de\u011ferli yorumlar\u0131 ile zenginle\u015fti\u011fini ifade eden moderat\u00f6r Prof. Dr. Mehmet \u00d6cal \u00d6zbilgin ise, sosyal bilimlerde y\u00fckselen y\u00f6ntem bilimsel uygulamalar, k\u00fcresel g\u00f6\u00e7ler, uluslararas\u0131 ili\u015fkilerin etki alan\u0131 ve ekolojik \u00e7al\u0131\u015fma alanlar\u0131na \u00f6zellikle dikkati \u00e7ekti\u011fini s\u00f6yledi. Ayr\u0131ca Prof. Dr. \u00d6zbilgin, problemlerin \u00e7\u00f6z\u00fcm oda\u011f\u0131n\u0131n sosyal bilimler oldu\u011funu, insani temel hislerin herkeste var oldu\u011funu ve sosyal bilimlerin \u00f6neminin her ge\u00e7en g\u00fcn daha \u00e7ok \u00f6n plana \u00e7\u0131kt\u0131\u011f\u0131n\u0131 vurgulad\u0131.<\/p>\n<p style=\"text-align: justify;\"><img loading=\"lazy\" decoding=\"async\" class=\"size-medium wp-image-15447 alignright\" src=\"http:\/\/www.euegeajans.com\/wp-content\/uploads\/2023\/06\/666-300x197.jpg\" alt=\"\" width=\"300\" height=\"197\" srcset=\"https:\/\/www.euegeajans.com\/wp-content\/uploads\/2023\/06\/666-300x197.jpg 300w, https:\/\/www.euegeajans.com\/wp-content\/uploads\/2023\/06\/666-1024x672.jpg 1024w, https:\/\/www.euegeajans.com\/wp-content\/uploads\/2023\/06\/666-768x504.jpg 768w, https:\/\/www.euegeajans.com\/wp-content\/uploads\/2023\/06\/666-1536x1008.jpg 1536w, https:\/\/www.euegeajans.com\/wp-content\/uploads\/2023\/06\/666.jpg 1600w\" sizes=\"auto, (max-width: 300px) 100vw, 300px\" \/>Konferans sonunda Prof. Dr. \u00d6zbilgin, organizasyonda birimler aras\u0131 koordinasyonu ger\u00e7ekle\u015ftiren Sosyal Bilimler Enstit\u00fcs\u00fc doktora programlar\u0131 \u00f6\u011frenci temsilcisi Ara\u015ft\u0131rma G\u00f6revlisi G\u00f6k\u00e7e Asena Alt\u0131nbay\u2019a ve kat\u0131l\u0131mlar\u0131ndan dolay\u0131 Do\u00e7. Dr. Mehmet Kuyurtar\u2019a te\u015fekk\u00fcr etti.<\/p>\n<p style=\"text-align: justify;\">E\u00dc Sosyal Bilimler Enstit\u00fcs\u00fc Kariyer Etkinlikleri; sosyal bilimler alan\u0131ndan farkl\u0131 \u00f6\u011frenci, ara\u015ft\u0131rmac\u0131 ve ilgilileri bir araya getirerek i\u015fbirlikli \u00e7al\u0131\u015fmalar konusunda \u00f6nemli ad\u0131mlar at\u0131yor.<\/p>\n","protected":false},"excerpt":{"rendered":"<p>Ege \u00dcniversitesi (E\u00dc) Sosyal Bilimler Enstit\u00fcs\u00fc taraf\u0131ndan Kariyer Etkinlikleri kapsam\u0131nda \u201cSosyal Bilimler Felsefesi \u00dczerine D\u00fc\u015f\u00fcnceler&#8230;<\/p>\n","protected":false},"author":2,"featured_media":15445,"comment_status":"open","ping_status":"open","sticky":false,"template":"","format":"standard","meta":{"footnotes":""},"categories":[99,1,70],"tags":[],"class_list":["post-15444","post","type-post","status-publish","format-standard","has-post-thumbnail","hentry","category-egitim","category-gncl","category-kampus"],"featured_image_urls":{"full":["https:\/\/www.euegeajans.com\/wp-content\/uploads\/2023\/06\/Sosyal-Bilimler-Felsefesi-Uzerine-Dusunceler-ve-Gercekler.jpg",1600,1050,false],"thumbnail":["https:\/\/www.euegeajans.com\/wp-content\/uploads\/2023\/06\/Sosyal-Bilimler-Felsefesi-Uzerine-Dusunceler-ve-Gercekler-150x150.jpg",150,150,true],"medium":["https:\/\/www.euegeajans.com\/wp-content\/uploads\/2023\/06\/Sosyal-Bilimler-Felsefesi-Uzerine-Dusunceler-ve-Gercekler-300x197.jpg",300,197,true],"medium_large":["https:\/\/www.euegeajans.com\/wp-content\/uploads\/2023\/06\/Sosyal-Bilimler-Felsefesi-Uzerine-Dusunceler-ve-Gercekler-768x504.jpg",640,420,true],"large":["https:\/\/www.euegeajans.com\/wp-content\/uploads\/2023\/06\/Sosyal-Bilimler-Felsefesi-Uzerine-Dusunceler-ve-Gercekler-1024x672.jpg",640,420,true],"1536x1536":["https:\/\/www.euegeajans.com\/wp-content\/uploads\/2023\/06\/Sosyal-Bilimler-Felsefesi-Uzerine-Dusunceler-ve-Gercekler-1536x1008.jpg",1536,1008,true],"2048x2048":["https:\/\/www.euegeajans.com\/wp-content\/uploads\/2023\/06\/Sosyal-Bilimler-Felsefesi-Uzerine-Dusunceler-ve-Gercekler.jpg",1600,1050,false],"newsphere-slider-full":["https:\/\/www.euegeajans.com\/wp-content\/uploads\/2023\/06\/Sosyal-Bilimler-Felsefesi-Uzerine-Dusunceler-ve-Gercekler-1280x720.jpg",1280,720,true],"newsphere-featured":["https:\/\/www.euegeajans.com\/wp-content\/uploads\/2023\/06\/Sosyal-Bilimler-Felsefesi-Uzerine-Dusunceler-ve-Gercekler-1024x672.jpg",1024,672,true],"newsphere-medium":["https:\/\/www.euegeajans.com\/wp-content\/uploads\/2023\/06\/Sosyal-Bilimler-Felsefesi-Uzerine-Dusunceler-ve-Gercekler-720x380.jpg",720,380,true]},"author_info":{"display_name":"Editor","author_link":"https:\/\/www.euegeajans.com\/index.php\/author\/editor\/"},"category_info":"<a href=\"https:\/\/www.euegeajans.com\/index.php\/category\/egitim\/\" rel=\"category tag\">E\u011fitim<\/a> <a href=\"https:\/\/www.euegeajans.com\/index.php\/category\/gncl\/\" rel=\"category tag\">G\u00fcncel<\/a> <a href=\"https:\/\/www.euegeajans.com\/index.php\/category\/kampus\/\" rel=\"category tag\">Kamp\u00fcs<\/a>","tag_info":"Kamp\u00fcs","comment_count":"0","_links":{"self":[{"href":"https:\/\/www.euegeajans.com\/index.php\/wp-json\/wp\/v2\/posts\/15444","targetHints":{"allow":["GET"]}}],"collection":[{"href":"https:\/\/www.euegeajans.com\/index.php\/wp-json\/wp\/v2\/posts"}],"about":[{"href":"https:\/\/www.euegeajans.com\/index.php\/wp-json\/wp\/v2\/types\/post"}],"author":[{"embeddable":true,"href":"https:\/\/www.euegeajans.com\/index.php\/wp-json\/wp\/v2\/users\/2"}],"replies":[{"embeddable":true,"href":"https:\/\/www.euegeajans.com\/index.php\/wp-json\/wp\/v2\/comments?post=15444"}],"version-history":[{"count":2,"href":"https:\/\/www.euegeajans.com\/index.php\/wp-json\/wp\/v2\/posts\/15444\/revisions"}],"predecessor-version":[{"id":15450,"href":"https:\/\/www.euegeajans.com\/index.php\/wp-json\/wp\/v2\/posts\/15444\/revisions\/15450"}],"wp:featuredmedia":[{"embeddable":true,"href":"https:\/\/www.euegeajans.com\/index.php\/wp-json\/wp\/v2\/media\/15445"}],"wp:attachment":[{"href":"https:\/\/www.euegeajans.com\/index.php\/wp-json\/wp\/v2\/media?parent=15444"}],"wp:term":[{"taxonomy":"category","embeddable":true,"href":"https:\/\/www.euegeajans.com\/index.php\/wp-json\/wp\/v2\/categories?post=15444"},{"taxonomy":"post_tag","embeddable":true,"href":"https:\/\/www.euegeajans.com\/index.php\/wp-json\/wp\/v2\/tags?post=15444"}],"curies":[{"name":"wp","href":"https:\/\/api.w.org\/{rel}","templated":true}]}}