{"id":15322,"date":"2023-06-15T07:38:51","date_gmt":"2023-06-15T07:38:51","guid":{"rendered":"https:\/\/www.euegeajans.com\/?p=15322"},"modified":"2023-06-15T07:38:51","modified_gmt":"2023-06-15T07:38:51","slug":"ege-kongreleri-uc-onemli-alanda-uluslararasi-bilim-insanlarini-bir-araya-getirdi","status":"publish","type":"post","link":"https:\/\/www.euegeajans.com\/index.php\/2023\/06\/15\/ege-kongreleri-uc-onemli-alanda-uluslararasi-bilim-insanlarini-bir-araya-getirdi\/","title":{"rendered":"Ege Kongreleri \u00fc\u00e7 \u00f6nemli alanda uluslararas\u0131 bilim insanlar\u0131n\u0131 bir araya getirdi"},"content":{"rendered":"<p style=\"text-align: justify;\">E\u00dc\u2019de \u201cII. Uluslararas\u0131 Ege Kongreleri\u201d<b><\/b><\/p>\n<p style=\"text-align: justify;\">Ege \u00dcniversitesi (E\u00dc), \u00d6zbekistan Karakalpak Devlet \u00dcniversitesi, \u00d6zbekistan Ta\u015fkent Kimya Enstit\u00fcs\u00fc, \u00d6zbekistan Ta\u015fkent Devlet Pedagoji \u00dcniversitesi ile \u0130ktisadi Kalk\u0131nma ve Sosyal Ara\u015ft\u0131rmalar Enstit\u00fcs\u00fc (\u0130KSAD) i\u015f birli\u011finde \u00e7ok say\u0131da bilimsel kurumun katk\u0131s\u0131yla \u201cII. Uluslararas\u0131 Ege Kongreleri\u201d d\u00fczenlendi. Ege \u00dcniversitesinden Sosyal Bilimler Enstit\u00fcs\u00fc\u2019n\u00fcn y\u00fcr\u00fct\u00fcc\u00fcs\u00fc oldu\u011fu Sosyal ve Be\u015feri Bilimler, Fen ve Sa\u011fl\u0131k Bilimleri ile \u0130novasyon ve M\u00fchendislik Bilimleri alanlar\u0131nda \u00fc\u00e7 kongreye ev sahipli\u011fi yapan etkinli\u011fin a\u00e7\u0131l\u0131\u015f\u0131 E\u00dc Su \u00dcr\u00fcnleri Fak\u00fcltesi Konferans Salonunda yap\u0131ld\u0131. Etkinli\u011fe; Ege \u00dcniversitesi Rekt\u00f6r Yard\u0131mc\u0131s\u0131 Prof. Dr. Mehmet Ersan, Karakalpak Devlet \u00dcniversitesi Rekt\u00f6r Yard\u0131mc\u0131s\u0131 Prof. Dr. \u0130zimbet Turdimambetom, E\u00dc Fen Bilimleri Enstit\u00fcs\u00fc M\u00fcd\u00fcr\u00fc Prof. Dr. Bahri Ba\u015faran, E\u00dc Sosyal Bilimler Enstit\u00fcs\u00fc M\u00fcd\u00fcr\u00fc Prof. Dr. Mustafa Mutluer, IKSAD Enstit\u00fcs\u00fc Genel Sekreteri Dr. Kald\u0131g\u00fcl Adilbekova,\u00a0 Ta\u015fkent Kimya Enstit\u00fcs\u00fc \u00f6\u011fretim \u00fcyesi Do\u00e7. Dr. G\u00fclbahar Tavald\u0131eva ile yurt i\u00e7i ve d\u0131\u015f\u0131ndan alan\u0131nda uzman bilim insanlar\u0131 kat\u0131ld\u0131.<\/p>\n<p style=\"text-align: justify;\"><img loading=\"lazy\" decoding=\"async\" class=\"size-medium wp-image-15323 alignleft\" src=\"http:\/\/www.euegeajans.com\/wp-content\/uploads\/2023\/06\/Prof-Dr-Mehmet-Ersan-4-300x200.jpg\" alt=\"\" width=\"300\" height=\"200\" srcset=\"https:\/\/www.euegeajans.com\/wp-content\/uploads\/2023\/06\/Prof-Dr-Mehmet-Ersan-4-300x200.jpg 300w, https:\/\/www.euegeajans.com\/wp-content\/uploads\/2023\/06\/Prof-Dr-Mehmet-Ersan-4-1024x683.jpg 1024w, https:\/\/www.euegeajans.com\/wp-content\/uploads\/2023\/06\/Prof-Dr-Mehmet-Ersan-4-768x512.jpg 768w, https:\/\/www.euegeajans.com\/wp-content\/uploads\/2023\/06\/Prof-Dr-Mehmet-Ersan-4.jpg 1500w\" sizes=\"auto, (max-width: 300px) 100vw, 300px\" \/>Konu\u015fmas\u0131nda Ege \u00dcniversitesinin en \u00f6nemli hedeflerinden birinin uluslararas\u0131la\u015fma oldu\u011funu s\u00f6yleyen Ege \u00dcniversitesi Rekt\u00f6r Yard\u0131mc\u0131s\u0131 Prof. Dr. Mehmet Ersan, \u201cEge \u00dcniversitesi, T\u00fcrk D\u00fcnyas\u0131 ile akademik ili\u015fkilerini g\u00fc\u00e7lendirmeye devam ediyor. Bu kapsamda, \u00f6zellikle Azerbaycan \u00fcniversiteleri ile \u00e7ift diploma \u00e7al\u0131\u015fmalar\u0131 y\u00fcr\u00fct\u00fclmekte olup, \u00d6zbekistan \u00dcniversiteleri ile de ayn\u0131 kapsamda \u00e7al\u0131\u015fmalar\u0131m\u0131za b\u00fcy\u00fck bir \u00f6zveri ile devam ediyoruz. Bu y\u0131l ikincisini d\u00fczenlemekte oldu\u011fumuz 2. Uluslararas\u0131 Ege Kongreleri; sosyal ve be\u015feri bilimler alan\u0131nda 24, fen ve sa\u011fl\u0131k bilimleri alan\u0131nda 17 ve yine m\u00fchendislik alan\u0131nda da 17 farkl\u0131 \u00fclkeden kat\u0131l\u0131m ile y\u00fcz y\u00fcze ve \u00e7evrimi\u00e7i olarak ger\u00e7ekle\u015ftirilecek. Bu y\u0131l da kongre bildirileri kitapla\u015ft\u0131rarak, bilim d\u00fcnyas\u0131na sunulacak. Kongrenin haz\u0131rlanmas\u0131nda eme\u011fi ge\u00e7en b\u00fct\u00fcn meslekta\u015flar\u0131na te\u015fekk\u00fcr ediyorum\u201d dedi.<\/p>\n<p style=\"text-align: justify;\">Karakalpak Devlet \u00dcniversitesi Rekt\u00f6r Yard\u0131mc\u0131s\u0131 Prof. Dr. \u0130zimbet Turdimambetom ise kongreye Karakalpak Devlet \u00dcniversitesi olarak kat\u0131lmaktan b\u00fcy\u00fck gurur duyduklar\u0131n\u0131, Ege \u00dcniversitesi ve \u0130KSAD\u2019\u0131n i\u015f birli\u011finde yap\u0131lan ve s\u00fcregelen bu kongrelerin ba\u015far\u0131l\u0131 olaca\u011f\u0131na inand\u0131klar\u0131n\u0131 s\u00f6yledi.<\/p>\n<p style=\"text-align: justify;\"><b>\u201cGeni\u015f bir co\u011frafyan\u0131n bilim insanlar\u0131n\u0131 bir araya getiriyoruz\u201d<\/b><\/p>\n<p style=\"text-align: justify;\">E\u00dc Fen Bilimleri Enstit\u00fcs\u00fc M\u00fcd\u00fcr\u00fc Prof. Dr. Bahri Ba\u015faran, \u201cEge \u00dcniversitesi olarak; e\u011fitim, \u00f6\u011fretim,<img loading=\"lazy\" decoding=\"async\" class=\"size-medium wp-image-15324 alignright\" src=\"http:\/\/www.euegeajans.com\/wp-content\/uploads\/2023\/06\/Prof-Dr-Bahri-Basaran-1-300x200.jpg\" alt=\"\" width=\"300\" height=\"200\" srcset=\"https:\/\/www.euegeajans.com\/wp-content\/uploads\/2023\/06\/Prof-Dr-Bahri-Basaran-1-300x200.jpg 300w, https:\/\/www.euegeajans.com\/wp-content\/uploads\/2023\/06\/Prof-Dr-Bahri-Basaran-1-1024x683.jpg 1024w, https:\/\/www.euegeajans.com\/wp-content\/uploads\/2023\/06\/Prof-Dr-Bahri-Basaran-1-768x512.jpg 768w, https:\/\/www.euegeajans.com\/wp-content\/uploads\/2023\/06\/Prof-Dr-Bahri-Basaran-1.jpg 1500w\" sizes=\"auto, (max-width: 300px) 100vw, 300px\" \/> ara\u015ft\u0131rma, geli\u015ftirme ve topluma katk\u0131 \u00e7al\u0131\u015fmalar\u0131m\u0131za, uluslararas\u0131 ya da k\u00fclt\u00fcrleraras\u0131 boyut entegre etti\u011fimiz somut \u00e7al\u0131\u015fmalara odaklan\u0131yoruz. Uluslararas\u0131la\u015fma stratejimiz, \u00f6\u011frenci, idari ve akademik t\u00fcm personelimizi kapsayacak \u015fekilde geni\u015f kat\u0131l\u0131ml\u0131 olarak e\u011fitim ve ara\u015ft\u0131rma kalitemizin uluslararas\u0131 ortakl\u0131klarla geli\u015ftirilmesini kaps\u0131yor. Bunu kendimize \u00f6n\u00fcm\u00fczdeki d\u00f6nem i\u00e7in g\u00f6rev say\u0131yoruz. Bu y\u0131l, m\u00fchendislik bilimlerinde 17 ayr\u0131 \u00fclkeden 137 kat\u0131l\u0131mc\u0131, do\u011fa ve sa\u011fl\u0131k bilimleri ise yine 17 ayr\u0131 \u00fclkeden 108 kat\u0131l\u0131mc\u0131 ile kongremizi ger\u00e7ekle\u015ftiriyoruz. Bu potansiyel Ege \u00dcniversitesinin bilimsel d\u00fcnyaya katk\u0131s\u0131 a\u00e7\u0131s\u0131ndan son derece \u00f6nemli. \u0130lkine g\u00f6re daha geni\u015f bir co\u011frafyan\u0131n bilim insanlar\u0131n\u0131 bir araya getiriyor olmam\u0131z hedeflerimizin paralelinde b\u00fcy\u00fck bir ilerleme kaydetti\u011fimizi ifade ediyor\u2019\u2019 diye konu\u015ftu.<\/p>\n<p style=\"text-align: justify;\"><b>\u201cUluslararas\u0131la\u015fma ve dijitalle\u015fme en \u00f6nemli hedeflerimiz\u201d<\/b><\/p>\n<p style=\"text-align: justify;\"><img loading=\"lazy\" decoding=\"async\" class=\"size-medium wp-image-15325 alignleft\" src=\"http:\/\/www.euegeajans.com\/wp-content\/uploads\/2023\/06\/Prof-Dr-Mustafa-Mutluer-6-300x200.jpg\" alt=\"\" width=\"300\" height=\"200\" srcset=\"https:\/\/www.euegeajans.com\/wp-content\/uploads\/2023\/06\/Prof-Dr-Mustafa-Mutluer-6-300x200.jpg 300w, https:\/\/www.euegeajans.com\/wp-content\/uploads\/2023\/06\/Prof-Dr-Mustafa-Mutluer-6-1024x683.jpg 1024w, https:\/\/www.euegeajans.com\/wp-content\/uploads\/2023\/06\/Prof-Dr-Mustafa-Mutluer-6-768x512.jpg 768w, https:\/\/www.euegeajans.com\/wp-content\/uploads\/2023\/06\/Prof-Dr-Mustafa-Mutluer-6.jpg 1500w\" sizes=\"auto, (max-width: 300px) 100vw, 300px\" \/>Konu\u015fmas\u0131nda, Ege \u00dcniversitesi\u2019nin son 5 y\u0131lda akademik ve idari anlamda \u00e7ok b\u00fcy\u00fck mesafeler kat etti\u011finin alt\u0131n\u0131 \u00e7izen E\u00dc Sosyal Bilimler Enstit\u00fcs\u00fc M\u00fcd\u00fcr\u00fc Prof. Dr. Mustafa Mutluer, \u201cSay\u0131n rekt\u00f6r\u00fcm\u00fcz Prof. Dr. Necdet Budak\u2019\u0131n akademik anlamda iki yeni \u00f6nemli hedefi var. Bunlardan birincisi uluslararas\u0131la\u015fma di\u011feri ise dijitalle\u015fme. Uluslararas\u0131 misyonumuz do\u011frultusunda 2021 y\u0131l\u0131ndan bu yana \u00e7ok say\u0131da faaliyet ger\u00e7ekle\u015ftirdik. Son 3 y\u0131l i\u00e7erisinde uluslararas\u0131la\u015fma kapsam\u0131nda Bilim \u015eenli\u011fi \u2013 Lisans\u00fcst\u00fc Tez Bulu\u015fmalar\u0131, Uluslararas\u0131 Lisans\u00fcst\u00fc \u00d6\u011frenci Kongresi ve Uluslararas\u0131 Ege Sosyal ve Be\u015feri Bilimler Kongresi gibi faaliyetlerimiz bu s\u00fcrece katk\u0131 sa\u011flam\u0131\u015ft\u0131r. Ayr\u0131ca, Sosyal Bilimler Enstit\u00fcs\u00fc olarak Gazetecilik, T\u00fcrk Halk Bilimi alanlar\u0131nda Karakalpak Devlet \u00dcniversitesi, Alman Dili ve Edebiyat\u0131 alan\u0131nda \u00dcrgen\u00e7 Devlet \u00dcniversitesi ile ortak tezli y\u00fcksek lisans \u00e7ift diploma programlar\u0131 i\u00e7in protokollerimiz imza a\u015famas\u0131na gelmi\u015ftir. T\u00fcm bunlar\u0131n yan\u0131 s\u0131ra, lisans\u00fcst\u00fc \u00f6\u011frencilerimizin uluslararas\u0131 d\u00fczeydeki akademik \u00e7al\u0131\u015fmalar\u0131n\u0131 ve ara\u015ft\u0131rmalar\u0131n\u0131 da desteklemek, bu konulardaki taleplerini kar\u015f\u0131lamak i\u00e7in \u00e7al\u0131\u015fmalar\u0131m\u0131z\u0131 s\u00fcrd\u00fcr\u00fcyoruz. Dijitalle\u015fme \u00e7al\u0131\u015fmalar\u0131m\u0131z ise lisans\u00fcst\u00fc tezlerin dijital ortama aktar\u0131lmas\u0131, bu tezlerin eri\u015fime a\u00e7\u0131lmas\u0131, t\u00fcm yaz\u0131\u015fma s\u00fcre\u00e7lerinin dijital ortamda takip edilmesi ve depolanmas\u0131, internet sitemizin T\u00fcrk\u00e7e ve \u0130ngilizce olarak s\u00fcrekli g\u00fcncel tutulmas\u0131 say\u0131labilir \u201d dedi.<\/p>\n<p style=\"text-align: justify;\"><b>\u201cMultidisipliner \u00e7al\u0131\u015fmalar\u0131n geli\u015fimine katk\u0131 sunan bir kongre\u201d<\/b><\/p>\n<p style=\"text-align: justify;\">IKSAD Enstit\u00fcs\u00fc Genel Sekreteri Dr. Kald\u0131g\u00fcl Adilbekova, \u201cBir milleti ayakta tutan unsurlardan biri ve en<img loading=\"lazy\" decoding=\"async\" class=\"size-medium wp-image-15326 alignright\" src=\"http:\/\/www.euegeajans.com\/wp-content\/uploads\/2023\/06\/Dr-Kaldigul-Adilbekova-6-300x200.jpg\" alt=\"\" width=\"300\" height=\"200\" srcset=\"https:\/\/www.euegeajans.com\/wp-content\/uploads\/2023\/06\/Dr-Kaldigul-Adilbekova-6-300x200.jpg 300w, https:\/\/www.euegeajans.com\/wp-content\/uploads\/2023\/06\/Dr-Kaldigul-Adilbekova-6-1024x683.jpg 1024w, https:\/\/www.euegeajans.com\/wp-content\/uploads\/2023\/06\/Dr-Kaldigul-Adilbekova-6-768x512.jpg 768w, https:\/\/www.euegeajans.com\/wp-content\/uploads\/2023\/06\/Dr-Kaldigul-Adilbekova-6.jpg 1500w\" sizes=\"auto, (max-width: 300px) 100vw, 300px\" \/> \u00f6nemlisi o milletin manevi de\u011ferlerini \u00fcst\u00fcnl\u00fc\u011f\u00fcd\u00fcr. Bu de\u011ferlerin \u00fcst\u00fcne in\u015fa edilecek bilgiyi payla\u015fmak ad\u0131na bilim anlat\u0131c\u0131l\u0131\u011f\u0131 ve bilim diplomasisini geli\u015ftirmeyi hedefledi\u011fimiz bu kongreleri Ege \u00dcniversitesinde yapmaktan b\u00fcy\u00fck mutluluk duyuyoruz.\u00a0 Ege kongreleri, \u00e7ok say\u0131da bilim insan\u0131n\u0131 bir araya getirmeyi ba\u015faran, bir\u00e7ok enstit\u00fcs\u00fc ve bilim dal\u0131n\u0131 birlikte \u00e7al\u0131\u015fmak i\u00e7in te\u015fvik eden, multidisipliner \u00e7al\u0131\u015fmalar\u0131n geli\u015fimine katk\u0131 sunan bir kongre olmay\u0131 ba\u015fard\u0131. De\u011fi\u015fimlerin, d\u00f6n\u00fc\u015f\u00fcmlerin, yeniliklerin ya\u015fand\u0131\u011f\u0131 s\u00fcre\u00e7lerde ayn\u0131 amac\u0131 ta\u015f\u0131yanlar daha s\u0131k bir araya gelmesi gerekiyor\u201d diye konu\u015ftu.<\/p>\n<p style=\"text-align: justify;\">Kongrede bulunmaktan memnun olduklar\u0131n\u0131 dile getiren Ta\u015fkent Kimya Enstit\u00fcs\u00fc \u00f6\u011fretim \u00fcyesi Do\u00e7. Dr. G\u00fclbahar Tavald\u0131eva, \u201cT\u00fcrkiye\u2019deki \u00fcniversitelerle daha \u00e7ok akademik i\u015f birli\u011fi yapma s\u00fcrecini ba\u015flatm\u0131\u015f vaziyetteyiz ve bu kongre sayesinde gayretlerimizin meyvelerini ald\u0131\u011f\u0131m\u0131z\u0131 g\u00f6r\u00fcyoruz. \u0130ki \u00fclke aras\u0131ndaki akademik ziyaretleri daha \u00e7ok s\u0131kla\u015ft\u0131rmak istiyoruz\u201d dedi.<\/p>\n<p style=\"text-align: justify;\">Yo\u011fun kat\u0131l\u0131m\u0131n oldu\u011fu kongrede, yurt i\u00e7i ve yurt d\u0131\u015f\u0131ndan sosyal-be\u015feri bilimler alan\u0131nda 200, fen-sa\u011fl\u0131k bilimleri alanlar\u0131nda 110 ve m\u00fchendislik ve inovasyon alanlar\u0131nda 137 olmak \u00fczere toplam 447 bildiri y\u00fcz y\u00fcze ve \u00e7evrimi\u00e7i oturumlar ile kat\u0131l\u0131mc\u0131lara sunuldu.<\/p>\n<div id='gallery-1' class='gallery galleryid-15322 gallery-columns-3 gallery-size-medium'><figure class='gallery-item'>\n\t\t\t<div class='gallery-icon landscape'>\n\t\t\t\t<a href='https:\/\/www.euegeajans.com\/wp-content\/uploads\/2023\/06\/EGE_2745.jpg'><img loading=\"lazy\" decoding=\"async\" width=\"300\" height=\"200\" src=\"https:\/\/www.euegeajans.com\/wp-content\/uploads\/2023\/06\/EGE_2745-300x200.jpg\" class=\"attachment-medium size-medium\" alt=\"\" srcset=\"https:\/\/www.euegeajans.com\/wp-content\/uploads\/2023\/06\/EGE_2745-300x200.jpg 300w, https:\/\/www.euegeajans.com\/wp-content\/uploads\/2023\/06\/EGE_2745-1024x683.jpg 1024w, https:\/\/www.euegeajans.com\/wp-content\/uploads\/2023\/06\/EGE_2745-768x512.jpg 768w, https:\/\/www.euegeajans.com\/wp-content\/uploads\/2023\/06\/EGE_2745.jpg 1500w\" sizes=\"auto, (max-width: 300px) 100vw, 300px\" \/><\/a>\n\t\t\t<\/div><\/figure><figure class='gallery-item'>\n\t\t\t<div class='gallery-icon landscape'>\n\t\t\t\t<a href='https:\/\/www.euegeajans.com\/wp-content\/uploads\/2023\/06\/EGE_2823.jpg'><img loading=\"lazy\" decoding=\"async\" width=\"300\" height=\"200\" src=\"https:\/\/www.euegeajans.com\/wp-content\/uploads\/2023\/06\/EGE_2823-300x200.jpg\" class=\"attachment-medium size-medium\" alt=\"\" srcset=\"https:\/\/www.euegeajans.com\/wp-content\/uploads\/2023\/06\/EGE_2823-300x200.jpg 300w, https:\/\/www.euegeajans.com\/wp-content\/uploads\/2023\/06\/EGE_2823-1024x683.jpg 1024w, https:\/\/www.euegeajans.com\/wp-content\/uploads\/2023\/06\/EGE_2823-768x512.jpg 768w, https:\/\/www.euegeajans.com\/wp-content\/uploads\/2023\/06\/EGE_2823.jpg 1500w\" sizes=\"auto, (max-width: 300px) 100vw, 300px\" \/><\/a>\n\t\t\t<\/div><\/figure><figure class='gallery-item'>\n\t\t\t<div class='gallery-icon landscape'>\n\t\t\t\t<a href='https:\/\/www.euegeajans.com\/wp-content\/uploads\/2023\/06\/EGE_2834.jpg'><img loading=\"lazy\" decoding=\"async\" width=\"300\" height=\"200\" src=\"https:\/\/www.euegeajans.com\/wp-content\/uploads\/2023\/06\/EGE_2834-300x200.jpg\" class=\"attachment-medium size-medium\" alt=\"\" srcset=\"https:\/\/www.euegeajans.com\/wp-content\/uploads\/2023\/06\/EGE_2834-300x200.jpg 300w, https:\/\/www.euegeajans.com\/wp-content\/uploads\/2023\/06\/EGE_2834-1024x683.jpg 1024w, https:\/\/www.euegeajans.com\/wp-content\/uploads\/2023\/06\/EGE_2834-768x512.jpg 768w, https:\/\/www.euegeajans.com\/wp-content\/uploads\/2023\/06\/EGE_2834.jpg 1500w\" sizes=\"auto, (max-width: 300px) 100vw, 300px\" \/><\/a>\n\t\t\t<\/div><\/figure><figure class='gallery-item'>\n\t\t\t<div class='gallery-icon landscape'>\n\t\t\t\t<a href='https:\/\/www.euegeajans.com\/wp-content\/uploads\/2023\/06\/EGE_2837.jpg'><img loading=\"lazy\" decoding=\"async\" width=\"300\" height=\"200\" src=\"https:\/\/www.euegeajans.com\/wp-content\/uploads\/2023\/06\/EGE_2837-300x200.jpg\" class=\"attachment-medium size-medium\" alt=\"\" srcset=\"https:\/\/www.euegeajans.com\/wp-content\/uploads\/2023\/06\/EGE_2837-300x200.jpg 300w, https:\/\/www.euegeajans.com\/wp-content\/uploads\/2023\/06\/EGE_2837-1024x683.jpg 1024w, https:\/\/www.euegeajans.com\/wp-content\/uploads\/2023\/06\/EGE_2837-768x512.jpg 768w, https:\/\/www.euegeajans.com\/wp-content\/uploads\/2023\/06\/EGE_2837.jpg 1500w\" sizes=\"auto, (max-width: 300px) 100vw, 300px\" \/><\/a>\n\t\t\t<\/div><\/figure><figure class='gallery-item'>\n\t\t\t<div class='gallery-icon landscape'>\n\t\t\t\t<a href='https:\/\/www.euegeajans.com\/wp-content\/uploads\/2023\/06\/EGE_2841.jpg'><img loading=\"lazy\" decoding=\"async\" width=\"300\" height=\"200\" src=\"https:\/\/www.euegeajans.com\/wp-content\/uploads\/2023\/06\/EGE_2841-300x200.jpg\" class=\"attachment-medium size-medium\" alt=\"\" srcset=\"https:\/\/www.euegeajans.com\/wp-content\/uploads\/2023\/06\/EGE_2841-300x200.jpg 300w, https:\/\/www.euegeajans.com\/wp-content\/uploads\/2023\/06\/EGE_2841-1024x683.jpg 1024w, https:\/\/www.euegeajans.com\/wp-content\/uploads\/2023\/06\/EGE_2841-768x512.jpg 768w, https:\/\/www.euegeajans.com\/wp-content\/uploads\/2023\/06\/EGE_2841.jpg 1500w\" sizes=\"auto, (max-width: 300px) 100vw, 300px\" \/><\/a>\n\t\t\t<\/div><\/figure><figure class='gallery-item'>\n\t\t\t<div class='gallery-icon landscape'>\n\t\t\t\t<a href='https:\/\/www.euegeajans.com\/wp-content\/uploads\/2023\/06\/Gulbahar-Tavaldieva-2.jpg'><img loading=\"lazy\" decoding=\"async\" width=\"300\" height=\"200\" src=\"https:\/\/www.euegeajans.com\/wp-content\/uploads\/2023\/06\/Gulbahar-Tavaldieva-2-300x200.jpg\" class=\"attachment-medium size-medium\" alt=\"\" srcset=\"https:\/\/www.euegeajans.com\/wp-content\/uploads\/2023\/06\/Gulbahar-Tavaldieva-2-300x200.jpg 300w, https:\/\/www.euegeajans.com\/wp-content\/uploads\/2023\/06\/Gulbahar-Tavaldieva-2-1024x683.jpg 1024w, https:\/\/www.euegeajans.com\/wp-content\/uploads\/2023\/06\/Gulbahar-Tavaldieva-2-768x512.jpg 768w, https:\/\/www.euegeajans.com\/wp-content\/uploads\/2023\/06\/Gulbahar-Tavaldieva-2.jpg 1500w\" sizes=\"auto, (max-width: 300px) 100vw, 300px\" \/><\/a>\n\t\t\t<\/div><\/figure><figure class='gallery-item'>\n\t\t\t<div class='gallery-icon landscape'>\n\t\t\t\t<a href='https:\/\/www.euegeajans.com\/wp-content\/uploads\/2023\/06\/Prof-Dr-Izimbet-Turdimam-Betov-1-1.jpg'><img loading=\"lazy\" decoding=\"async\" width=\"300\" height=\"200\" src=\"https:\/\/www.euegeajans.com\/wp-content\/uploads\/2023\/06\/Prof-Dr-Izimbet-Turdimam-Betov-1-1-300x200.jpg\" class=\"attachment-medium size-medium\" alt=\"\" srcset=\"https:\/\/www.euegeajans.com\/wp-content\/uploads\/2023\/06\/Prof-Dr-Izimbet-Turdimam-Betov-1-1-300x200.jpg 300w, https:\/\/www.euegeajans.com\/wp-content\/uploads\/2023\/06\/Prof-Dr-Izimbet-Turdimam-Betov-1-1-1024x683.jpg 1024w, https:\/\/www.euegeajans.com\/wp-content\/uploads\/2023\/06\/Prof-Dr-Izimbet-Turdimam-Betov-1-1-768x512.jpg 768w, https:\/\/www.euegeajans.com\/wp-content\/uploads\/2023\/06\/Prof-Dr-Izimbet-Turdimam-Betov-1-1.jpg 1500w\" sizes=\"auto, (max-width: 300px) 100vw, 300px\" \/><\/a>\n\t\t\t<\/div><\/figure><figure class='gallery-item'>\n\t\t\t<div class='gallery-icon landscape'>\n\t\t\t\t<a href='https:\/\/www.euegeajans.com\/wp-content\/uploads\/2023\/06\/EGE-11.jpg'><img loading=\"lazy\" decoding=\"async\" width=\"300\" height=\"158\" src=\"https:\/\/www.euegeajans.com\/wp-content\/uploads\/2023\/06\/EGE-11-300x158.jpg\" class=\"attachment-medium size-medium\" alt=\"\" srcset=\"https:\/\/www.euegeajans.com\/wp-content\/uploads\/2023\/06\/EGE-11-300x158.jpg 300w, https:\/\/www.euegeajans.com\/wp-content\/uploads\/2023\/06\/EGE-11-1024x538.jpg 1024w, https:\/\/www.euegeajans.com\/wp-content\/uploads\/2023\/06\/EGE-11-768x403.jpg 768w, https:\/\/www.euegeajans.com\/wp-content\/uploads\/2023\/06\/EGE-11-720x380.jpg 720w, https:\/\/www.euegeajans.com\/wp-content\/uploads\/2023\/06\/EGE-11.jpg 1489w\" sizes=\"auto, (max-width: 300px) 100vw, 300px\" \/><\/a>\n\t\t\t<\/div><\/figure>\n\t\t<\/div>\n\n","protected":false},"excerpt":{"rendered":"<p>E\u00dc\u2019de \u201cII. Uluslararas\u0131 Ege Kongreleri\u201d Ege \u00dcniversitesi (E\u00dc), \u00d6zbekistan Karakalpak Devlet \u00dcniversitesi, \u00d6zbekistan Ta\u015fkent Kimya&#8230;<\/p>\n","protected":false},"author":2,"featured_media":15335,"comment_status":"open","ping_status":"open","sticky":false,"template":"","format":"standard","meta":{"footnotes":""},"categories":[1],"tags":[],"class_list":["post-15322","post","type-post","status-publish","format-standard","has-post-thumbnail","hentry","category-gncl"],"featured_image_urls":{"full":["https:\/\/www.euegeajans.com\/wp-content\/uploads\/2023\/06\/EGE-2-6.jpg",1496,827,false],"thumbnail":["https:\/\/www.euegeajans.com\/wp-content\/uploads\/2023\/06\/EGE-2-6-150x150.jpg",150,150,true],"medium":["https:\/\/www.euegeajans.com\/wp-content\/uploads\/2023\/06\/EGE-2-6-300x166.jpg",300,166,true],"medium_large":["https:\/\/www.euegeajans.com\/wp-content\/uploads\/2023\/06\/EGE-2-6-768x425.jpg",640,354,true],"large":["https:\/\/www.euegeajans.com\/wp-content\/uploads\/2023\/06\/EGE-2-6-1024x566.jpg",640,354,true],"1536x1536":["https:\/\/www.euegeajans.com\/wp-content\/uploads\/2023\/06\/EGE-2-6.jpg",1496,827,false],"2048x2048":["https:\/\/www.euegeajans.com\/wp-content\/uploads\/2023\/06\/EGE-2-6.jpg",1496,827,false],"newsphere-slider-full":["https:\/\/www.euegeajans.com\/wp-content\/uploads\/2023\/06\/EGE-2-6-1280x720.jpg",1280,720,true],"newsphere-featured":["https:\/\/www.euegeajans.com\/wp-content\/uploads\/2023\/06\/EGE-2-6-1024x566.jpg",1024,566,true],"newsphere-medium":["https:\/\/www.euegeajans.com\/wp-content\/uploads\/2023\/06\/EGE-2-6-720x380.jpg",720,380,true]},"author_info":{"display_name":"Editor","author_link":"https:\/\/www.euegeajans.com\/index.php\/author\/editor\/"},"category_info":"<a href=\"https:\/\/www.euegeajans.com\/index.php\/category\/gncl\/\" rel=\"category tag\">G\u00fcncel<\/a>","tag_info":"G\u00fcncel","comment_count":"0","_links":{"self":[{"href":"https:\/\/www.euegeajans.com\/index.php\/wp-json\/wp\/v2\/posts\/15322","targetHints":{"allow":["GET"]}}],"collection":[{"href":"https:\/\/www.euegeajans.com\/index.php\/wp-json\/wp\/v2\/posts"}],"about":[{"href":"https:\/\/www.euegeajans.com\/index.php\/wp-json\/wp\/v2\/types\/post"}],"author":[{"embeddable":true,"href":"https:\/\/www.euegeajans.com\/index.php\/wp-json\/wp\/v2\/users\/2"}],"replies":[{"embeddable":true,"href":"https:\/\/www.euegeajans.com\/index.php\/wp-json\/wp\/v2\/comments?post=15322"}],"version-history":[{"count":1,"href":"https:\/\/www.euegeajans.com\/index.php\/wp-json\/wp\/v2\/posts\/15322\/revisions"}],"predecessor-version":[{"id":15336,"href":"https:\/\/www.euegeajans.com\/index.php\/wp-json\/wp\/v2\/posts\/15322\/revisions\/15336"}],"wp:featuredmedia":[{"embeddable":true,"href":"https:\/\/www.euegeajans.com\/index.php\/wp-json\/wp\/v2\/media\/15335"}],"wp:attachment":[{"href":"https:\/\/www.euegeajans.com\/index.php\/wp-json\/wp\/v2\/media?parent=15322"}],"wp:term":[{"taxonomy":"category","embeddable":true,"href":"https:\/\/www.euegeajans.com\/index.php\/wp-json\/wp\/v2\/categories?post=15322"},{"taxonomy":"post_tag","embeddable":true,"href":"https:\/\/www.euegeajans.com\/index.php\/wp-json\/wp\/v2\/tags?post=15322"}],"curies":[{"name":"wp","href":"https:\/\/api.w.org\/{rel}","templated":true}]}}