{"id":15265,"date":"2023-06-12T07:41:42","date_gmt":"2023-06-12T07:41:42","guid":{"rendered":"https:\/\/www.euegeajans.com\/?p=15265"},"modified":"2023-06-12T07:41:42","modified_gmt":"2023-06-12T07:41:42","slug":"egeli-genclerden-hastalara-moral-verecek-sanat-projesi","status":"publish","type":"post","link":"https:\/\/www.euegeajans.com\/index.php\/2023\/06\/12\/egeli-genclerden-hastalara-moral-verecek-sanat-projesi\/","title":{"rendered":"Egeli gen\u00e7lerden hastalara moral verecek sanat projesi"},"content":{"rendered":"<p style=\"text-align: justify;\"><img loading=\"lazy\" decoding=\"async\" class=\"size-medium wp-image-15268 alignleft\" src=\"http:\/\/www.euegeajans.com\/wp-content\/uploads\/2023\/06\/urla-devlet-hastanesi-duvar-resmi-projesi-2-300x169.jpg\" alt=\"\" width=\"300\" height=\"169\" \/>Ege \u00dcniversitesi (E\u00dc) E\u011fitim Fak\u00fcltesi G\u00fczel Sanatlar E\u011fitimi B\u00f6l\u00fcm\u00fc \u00f6\u011frencileri &#8220;Topluma Hizmet Uygulamalar\u0131&#8221; dersi kapsam\u0131nda y\u00fcr\u00fctt\u00fckleri Sosyal Sorumluluk Projesi kapsam\u0131nda Urla Devlet Hastanesinin duvarlar\u0131n\u0131 resimlediler. E\u00dc E\u011fitim Fak\u00fcltesi G\u00fczel Sanatlar E\u011fitimi B\u00f6l\u00fcm\u00fc \u00f6\u011fretim \u00fcyesi Do\u00e7. Dr. Dizar Ercivan Zencirci\u2019nin y\u00fcr\u00fct\u00fcc\u00fcl\u00fc\u011f\u00fcnde, G\u00fczel Sanatlar E\u011fitimi B\u00f6l\u00fcm\u00fc 4. S\u0131n\u0131f \u00f6\u011frencileri, Urla Devlet Hastanesi Kad\u0131n Do\u011fum ve \u00c7ocuk Hastal\u0131klar\u0131 Servisi i\u00e7 duvarlar\u0131n\u0131 12 duvar resmi ile renklendirdiler.<\/p>\n<p style=\"text-align: justify;\">Projenin amac\u0131 hakk\u0131nda bilgi veren Do\u00e7. Dr. Dizar Ercivan Zencirci, \u201cUrla Devlet Hastanesine her g\u00fcn gelen hasta veya bebek bekleyen kad\u0131n ve hasta \u00e7ocuklar\u0131n hastane s\u00fcrecinde ihtiya\u00e7lar\u0131 olan psikolojik deste\u011fe katk\u0131 sunmak; do\u011fum yapan annelerin ve hasta \u00e7ocuklar\u0131n psikolojik ihtiya\u00e7lar\u0131n\u0131 bir nebze kar\u015f\u0131layabilmek, onlara moral ve motivasyon kayna\u011f\u0131 olmak ad\u0131na hastanenin Kad\u0131n Do\u011fum ve \u00c7ocuk Hastal\u0131klar\u0131 Servisine ve bu servisin b\u00fcnyesinde yer alan \u2018Gebe Okulu\u2019 duvarlar\u0131na, \u00f6\u011frencilerimizle beraber izleyicide ho\u015f etki b\u0131rakacak, ilgi \u00e7ekici, estetik eserler b\u0131rakmay\u0131 ama\u00e7lad\u0131k\u201d diye konu\u015ftu.<\/p>\n<p style=\"text-align: justify;\"><img loading=\"lazy\" decoding=\"async\" class=\"size-medium wp-image-15267 alignleft\" src=\"http:\/\/www.euegeajans.com\/wp-content\/uploads\/2023\/06\/urla-devlet-hastanesi-duvar-resmi-projesi-1-300x169.jpg\" alt=\"\" width=\"300\" height=\"169\" srcset=\"https:\/\/www.euegeajans.com\/wp-content\/uploads\/2023\/06\/urla-devlet-hastanesi-duvar-resmi-projesi-1-300x169.jpg 300w, https:\/\/www.euegeajans.com\/wp-content\/uploads\/2023\/06\/urla-devlet-hastanesi-duvar-resmi-projesi-1-1024x576.jpg 1024w, https:\/\/www.euegeajans.com\/wp-content\/uploads\/2023\/06\/urla-devlet-hastanesi-duvar-resmi-projesi-1-768x432.jpg 768w, https:\/\/www.euegeajans.com\/wp-content\/uploads\/2023\/06\/urla-devlet-hastanesi-duvar-resmi-projesi-1-1280x720.jpg 1280w, https:\/\/www.euegeajans.com\/wp-content\/uploads\/2023\/06\/urla-devlet-hastanesi-duvar-resmi-projesi-1.jpg 1529w\" sizes=\"auto, (max-width: 300px) 100vw, 300px\" \/>Do\u00e7. Dr. Dizar Ercivan Zencirci ve projede g\u00f6revli 4. S\u0131n\u0131f \u00f6\u011frencileri Demet Akbulut, Rohat Demir, Ecem Eyl\u00fcl Metin, Beyza Dalman, Ahmet Girgin,\u00a0 Demet Akbulut\u2019a, Urla Devlet Hastanesi Ba\u015fhekimi Dr. \u00d6mer Ko\u00e7ak taraf\u0131ndan \u201cTe\u015fekk\u00fcr Belgesi\u201d takdim edildi.<\/p>\n<div id='gallery-1' class='gallery galleryid-15265 gallery-columns-2 gallery-size-medium'><figure class='gallery-item'>\n\t\t\t<div class='gallery-icon landscape'>\n\t\t\t\t<a href='https:\/\/www.euegeajans.com\/index.php\/2023\/06\/12\/egeli-genclerden-hastalara-moral-verecek-sanat-projesi\/urla-devlet-hastanesi-duvar-resmi-projesi-12\/'><img loading=\"lazy\" decoding=\"async\" width=\"300\" height=\"226\" src=\"https:\/\/www.euegeajans.com\/wp-content\/uploads\/2023\/06\/urla-devlet-hastanesi-duvar-resmi-projesi-12-300x226.jpg\" class=\"attachment-medium size-medium\" alt=\"\" srcset=\"https:\/\/www.euegeajans.com\/wp-content\/uploads\/2023\/06\/urla-devlet-hastanesi-duvar-resmi-projesi-12-300x226.jpg 300w, https:\/\/www.euegeajans.com\/wp-content\/uploads\/2023\/06\/urla-devlet-hastanesi-duvar-resmi-projesi-12-1024x772.jpg 1024w, https:\/\/www.euegeajans.com\/wp-content\/uploads\/2023\/06\/urla-devlet-hastanesi-duvar-resmi-projesi-12-768x579.jpg 768w, https:\/\/www.euegeajans.com\/wp-content\/uploads\/2023\/06\/urla-devlet-hastanesi-duvar-resmi-projesi-12.jpg 1440w\" sizes=\"auto, (max-width: 300px) 100vw, 300px\" \/><\/a>\n\t\t\t<\/div><\/figure><figure class='gallery-item'>\n\t\t\t<div class='gallery-icon landscape'>\n\t\t\t\t<a href='https:\/\/www.euegeajans.com\/index.php\/2023\/06\/12\/egeli-genclerden-hastalara-moral-verecek-sanat-projesi\/urla-devlet-hastanesi-duvar-resmi-projesi-6\/'><img loading=\"lazy\" decoding=\"async\" width=\"300\" height=\"169\" src=\"https:\/\/www.euegeajans.com\/wp-content\/uploads\/2023\/06\/urla-devlet-hastanesi-duvar-resmi-projesi-6-300x169.jpg\" class=\"attachment-medium size-medium\" alt=\"\" srcset=\"https:\/\/www.euegeajans.com\/wp-content\/uploads\/2023\/06\/urla-devlet-hastanesi-duvar-resmi-projesi-6-300x169.jpg 300w, https:\/\/www.euegeajans.com\/wp-content\/uploads\/2023\/06\/urla-devlet-hastanesi-duvar-resmi-projesi-6-1024x576.jpg 1024w, https:\/\/www.euegeajans.com\/wp-content\/uploads\/2023\/06\/urla-devlet-hastanesi-duvar-resmi-projesi-6-768x432.jpg 768w, https:\/\/www.euegeajans.com\/wp-content\/uploads\/2023\/06\/urla-devlet-hastanesi-duvar-resmi-projesi-6-1280x720.jpg 1280w, https:\/\/www.euegeajans.com\/wp-content\/uploads\/2023\/06\/urla-devlet-hastanesi-duvar-resmi-projesi-6.jpg 1529w\" sizes=\"auto, (max-width: 300px) 100vw, 300px\" \/><\/a>\n\t\t\t<\/div><\/figure><figure class='gallery-item'>\n\t\t\t<div class='gallery-icon landscape'>\n\t\t\t\t<a href='https:\/\/www.euegeajans.com\/index.php\/2023\/06\/12\/egeli-genclerden-hastalara-moral-verecek-sanat-projesi\/urla-devlet-hastanesi-duvar-resmi-projesi-3\/'><img loading=\"lazy\" decoding=\"async\" width=\"300\" height=\"169\" src=\"https:\/\/www.euegeajans.com\/wp-content\/uploads\/2023\/06\/urla-devlet-hastanesi-duvar-resmi-projesi-3-300x169.jpg\" class=\"attachment-medium size-medium\" alt=\"\" srcset=\"https:\/\/www.euegeajans.com\/wp-content\/uploads\/2023\/06\/urla-devlet-hastanesi-duvar-resmi-projesi-3-300x169.jpg 300w, https:\/\/www.euegeajans.com\/wp-content\/uploads\/2023\/06\/urla-devlet-hastanesi-duvar-resmi-projesi-3-1024x576.jpg 1024w, https:\/\/www.euegeajans.com\/wp-content\/uploads\/2023\/06\/urla-devlet-hastanesi-duvar-resmi-projesi-3-768x432.jpg 768w, https:\/\/www.euegeajans.com\/wp-content\/uploads\/2023\/06\/urla-devlet-hastanesi-duvar-resmi-projesi-3-1280x720.jpg 1280w, https:\/\/www.euegeajans.com\/wp-content\/uploads\/2023\/06\/urla-devlet-hastanesi-duvar-resmi-projesi-3.jpg 1529w\" sizes=\"auto, (max-width: 300px) 100vw, 300px\" \/><\/a>\n\t\t\t<\/div><\/figure>\n\t\t<\/div>\n\n","protected":false},"excerpt":{"rendered":"<p>Ege \u00dcniversitesi (E\u00dc) E\u011fitim Fak\u00fcltesi G\u00fczel Sanatlar E\u011fitimi B\u00f6l\u00fcm\u00fc \u00f6\u011frencileri &#8220;Topluma Hizmet Uygulamalar\u0131&#8221; dersi kapsam\u0131nda&#8230;<\/p>\n","protected":false},"author":2,"featured_media":15271,"comment_status":"open","ping_status":"open","sticky":false,"template":"","format":"standard","meta":{"footnotes":""},"categories":[99,1,11],"tags":[],"class_list":["post-15265","post","type-post","status-publish","format-standard","has-post-thumbnail","hentry","category-egitim","category-gncl","category-haber"],"featured_image_urls":{"full":["https:\/\/www.euegeajans.com\/wp-content\/uploads\/2023\/06\/urla-devlet-hastanesi-duvar-resmi-projesi-11.jpg",1440,1087,false],"thumbnail":["https:\/\/www.euegeajans.com\/wp-content\/uploads\/2023\/06\/urla-devlet-hastanesi-duvar-resmi-projesi-11-150x150.jpg",150,150,true],"medium":["https:\/\/www.euegeajans.com\/wp-content\/uploads\/2023\/06\/urla-devlet-hastanesi-duvar-resmi-projesi-11-300x226.jpg",300,226,true],"medium_large":["https:\/\/www.euegeajans.com\/wp-content\/uploads\/2023\/06\/urla-devlet-hastanesi-duvar-resmi-projesi-11-768x580.jpg",640,483,true],"large":["https:\/\/www.euegeajans.com\/wp-content\/uploads\/2023\/06\/urla-devlet-hastanesi-duvar-resmi-projesi-11-1024x773.jpg",640,483,true],"1536x1536":["https:\/\/www.euegeajans.com\/wp-content\/uploads\/2023\/06\/urla-devlet-hastanesi-duvar-resmi-projesi-11.jpg",1440,1087,false],"2048x2048":["https:\/\/www.euegeajans.com\/wp-content\/uploads\/2023\/06\/urla-devlet-hastanesi-duvar-resmi-projesi-11.jpg",1440,1087,false],"newsphere-slider-full":["https:\/\/www.euegeajans.com\/wp-content\/uploads\/2023\/06\/urla-devlet-hastanesi-duvar-resmi-projesi-11-1280x720.jpg",1280,720,true],"newsphere-featured":["https:\/\/www.euegeajans.com\/wp-content\/uploads\/2023\/06\/urla-devlet-hastanesi-duvar-resmi-projesi-11-1024x773.jpg",1024,773,true],"newsphere-medium":["https:\/\/www.euegeajans.com\/wp-content\/uploads\/2023\/06\/urla-devlet-hastanesi-duvar-resmi-projesi-11-720x380.jpg",720,380,true]},"author_info":{"display_name":"Editor","author_link":"https:\/\/www.euegeajans.com\/index.php\/author\/editor\/"},"category_info":"<a href=\"https:\/\/www.euegeajans.com\/index.php\/category\/egitim\/\" rel=\"category tag\">E\u011fitim<\/a> <a href=\"https:\/\/www.euegeajans.com\/index.php\/category\/gncl\/\" rel=\"category tag\">G\u00fcncel<\/a> <a href=\"https:\/\/www.euegeajans.com\/index.php\/category\/haber\/\" rel=\"category tag\">Haber<\/a>","tag_info":"Haber","comment_count":"0","_links":{"self":[{"href":"https:\/\/www.euegeajans.com\/index.php\/wp-json\/wp\/v2\/posts\/15265","targetHints":{"allow":["GET"]}}],"collection":[{"href":"https:\/\/www.euegeajans.com\/index.php\/wp-json\/wp\/v2\/posts"}],"about":[{"href":"https:\/\/www.euegeajans.com\/index.php\/wp-json\/wp\/v2\/types\/post"}],"author":[{"embeddable":true,"href":"https:\/\/www.euegeajans.com\/index.php\/wp-json\/wp\/v2\/users\/2"}],"replies":[{"embeddable":true,"href":"https:\/\/www.euegeajans.com\/index.php\/wp-json\/wp\/v2\/comments?post=15265"}],"version-history":[{"count":1,"href":"https:\/\/www.euegeajans.com\/index.php\/wp-json\/wp\/v2\/posts\/15265\/revisions"}],"predecessor-version":[{"id":15273,"href":"https:\/\/www.euegeajans.com\/index.php\/wp-json\/wp\/v2\/posts\/15265\/revisions\/15273"}],"wp:featuredmedia":[{"embeddable":true,"href":"https:\/\/www.euegeajans.com\/index.php\/wp-json\/wp\/v2\/media\/15271"}],"wp:attachment":[{"href":"https:\/\/www.euegeajans.com\/index.php\/wp-json\/wp\/v2\/media?parent=15265"}],"wp:term":[{"taxonomy":"category","embeddable":true,"href":"https:\/\/www.euegeajans.com\/index.php\/wp-json\/wp\/v2\/categories?post=15265"},{"taxonomy":"post_tag","embeddable":true,"href":"https:\/\/www.euegeajans.com\/index.php\/wp-json\/wp\/v2\/tags?post=15265"}],"curies":[{"name":"wp","href":"https:\/\/api.w.org\/{rel}","templated":true}]}}