{"id":14240,"date":"2023-03-30T05:35:00","date_gmt":"2023-03-30T05:35:00","guid":{"rendered":"https:\/\/www.euegeajans.com\/?p=14240"},"modified":"2023-03-30T07:39:17","modified_gmt":"2023-03-30T07:39:17","slug":"egeli-genc-arastirmacilarin-tubitak-basarisi-devam-ediyor","status":"publish","type":"post","link":"https:\/\/www.euegeajans.com\/index.php\/2023\/03\/30\/egeli-genc-arastirmacilarin-tubitak-basarisi-devam-ediyor\/","title":{"rendered":"<strong>Egeli gen\u00e7 ara\u015ft\u0131rmac\u0131lar\u0131n T\u00dcB\u0130TAK ba\u015far\u0131s\u0131 devam ediyor<\/strong>"},"content":{"rendered":"<p style=\"text-align: justify;\">\u00a0Ege \u00dcniversitesinde olu\u015fturulan bilim \u00fcretme ekosistemini s\u00fcrd\u00fcr\u00fclebilir k\u0131lmak hedefiyle akademisyenler ve \u00f6\u011frenciler yurt d\u0131\u015f\u0131ndaki \u00fcniversiteler ile i\u015f birlikleri kurmaya devam ediyor. E\u00dc T\u0131p Fak\u00fcltesi akademisyenlerinden Ara\u015ft\u0131rma G\u00f6revlisi \u00a0Dr. Kubilay Do\u011fan K\u0131l\u0131\u00e7 \u201cT\u00dcB\u0130TAK 2219-A Yurt D\u0131\u015f\u0131 Doktora Sonras\u0131 Ara\u015ft\u0131rma Burs Program\u0131\u201d ve Ara\u015ft\u0131rma G\u00f6revlisi \u00a0Derya Er\u0131\u015f\u0131k \u201cT\u00dcB\u0130TAK 2214-A Yurt D\u0131\u015f\u0131 Doktora S\u0131ras\u0131 Ara\u015ft\u0131rma Burs Program\u0131\u201d kapsam\u0131nda desteklenmeye lay\u0131k g\u00f6r\u00fcld\u00fc. Gen\u00e7 bilim insanlar\u0131n\u0131n tez dan\u0131\u015fmanl\u0131\u011f\u0131n\u0131 ise E\u00dc T\u0131p Fak\u00fcltesi Histoloji ve Embriyoloji Anabilim Dal\u0131 \u00f6\u011fretim \u00fcyesi Prof. Dr. Yi\u011fit Uyan\u0131kgil\u2019in \u00fcstleniyor.<\/p>\n<p style=\"text-align: justify;\">Prof. Dr. Yi\u011fit Uyan\u0131kgil ve gen\u00e7 ara\u015ft\u0131rmac\u0131lar, Ege \u00dcniversitesi Rekt\u00f6r\u00fc Prof. Dr. Necdet Budak\u2019\u0131 makam\u0131nda ziyaret etti. Ege \u00dcniversitesinin uluslararas\u0131la\u015fma hedefleri kapsam\u0131nda T\u00dcB\u0130TAK yurtd\u0131\u015f\u0131 burslar\u0131n\u0131n \u00f6nemini vurgulayan Prof. Dr. Necdet Budak gen\u00e7 ara\u015ft\u0131rmac\u0131lar\u0131 ve tez dan\u0131\u015fmanlar\u0131 Prof. Dr. Yi\u011fit Uyan\u0131kgil\u2019i tebrik ederek \u00e7al\u0131\u015fmalar\u0131nda ba\u015far\u0131lar diledi. Prof. Dr. Budak \u201cT\u0131p Fak\u00fcltesi \u00d6\u011fretim \u00dcyesi Prof. Dr. Yi\u011fit Uyan\u0131kgil ve T\u00dcB\u0130TAK \u20182219-A Yurt D\u0131\u015f\u0131 Doktora Sonras\u0131 Ara\u015ft\u0131rma Burs Program\u0131\u2019 ve \u20182214-A Yurt D\u0131\u015f\u0131 Doktora S\u0131ras\u0131 Ara\u015ft\u0131rma Burs Program\u0131\u2019 kapsam\u0131nda burs kazanan doktora \u00f6\u011frencilerimize nazik ziyaretleri i\u00e7in te\u015fekk\u00fcr ediyorum\u201d dedi.<\/p>\n<p style=\"text-align: justify;\">T\u00dcB\u0130TAK programlardan 2219-A program\u0131 kapsam\u0131nda Dr. Kubilay Do\u011fan K\u0131l\u0131\u00e7, doktora sonras\u0131 \u00e7al\u0131\u015fmalar\u0131n\u0131 Almanya M\u00fcnih\u2019te bulunan Helmholtz Enstit\u00fcs\u00fcnde iTERM laboratuvarlar\u0131nda yeni nesil histolojik \u015feffaflama teknikleri \u00fczerinde ger\u00e7ekle\u015ftirecek. Ara\u015f. G\u00f6r.\u00a0 Derya Er\u0131\u015f\u0131k ise 2214-A program\u0131 kapsam\u0131nda, \u0130sve\u00e7\u2019teki Karolinska Enstit\u00fcs\u00fc\u2019nde h\u00fccresel tedaviler ile ilgili doktora tez \u00e7al\u0131\u015fmalar\u0131n\u0131 ger\u00e7ekle\u015ftirmeye hak kazand\u0131.<\/p>\n","protected":false},"excerpt":{"rendered":"<p>\u00a0Ege \u00dcniversitesinde olu\u015fturulan bilim \u00fcretme ekosistemini s\u00fcrd\u00fcr\u00fclebilir k\u0131lmak hedefiyle akademisyenler ve \u00f6\u011frenciler yurt d\u0131\u015f\u0131ndaki \u00fcniversiteler&#8230;<\/p>\n","protected":false},"author":2,"featured_media":14241,"comment_status":"open","ping_status":"open","sticky":false,"template":"","format":"standard","meta":{"footnotes":""},"categories":[69,99,1],"tags":[],"class_list":["post-14240","post","type-post","status-publish","format-standard","has-post-thumbnail","hentry","category-bilim","category-egitim","category-gncl"],"featured_image_urls":{"full":["https:\/\/www.euegeajans.com\/wp-content\/uploads\/2023\/03\/YIGIT-UYANIKGIL-KUBILAY-DOGAN-KILIC-NECDET-BUDAK-DERYA-ERISIK.jpg",1600,1298,false],"thumbnail":["https:\/\/www.euegeajans.com\/wp-content\/uploads\/2023\/03\/YIGIT-UYANIKGIL-KUBILAY-DOGAN-KILIC-NECDET-BUDAK-DERYA-ERISIK-150x150.jpg",150,150,true],"medium":["https:\/\/www.euegeajans.com\/wp-content\/uploads\/2023\/03\/YIGIT-UYANIKGIL-KUBILAY-DOGAN-KILIC-NECDET-BUDAK-DERYA-ERISIK-300x243.jpg",300,243,true],"medium_large":["https:\/\/www.euegeajans.com\/wp-content\/uploads\/2023\/03\/YIGIT-UYANIKGIL-KUBILAY-DOGAN-KILIC-NECDET-BUDAK-DERYA-ERISIK-768x623.jpg",640,519,true],"large":["https:\/\/www.euegeajans.com\/wp-content\/uploads\/2023\/03\/YIGIT-UYANIKGIL-KUBILAY-DOGAN-KILIC-NECDET-BUDAK-DERYA-ERISIK-1024x831.jpg",640,519,true],"1536x1536":["https:\/\/www.euegeajans.com\/wp-content\/uploads\/2023\/03\/YIGIT-UYANIKGIL-KUBILAY-DOGAN-KILIC-NECDET-BUDAK-DERYA-ERISIK-1536x1246.jpg",1536,1246,true],"2048x2048":["https:\/\/www.euegeajans.com\/wp-content\/uploads\/2023\/03\/YIGIT-UYANIKGIL-KUBILAY-DOGAN-KILIC-NECDET-BUDAK-DERYA-ERISIK.jpg",1600,1298,false],"newsphere-slider-full":["https:\/\/www.euegeajans.com\/wp-content\/uploads\/2023\/03\/YIGIT-UYANIKGIL-KUBILAY-DOGAN-KILIC-NECDET-BUDAK-DERYA-ERISIK-1280x720.jpg",1280,720,true],"newsphere-featured":["https:\/\/www.euegeajans.com\/wp-content\/uploads\/2023\/03\/YIGIT-UYANIKGIL-KUBILAY-DOGAN-KILIC-NECDET-BUDAK-DERYA-ERISIK-1024x831.jpg",1024,831,true],"newsphere-medium":["https:\/\/www.euegeajans.com\/wp-content\/uploads\/2023\/03\/YIGIT-UYANIKGIL-KUBILAY-DOGAN-KILIC-NECDET-BUDAK-DERYA-ERISIK-720x380.jpg",720,380,true]},"author_info":{"display_name":"Editor","author_link":"https:\/\/www.euegeajans.com\/index.php\/author\/editor\/"},"category_info":"<a href=\"https:\/\/www.euegeajans.com\/index.php\/category\/bilim\/\" rel=\"category tag\">Bilim<\/a> <a href=\"https:\/\/www.euegeajans.com\/index.php\/category\/egitim\/\" rel=\"category tag\">E\u011fitim<\/a> <a href=\"https:\/\/www.euegeajans.com\/index.php\/category\/gncl\/\" rel=\"category tag\">G\u00fcncel<\/a>","tag_info":"G\u00fcncel","comment_count":"0","_links":{"self":[{"href":"https:\/\/www.euegeajans.com\/index.php\/wp-json\/wp\/v2\/posts\/14240","targetHints":{"allow":["GET"]}}],"collection":[{"href":"https:\/\/www.euegeajans.com\/index.php\/wp-json\/wp\/v2\/posts"}],"about":[{"href":"https:\/\/www.euegeajans.com\/index.php\/wp-json\/wp\/v2\/types\/post"}],"author":[{"embeddable":true,"href":"https:\/\/www.euegeajans.com\/index.php\/wp-json\/wp\/v2\/users\/2"}],"replies":[{"embeddable":true,"href":"https:\/\/www.euegeajans.com\/index.php\/wp-json\/wp\/v2\/comments?post=14240"}],"version-history":[{"count":1,"href":"https:\/\/www.euegeajans.com\/index.php\/wp-json\/wp\/v2\/posts\/14240\/revisions"}],"predecessor-version":[{"id":14242,"href":"https:\/\/www.euegeajans.com\/index.php\/wp-json\/wp\/v2\/posts\/14240\/revisions\/14242"}],"wp:featuredmedia":[{"embeddable":true,"href":"https:\/\/www.euegeajans.com\/index.php\/wp-json\/wp\/v2\/media\/14241"}],"wp:attachment":[{"href":"https:\/\/www.euegeajans.com\/index.php\/wp-json\/wp\/v2\/media?parent=14240"}],"wp:term":[{"taxonomy":"category","embeddable":true,"href":"https:\/\/www.euegeajans.com\/index.php\/wp-json\/wp\/v2\/categories?post=14240"},{"taxonomy":"post_tag","embeddable":true,"href":"https:\/\/www.euegeajans.com\/index.php\/wp-json\/wp\/v2\/tags?post=14240"}],"curies":[{"name":"wp","href":"https:\/\/api.w.org\/{rel}","templated":true}]}}