{"id":13046,"date":"2022-12-24T06:54:31","date_gmt":"2022-12-24T06:54:31","guid":{"rendered":"https:\/\/www.euegeajans.com\/?p=13046"},"modified":"2022-12-24T07:04:54","modified_gmt":"2022-12-24T07:04:54","slug":"rektor-prof-dr-budak-yerli-ve-milli-asilar-gelistirmek-icin-calisacagiz","status":"publish","type":"post","link":"https:\/\/www.euegeajans.com\/index.php\/2022\/12\/24\/rektor-prof-dr-budak-yerli-ve-milli-asilar-gelistirmek-icin-calisacagiz\/","title":{"rendered":"Rekt\u00f6r Prof. Dr. Budak, \u201cYerli ve milli a\u015f\u0131lar geli\u015ftirmek i\u00e7in \u00e7al\u0131\u015faca\u011f\u0131z\u201d"},"content":{"rendered":"<p style=\"text-align: justify;\"><img loading=\"lazy\" decoding=\"async\" class=\"size-medium wp-image-13052 alignleft\" src=\"http:\/\/www.euegeajans.com\/wp-content\/uploads\/2022\/12\/Prof.-Dr.-Necdet-Budak-2-300x200.jpg\" alt=\"\" width=\"300\" height=\"200\" srcset=\"https:\/\/www.euegeajans.com\/wp-content\/uploads\/2022\/12\/Prof.-Dr.-Necdet-Budak-2-300x200.jpg 300w, https:\/\/www.euegeajans.com\/wp-content\/uploads\/2022\/12\/Prof.-Dr.-Necdet-Budak-2-1024x683.jpg 1024w, https:\/\/www.euegeajans.com\/wp-content\/uploads\/2022\/12\/Prof.-Dr.-Necdet-Budak-2-768x512.jpg 768w, https:\/\/www.euegeajans.com\/wp-content\/uploads\/2022\/12\/Prof.-Dr.-Necdet-Budak-2.jpg 1500w\" sizes=\"auto, (max-width: 300px) 100vw, 300px\" \/>Ege \u00dcniversitesi b\u00fcnyesinde Y\u00fcksek\u00f6\u011fretim Kurulu onay\u0131yla kurulan A\u015f\u0131 Geli\u015ftirme Uygulama ve Ara\u015ft\u0131rma Merkezinin yeni binas\u0131n\u0131n a\u00e7\u0131l\u0131\u015f\u0131 ger\u00e7ekle\u015ftirildi. A\u00e7\u0131l\u0131\u015f t\u00f6reninde konu\u015fan Rekt\u00f6r Prof. Dr. Necdet Budak, \u201c\u00dcniversitemizde var olan a\u015f\u0131 \u00e7al\u0131\u015fmalar\u0131 tecr\u00fcbesini daha ileriye ta\u015f\u0131mak, yenilik\u00e7i yerli ve milli a\u015f\u0131lar geli\u015ftirebilmek, teknolojik olarak uluslararas\u0131 enstit\u00fclerle rekabet edebilmek i\u00e7in \u00fcretmeye ve \u00e7al\u0131\u015fmaya devam edece\u011fiz\u201d dedi.<\/p>\n<p style=\"text-align: justify;\"><img loading=\"lazy\" decoding=\"async\" class=\"size-medium wp-image-13047 alignright\" src=\"http:\/\/www.euegeajans.com\/wp-content\/uploads\/2022\/12\/EU-ASI-MERKEZI-ACILIS-1-300x200.jpg\" alt=\"\" width=\"300\" height=\"200\" srcset=\"https:\/\/www.euegeajans.com\/wp-content\/uploads\/2022\/12\/EU-ASI-MERKEZI-ACILIS-1-300x200.jpg 300w, https:\/\/www.euegeajans.com\/wp-content\/uploads\/2022\/12\/EU-ASI-MERKEZI-ACILIS-1-1024x683.jpg 1024w, https:\/\/www.euegeajans.com\/wp-content\/uploads\/2022\/12\/EU-ASI-MERKEZI-ACILIS-1-768x512.jpg 768w, https:\/\/www.euegeajans.com\/wp-content\/uploads\/2022\/12\/EU-ASI-MERKEZI-ACILIS-1.jpg 1500w\" sizes=\"auto, (max-width: 300px) 100vw, 300px\" \/>Ege \u00dcniversitesi A\u015f\u0131 Geli\u015ftirme Uygulama ve Ara\u015ft\u0131rma Merkezi; Rekt\u00f6r Prof. Dr. Necdet Budak, Rekt\u00f6r\u00a0Yard\u0131mc\u0131s\u0131 ve T\u0131p Fak\u00fcltesi Dekan\u0131 Prof. Dr. Cemil G\u00fcrg\u00fcn, E\u00dcTF Hastanesi Ba\u015fhekimi Prof. Dr. \u00d6zg\u00fcr \u00c7o\u011fulu, Merkez M\u00fcd\u00fcr\u00fc Prof. Dr. Adnan Y\u00fcksel G\u00fcr\u00fcz, Merkez M\u00fcd\u00fcr Yard\u0131mc\u0131lar\u0131 Prof. Dr. Mert D\u00f6\u015fkaya ile Prof.\u00a0 Dr. G\u00fclten Kantarc\u0131 ve A\u015f\u0131 \u00c7al\u0131\u015fmalar\u0131 Anabilim Dal\u0131 \u00d6\u011fretim \u00dcyelerinin kat\u0131l\u0131m\u0131yla ger\u00e7ekle\u015fen t\u00f6renle a\u00e7\u0131ld\u0131.<\/p>\n<p style=\"text-align: justify;\">D\u00fcnyadaki de\u011fi\u015fim ve geli\u015fimin toplumlar\u0131 etkiledi\u011fini dile getiren Rekt\u00f6r Prof. Dr. Necdet Budak, \u201cEnd\u00fcstri toplumlar\u0131nda bireyselle\u015fme ve toplumsal farkl\u0131la\u015fma artarken kitle t\u00fcketimi ve e\u011fitimi benze\u015fmeyi de beraberinde getirmi\u015ftir. \u00d6zellikle end\u00fcstri sonras\u0131 toplumlarda mal \u00fcretiminden di\u011fer hizmetlere do\u011fru bir y\u00f6neli\u015f s\u00f6z konusu olmu\u015ftur. Bu hizmetler, \u00f6zellikle e\u011fitim, sa\u011fl\u0131k, sosyal hizmetler ve insani hizmetler ile bilimsel ara\u015ft\u0131rma ve geli\u015ftirme gibi mesleki alanlarda yo\u011funla\u015fmaktad\u0131r. Bizler de g\u00f6reve geldi\u011fimiz ilk g\u00fcnden itibaren, bu bilin\u00e7le, etkin olan hizmet a\u011flar\u0131n\u0131 geni\u015fletmek, g\u00fc\u00e7l\u00fc bilimsel \u00e7al\u0131\u015fmalar\u0131 y\u00fcr\u00fctmek ve te\u015fvik etmek i\u00e7in gerekli t\u00fcm \u00e7al\u0131\u015fmalara destek verdik.\u00a0 Y\u00f6netim olarak, t\u00fcm gayretimizle yeni ve ba\u015far\u0131l\u0131 \u00e7al\u0131\u015fmalar eklemeye hep birlikte devam ediyoruz ve edece\u011fiz\u201d dedi.<\/p>\n<p style=\"text-align: justify;\"><strong>\u201cA\u015f\u0131 alan\u0131nda ilk \u00fc\u00e7 i\u00e7erisindeyiz\u201d<\/strong><\/p>\n<p style=\"text-align: justify;\"><img loading=\"lazy\" decoding=\"async\" class=\"size-medium wp-image-13054 alignleft\" src=\"http:\/\/www.euegeajans.com\/wp-content\/uploads\/2022\/12\/Prof.-Dr.-Necdet-Budak-300x200.jpg\" alt=\"\" width=\"300\" height=\"200\" srcset=\"https:\/\/www.euegeajans.com\/wp-content\/uploads\/2022\/12\/Prof.-Dr.-Necdet-Budak-300x200.jpg 300w, https:\/\/www.euegeajans.com\/wp-content\/uploads\/2022\/12\/Prof.-Dr.-Necdet-Budak-1024x683.jpg 1024w, https:\/\/www.euegeajans.com\/wp-content\/uploads\/2022\/12\/Prof.-Dr.-Necdet-Budak-768x512.jpg 768w, https:\/\/www.euegeajans.com\/wp-content\/uploads\/2022\/12\/Prof.-Dr.-Necdet-Budak.jpg 1500w\" sizes=\"auto, (max-width: 300px) 100vw, 300px\" \/>Covid-19 pandemisi nedeniyle ola\u011fan d\u0131\u015f\u0131 g\u00fcnler ya\u015fand\u0131\u011f\u0131n\u0131 hat\u0131rlatan Prof. Dr. Budak, \u201cHepimizin bildi\u011fi \u00fczere, 2020 Mart\u2019\u0131ndan itibaren \u00fclkemizi de etkilemeye ba\u015flayan Covid-19 pandemisi nedeniyle hepimiz ola\u011fan\u00fcst\u00fc g\u00fcnler ya\u015fad\u0131k. Bu g\u00fcnlerde \u00fcniversite olarak, akl\u0131n ve bilimin yolundan ayr\u0131lmadan, \u00f6nce hastalar\u0131m\u0131z\u0131n ve yak\u0131nlar\u0131m\u0131z\u0131n sa\u011fl\u0131\u011f\u0131 i\u00e7in, en yak\u0131n sa\u011fl\u0131k dan\u0131\u015fman\u0131 olarak kesintisiz hizmet verdik.\u00a0 \u00d6zellikle, COVID-19 pandemisi s\u0131ras\u0131nda T\u00dcB\u0130TAK taraf\u0131ndan olu\u015fturulan \u2018COVID-19 T\u00fcrkiye Platformu\u2019 i\u00e7inde yer ald\u0131k ve ileri biyoteknolojik bir a\u015f\u0131 yakla\u015f\u0131m\u0131 olan \u2018DNA a\u015f\u0131s\u0131 platformu\u2019 geli\u015ftirdik. Merkezimizde ayr\u0131ca T\u00dcB\u0130TAK deste\u011fi ile grip vir\u00fcs\u00fcne kar\u015f\u0131 universal bir a\u015f\u0131 geli\u015ftirme \u00e7al\u0131\u015fmalar\u0131 da devam etmektedir.\u00a0 Ege \u00dcniversitesinde a\u015f\u0131 \u00e7al\u0131\u015fmalar\u0131, 2000\u2019li y\u0131llardan beri ger\u00e7ekle\u015ftirilmektedir. Bu t\u00fcr \u00e7al\u0131\u015fmalarda son derece hassas ve duyarl\u0131 olan \u00dcniversitemiz, T\u00dcB\u0130TAK taraf\u0131ndan olu\u015fturulan \u2018\u00dcniversitelerin Alan Baz\u0131nda Yetkinlik Analizi\u201d raporunda \u2018A\u015f\u0131 Teknolojileri\u2019 konusunda \u00fclkemizde ilk \u00fc\u00e7 i\u00e7erisinde yer alm\u0131\u015ft\u0131r. Bu durum, bize Ege \u00dcniversitesinin bu konuda ne kadar yetkin oldu\u011funu g\u00f6stermektedir\u201d dedi.<\/p>\n<p style=\"text-align: justify;\">Prof. Dr. Budak, \u201c\u00dcniversitemizde var olan a\u015f\u0131 \u00e7al\u0131\u015fmalar\u0131 tecr\u00fcbesini daha ileriye ta\u015f\u0131mak, yenilik\u00e7i yerli ve milli a\u015f\u0131lar geli\u015ftirebilmek, teknolojik olarak uluslararas\u0131 enstit\u00fclerle rekabet edebilmek i\u00e7in \u00fcretmeye ve \u00e7al\u0131\u015fmaya devam edece\u011fiz.\u00a0 A\u015f\u0131 Geli\u015ftirme Uygulama ve Ara\u015ft\u0131rma Merkezimizin yeni binas\u0131n\u0131n, \u00fcniversitemize hay\u0131rl\u0131 olmas\u0131n\u0131 diliyor, Merkezimiz \u00e7at\u0131s\u0131 alt\u0131nda t\u00fcm insanl\u0131\u011fa faydal\u0131 bilgiler \u00fcretmesini temenni ediyorum\u201d diye konu\u015ftu.<\/p>\n<p style=\"text-align: justify;\">A\u00e7\u0131l\u0131\u015f\u0131n ard\u0131ndan merkezi gezen Rekt\u00f6r Prof. Dr. Budak, Merkez M\u00fcd\u00fcr\u00fc Prof. Dr. Adnan Y\u00fcksel G\u00fcr\u00fcz\u2019den y\u00fcr\u00fct\u00fclen bilimsel \u00e7al\u0131\u015fmalarla ilgili bilgi ald\u0131.<\/p>\n<div id='gallery-1' class='gallery galleryid-13046 gallery-columns-2 gallery-size-medium'><figure class='gallery-item'>\n\t\t\t<div class='gallery-icon landscape'>\n\t\t\t\t<a href='https:\/\/www.euegeajans.com\/wp-content\/uploads\/2022\/12\/Prof.-Dr.-Necdet-Budak-3.jpg'><img loading=\"lazy\" decoding=\"async\" width=\"300\" height=\"200\" src=\"https:\/\/www.euegeajans.com\/wp-content\/uploads\/2022\/12\/Prof.-Dr.-Necdet-Budak-3-300x200.jpg\" class=\"attachment-medium size-medium\" alt=\"\" srcset=\"https:\/\/www.euegeajans.com\/wp-content\/uploads\/2022\/12\/Prof.-Dr.-Necdet-Budak-3-300x200.jpg 300w, https:\/\/www.euegeajans.com\/wp-content\/uploads\/2022\/12\/Prof.-Dr.-Necdet-Budak-3-1024x683.jpg 1024w, https:\/\/www.euegeajans.com\/wp-content\/uploads\/2022\/12\/Prof.-Dr.-Necdet-Budak-3-768x512.jpg 768w, https:\/\/www.euegeajans.com\/wp-content\/uploads\/2022\/12\/Prof.-Dr.-Necdet-Budak-3.jpg 1500w\" sizes=\"auto, (max-width: 300px) 100vw, 300px\" \/><\/a>\n\t\t\t<\/div><\/figure><figure class='gallery-item'>\n\t\t\t<div class='gallery-icon landscape'>\n\t\t\t\t<a href='https:\/\/www.euegeajans.com\/wp-content\/uploads\/2022\/12\/EU-ASI-MERKEZI-ACILIS-5.jpg'><img loading=\"lazy\" decoding=\"async\" width=\"300\" height=\"200\" src=\"https:\/\/www.euegeajans.com\/wp-content\/uploads\/2022\/12\/EU-ASI-MERKEZI-ACILIS-5-300x200.jpg\" class=\"attachment-medium size-medium\" alt=\"\" srcset=\"https:\/\/www.euegeajans.com\/wp-content\/uploads\/2022\/12\/EU-ASI-MERKEZI-ACILIS-5-300x200.jpg 300w, https:\/\/www.euegeajans.com\/wp-content\/uploads\/2022\/12\/EU-ASI-MERKEZI-ACILIS-5-1024x683.jpg 1024w, https:\/\/www.euegeajans.com\/wp-content\/uploads\/2022\/12\/EU-ASI-MERKEZI-ACILIS-5-768x512.jpg 768w, https:\/\/www.euegeajans.com\/wp-content\/uploads\/2022\/12\/EU-ASI-MERKEZI-ACILIS-5.jpg 1500w\" sizes=\"auto, (max-width: 300px) 100vw, 300px\" \/><\/a>\n\t\t\t<\/div><\/figure><figure class='gallery-item'>\n\t\t\t<div class='gallery-icon landscape'>\n\t\t\t\t<a href='https:\/\/www.euegeajans.com\/wp-content\/uploads\/2022\/12\/EU-ASI-MERKEZI-ACILIS-4.jpg'><img loading=\"lazy\" decoding=\"async\" width=\"300\" height=\"200\" src=\"https:\/\/www.euegeajans.com\/wp-content\/uploads\/2022\/12\/EU-ASI-MERKEZI-ACILIS-4-300x200.jpg\" class=\"attachment-medium size-medium\" alt=\"\" srcset=\"https:\/\/www.euegeajans.com\/wp-content\/uploads\/2022\/12\/EU-ASI-MERKEZI-ACILIS-4-300x200.jpg 300w, https:\/\/www.euegeajans.com\/wp-content\/uploads\/2022\/12\/EU-ASI-MERKEZI-ACILIS-4-1024x683.jpg 1024w, https:\/\/www.euegeajans.com\/wp-content\/uploads\/2022\/12\/EU-ASI-MERKEZI-ACILIS-4-768x512.jpg 768w, https:\/\/www.euegeajans.com\/wp-content\/uploads\/2022\/12\/EU-ASI-MERKEZI-ACILIS-4.jpg 1500w\" sizes=\"auto, (max-width: 300px) 100vw, 300px\" \/><\/a>\n\t\t\t<\/div><\/figure><figure class='gallery-item'>\n\t\t\t<div class='gallery-icon landscape'>\n\t\t\t\t<a href='https:\/\/www.euegeajans.com\/wp-content\/uploads\/2022\/12\/EU-ASI-MERKEZI-ACILIS-3.jpg'><img loading=\"lazy\" decoding=\"async\" width=\"300\" height=\"200\" src=\"https:\/\/www.euegeajans.com\/wp-content\/uploads\/2022\/12\/EU-ASI-MERKEZI-ACILIS-3-300x200.jpg\" class=\"attachment-medium size-medium\" alt=\"\" srcset=\"https:\/\/www.euegeajans.com\/wp-content\/uploads\/2022\/12\/EU-ASI-MERKEZI-ACILIS-3-300x200.jpg 300w, https:\/\/www.euegeajans.com\/wp-content\/uploads\/2022\/12\/EU-ASI-MERKEZI-ACILIS-3-1024x683.jpg 1024w, https:\/\/www.euegeajans.com\/wp-content\/uploads\/2022\/12\/EU-ASI-MERKEZI-ACILIS-3-768x512.jpg 768w, https:\/\/www.euegeajans.com\/wp-content\/uploads\/2022\/12\/EU-ASI-MERKEZI-ACILIS-3.jpg 1500w\" sizes=\"auto, (max-width: 300px) 100vw, 300px\" \/><\/a>\n\t\t\t<\/div><\/figure>\n\t\t<\/div>\n\n","protected":false},"excerpt":{"rendered":"<p>Ege \u00dcniversitesi b\u00fcnyesinde Y\u00fcksek\u00f6\u011fretim Kurulu onay\u0131yla kurulan A\u015f\u0131 Geli\u015ftirme Uygulama ve Ara\u015ft\u0131rma Merkezinin yeni binas\u0131n\u0131n&#8230;<\/p>\n","protected":false},"author":2,"featured_media":13048,"comment_status":"open","ping_status":"open","sticky":false,"template":"","format":"standard","meta":{"footnotes":""},"categories":[69,99,1,11,68],"tags":[],"class_list":["post-13046","post","type-post","status-publish","format-standard","has-post-thumbnail","hentry","category-bilim","category-egitim","category-gncl","category-haber","category-saglik"],"featured_image_urls":{"full":["https:\/\/www.euegeajans.com\/wp-content\/uploads\/2022\/12\/EU-ASI-MERKEZI-ACILIS-2.jpg",1500,1000,false],"thumbnail":["https:\/\/www.euegeajans.com\/wp-content\/uploads\/2022\/12\/EU-ASI-MERKEZI-ACILIS-2-150x150.jpg",150,150,true],"medium":["https:\/\/www.euegeajans.com\/wp-content\/uploads\/2022\/12\/EU-ASI-MERKEZI-ACILIS-2-300x200.jpg",300,200,true],"medium_large":["https:\/\/www.euegeajans.com\/wp-content\/uploads\/2022\/12\/EU-ASI-MERKEZI-ACILIS-2-768x512.jpg",640,427,true],"large":["https:\/\/www.euegeajans.com\/wp-content\/uploads\/2022\/12\/EU-ASI-MERKEZI-ACILIS-2-1024x683.jpg",640,427,true],"1536x1536":["https:\/\/www.euegeajans.com\/wp-content\/uploads\/2022\/12\/EU-ASI-MERKEZI-ACILIS-2.jpg",1500,1000,false],"2048x2048":["https:\/\/www.euegeajans.com\/wp-content\/uploads\/2022\/12\/EU-ASI-MERKEZI-ACILIS-2.jpg",1500,1000,false],"newsphere-slider-full":["https:\/\/www.euegeajans.com\/wp-content\/uploads\/2022\/12\/EU-ASI-MERKEZI-ACILIS-2-1280x720.jpg",1280,720,true],"newsphere-featured":["https:\/\/www.euegeajans.com\/wp-content\/uploads\/2022\/12\/EU-ASI-MERKEZI-ACILIS-2-1024x683.jpg",1024,683,true],"newsphere-medium":["https:\/\/www.euegeajans.com\/wp-content\/uploads\/2022\/12\/EU-ASI-MERKEZI-ACILIS-2-720x380.jpg",720,380,true]},"author_info":{"display_name":"Editor","author_link":"https:\/\/www.euegeajans.com\/index.php\/author\/editor\/"},"category_info":"<a href=\"https:\/\/www.euegeajans.com\/index.php\/category\/bilim\/\" rel=\"category tag\">Bilim<\/a> <a href=\"https:\/\/www.euegeajans.com\/index.php\/category\/egitim\/\" rel=\"category tag\">E\u011fitim<\/a> <a href=\"https:\/\/www.euegeajans.com\/index.php\/category\/gncl\/\" rel=\"category tag\">G\u00fcncel<\/a> <a href=\"https:\/\/www.euegeajans.com\/index.php\/category\/haber\/\" rel=\"category tag\">Haber<\/a> <a href=\"https:\/\/www.euegeajans.com\/index.php\/category\/saglik\/\" rel=\"category tag\">Sa\u011fl\u0131k<\/a>","tag_info":"Sa\u011fl\u0131k","comment_count":"0","_links":{"self":[{"href":"https:\/\/www.euegeajans.com\/index.php\/wp-json\/wp\/v2\/posts\/13046","targetHints":{"allow":["GET"]}}],"collection":[{"href":"https:\/\/www.euegeajans.com\/index.php\/wp-json\/wp\/v2\/posts"}],"about":[{"href":"https:\/\/www.euegeajans.com\/index.php\/wp-json\/wp\/v2\/types\/post"}],"author":[{"embeddable":true,"href":"https:\/\/www.euegeajans.com\/index.php\/wp-json\/wp\/v2\/users\/2"}],"replies":[{"embeddable":true,"href":"https:\/\/www.euegeajans.com\/index.php\/wp-json\/wp\/v2\/comments?post=13046"}],"version-history":[{"count":3,"href":"https:\/\/www.euegeajans.com\/index.php\/wp-json\/wp\/v2\/posts\/13046\/revisions"}],"predecessor-version":[{"id":13062,"href":"https:\/\/www.euegeajans.com\/index.php\/wp-json\/wp\/v2\/posts\/13046\/revisions\/13062"}],"wp:featuredmedia":[{"embeddable":true,"href":"https:\/\/www.euegeajans.com\/index.php\/wp-json\/wp\/v2\/media\/13048"}],"wp:attachment":[{"href":"https:\/\/www.euegeajans.com\/index.php\/wp-json\/wp\/v2\/media?parent=13046"}],"wp:term":[{"taxonomy":"category","embeddable":true,"href":"https:\/\/www.euegeajans.com\/index.php\/wp-json\/wp\/v2\/categories?post=13046"},{"taxonomy":"post_tag","embeddable":true,"href":"https:\/\/www.euegeajans.com\/index.php\/wp-json\/wp\/v2\/tags?post=13046"}],"curies":[{"name":"wp","href":"https:\/\/api.w.org\/{rel}","templated":true}]}}