{"id":12939,"date":"2022-12-21T03:03:00","date_gmt":"2022-12-21T03:03:00","guid":{"rendered":"https:\/\/www.euegeajans.com\/?p=12939"},"modified":"2022-12-21T09:03:21","modified_gmt":"2022-12-21T09:03:21","slug":"eude-ii-uluslararasi-bilim-senligi-basladi","status":"publish","type":"post","link":"https:\/\/www.euegeajans.com\/index.php\/2022\/12\/21\/eude-ii-uluslararasi-bilim-senligi-basladi\/","title":{"rendered":"<strong>E\u00dc\u2019de II. Uluslararas\u0131 Bilim \u015eenli\u011fi ba\u015flad\u0131<\/strong>"},"content":{"rendered":"<p style=\"text-align: justify;\">Lisans\u00fcst\u00fc \u00f6\u011frencilerinin tezleri iki g\u00fcn boyunca tart\u0131\u015f\u0131lacak<\/p>\n<p style=\"text-align: justify;\"><b>E\u00dc\u2019de II. Uluslararas\u0131 Bilim \u015eenli\u011fi ba\u015flad\u0131<\/b><\/p>\n<p style=\"text-align: justify;\">Ge\u00e7ti\u011fimiz y\u0131l ilki ger\u00e7ekle\u015ftirilen Ege \u00dcniversitesi Sosyal Bilimler Enstit\u00fcs\u00fc Bilim \u015eenli\u011fi etkinli\u011fi, bu y\u0131l uluslararas\u0131 nitelik kazand\u0131. \u201cII. Uluslararas\u0131 Bilim \u015eenli\u011fi Lisans\u00fcst\u00fc Tez Bulu\u015fmalar\u0131\u201d program\u0131n\u0131n a\u00e7\u0131l\u0131\u015f\u0131, E\u00dc T\u00fcrk D\u00fcnyas\u0131 Ara\u015ft\u0131rmalar\u0131 Enstit\u00fcs\u00fc (TDAE) Konferans Salonunda ger\u00e7ekle\u015ftirildi. A\u00e7\u0131l\u0131\u015fa E\u00dc Rekt\u00f6r Yard\u0131mc\u0131s\u0131 Prof. Dr. Mehmet Ersan, Sosyal Bilimler Enstit\u00fcs\u00fc M\u00fcd\u00fcr\u00fc Prof. Dr. Mustafa Mutluer, TDAE M\u00fcd\u00fcr\u00fc Prof. Dr. Nadim Macit, akademisyenler ve lisans\u00fcst\u00fc \u00f6\u011frencileri kat\u0131ld\u0131.<\/p>\n<p style=\"text-align: justify;\"><img loading=\"lazy\" decoding=\"async\" class=\"size-medium wp-image-12941 alignright\" src=\"http:\/\/www.euegeajans.com\/wp-content\/uploads\/2022\/12\/Prof-Dr-Mehmet-Ersan-1-300x196.jpg\" alt=\"\" width=\"300\" height=\"196\" srcset=\"https:\/\/www.euegeajans.com\/wp-content\/uploads\/2022\/12\/Prof-Dr-Mehmet-Ersan-1-300x196.jpg 300w, https:\/\/www.euegeajans.com\/wp-content\/uploads\/2022\/12\/Prof-Dr-Mehmet-Ersan-1-1024x668.jpg 1024w, https:\/\/www.euegeajans.com\/wp-content\/uploads\/2022\/12\/Prof-Dr-Mehmet-Ersan-1-768x501.jpg 768w, https:\/\/www.euegeajans.com\/wp-content\/uploads\/2022\/12\/Prof-Dr-Mehmet-Ersan-1.jpg 1402w\" sizes=\"auto, (max-width: 300px) 100vw, 300px\" \/>E\u00dc Sosyal Bilimler Enstit\u00fcs\u00fcn\u00fcn kurulu\u015funun 40\u2019\u0131nc\u0131 y\u0131l\u0131 i\u00e7erisinde bulunduklar\u0131n\u0131 ifade eden Rekt\u00f6r Yard\u0131mc\u0131s\u0131 Prof. Dr. Mehmet Ersan,\u00a0 \u201cSosyal Bilimler Enstit\u00fcm\u00fcz, sosyal ve be\u015feri bilimler alanlar\u0131nda nitelikli bilim insanlar\u0131 yeti\u015ftirmek ve yay\u0131nlar \u00fcretmek amac\u0131yla 40 y\u0131ld\u0131r hizmet vermeye devam ediyor. Bu 40 y\u0131l i\u00e7erisinde enstit\u00fcm\u00fcz, pek \u00e7ok alana y\u00f6nelik birimleri de i\u00e7inde bar\u0131nd\u0131rarak s\u00fcrekli e\u011fitim yelpazesini geni\u015fletti. Bu s\u00fcre zarf\u0131nda binin \u00fczerinde doktora, 2 bin 500\u2019\u00fcn \u00fczerinde tezli y\u00fcksek lisans, 3 bin 600\u2019\u00fcn \u00fczerinde tezsiz ve uzaktan y\u00fcksek lisans \u00f6\u011frencisini mezun etti. Bu y\u0131l enstit\u00fcm\u00fczde iki binin \u00fczerinde \u00f6\u011frenci kay\u0131tl\u0131. Bunlardan 123\u2019\u00fc ise uluslararas\u0131 \u00f6\u011frenci stat\u00fcs\u00fcnde. Enstit\u00fcm\u00fcz, 36 anabilim dal\u0131nda lisans\u00fcst\u00fc e\u011fitimlerini ba\u015far\u0131yla y\u00fcr\u00fct\u00fcyor\u201d diye konu\u015ftu.<\/p>\n<p style=\"text-align: justify;\"><b>\u201cEnstit\u00fcm\u00fcz, \u00fcniversitemizin hedefleriyle paralel \u00e7al\u0131\u015fmalar y\u00fcr\u00fct\u00fcyor\u201d<\/b><\/p>\n<p style=\"text-align: justify;\">E\u00dc Sosyal Bilimler Enstit\u00fcs\u00fcn\u00fcn, \u00fcniversitenin hedeflerine y\u00f6nelik \u00e7al\u0131\u015fmalar\u0131 ba\u015far\u0131yla y\u00fcr\u00fctt\u00fc\u011f\u00fcne dikkat \u00e7eken Prof. Dr. Ersan, \u201cRekt\u00f6r\u00fcm\u00fcz Prof. Dr. Necdet Budak\u2019\u0131n \u00f6nc\u00fcl\u00fc\u011f\u00fcnde \u00fcniversitemizin belirledi\u011fi ara\u015ft\u0131rma \u00fcniversitesi olma, e\u011fitim-\u00f6\u011fretimde kalite, \u00f6\u011frenci odakl\u0131l\u0131k, uluslararas\u0131la\u015fma ve dijitalle\u015fme hedeflerimiz do\u011frultusunda \u00f6nemli ba\u015far\u0131lara imza att\u0131k. Enstit\u00fcm\u00fcz, uluslararas\u0131la\u015fma hedefimiz kapsam\u0131nda \u00d6zbekistan y\u00fcksek\u00f6\u011fretim kurumlar\u0131 ile i\u015f birli\u011finde \u00e7al\u0131\u015fmalar y\u00fcr\u00fctmektedir. \u00dcniversitemizin hedeflerine y\u00f6nelik olarak enstit\u00fcm\u00fcz, a\u00e7m\u0131\u015f oldu\u011fu 19 lisans\u00fcst\u00fc program ile en fazla program a\u00e7an birimimiz olmu\u015ftur. Bu d\u00f6nemde 4 doktora, 12 tezli y\u00fcksek lisans ve 3 tezsiz y\u00fcksek lisans program\u0131, Y\u00fcksek\u00f6\u011fretim Kurulu taraf\u0131ndan onaylanm\u0131\u015f ve \u00f6\u011frenci al\u0131m\u0131 ger\u00e7ekle\u015ftirilmi\u015ftir. Yeni programlar a\u00e7ma \u00e7al\u0131\u015fmalar\u0131m\u0131z devam etmektedir. Ge\u00e7ti\u011fimiz y\u0131l birincisini d\u00fczenledi\u011fimiz,\u00a0 lisans\u00fcst\u00fc \u00f6\u011frencilerimizin bilimsel geli\u015fimlerini desteklemeyi ama\u00e7layan etkinli\u011fimizin bu y\u0131lki program\u0131nda 10 oturumda 39 sunum yap\u0131lacak. Etkinli\u011fimizin verimli ge\u00e7mesini diliyor, katk\u0131s\u0131 olan herkese te\u015fekk\u00fcr ediyorum\u201d diye konu\u015ftu.<\/p>\n<p style=\"text-align: justify;\"><b>\u201c5 y\u0131lda akademik ve idari olarak \u00f6nemli mesafe kaydettik\u201d<\/b><\/p>\n<p style=\"text-align: justify;\"><img loading=\"lazy\" decoding=\"async\" class=\"size-medium wp-image-12942 alignleft\" src=\"http:\/\/www.euegeajans.com\/wp-content\/uploads\/2022\/12\/Prof-Dr-Mustafa-Mutluer-3-300x189.jpg\" alt=\"\" width=\"300\" height=\"189\" srcset=\"https:\/\/www.euegeajans.com\/wp-content\/uploads\/2022\/12\/Prof-Dr-Mustafa-Mutluer-3-300x189.jpg 300w, https:\/\/www.euegeajans.com\/wp-content\/uploads\/2022\/12\/Prof-Dr-Mustafa-Mutluer-3-1024x644.jpg 1024w, https:\/\/www.euegeajans.com\/wp-content\/uploads\/2022\/12\/Prof-Dr-Mustafa-Mutluer-3-768x483.jpg 768w, https:\/\/www.euegeajans.com\/wp-content\/uploads\/2022\/12\/Prof-Dr-Mustafa-Mutluer-3.jpg 1252w\" sizes=\"auto, (max-width: 300px) 100vw, 300px\" \/>Ege \u00dcniversitesinin son y\u0131llarda yakalad\u0131\u011f\u0131 ba\u015far\u0131lara de\u011finen Prof. Dr. Mustafa Mutluer, \u201cK\u00f6kl\u00fc bir ge\u00e7mi\u015fi bulunan Ege \u00dcniversitesi, \u00f6zellikle son 5 y\u0131ld\u0131r akademik ve idari anlamda b\u00fcy\u00fck mesafeler kaydetti. Ara\u015ft\u0131rma \u00fcniversitesi olma, e\u011fitim-\u00f6\u011fretimde kaliteyi art\u0131rma ve \u00f6\u011frenci odakl\u0131l\u0131k hedefleri do\u011frultusunda ciddi ilerleme sa\u011flayan \u00fcniversitemiz, 5 y\u0131l s\u00fcreyle tam akreditasyon alan bir ara\u015ft\u0131rma \u00fcniversitesi olmu\u015ftur. \u00d6\u011frenci odakl\u0131l\u0131k ile ilgili \u00f6d\u00fcl\u00fcn\u00fc de Rekt\u00f6r\u00fcm\u00fcz Prof. Dr. Necdet Budak, bizzat Cumhurba\u015fkan\u0131m\u0131z\u0131n elinden alm\u0131\u015ft\u0131r. Bu ba\u015far\u0131larda Rekt\u00f6r\u00fcm\u00fcz\u00fcn vizyonerli\u011fi ve \u00e7abalar\u0131n\u0131n katk\u0131s\u0131 b\u00fcy\u00fckt\u00fcr. Yeni d\u00f6nemde ise uluslarars\u0131la\u015fma ve dijital d\u00f6n\u00fc\u015f\u00fcm \u00fcniversitemizin hedefleri olmu\u015ftur. Sosyal Bilimler Enstit\u00fcs\u00fc olarak bug\u00fcne kadar y\u00fcr\u00fctt\u00fc\u011f\u00fcm\u00fcz akademik politikam\u0131zda bu hedeflere odaklanm\u0131\u015f \u00e7al\u0131\u015fmalar yap\u0131lmaktad\u0131r. \u00c7al\u0131\u015fmalar\u0131m\u0131z neticesinde lisans\u00fcst\u00fc \u00f6\u011frencilerimiz y\u0131l i\u00e7erisinde pek \u00e7ok \u00f6d\u00fcle lay\u0131k g\u00f6r\u00fclm\u00fc\u015ft\u00fcr. Dijitalle\u015fme, \u00f6\u011frenci odakl\u0131l\u0131k ve uluslararas\u0131la\u015fma alan\u0131na y\u00f6nelik \u00e7al\u0131\u015fmalar\u0131m\u0131z s\u00fcrekli devam etmektedir. \u00d6zellikle \u00d6zbekistan y\u00fcksek\u00f6\u011fretim kurumlar\u0131 ile \u00e7ift diploma programlar\u0131 i\u00e7in ortak \u00e7al\u0131\u015fmalar ba\u015flatt\u0131k. Yine son bir y\u0131lda 3 adet uluslararas\u0131 etkinli\u011fe imza att\u0131k\u201d diye konu\u015ftu.<\/p>\n<p style=\"text-align: justify;\"><b>Toplam 10 oturumda 39 tez \u00e7al\u0131\u015fmas\u0131 sunulacak<\/b><\/p>\n<p style=\"text-align: justify;\">Uluslararas\u0131 Bilim \u015eenli\u011fi etkinli\u011fini bu y\u0131l uluslararas\u0131 alana ta\u015f\u0131d\u0131klar\u0131n\u0131 dile getiren Prof. Dr. Mutluer, \u201cEtkinli\u011fimizi her y\u0131l geleneksel hale getirmek istiyoruz. Etkinli\u011fimiz kapsam\u0131nda lisans\u00fcst\u00fc \u00f6\u011frencilerimiz, haz\u0131rlad\u0131klar\u0131 tezleri tart\u0131\u015fma ortam\u0131na sunacaklar. Toplamda 10 oturumuz olacak. Bu oturumlarda 39 tez \u00e7al\u0131\u015fmas\u0131 sunulacak. Multidisipliner bir etkinlik olacak. Program\u0131m\u0131z\u0131n ger\u00e7ekle\u015ftirilmesinde eme\u011fi ge\u00e7en herkese te\u015fekk\u00fcr ederim\u201d dedi.<\/p>\n<p style=\"text-align: justify;\">\u0130ki g\u00fcn s\u00fcrecek etkinlik kapsam\u0131nda; Arkeoloji, Psikoloji, Tarih, Edebiyat, Yabanc\u0131 Dil, Gazetecilik, \u0130ktisat, \u0130\u015fletme, Co\u011frafya, Felsefe, Uluslararas\u0131 \u0130li\u015fkiler gibi konularda haz\u0131rlanan lisans\u00fcst\u00fc tezler, j\u00fcrinin be\u011fenisine sunulacak.<\/p>\n<div id='gallery-1' class='gallery galleryid-12939 gallery-columns-2 gallery-size-medium'><figure class='gallery-item'>\n\t\t\t<div class='gallery-icon landscape'>\n\t\t\t\t<a href='https:\/\/www.euegeajans.com\/wp-content\/uploads\/2022\/12\/EGE-II-Uluslararasi-Bilim-Senligi-14.jpg'><img loading=\"lazy\" decoding=\"async\" width=\"300\" height=\"200\" src=\"https:\/\/www.euegeajans.com\/wp-content\/uploads\/2022\/12\/EGE-II-Uluslararasi-Bilim-Senligi-14-300x200.jpg\" class=\"attachment-medium size-medium\" alt=\"\" srcset=\"https:\/\/www.euegeajans.com\/wp-content\/uploads\/2022\/12\/EGE-II-Uluslararasi-Bilim-Senligi-14-300x200.jpg 300w, https:\/\/www.euegeajans.com\/wp-content\/uploads\/2022\/12\/EGE-II-Uluslararasi-Bilim-Senligi-14-1024x683.jpg 1024w, https:\/\/www.euegeajans.com\/wp-content\/uploads\/2022\/12\/EGE-II-Uluslararasi-Bilim-Senligi-14-768x512.jpg 768w, https:\/\/www.euegeajans.com\/wp-content\/uploads\/2022\/12\/EGE-II-Uluslararasi-Bilim-Senligi-14.jpg 1500w\" sizes=\"auto, (max-width: 300px) 100vw, 300px\" \/><\/a>\n\t\t\t<\/div><\/figure><figure class='gallery-item'>\n\t\t\t<div class='gallery-icon landscape'>\n\t\t\t\t<a href='https:\/\/www.euegeajans.com\/wp-content\/uploads\/2022\/12\/EGE-II-Uluslararasi-Bilim-Senligi-17.jpg'><img loading=\"lazy\" decoding=\"async\" width=\"300\" height=\"200\" src=\"https:\/\/www.euegeajans.com\/wp-content\/uploads\/2022\/12\/EGE-II-Uluslararasi-Bilim-Senligi-17-300x200.jpg\" class=\"attachment-medium size-medium\" alt=\"\" srcset=\"https:\/\/www.euegeajans.com\/wp-content\/uploads\/2022\/12\/EGE-II-Uluslararasi-Bilim-Senligi-17-300x200.jpg 300w, https:\/\/www.euegeajans.com\/wp-content\/uploads\/2022\/12\/EGE-II-Uluslararasi-Bilim-Senligi-17-1024x683.jpg 1024w, https:\/\/www.euegeajans.com\/wp-content\/uploads\/2022\/12\/EGE-II-Uluslararasi-Bilim-Senligi-17-768x512.jpg 768w, https:\/\/www.euegeajans.com\/wp-content\/uploads\/2022\/12\/EGE-II-Uluslararasi-Bilim-Senligi-17.jpg 1500w\" sizes=\"auto, (max-width: 300px) 100vw, 300px\" \/><\/a>\n\t\t\t<\/div><\/figure>\n\t\t<\/div>\n\n","protected":false},"excerpt":{"rendered":"<p>Lisans\u00fcst\u00fc \u00f6\u011frencilerinin tezleri iki g\u00fcn boyunca tart\u0131\u015f\u0131lacak E\u00dc\u2019de II. Uluslararas\u0131 Bilim \u015eenli\u011fi ba\u015flad\u0131 Ge\u00e7ti\u011fimiz y\u0131l&#8230;<\/p>\n","protected":false},"author":2,"featured_media":12940,"comment_status":"open","ping_status":"open","sticky":false,"template":"","format":"standard","meta":{"footnotes":""},"categories":[69,99,1],"tags":[],"class_list":["post-12939","post","type-post","status-publish","format-standard","has-post-thumbnail","hentry","category-bilim","category-egitim","category-gncl"],"featured_image_urls":{"full":["https:\/\/www.euegeajans.com\/wp-content\/uploads\/2022\/12\/EGE-II-Uluslararasi-Bilim-Senligi-11.jpg",1500,1000,false],"thumbnail":["https:\/\/www.euegeajans.com\/wp-content\/uploads\/2022\/12\/EGE-II-Uluslararasi-Bilim-Senligi-11-150x150.jpg",150,150,true],"medium":["https:\/\/www.euegeajans.com\/wp-content\/uploads\/2022\/12\/EGE-II-Uluslararasi-Bilim-Senligi-11-300x200.jpg",300,200,true],"medium_large":["https:\/\/www.euegeajans.com\/wp-content\/uploads\/2022\/12\/EGE-II-Uluslararasi-Bilim-Senligi-11-768x512.jpg",640,427,true],"large":["https:\/\/www.euegeajans.com\/wp-content\/uploads\/2022\/12\/EGE-II-Uluslararasi-Bilim-Senligi-11-1024x683.jpg",640,427,true],"1536x1536":["https:\/\/www.euegeajans.com\/wp-content\/uploads\/2022\/12\/EGE-II-Uluslararasi-Bilim-Senligi-11.jpg",1500,1000,false],"2048x2048":["https:\/\/www.euegeajans.com\/wp-content\/uploads\/2022\/12\/EGE-II-Uluslararasi-Bilim-Senligi-11.jpg",1500,1000,false],"newsphere-slider-full":["https:\/\/www.euegeajans.com\/wp-content\/uploads\/2022\/12\/EGE-II-Uluslararasi-Bilim-Senligi-11-1280x720.jpg",1280,720,true],"newsphere-featured":["https:\/\/www.euegeajans.com\/wp-content\/uploads\/2022\/12\/EGE-II-Uluslararasi-Bilim-Senligi-11-1024x683.jpg",1024,683,true],"newsphere-medium":["https:\/\/www.euegeajans.com\/wp-content\/uploads\/2022\/12\/EGE-II-Uluslararasi-Bilim-Senligi-11-720x380.jpg",720,380,true]},"author_info":{"display_name":"Editor","author_link":"https:\/\/www.euegeajans.com\/index.php\/author\/editor\/"},"category_info":"<a href=\"https:\/\/www.euegeajans.com\/index.php\/category\/bilim\/\" rel=\"category tag\">Bilim<\/a> <a href=\"https:\/\/www.euegeajans.com\/index.php\/category\/egitim\/\" rel=\"category tag\">E\u011fitim<\/a> <a href=\"https:\/\/www.euegeajans.com\/index.php\/category\/gncl\/\" rel=\"category tag\">G\u00fcncel<\/a>","tag_info":"G\u00fcncel","comment_count":"0","_links":{"self":[{"href":"https:\/\/www.euegeajans.com\/index.php\/wp-json\/wp\/v2\/posts\/12939","targetHints":{"allow":["GET"]}}],"collection":[{"href":"https:\/\/www.euegeajans.com\/index.php\/wp-json\/wp\/v2\/posts"}],"about":[{"href":"https:\/\/www.euegeajans.com\/index.php\/wp-json\/wp\/v2\/types\/post"}],"author":[{"embeddable":true,"href":"https:\/\/www.euegeajans.com\/index.php\/wp-json\/wp\/v2\/users\/2"}],"replies":[{"embeddable":true,"href":"https:\/\/www.euegeajans.com\/index.php\/wp-json\/wp\/v2\/comments?post=12939"}],"version-history":[{"count":1,"href":"https:\/\/www.euegeajans.com\/index.php\/wp-json\/wp\/v2\/posts\/12939\/revisions"}],"predecessor-version":[{"id":12945,"href":"https:\/\/www.euegeajans.com\/index.php\/wp-json\/wp\/v2\/posts\/12939\/revisions\/12945"}],"wp:featuredmedia":[{"embeddable":true,"href":"https:\/\/www.euegeajans.com\/index.php\/wp-json\/wp\/v2\/media\/12940"}],"wp:attachment":[{"href":"https:\/\/www.euegeajans.com\/index.php\/wp-json\/wp\/v2\/media?parent=12939"}],"wp:term":[{"taxonomy":"category","embeddable":true,"href":"https:\/\/www.euegeajans.com\/index.php\/wp-json\/wp\/v2\/categories?post=12939"},{"taxonomy":"post_tag","embeddable":true,"href":"https:\/\/www.euegeajans.com\/index.php\/wp-json\/wp\/v2\/tags?post=12939"}],"curies":[{"name":"wp","href":"https:\/\/api.w.org\/{rel}","templated":true}]}}